{"id":32569,"date":"2026-01-21T14:10:13","date_gmt":"2026-01-21T14:10:13","guid":{"rendered":"https:\/\/adhernandez.com\/2026\/01\/21\/com-selegeix-al-president-de-la-comunitat-de-veins-segons-la-normativa-vigent\/"},"modified":"2026-02-23T08:49:32","modified_gmt":"2026-02-23T08:49:32","slug":"com-selegeix-al-president-de-la-comunitat-de-veins-segons-la-normativa-vigent","status":"publish","type":"post","link":"https:\/\/adhernandez.com\/ca\/2026\/01\/21\/com-selegeix-al-president-de-la-comunitat-de-veins-segons-la-normativa-vigent\/","title":{"rendered":"Com s&#8217;elegeix al president de la comunitat de ve\u00efns segons la normativa vigent?"},"content":{"rendered":"\t\t<div data-elementor-type=\"wp-post\" data-elementor-id=\"32569\" class=\"elementor elementor-32569 elementor-32555\">\n\t\t\t\t\t\t<section class=\"elementor-section elementor-top-section elementor-element elementor-element-d2fa9a1 elementor-section-boxed elementor-section-height-default elementor-section-height-default\" data-id=\"d2fa9a1\" data-element_type=\"section\" data-e-type=\"section\">\n\t\t\t\t\t\t<div class=\"elementor-container elementor-column-gap-default\">\n\t\t\t\t\t<div class=\"elementor-column elementor-col-100 elementor-top-column elementor-element elementor-element-d066e25\" data-id=\"d066e25\" data-element_type=\"column\" data-e-type=\"column\">\n\t\t\t<div class=\"elementor-widget-wrap elementor-element-populated\">\n\t\t\t\t\t\t<div class=\"elementor-element elementor-element-9a86a73 elementor-widget elementor-widget-text-editor\" data-id=\"9a86a73\" data-element_type=\"widget\" data-e-type=\"widget\" data-widget_type=\"text-editor.default\">\n\t\t\t\t\t\t\t\t\t<p>La figura del president en una comunitat de propietaris no \u00e9s nom\u00e9s representativa, sin\u00f3 que comporta una s\u00e8rie de responsabilitats legals i administratives fonamentals per al correcte funcionament de l&#8217;immoble. El proc\u00e9s de designaci\u00f3, les seves obligacions i la durada del c\u00e0rrec estan estrictament regulats per la Llei de Propietat Horitzontal (LPH), espec\u00edficament en el seu article 13. A continuaci\u00f3, es detalla de manera objectiva el marc jur\u00eddic i els procediments que regeixen aquesta elecci\u00f3.<\/p>\n\t\t\t\t\t\t\t\t<\/div>\n\t\t\t\t<div class=\"elementor-element elementor-element-d5633b3 elementor-widget elementor-widget-text-editor\" data-id=\"d5633b3\" data-element_type=\"widget\" data-e-type=\"widget\" data-widget_type=\"text-editor.default\">\n\t\t\t\t\t\t\t\t\t<h2>El marc legal del nomenament<\/h2>\n\t\t\t\t\t\t\t\t<\/div>\n\t\t\t\t<div class=\"elementor-element elementor-element-89682b8 elementor-widget elementor-widget-text-editor\" data-id=\"89682b8\" data-element_type=\"widget\" data-e-type=\"widget\" data-widget_type=\"text-editor.default\">\n\t\t\t\t\t\t\t\t\t<p>El president de la comunitat \u00e9s, per definici\u00f3 legal, un copropietari que ostenta la representaci\u00f3 legal de la comunitat en tots els assumptes que l&#8217;afectin, tant en judici com fora d&#8217;ell. El requisit indispensable per a accedir al c\u00e0rrec \u00e9s ser <b>propietari d&#8217;un immoble<\/b> (habitatge, local o pla\u00e7a de garatge) en l&#8217;edifici. Per tant, no poden exercir com a presidents els inquilins, familiars que no siguin titulars o administradors externs; la llei reserva aquest lloc exclusivament als qui posseeixen una quota de participaci\u00f3 en la finca.<\/p>\n<p>L&#8217;elecci\u00f3 ha de realitzar-se en el marc d&#8217;una <b>Junta de Propietaris<\/b>, \u00f2rgan sobir\u00e0 de la comunitat, i el nomenament ha de constar en l&#8217;acta corresponent per a tenir validesa enfront de tercers i entitats banc\u00e0ries.<\/p>\n\t\t\t\t\t\t\t\t<\/div>\n\t\t\t\t<div class=\"elementor-element elementor-element-b71455d elementor-widget elementor-widget-text-editor\" data-id=\"b71455d\" data-element_type=\"widget\" data-e-type=\"widget\" data-widget_type=\"text-editor.default\">\n\t\t\t\t\t\t\t\t\t<h2>M\u00e8todes d&#8217;elecci\u00f3 contemplats en la llei<\/h2>\n\t\t\t\t\t\t\t\t<\/div>\n\t\t\t\t<div class=\"elementor-element elementor-element-5e5ac2c elementor-widget elementor-widget-text-editor\" data-id=\"5e5ac2c\" data-element_type=\"widget\" data-e-type=\"widget\" data-widget_type=\"text-editor.default\">\n\t\t\t\t\t\t\t\t\t<p>La Llei de Propietat Horitzontal estableix un ordre de prelaci\u00f3 per a l&#8217;elecci\u00f3 del president, permetent flexibilitat segons la din\u00e0mica de cada comunitat, per\u00f2 garantint sempre que el c\u00e0rrec sigui cobert. Els m\u00e8todes s\u00f3n els seg\u00fcents:<\/p>\n<ul>\n<li><b>1. Elecci\u00f3 per vot (Voluntarietat)<\/b><br \/>El m\u00e8tode preferent \u00e9s l&#8217;elecci\u00f3 mitjan\u00e7ant votaci\u00f3 entre els propietaris. Un ve\u00ed pot postular-se com a candidat voluntari. Perqu\u00e8 el nomenament sigui efectiu, ha d&#8217;obtenir la majoria dels vots dels assistents que, al seu torn, representin la majoria de les quotes de participaci\u00f3. Si hi ha diversos voluntaris, resultar\u00e0 triat qui obtingui el major suport conforme als criteris de qu\u00f2rum habituals.<\/li>\n<\/ul>\n<div> <\/div>\n<ul>\n<li><b>2. Torn rotatori<\/b><br \/>En abs\u00e8ncia de voluntaris, la comunitat sol aplicar el sistema de torn rotatori. Aquest m\u00e8tode garanteix que la c\u00e0rrega de la gesti\u00f3 es distribueixi de manera equitativa entre tots els departaments de l&#8217;edifici. Generalment, se segueix l&#8217;ordre dels pisos i portes (per exemple, comen\u00e7ant pel 1r A, seguit del 1r B, i aix\u00ed successivament).<\/li>\n<\/ul>\n<div> <\/div>\n<ul>\n<li><b>3. Sorteig<\/b><br \/>Si no existeix un acord sobre el torn o no hi ha voluntaris, la llei permet que la designaci\u00f3 es realitzi mitjan\u00e7ant sorteig entre tots els propietaris que no hagin exercit el c\u00e0rrec recentment o no tinguin causes d&#8217;exempci\u00f3.<\/li>\n<\/ul>\n<p>\u00c9s important assenyalar que, encara que el m\u00e8tode de torn rotatori o sorteig sigui el m\u00e9s com\u00fa en comunitats on ning\u00fa desitja el c\u00e0rrec, la Junta sempre t\u00e9 la potestat de votar un sistema diferent si aix\u00ed ho decideixen els propietaris per majoria.<\/p>\n\t\t\t\t\t\t\t\t<\/div>\n\t\t\t\t<div class=\"elementor-element elementor-element-a1239a9 elementor-widget elementor-widget-text-editor\" data-id=\"a1239a9\" data-element_type=\"widget\" data-e-type=\"widget\" data-widget_type=\"text-editor.default\">\n\t\t\t\t\t\t\t\t\t<h2>Durada i car\u00e0cter obligatori del c\u00e0rrec<\/h2>\n\t\t\t\t\t\t\t\t<\/div>\n\t\t\t\t<div class=\"elementor-element elementor-element-62ad7f3 elementor-widget elementor-widget-text-editor\" data-id=\"62ad7f3\" data-element_type=\"widget\" data-e-type=\"widget\" data-widget_type=\"text-editor.default\">\n\t\t\t\t\t\t\t\t\t<p>L&#8217;article 13.7 de la LPH estipula que, tret que els estatuts de la comunitat disposin el contrari, el nomenament dels \u00f2rgans de govern es fa pel termini d&#8217;un <b> any<\/b>. El president sortint continua en funcions fins que se celebra la junta en la qual es nomena el seu successor.<\/p>\n<p>Una de les caracter\u00edstiques m\u00e9s rellevants d&#8217;aquest c\u00e0rrec \u00e9s la seva <b>obligatorietat<\/b>. Un propietari designat no pot rebutjar el lloc per simple voluntat. El sistema legal espanyol ent\u00e9n que la propietat d&#8217;un immoble en r\u00e8gim de comunitat comporta c\u00e0rregues inherents, sent la presid\u00e8ncia una d&#8217;elles.<\/p>\n\t\t\t\t\t\t\t\t<\/div>\n\t\t\t\t<div class=\"elementor-element elementor-element-7dc8577 elementor-widget elementor-widget-text-editor\" data-id=\"7dc8577\" data-element_type=\"widget\" data-e-type=\"widget\" data-widget_type=\"text-editor.default\">\n\t\t\t\t\t\t\t\t\t<h2>L&#8217;auxili judicial o &#8220;procediment d&#8217;equitat&#8221;<\/h2>\n\t\t\t\t\t\t\t\t<\/div>\n\t\t\t\t<div class=\"elementor-element elementor-element-3ea81c4 elementor-widget elementor-widget-text-editor\" data-id=\"3ea81c4\" data-element_type=\"widget\" data-e-type=\"widget\" data-widget_type=\"text-editor.default\">\n\t\t\t\t\t\t\t\t\t<p>Malgrat l&#8217;obligatorietat, la llei reconeix que poden existir circumst\u00e0ncies excepcionals que impedeixin a un propietari exercir el c\u00e0rrec de manera efectiva. Si el ve\u00ed designat considera que t\u00e9 causes justificades per a no ser president (malaltia greu, edat avan\u00e7ada, resid\u00e8ncia efectiva en una altra localitat o incapacitat t\u00e8cnica), disposa d&#8217;un mecanisme legal:<\/p>\n<ul>\n<li>El propietari ha de sol\u00b7licitar a la Junta la seva substituci\u00f3 aportant les raons pertinents.<\/li>\n<li>Si la Junta rebutja la seva petici\u00f3, el propietari pot acudir al Jutge<b> de Primera Inst\u00e0ncia<\/b> corresponent dins del mes seg\u00fcent al seu nomenament.<\/li>\n<li>A trav\u00e9s d&#8217;un &#8220;procediment d&#8217;equitat&#8221;, el jutge escoltar\u00e0 les parts i dictar\u00e0 una resoluci\u00f3 determinant si el propietari ha d&#8217;exercir el c\u00e0rrec o si ha de ser eximit, designant en aquest cas a un altre ve\u00ed o establint un sistema per a cobrir la vacant.<\/li>\n<\/ul>\n<p>De la mateixa manera, si la comunitat no aconsegueix elegir a un president per falta de qu\u00f2rum o conflictes interns, qualsevol propietari pot acudir al jutge perqu\u00e8 aquest realitzi el nomenament de manera imperativa.<\/p>\n\t\t\t\t\t\t\t\t<\/div>\n\t\t\t\t<div class=\"elementor-element elementor-element-86ab618 elementor-widget elementor-widget-text-editor\" data-id=\"86ab618\" data-element_type=\"widget\" data-e-type=\"widget\" data-widget_type=\"text-editor.default\">\n\t\t\t\t\t\t\t\t\t<h2>Limitacions i p\u00e8rdua de la condici\u00f3<\/h2>\n\t\t\t\t\t\t\t\t<\/div>\n\t\t\t\t<div class=\"elementor-element elementor-element-0348c77 elementor-widget elementor-widget-text-editor\" data-id=\"0348c77\" data-element_type=\"widget\" data-e-type=\"widget\" data-widget_type=\"text-editor.default\">\n\t\t\t\t\t\t\t\t\t<p><\/p>\n<p>L&#8217;exercici de la presid\u00e8ncia est\u00e0 vinculat exclusivament a la propietat. Si un president embeni el seu immoble durant el seu mandat, cessa autom\u00e0ticament en les seves funcions, havent de convocar-se una junta extraordin\u00e0ria per a nomenar un substitut o, en defecte d&#8217;aix\u00f2, assumint el c\u00e0rrec el vicepresident si n&#8217;hi hagu\u00e9s.<\/p>\n<p>Aix\u00ed mateix, \u00e9s rellevant esmentar la situaci\u00f3 dels <b>propietaris morosos<\/b>. Encara que la llei no prohibeix expl\u00edcitament que un ve\u00ed amb deutes sigui elegit president, en la pr\u00e0ctica \u00e9s una situaci\u00f3 altament desaconsellable i conflictiva, ja que el president ha de vetllar pel cobrament de les quotes i representar a la comunitat en litigis contra altres morosos, incorrent en un conflicte d&#8217;interessos evident.<\/p>\n\t\t\t\t\t\t\t\t<\/div>\n\t\t\t\t<div class=\"elementor-element elementor-element-8dd02a6 elementor-widget elementor-widget-text-editor\" data-id=\"8dd02a6\" data-element_type=\"widget\" data-e-type=\"widget\" data-widget_type=\"text-editor.default\">\n\t\t\t\t\t\t\t\t\t<h2>Conclusi\u00f3<\/h2>\n\t\t\t\t\t\t\t\t<\/div>\n\t\t\t\t<div class=\"elementor-element elementor-element-793b11f elementor-widget elementor-widget-text-editor\" data-id=\"793b11f\" data-element_type=\"widget\" data-e-type=\"widget\" data-widget_type=\"text-editor.default\">\n\t\t\t\t\t\t\t\t\t<p>L&#8217;elecci\u00f3 del president d&#8217;una comunitat de ve\u00efns \u00e9s un proc\u00e9s reglat que busca assegurar que cap edifici quedi sense representaci\u00f3 legal. Ja sigui per voluntarietat, rotaci\u00f3 o sorteig, el sistema est\u00e0 dissenyat perqu\u00e8 la gesti\u00f3 comunit\u00e0ria sigui cont\u00ednua. L&#8217;objectivitat de la llei garanteix que, davant la falta d&#8217;acord o l&#8217;exist\u00e8ncia d&#8217;impediments f\u00edsics o personals dels propietaris, existeixin mecanismes judicials per a resoldre la situaci\u00f3 de manera justa i equitativa.<\/p>\n\t\t\t\t\t\t\t\t<\/div>\n\t\t\t\t\t<\/div>\n\t\t<\/div>\n\t\t\t\t\t<\/div>\n\t\t<\/section>\n\t\t\t\t<\/div>\n\t\t","protected":false},"excerpt":{"rendered":"<p>La figura del president en una comunitat de propietaris no \u00e9s nom\u00e9s representativa, sin\u00f3 que comporta una s\u00e8rie de responsabilitats legals i administratives fonamentals per al correcte funcionament de l&#8217;immoble. El proc\u00e9s de designaci\u00f3, les seves obligacions i la durada del c\u00e0rrec estan estrictament regulats per la Llei de Propietat Horitzontal (LPH), espec\u00edficament en el [&hellip;]<\/p>\n","protected":false},"author":6,"featured_media":32590,"comment_status":"closed","ping_status":"closed","sticky":false,"template":"","format":"standard","meta":{"footnotes":""},"categories":[365],"tags":[],"class_list":["post-32569","post","type-post","status-publish","format-standard","has-post-thumbnail","hentry","category-propiedad-horizontal-ca"],"yoast_head":"<!-- This site is optimized with the Yoast SEO plugin v27.4 - https:\/\/yoast.com\/product\/yoast-seo-wordpress\/ -->\n<title>Com s&#039;elegeix al president de la comunitat de ve\u00efns segons la normativa vigent? - Administraciones Hern\u00e1ndez<\/title>\n<meta name=\"robots\" content=\"index, follow, max-snippet:-1, max-image-preview:large, max-video-preview:-1\" \/>\n<link rel=\"canonical\" href=\"https:\/\/adhernandez.com\/ca\/2026\/01\/21\/com-selegeix-al-president-de-la-comunitat-de-veins-segons-la-normativa-vigent\/\" \/>\n<meta property=\"og:locale\" content=\"ca_ES\" \/>\n<meta property=\"og:type\" content=\"article\" \/>\n<meta property=\"og:title\" content=\"Com s&#039;elegeix al president de la comunitat de ve\u00efns segons la normativa vigent? - Administraciones Hern\u00e1ndez\" \/>\n<meta property=\"og:description\" content=\"La figura del president en una comunitat de propietaris no \u00e9s nom\u00e9s representativa, sin\u00f3 que comporta una s\u00e8rie de responsabilitats legals i administratives fonamentals per al correcte funcionament de l&#8217;immoble. El proc\u00e9s de designaci\u00f3, les seves obligacions i la durada del c\u00e0rrec estan estrictament regulats per la Llei de Propietat Horitzontal (LPH), espec\u00edficament en el [&hellip;]\" \/>\n<meta property=\"og:url\" content=\"https:\/\/adhernandez.com\/ca\/2026\/01\/21\/com-selegeix-al-president-de-la-comunitat-de-veins-segons-la-normativa-vigent\/\" \/>\n<meta property=\"og:site_name\" content=\"Administraciones Hern\u00e1ndez\" \/>\n<meta property=\"article:published_time\" content=\"2026-01-21T14:10:13+00:00\" \/>\n<meta property=\"article:modified_time\" content=\"2026-02-23T08:49:32+00:00\" \/>\n<meta property=\"og:image\" content=\"https:\/\/adhernandez.com\/wp-content\/uploads\/2026\/01\/elegir-presidente-comunidad-.jpg\" \/>\n\t<meta property=\"og:image:width\" content=\"800\" \/>\n\t<meta property=\"og:image:height\" content=\"450\" \/>\n\t<meta property=\"og:image:type\" content=\"image\/jpeg\" \/>\n<meta name=\"author\" content=\"AdHern\u00e1ndez\" \/>\n<meta name=\"twitter:card\" content=\"summary_large_image\" \/>\n<meta name=\"twitter:label1\" content=\"Escrit per\" \/>\n\t<meta name=\"twitter:data1\" content=\"AdHern\u00e1ndez\" \/>\n\t<meta name=\"twitter:label2\" content=\"Temps estimat de lectura\" \/>\n\t<meta name=\"twitter:data2\" content=\"5 minuts\" \/>\n<script type=\"application\/ld+json\" class=\"yoast-schema-graph\">{\"@context\":\"https:\\\/\\\/schema.org\",\"@graph\":[{\"@type\":\"Article\",\"@id\":\"https:\\\/\\\/adhernandez.com\\\/ca\\\/2026\\\/01\\\/21\\\/com-selegeix-al-president-de-la-comunitat-de-veins-segons-la-normativa-vigent\\\/#article\",\"isPartOf\":{\"@id\":\"https:\\\/\\\/adhernandez.com\\\/ca\\\/2026\\\/01\\\/21\\\/com-selegeix-al-president-de-la-comunitat-de-veins-segons-la-normativa-vigent\\\/\"},\"author\":{\"name\":\"AdHern\u00e1ndez\",\"@id\":\"https:\\\/\\\/adhernandez.com\\\/ca\\\/#\\\/schema\\\/person\\\/330b9c8828ff3a80ee8053b5fff0e848\"},\"headline\":\"Com s&#8217;elegeix al president de la comunitat de ve\u00efns segons la normativa vigent?\",\"datePublished\":\"2026-01-21T14:10:13+00:00\",\"dateModified\":\"2026-02-23T08:49:32+00:00\",\"mainEntityOfPage\":{\"@id\":\"https:\\\/\\\/adhernandez.com\\\/ca\\\/2026\\\/01\\\/21\\\/com-selegeix-al-president-de-la-comunitat-de-veins-segons-la-normativa-vigent\\\/\"},\"wordCount\":984,\"image\":{\"@id\":\"https:\\\/\\\/adhernandez.com\\\/ca\\\/2026\\\/01\\\/21\\\/com-selegeix-al-president-de-la-comunitat-de-veins-segons-la-normativa-vigent\\\/#primaryimage\"},\"thumbnailUrl\":\"https:\\\/\\\/adhernandez.com\\\/wp-content\\\/uploads\\\/2026\\\/01\\\/elegir-presidente-comunidad-.jpg\",\"articleSection\":[\"Propiedad Horizontal\"],\"inLanguage\":\"ca\"},{\"@type\":\"WebPage\",\"@id\":\"https:\\\/\\\/adhernandez.com\\\/ca\\\/2026\\\/01\\\/21\\\/com-selegeix-al-president-de-la-comunitat-de-veins-segons-la-normativa-vigent\\\/\",\"url\":\"https:\\\/\\\/adhernandez.com\\\/ca\\\/2026\\\/01\\\/21\\\/com-selegeix-al-president-de-la-comunitat-de-veins-segons-la-normativa-vigent\\\/\",\"name\":\"Com s'elegeix al president de la comunitat de ve\u00efns segons la normativa vigent? - Administraciones Hern\u00e1ndez\",\"isPartOf\":{\"@id\":\"https:\\\/\\\/adhernandez.com\\\/ca\\\/#website\"},\"primaryImageOfPage\":{\"@id\":\"https:\\\/\\\/adhernandez.com\\\/ca\\\/2026\\\/01\\\/21\\\/com-selegeix-al-president-de-la-comunitat-de-veins-segons-la-normativa-vigent\\\/#primaryimage\"},\"image\":{\"@id\":\"https:\\\/\\\/adhernandez.com\\\/ca\\\/2026\\\/01\\\/21\\\/com-selegeix-al-president-de-la-comunitat-de-veins-segons-la-normativa-vigent\\\/#primaryimage\"},\"thumbnailUrl\":\"https:\\\/\\\/adhernandez.com\\\/wp-content\\\/uploads\\\/2026\\\/01\\\/elegir-presidente-comunidad-.jpg\",\"datePublished\":\"2026-01-21T14:10:13+00:00\",\"dateModified\":\"2026-02-23T08:49:32+00:00\",\"author\":{\"@id\":\"https:\\\/\\\/adhernandez.com\\\/ca\\\/#\\\/schema\\\/person\\\/330b9c8828ff3a80ee8053b5fff0e848\"},\"breadcrumb\":{\"@id\":\"https:\\\/\\\/adhernandez.com\\\/ca\\\/2026\\\/01\\\/21\\\/com-selegeix-al-president-de-la-comunitat-de-veins-segons-la-normativa-vigent\\\/#breadcrumb\"},\"inLanguage\":\"ca\",\"potentialAction\":[{\"@type\":\"ReadAction\",\"target\":[\"https:\\\/\\\/adhernandez.com\\\/ca\\\/2026\\\/01\\\/21\\\/com-selegeix-al-president-de-la-comunitat-de-veins-segons-la-normativa-vigent\\\/\"]}]},{\"@type\":\"ImageObject\",\"inLanguage\":\"ca\",\"@id\":\"https:\\\/\\\/adhernandez.com\\\/ca\\\/2026\\\/01\\\/21\\\/com-selegeix-al-president-de-la-comunitat-de-veins-segons-la-normativa-vigent\\\/#primaryimage\",\"url\":\"https:\\\/\\\/adhernandez.com\\\/wp-content\\\/uploads\\\/2026\\\/01\\\/elegir-presidente-comunidad-.jpg\",\"contentUrl\":\"https:\\\/\\\/adhernandez.com\\\/wp-content\\\/uploads\\\/2026\\\/01\\\/elegir-presidente-comunidad-.jpg\",\"width\":800,\"height\":450},{\"@type\":\"BreadcrumbList\",\"@id\":\"https:\\\/\\\/adhernandez.com\\\/ca\\\/2026\\\/01\\\/21\\\/com-selegeix-al-president-de-la-comunitat-de-veins-segons-la-normativa-vigent\\\/#breadcrumb\",\"itemListElement\":[{\"@type\":\"ListItem\",\"position\":1,\"name\":\"Portada\",\"item\":\"https:\\\/\\\/adhernandez.com\\\/ca\\\/adhernandez-inicio\\\/\"},{\"@type\":\"ListItem\",\"position\":2,\"name\":\"Com s&#8217;elegeix al president de la comunitat de ve\u00efns segons la normativa vigent?\"}]},{\"@type\":\"WebSite\",\"@id\":\"https:\\\/\\\/adhernandez.com\\\/ca\\\/#website\",\"url\":\"https:\\\/\\\/adhernandez.com\\\/ca\\\/\",\"name\":\"Administraciones Hern\u00e1ndez\",\"description\":\"Equipo de profesionales con amplia experiencia en la gesti\u00f3n del patrimonio inmobiliario\",\"potentialAction\":[{\"@type\":\"SearchAction\",\"target\":{\"@type\":\"EntryPoint\",\"urlTemplate\":\"https:\\\/\\\/adhernandez.com\\\/ca\\\/?s={search_term_string}\"},\"query-input\":{\"@type\":\"PropertyValueSpecification\",\"valueRequired\":true,\"valueName\":\"search_term_string\"}}],\"inLanguage\":\"ca\"},{\"@type\":\"Person\",\"@id\":\"https:\\\/\\\/adhernandez.com\\\/ca\\\/#\\\/schema\\\/person\\\/330b9c8828ff3a80ee8053b5fff0e848\",\"name\":\"AdHern\u00e1ndez\",\"image\":{\"@type\":\"ImageObject\",\"inLanguage\":\"ca\",\"@id\":\"https:\\\/\\\/adhernandez.com\\\/wp-content\\\/litespeed\\\/avatar\\\/6b84e2484050905299b010a711cff345.jpg?ver=1777323059\",\"url\":\"https:\\\/\\\/adhernandez.com\\\/wp-content\\\/litespeed\\\/avatar\\\/6b84e2484050905299b010a711cff345.jpg?ver=1777323059\",\"contentUrl\":\"https:\\\/\\\/adhernandez.com\\\/wp-content\\\/litespeed\\\/avatar\\\/6b84e2484050905299b010a711cff345.jpg?ver=1777323059\",\"caption\":\"AdHern\u00e1ndez\"},\"url\":\"https:\\\/\\\/adhernandez.com\\\/ca\\\/author\\\/veronica\\\/\"}]}<\/script>\n<!-- \/ Yoast SEO plugin. -->","yoast_head_json":{"title":"Com s'elegeix al president de la comunitat de ve\u00efns segons la normativa vigent? - Administraciones Hern\u00e1ndez","robots":{"index":"index","follow":"follow","max-snippet":"max-snippet:-1","max-image-preview":"max-image-preview:large","max-video-preview":"max-video-preview:-1"},"canonical":"https:\/\/adhernandez.com\/ca\/2026\/01\/21\/com-selegeix-al-president-de-la-comunitat-de-veins-segons-la-normativa-vigent\/","og_locale":"ca_ES","og_type":"article","og_title":"Com s'elegeix al president de la comunitat de ve\u00efns segons la normativa vigent? - Administraciones Hern\u00e1ndez","og_description":"La figura del president en una comunitat de propietaris no \u00e9s nom\u00e9s representativa, sin\u00f3 que comporta una s\u00e8rie de responsabilitats legals i administratives fonamentals per al correcte funcionament de l&#8217;immoble. El proc\u00e9s de designaci\u00f3, les seves obligacions i la durada del c\u00e0rrec estan estrictament regulats per la Llei de Propietat Horitzontal (LPH), espec\u00edficament en el [&hellip;]","og_url":"https:\/\/adhernandez.com\/ca\/2026\/01\/21\/com-selegeix-al-president-de-la-comunitat-de-veins-segons-la-normativa-vigent\/","og_site_name":"Administraciones Hern\u00e1ndez","article_published_time":"2026-01-21T14:10:13+00:00","article_modified_time":"2026-02-23T08:49:32+00:00","og_image":[{"width":800,"height":450,"url":"https:\/\/adhernandez.com\/wp-content\/uploads\/2026\/01\/elegir-presidente-comunidad-.jpg","type":"image\/jpeg"}],"author":"AdHern\u00e1ndez","twitter_card":"summary_large_image","twitter_misc":{"Escrit per":"AdHern\u00e1ndez","Temps estimat de lectura":"5 minuts"},"schema":{"@context":"https:\/\/schema.org","@graph":[{"@type":"Article","@id":"https:\/\/adhernandez.com\/ca\/2026\/01\/21\/com-selegeix-al-president-de-la-comunitat-de-veins-segons-la-normativa-vigent\/#article","isPartOf":{"@id":"https:\/\/adhernandez.com\/ca\/2026\/01\/21\/com-selegeix-al-president-de-la-comunitat-de-veins-segons-la-normativa-vigent\/"},"author":{"name":"AdHern\u00e1ndez","@id":"https:\/\/adhernandez.com\/ca\/#\/schema\/person\/330b9c8828ff3a80ee8053b5fff0e848"},"headline":"Com s&#8217;elegeix al president de la comunitat de ve\u00efns segons la normativa vigent?","datePublished":"2026-01-21T14:10:13+00:00","dateModified":"2026-02-23T08:49:32+00:00","mainEntityOfPage":{"@id":"https:\/\/adhernandez.com\/ca\/2026\/01\/21\/com-selegeix-al-president-de-la-comunitat-de-veins-segons-la-normativa-vigent\/"},"wordCount":984,"image":{"@id":"https:\/\/adhernandez.com\/ca\/2026\/01\/21\/com-selegeix-al-president-de-la-comunitat-de-veins-segons-la-normativa-vigent\/#primaryimage"},"thumbnailUrl":"https:\/\/adhernandez.com\/wp-content\/uploads\/2026\/01\/elegir-presidente-comunidad-.jpg","articleSection":["Propiedad Horizontal"],"inLanguage":"ca"},{"@type":"WebPage","@id":"https:\/\/adhernandez.com\/ca\/2026\/01\/21\/com-selegeix-al-president-de-la-comunitat-de-veins-segons-la-normativa-vigent\/","url":"https:\/\/adhernandez.com\/ca\/2026\/01\/21\/com-selegeix-al-president-de-la-comunitat-de-veins-segons-la-normativa-vigent\/","name":"Com s'elegeix al president de la comunitat de ve\u00efns segons la normativa vigent? - Administraciones Hern\u00e1ndez","isPartOf":{"@id":"https:\/\/adhernandez.com\/ca\/#website"},"primaryImageOfPage":{"@id":"https:\/\/adhernandez.com\/ca\/2026\/01\/21\/com-selegeix-al-president-de-la-comunitat-de-veins-segons-la-normativa-vigent\/#primaryimage"},"image":{"@id":"https:\/\/adhernandez.com\/ca\/2026\/01\/21\/com-selegeix-al-president-de-la-comunitat-de-veins-segons-la-normativa-vigent\/#primaryimage"},"thumbnailUrl":"https:\/\/adhernandez.com\/wp-content\/uploads\/2026\/01\/elegir-presidente-comunidad-.jpg","datePublished":"2026-01-21T14:10:13+00:00","dateModified":"2026-02-23T08:49:32+00:00","author":{"@id":"https:\/\/adhernandez.com\/ca\/#\/schema\/person\/330b9c8828ff3a80ee8053b5fff0e848"},"breadcrumb":{"@id":"https:\/\/adhernandez.com\/ca\/2026\/01\/21\/com-selegeix-al-president-de-la-comunitat-de-veins-segons-la-normativa-vigent\/#breadcrumb"},"inLanguage":"ca","potentialAction":[{"@type":"ReadAction","target":["https:\/\/adhernandez.com\/ca\/2026\/01\/21\/com-selegeix-al-president-de-la-comunitat-de-veins-segons-la-normativa-vigent\/"]}]},{"@type":"ImageObject","inLanguage":"ca","@id":"https:\/\/adhernandez.com\/ca\/2026\/01\/21\/com-selegeix-al-president-de-la-comunitat-de-veins-segons-la-normativa-vigent\/#primaryimage","url":"https:\/\/adhernandez.com\/wp-content\/uploads\/2026\/01\/elegir-presidente-comunidad-.jpg","contentUrl":"https:\/\/adhernandez.com\/wp-content\/uploads\/2026\/01\/elegir-presidente-comunidad-.jpg","width":800,"height":450},{"@type":"BreadcrumbList","@id":"https:\/\/adhernandez.com\/ca\/2026\/01\/21\/com-selegeix-al-president-de-la-comunitat-de-veins-segons-la-normativa-vigent\/#breadcrumb","itemListElement":[{"@type":"ListItem","position":1,"name":"Portada","item":"https:\/\/adhernandez.com\/ca\/adhernandez-inicio\/"},{"@type":"ListItem","position":2,"name":"Com s&#8217;elegeix al president de la comunitat de ve\u00efns segons la normativa vigent?"}]},{"@type":"WebSite","@id":"https:\/\/adhernandez.com\/ca\/#website","url":"https:\/\/adhernandez.com\/ca\/","name":"Administraciones Hern\u00e1ndez","description":"Equipo de profesionales con amplia experiencia en la gesti\u00f3n del patrimonio inmobiliario","potentialAction":[{"@type":"SearchAction","target":{"@type":"EntryPoint","urlTemplate":"https:\/\/adhernandez.com\/ca\/?s={search_term_string}"},"query-input":{"@type":"PropertyValueSpecification","valueRequired":true,"valueName":"search_term_string"}}],"inLanguage":"ca"},{"@type":"Person","@id":"https:\/\/adhernandez.com\/ca\/#\/schema\/person\/330b9c8828ff3a80ee8053b5fff0e848","name":"AdHern\u00e1ndez","image":{"@type":"ImageObject","inLanguage":"ca","@id":"https:\/\/adhernandez.com\/wp-content\/litespeed\/avatar\/6b84e2484050905299b010a711cff345.jpg?ver=1777323059","url":"https:\/\/adhernandez.com\/wp-content\/litespeed\/avatar\/6b84e2484050905299b010a711cff345.jpg?ver=1777323059","contentUrl":"https:\/\/adhernandez.com\/wp-content\/litespeed\/avatar\/6b84e2484050905299b010a711cff345.jpg?ver=1777323059","caption":"AdHern\u00e1ndez"},"url":"https:\/\/adhernandez.com\/ca\/author\/veronica\/"}]}},"_links":{"self":[{"href":"https:\/\/adhernandez.com\/ca\/wp-json\/wp\/v2\/posts\/32569","targetHints":{"allow":["GET"]}}],"collection":[{"href":"https:\/\/adhernandez.com\/ca\/wp-json\/wp\/v2\/posts"}],"about":[{"href":"https:\/\/adhernandez.com\/ca\/wp-json\/wp\/v2\/types\/post"}],"author":[{"embeddable":true,"href":"https:\/\/adhernandez.com\/ca\/wp-json\/wp\/v2\/users\/6"}],"replies":[{"embeddable":true,"href":"https:\/\/adhernandez.com\/ca\/wp-json\/wp\/v2\/comments?post=32569"}],"version-history":[{"count":1,"href":"https:\/\/adhernandez.com\/ca\/wp-json\/wp\/v2\/posts\/32569\/revisions"}],"predecessor-version":[{"id":32570,"href":"https:\/\/adhernandez.com\/ca\/wp-json\/wp\/v2\/posts\/32569\/revisions\/32570"}],"wp:featuredmedia":[{"embeddable":true,"href":"https:\/\/adhernandez.com\/ca\/wp-json\/wp\/v2\/media\/32590"}],"wp:attachment":[{"href":"https:\/\/adhernandez.com\/ca\/wp-json\/wp\/v2\/media?parent=32569"}],"wp:term":[{"taxonomy":"category","embeddable":true,"href":"https:\/\/adhernandez.com\/ca\/wp-json\/wp\/v2\/categories?post=32569"},{"taxonomy":"post_tag","embeddable":true,"href":"https:\/\/adhernandez.com\/ca\/wp-json\/wp\/v2\/tags?post=32569"}],"curies":[{"name":"wp","href":"https:\/\/api.w.org\/{rel}","templated":true}]}}