{"id":32180,"date":"2025-11-04T10:40:00","date_gmt":"2025-11-04T10:40:00","guid":{"rendered":"https:\/\/adhernandez.com\/2025\/10\/07\/zones-de-barcelona-on-mes-es-revaloritza-lhabitatge\/"},"modified":"2025-10-07T10:47:54","modified_gmt":"2025-10-07T10:47:54","slug":"zones-de-barcelona-on-mes-es-revaloritza-lhabitatge","status":"publish","type":"post","link":"https:\/\/adhernandez.com\/ca\/2025\/11\/04\/zones-de-barcelona-on-mes-es-revaloritza-lhabitatge\/","title":{"rendered":"Zones de Barcelona on m\u00e9s es revaloritza l&#8217;habitatge"},"content":{"rendered":"\t\t<div data-elementor-type=\"wp-post\" data-elementor-id=\"32180\" class=\"elementor elementor-32180 elementor-32165\">\n\t\t\t\t\t\t<section class=\"elementor-section elementor-top-section elementor-element elementor-element-45287e9 elementor-section-boxed elementor-section-height-default elementor-section-height-default\" data-id=\"45287e9\" data-element_type=\"section\" data-e-type=\"section\">\n\t\t\t\t\t\t<div class=\"elementor-container elementor-column-gap-default\">\n\t\t\t\t\t<div class=\"elementor-column elementor-col-100 elementor-top-column elementor-element elementor-element-1427264\" data-id=\"1427264\" data-element_type=\"column\" data-e-type=\"column\">\n\t\t\t<div class=\"elementor-widget-wrap elementor-element-populated\">\n\t\t\t\t\t\t<div class=\"elementor-element elementor-element-ea9cf77 elementor-widget elementor-widget-text-editor\" data-id=\"ea9cf77\" data-element_type=\"widget\" data-e-type=\"widget\" data-widget_type=\"text-editor.default\">\n\t\t\t\t\t\t\t\t\t<p>El mercat immobiliari de Barcelona en 2025 mant\u00e9 una din\u00e0mica marcada per la pressi\u00f3 constant sobre els preus de l&#8217;habitatge, influ\u00efda per factors com l&#8217;escassetat d&#8217;oferta, la demanda sostinguda, especialment estrangera, i les condicions econ\u00f2miques i reguladores pr\u00f2pies de Catalunya. En aquest context, l&#8217;an\u00e0lisi per barris revela difer\u00e8ncies notables en la tend\u00e8ncia de revaloraci\u00f3, afectant de manera desigual a les diferents zones urbanes de la ciutat.<\/p>\n\t\t\t\t\t\t\t\t<\/div>\n\t\t\t\t<div class=\"elementor-element elementor-element-c793047 elementor-widget elementor-widget-text-editor\" data-id=\"c793047\" data-element_type=\"widget\" data-e-type=\"widget\" data-widget_type=\"text-editor.default\">\n\t\t\t\t\t\t\t\t\t<h2>Tend\u00e8ncies generals del mercat immobiliari a Barcelona en 2025<\/h2>\n\t\t\t\t\t\t\t\t<\/div>\n\t\t\t\t<div class=\"elementor-element elementor-element-5f5d84e elementor-widget elementor-widget-text-editor\" data-id=\"5f5d84e\" data-element_type=\"widget\" data-e-type=\"widget\" data-widget_type=\"text-editor.default\">\n\t\t\t\t\t\t\t\t\t<p>Durant el present any, el preu mitj\u00e0 de l&#8217;habitatge a Barcelona ha mostrat un creixement moderat, estimat entre el 3% i el 5%, amb un avan\u00e7 acumulat pr\u00f2xim al 9,4% en termes interanuals. Aquest increment s&#8217;explica principalment per la insufici\u00e8ncia d&#8217;oferta, la persistent demanda, i l&#8217;enfortiment de la inversi\u00f3 estrangera en actius residencials, especialment en segments mig-alt. Al costat d&#8217;aix\u00f2, l&#8217;estabilitzaci\u00f3 relativa dels tipus d&#8217;inter\u00e8s hipotecaris ha influ\u00eft en la prefer\u00e8ncia per la compra sobre el lloguer, encara que aquest \u00faltim continua sent demandat per segments poblacionals espec\u00edfics. En la regulaci\u00f3, les mesures per a controlar els preus del lloguer han generat un impacte notable en l&#8217;oferta i en les decisions d&#8217;inversi\u00f3, no obstant aix\u00f2, la normativa de propietat horitzontal vigent a Catalunya brinda un marc clar per a la gesti\u00f3 i transformaci\u00f3 de finques urbanes.<\/p>\n\t\t\t\t\t\t\t\t<\/div>\n\t\t\t\t<div class=\"elementor-element elementor-element-0231771 elementor-widget elementor-widget-text-editor\" data-id=\"0231771\" data-element_type=\"widget\" data-e-type=\"widget\" data-widget_type=\"text-editor.default\">\n\t\t\t\t\t\t\t\t\t<h2>Barris amb major revaloraci\u00f3 de l&#8217;habitatge<\/h2>\n\t\t\t\t\t\t\t\t<\/div>\n\t\t\t\t<div class=\"elementor-element elementor-element-e2166f5 elementor-widget elementor-widget-text-editor\" data-id=\"e2166f5\" data-element_type=\"widget\" data-e-type=\"widget\" data-widget_type=\"text-editor.default\">\n\t\t\t\t\t\t\t\t\t<p>El districte de l&#8217;Eixample i Ciutat Vella s\u00f3n tradicionalment les zones amb major pressi\u00f3 alcista en els seus valors d&#8217;habitatge a Barcelona. La combinaci\u00f3 de patrimoni arquitect\u00f2nic, equipaments, serveis i localitzaci\u00f3 estrat\u00e8gica contribueix a sostenir i augmentar els seus preus, reflectint un mercat residencial consolidat on l&#8217;escassetat d&#8217;oferta intensifica el valor. Els segments d&#8217;alta gamma tenen especial influ\u00e8ncia en aquesta din\u00e0mica.<\/p>\n<p>Zones perif\u00e8riques com Nou Barris i Sant Andreu estan experimentant una revaloraci\u00f3 significativa, amb increments especialment notable en barris com Ciutat Meridiana i Torre Bar\u00f3, on el preu per metre quadrat ha registrat pujades pr\u00f2ximes o superiors al 50% en alguns sectors. Aquesta transformaci\u00f3 reflecteix processos de gentrificaci\u00f3 i renovaci\u00f3 urbana que reconfiguren l&#8217;atractiu del districte, encara que els seus valors encara romanen per sota de la mitjana de la ciutat.<\/p>\n<p>Altres districtes com Gr\u00e0cia, Sants, Les Corts i Horta-*Guinard\u00f3 tamb\u00e9 evidencien creixement de preus, recolzats en la demanda creixent i en projectes de millora urbana i sostenibilitat que augmenten l&#8217;inter\u00e8s de compradors i inversors. La diversitat i pluralitat d&#8217;aquests barris reflecteixen la complexitat del mercat immobiliari, en la qual conviuen realitats molt diferents en termes d&#8217;oferta i potencial de revaloraci\u00f3.<\/p>\n\t\t\t\t\t\t\t\t<\/div>\n\t\t\t\t<div class=\"elementor-element elementor-element-5d1ea0a elementor-widget elementor-widget-text-editor\" data-id=\"5d1ea0a\" data-element_type=\"widget\" data-e-type=\"widget\" data-widget_type=\"text-editor.default\">\n\t\t\t\t\t\t\t\t\t<h2>Implicacions de la legislaci\u00f3 catalana en l&#8217;administraci\u00f3 de finques<\/h2>\n\t\t\t\t\t\t\t\t<\/div>\n\t\t\t\t<div class=\"elementor-element elementor-element-7812908 elementor-widget elementor-widget-text-editor\" data-id=\"7812908\" data-element_type=\"widget\" data-e-type=\"widget\" data-widget_type=\"text-editor.default\">\n\t\t\t\t\t\t\t\t\t<p>La normativa urban\u00edstica i de propietat horitzontal que regula el r\u00e8gim de finques i comunitats de propietaris a Catalunya impacta en les possibilitats de transformaci\u00f3 i gesti\u00f3 immobili\u00e0ria, influint indirectament en la revaloraci\u00f3 dels b\u00e9ns immobles. La indivisibilitat de parcel\u00b7les segons el planejament urban\u00edstic vigent i les condicions per a segregaci\u00f3 o agrupaci\u00f3 de finques estableixen l\u00edmits clars a aquests processos, afectant l&#8217;oferta disponible.<\/p>\n<p>D&#8217;altra banda, la Llei de Propietat Horitzontal catalana estableix un marc regulador per a la gesti\u00f3 de les comunitats i la seva capacitat d&#8217;escometre reformes i millores, aspectes clau per a mantenir i augmentar el valor residencial. En aquest sentit, la labor de l&#8217;administraci\u00f3 de finques adquireix un paper estrat\u00e8gic per a garantir el compliment normatiu i la correcta gesti\u00f3 t\u00e8cnica i econ\u00f2mica, aspectes que contribueixen a l&#8217;estabilitat i valoritzaci\u00f3 dels actius.<\/p>\n\t\t\t\t\t\t\t\t<\/div>\n\t\t\t\t<div class=\"elementor-element elementor-element-a3a92f0 elementor-widget elementor-widget-text-editor\" data-id=\"a3a92f0\" data-element_type=\"widget\" data-e-type=\"widget\" data-widget_type=\"text-editor.default\">\n\t\t\t\t\t\t\t\t\t<h2>Conclusi\u00f3<\/h2>\n\t\t\t\t\t\t\t\t<\/div>\n\t\t\t\t<div class=\"elementor-element elementor-element-88baf6a elementor-widget elementor-widget-text-editor\" data-id=\"88baf6a\" data-element_type=\"widget\" data-e-type=\"widget\" data-widget_type=\"text-editor.default\">\n\t\t\t\t\t\t\t\t\t<p>La revaloraci\u00f3 de l&#8217;habitatge a Barcelona en 2025 presenta un panorama heterogeni que reflecteix la diversitat urbana i socioecon\u00f2mica de la ciutat. Els barris del centre mantenen el seu lideratge quant a valor i demanda, mentre que unes certes zones perif\u00e8riques avancen amb increments importants, encara que partint de preus inferiors. L&#8217;evoluci\u00f3 est\u00e0 determinada per factors estructurals del mercat i condicionants legals propis de l&#8217;ordenament catal\u00e0, que en conjunt configuren un escenari complex i din\u00e0mic per a propietaris, inversors i gestors de finques. L&#8217;administraci\u00f3 professional i ajustada a la legislaci\u00f3 resulta essencial per a afrontar aquest context amb garanties i efici\u00e8ncia.<\/p>\n<p>Aquesta an\u00e0lisi ofereix una visi\u00f3 objectiva i basada en dades actuals sobre les tend\u00e8ncies immobili\u00e0ries, rellevant per a la presa de decisions en la gesti\u00f3 i administraci\u00f3 de finques a Barcelona.<\/p>\n\t\t\t\t\t\t\t\t<\/div>\n\t\t\t\t\t<\/div>\n\t\t<\/div>\n\t\t\t\t\t<\/div>\n\t\t<\/section>\n\t\t\t\t<\/div>\n\t\t","protected":false},"excerpt":{"rendered":"<p>Et expliquem les zones de Barcelona amb major revaloraci\u00f3 immobili\u00e0ria. Coneix quins factors impulsen el valor de l&#8217;habitatge.<\/p>\n","protected":false},"author":6,"featured_media":32427,"comment_status":"closed","ping_status":"closed","sticky":false,"template":"","format":"standard","meta":{"footnotes":""},"categories":[365],"tags":[],"class_list":["post-32180","post","type-post","status-publish","format-standard","has-post-thumbnail","hentry","category-propiedad-horizontal-ca"],"yoast_head":"<!-- This site is optimized with the Yoast SEO plugin v27.4 - https:\/\/yoast.com\/product\/yoast-seo-wordpress\/ -->\n<title>Zones de Barcelona on m\u00e9s es revaloritza l&#039;habitatge - Administraciones Hern\u00e1ndez<\/title>\n<meta name=\"description\" content=\"Et expliquem les zones de Barcelona amb major revaloraci\u00f3 immobili\u00e0ria. Coneix quins factors impulsen el valor de l&#039;habitatge.\" \/>\n<meta name=\"robots\" content=\"index, follow, max-snippet:-1, max-image-preview:large, max-video-preview:-1\" \/>\n<link rel=\"canonical\" href=\"https:\/\/adhernandez.com\/ca\/2025\/11\/04\/zones-de-barcelona-on-mes-es-revaloritza-lhabitatge\/\" \/>\n<meta property=\"og:locale\" content=\"ca_ES\" \/>\n<meta property=\"og:type\" content=\"article\" \/>\n<meta property=\"og:title\" content=\"Zones de Barcelona on m\u00e9s es revaloritza l&#039;habitatge - Administraciones Hern\u00e1ndez\" \/>\n<meta property=\"og:description\" content=\"Et expliquem les zones de Barcelona amb major revaloraci\u00f3 immobili\u00e0ria. Coneix quins factors impulsen el valor de l&#039;habitatge.\" \/>\n<meta property=\"og:url\" content=\"https:\/\/adhernandez.com\/ca\/2025\/11\/04\/zones-de-barcelona-on-mes-es-revaloritza-lhabitatge\/\" \/>\n<meta property=\"og:site_name\" content=\"Administraciones Hern\u00e1ndez\" \/>\n<meta property=\"article:published_time\" content=\"2025-11-04T10:40:00+00:00\" \/>\n<meta property=\"og:image\" content=\"https:\/\/adhernandez.com\/wp-content\/uploads\/2025\/10\/inmuebles-barcelona.jpg\" \/>\n\t<meta property=\"og:image:width\" content=\"800\" \/>\n\t<meta property=\"og:image:height\" content=\"450\" \/>\n\t<meta property=\"og:image:type\" content=\"image\/jpeg\" \/>\n<meta name=\"author\" content=\"AdHern\u00e1ndez\" \/>\n<meta name=\"twitter:card\" content=\"summary_large_image\" \/>\n<meta name=\"twitter:label1\" content=\"Escrit per\" \/>\n\t<meta name=\"twitter:data1\" content=\"AdHern\u00e1ndez\" \/>\n\t<meta name=\"twitter:label2\" content=\"Temps estimat de lectura\" \/>\n\t<meta name=\"twitter:data2\" content=\"4 minuts\" \/>\n<script type=\"application\/ld+json\" class=\"yoast-schema-graph\">{\"@context\":\"https:\\\/\\\/schema.org\",\"@graph\":[{\"@type\":\"Article\",\"@id\":\"https:\\\/\\\/adhernandez.com\\\/ca\\\/2025\\\/11\\\/04\\\/zones-de-barcelona-on-mes-es-revaloritza-lhabitatge\\\/#article\",\"isPartOf\":{\"@id\":\"https:\\\/\\\/adhernandez.com\\\/ca\\\/2025\\\/11\\\/04\\\/zones-de-barcelona-on-mes-es-revaloritza-lhabitatge\\\/\"},\"author\":{\"name\":\"AdHern\u00e1ndez\",\"@id\":\"https:\\\/\\\/adhernandez.com\\\/ca\\\/#\\\/schema\\\/person\\\/330b9c8828ff3a80ee8053b5fff0e848\"},\"headline\":\"Zones de Barcelona on m\u00e9s es revaloritza l&#8217;habitatge\",\"datePublished\":\"2025-11-04T10:40:00+00:00\",\"mainEntityOfPage\":{\"@id\":\"https:\\\/\\\/adhernandez.com\\\/ca\\\/2025\\\/11\\\/04\\\/zones-de-barcelona-on-mes-es-revaloritza-lhabitatge\\\/\"},\"wordCount\":730,\"image\":{\"@id\":\"https:\\\/\\\/adhernandez.com\\\/ca\\\/2025\\\/11\\\/04\\\/zones-de-barcelona-on-mes-es-revaloritza-lhabitatge\\\/#primaryimage\"},\"thumbnailUrl\":\"https:\\\/\\\/adhernandez.com\\\/wp-content\\\/uploads\\\/2025\\\/11\\\/inmuebles-barcelona.webp\",\"articleSection\":[\"Propiedad Horizontal\"],\"inLanguage\":\"ca\"},{\"@type\":\"WebPage\",\"@id\":\"https:\\\/\\\/adhernandez.com\\\/ca\\\/2025\\\/11\\\/04\\\/zones-de-barcelona-on-mes-es-revaloritza-lhabitatge\\\/\",\"url\":\"https:\\\/\\\/adhernandez.com\\\/ca\\\/2025\\\/11\\\/04\\\/zones-de-barcelona-on-mes-es-revaloritza-lhabitatge\\\/\",\"name\":\"Zones de Barcelona on m\u00e9s es revaloritza l'habitatge - Administraciones Hern\u00e1ndez\",\"isPartOf\":{\"@id\":\"https:\\\/\\\/adhernandez.com\\\/ca\\\/#website\"},\"primaryImageOfPage\":{\"@id\":\"https:\\\/\\\/adhernandez.com\\\/ca\\\/2025\\\/11\\\/04\\\/zones-de-barcelona-on-mes-es-revaloritza-lhabitatge\\\/#primaryimage\"},\"image\":{\"@id\":\"https:\\\/\\\/adhernandez.com\\\/ca\\\/2025\\\/11\\\/04\\\/zones-de-barcelona-on-mes-es-revaloritza-lhabitatge\\\/#primaryimage\"},\"thumbnailUrl\":\"https:\\\/\\\/adhernandez.com\\\/wp-content\\\/uploads\\\/2025\\\/11\\\/inmuebles-barcelona.webp\",\"datePublished\":\"2025-11-04T10:40:00+00:00\",\"author\":{\"@id\":\"https:\\\/\\\/adhernandez.com\\\/ca\\\/#\\\/schema\\\/person\\\/330b9c8828ff3a80ee8053b5fff0e848\"},\"description\":\"Et expliquem les zones de Barcelona amb major revaloraci\u00f3 immobili\u00e0ria. Coneix quins factors impulsen el valor de l'habitatge.\",\"breadcrumb\":{\"@id\":\"https:\\\/\\\/adhernandez.com\\\/ca\\\/2025\\\/11\\\/04\\\/zones-de-barcelona-on-mes-es-revaloritza-lhabitatge\\\/#breadcrumb\"},\"inLanguage\":\"ca\",\"potentialAction\":[{\"@type\":\"ReadAction\",\"target\":[\"https:\\\/\\\/adhernandez.com\\\/ca\\\/2025\\\/11\\\/04\\\/zones-de-barcelona-on-mes-es-revaloritza-lhabitatge\\\/\"]}]},{\"@type\":\"ImageObject\",\"inLanguage\":\"ca\",\"@id\":\"https:\\\/\\\/adhernandez.com\\\/ca\\\/2025\\\/11\\\/04\\\/zones-de-barcelona-on-mes-es-revaloritza-lhabitatge\\\/#primaryimage\",\"url\":\"https:\\\/\\\/adhernandez.com\\\/wp-content\\\/uploads\\\/2025\\\/11\\\/inmuebles-barcelona.webp\",\"contentUrl\":\"https:\\\/\\\/adhernandez.com\\\/wp-content\\\/uploads\\\/2025\\\/11\\\/inmuebles-barcelona.webp\",\"width\":800,\"height\":450},{\"@type\":\"BreadcrumbList\",\"@id\":\"https:\\\/\\\/adhernandez.com\\\/ca\\\/2025\\\/11\\\/04\\\/zones-de-barcelona-on-mes-es-revaloritza-lhabitatge\\\/#breadcrumb\",\"itemListElement\":[{\"@type\":\"ListItem\",\"position\":1,\"name\":\"Portada\",\"item\":\"https:\\\/\\\/adhernandez.com\\\/ca\\\/adhernandez-inicio\\\/\"},{\"@type\":\"ListItem\",\"position\":2,\"name\":\"Zones de Barcelona on m\u00e9s es revaloritza l&#8217;habitatge\"}]},{\"@type\":\"WebSite\",\"@id\":\"https:\\\/\\\/adhernandez.com\\\/ca\\\/#website\",\"url\":\"https:\\\/\\\/adhernandez.com\\\/ca\\\/\",\"name\":\"Administraciones Hern\u00e1ndez\",\"description\":\"Equipo de profesionales con amplia experiencia en la gesti\u00f3n del patrimonio inmobiliario\",\"potentialAction\":[{\"@type\":\"SearchAction\",\"target\":{\"@type\":\"EntryPoint\",\"urlTemplate\":\"https:\\\/\\\/adhernandez.com\\\/ca\\\/?s={search_term_string}\"},\"query-input\":{\"@type\":\"PropertyValueSpecification\",\"valueRequired\":true,\"valueName\":\"search_term_string\"}}],\"inLanguage\":\"ca\"},{\"@type\":\"Person\",\"@id\":\"https:\\\/\\\/adhernandez.com\\\/ca\\\/#\\\/schema\\\/person\\\/330b9c8828ff3a80ee8053b5fff0e848\",\"name\":\"AdHern\u00e1ndez\",\"image\":{\"@type\":\"ImageObject\",\"inLanguage\":\"ca\",\"@id\":\"https:\\\/\\\/adhernandez.com\\\/wp-content\\\/litespeed\\\/avatar\\\/6b84e2484050905299b010a711cff345.jpg?ver=1777323059\",\"url\":\"https:\\\/\\\/adhernandez.com\\\/wp-content\\\/litespeed\\\/avatar\\\/6b84e2484050905299b010a711cff345.jpg?ver=1777323059\",\"contentUrl\":\"https:\\\/\\\/adhernandez.com\\\/wp-content\\\/litespeed\\\/avatar\\\/6b84e2484050905299b010a711cff345.jpg?ver=1777323059\",\"caption\":\"AdHern\u00e1ndez\"},\"url\":\"https:\\\/\\\/adhernandez.com\\\/ca\\\/author\\\/veronica\\\/\"}]}<\/script>\n<!-- \/ Yoast SEO plugin. -->","yoast_head_json":{"title":"Zones de Barcelona on m\u00e9s es revaloritza l'habitatge - Administraciones Hern\u00e1ndez","description":"Et expliquem les zones de Barcelona amb major revaloraci\u00f3 immobili\u00e0ria. Coneix quins factors impulsen el valor de l'habitatge.","robots":{"index":"index","follow":"follow","max-snippet":"max-snippet:-1","max-image-preview":"max-image-preview:large","max-video-preview":"max-video-preview:-1"},"canonical":"https:\/\/adhernandez.com\/ca\/2025\/11\/04\/zones-de-barcelona-on-mes-es-revaloritza-lhabitatge\/","og_locale":"ca_ES","og_type":"article","og_title":"Zones de Barcelona on m\u00e9s es revaloritza l'habitatge - Administraciones Hern\u00e1ndez","og_description":"Et expliquem les zones de Barcelona amb major revaloraci\u00f3 immobili\u00e0ria. Coneix quins factors impulsen el valor de l'habitatge.","og_url":"https:\/\/adhernandez.com\/ca\/2025\/11\/04\/zones-de-barcelona-on-mes-es-revaloritza-lhabitatge\/","og_site_name":"Administraciones Hern\u00e1ndez","article_published_time":"2025-11-04T10:40:00+00:00","og_image":[{"width":800,"height":450,"url":"https:\/\/adhernandez.com\/wp-content\/uploads\/2025\/10\/inmuebles-barcelona.jpg","type":"image\/jpeg"}],"author":"AdHern\u00e1ndez","twitter_card":"summary_large_image","twitter_misc":{"Escrit per":"AdHern\u00e1ndez","Temps estimat de lectura":"4 minuts"},"schema":{"@context":"https:\/\/schema.org","@graph":[{"@type":"Article","@id":"https:\/\/adhernandez.com\/ca\/2025\/11\/04\/zones-de-barcelona-on-mes-es-revaloritza-lhabitatge\/#article","isPartOf":{"@id":"https:\/\/adhernandez.com\/ca\/2025\/11\/04\/zones-de-barcelona-on-mes-es-revaloritza-lhabitatge\/"},"author":{"name":"AdHern\u00e1ndez","@id":"https:\/\/adhernandez.com\/ca\/#\/schema\/person\/330b9c8828ff3a80ee8053b5fff0e848"},"headline":"Zones de Barcelona on m\u00e9s es revaloritza l&#8217;habitatge","datePublished":"2025-11-04T10:40:00+00:00","mainEntityOfPage":{"@id":"https:\/\/adhernandez.com\/ca\/2025\/11\/04\/zones-de-barcelona-on-mes-es-revaloritza-lhabitatge\/"},"wordCount":730,"image":{"@id":"https:\/\/adhernandez.com\/ca\/2025\/11\/04\/zones-de-barcelona-on-mes-es-revaloritza-lhabitatge\/#primaryimage"},"thumbnailUrl":"https:\/\/adhernandez.com\/wp-content\/uploads\/2025\/11\/inmuebles-barcelona.webp","articleSection":["Propiedad Horizontal"],"inLanguage":"ca"},{"@type":"WebPage","@id":"https:\/\/adhernandez.com\/ca\/2025\/11\/04\/zones-de-barcelona-on-mes-es-revaloritza-lhabitatge\/","url":"https:\/\/adhernandez.com\/ca\/2025\/11\/04\/zones-de-barcelona-on-mes-es-revaloritza-lhabitatge\/","name":"Zones de Barcelona on m\u00e9s es revaloritza l'habitatge - Administraciones Hern\u00e1ndez","isPartOf":{"@id":"https:\/\/adhernandez.com\/ca\/#website"},"primaryImageOfPage":{"@id":"https:\/\/adhernandez.com\/ca\/2025\/11\/04\/zones-de-barcelona-on-mes-es-revaloritza-lhabitatge\/#primaryimage"},"image":{"@id":"https:\/\/adhernandez.com\/ca\/2025\/11\/04\/zones-de-barcelona-on-mes-es-revaloritza-lhabitatge\/#primaryimage"},"thumbnailUrl":"https:\/\/adhernandez.com\/wp-content\/uploads\/2025\/11\/inmuebles-barcelona.webp","datePublished":"2025-11-04T10:40:00+00:00","author":{"@id":"https:\/\/adhernandez.com\/ca\/#\/schema\/person\/330b9c8828ff3a80ee8053b5fff0e848"},"description":"Et expliquem les zones de Barcelona amb major revaloraci\u00f3 immobili\u00e0ria. Coneix quins factors impulsen el valor de l'habitatge.","breadcrumb":{"@id":"https:\/\/adhernandez.com\/ca\/2025\/11\/04\/zones-de-barcelona-on-mes-es-revaloritza-lhabitatge\/#breadcrumb"},"inLanguage":"ca","potentialAction":[{"@type":"ReadAction","target":["https:\/\/adhernandez.com\/ca\/2025\/11\/04\/zones-de-barcelona-on-mes-es-revaloritza-lhabitatge\/"]}]},{"@type":"ImageObject","inLanguage":"ca","@id":"https:\/\/adhernandez.com\/ca\/2025\/11\/04\/zones-de-barcelona-on-mes-es-revaloritza-lhabitatge\/#primaryimage","url":"https:\/\/adhernandez.com\/wp-content\/uploads\/2025\/11\/inmuebles-barcelona.webp","contentUrl":"https:\/\/adhernandez.com\/wp-content\/uploads\/2025\/11\/inmuebles-barcelona.webp","width":800,"height":450},{"@type":"BreadcrumbList","@id":"https:\/\/adhernandez.com\/ca\/2025\/11\/04\/zones-de-barcelona-on-mes-es-revaloritza-lhabitatge\/#breadcrumb","itemListElement":[{"@type":"ListItem","position":1,"name":"Portada","item":"https:\/\/adhernandez.com\/ca\/adhernandez-inicio\/"},{"@type":"ListItem","position":2,"name":"Zones de Barcelona on m\u00e9s es revaloritza l&#8217;habitatge"}]},{"@type":"WebSite","@id":"https:\/\/adhernandez.com\/ca\/#website","url":"https:\/\/adhernandez.com\/ca\/","name":"Administraciones Hern\u00e1ndez","description":"Equipo de profesionales con amplia experiencia en la gesti\u00f3n del patrimonio inmobiliario","potentialAction":[{"@type":"SearchAction","target":{"@type":"EntryPoint","urlTemplate":"https:\/\/adhernandez.com\/ca\/?s={search_term_string}"},"query-input":{"@type":"PropertyValueSpecification","valueRequired":true,"valueName":"search_term_string"}}],"inLanguage":"ca"},{"@type":"Person","@id":"https:\/\/adhernandez.com\/ca\/#\/schema\/person\/330b9c8828ff3a80ee8053b5fff0e848","name":"AdHern\u00e1ndez","image":{"@type":"ImageObject","inLanguage":"ca","@id":"https:\/\/adhernandez.com\/wp-content\/litespeed\/avatar\/6b84e2484050905299b010a711cff345.jpg?ver=1777323059","url":"https:\/\/adhernandez.com\/wp-content\/litespeed\/avatar\/6b84e2484050905299b010a711cff345.jpg?ver=1777323059","contentUrl":"https:\/\/adhernandez.com\/wp-content\/litespeed\/avatar\/6b84e2484050905299b010a711cff345.jpg?ver=1777323059","caption":"AdHern\u00e1ndez"},"url":"https:\/\/adhernandez.com\/ca\/author\/veronica\/"}]}},"_links":{"self":[{"href":"https:\/\/adhernandez.com\/ca\/wp-json\/wp\/v2\/posts\/32180","targetHints":{"allow":["GET"]}}],"collection":[{"href":"https:\/\/adhernandez.com\/ca\/wp-json\/wp\/v2\/posts"}],"about":[{"href":"https:\/\/adhernandez.com\/ca\/wp-json\/wp\/v2\/types\/post"}],"author":[{"embeddable":true,"href":"https:\/\/adhernandez.com\/ca\/wp-json\/wp\/v2\/users\/6"}],"replies":[{"embeddable":true,"href":"https:\/\/adhernandez.com\/ca\/wp-json\/wp\/v2\/comments?post=32180"}],"version-history":[{"count":1,"href":"https:\/\/adhernandez.com\/ca\/wp-json\/wp\/v2\/posts\/32180\/revisions"}],"predecessor-version":[{"id":32181,"href":"https:\/\/adhernandez.com\/ca\/wp-json\/wp\/v2\/posts\/32180\/revisions\/32181"}],"wp:featuredmedia":[{"embeddable":true,"href":"https:\/\/adhernandez.com\/ca\/wp-json\/wp\/v2\/media\/32427"}],"wp:attachment":[{"href":"https:\/\/adhernandez.com\/ca\/wp-json\/wp\/v2\/media?parent=32180"}],"wp:term":[{"taxonomy":"category","embeddable":true,"href":"https:\/\/adhernandez.com\/ca\/wp-json\/wp\/v2\/categories?post=32180"},{"taxonomy":"post_tag","embeddable":true,"href":"https:\/\/adhernandez.com\/ca\/wp-json\/wp\/v2\/tags?post=32180"}],"curies":[{"name":"wp","href":"https:\/\/api.w.org\/{rel}","templated":true}]}}