{"id":32176,"date":"2025-10-21T10:33:32","date_gmt":"2025-10-21T10:33:32","guid":{"rendered":"https:\/\/adhernandez.com\/2025\/10\/07\/es-obligatori-lasseguranca-de-la-llar-en-comprar-un-habitatge-a-barcelona\/"},"modified":"2025-10-07T10:47:05","modified_gmt":"2025-10-07T10:47:05","slug":"es-obligatori-lasseguranca-de-la-llar-en-comprar-un-habitatge-a-barcelona","status":"publish","type":"post","link":"https:\/\/adhernandez.com\/ca\/2025\/10\/21\/es-obligatori-lasseguranca-de-la-llar-en-comprar-un-habitatge-a-barcelona\/","title":{"rendered":"\u00c9s obligatori l&#8217;asseguran\u00e7a de la llar en comprar un habitatge a Barcelona?"},"content":{"rendered":"\t\t<div data-elementor-type=\"wp-post\" data-elementor-id=\"32176\" class=\"elementor elementor-32176 elementor-32157\">\n\t\t\t\t\t\t<section class=\"elementor-section elementor-top-section elementor-element elementor-element-d650371 elementor-section-boxed elementor-section-height-default elementor-section-height-default\" data-id=\"d650371\" data-element_type=\"section\" data-e-type=\"section\">\n\t\t\t\t\t\t<div class=\"elementor-container elementor-column-gap-default\">\n\t\t\t\t\t<div class=\"elementor-column elementor-col-100 elementor-top-column elementor-element elementor-element-c22a732\" data-id=\"c22a732\" data-element_type=\"column\" data-e-type=\"column\">\n\t\t\t<div class=\"elementor-widget-wrap elementor-element-populated\">\n\t\t\t\t\t\t<div class=\"elementor-element elementor-element-310cae4 elementor-widget elementor-widget-text-editor\" data-id=\"310cae4\" data-element_type=\"widget\" data-e-type=\"widget\" data-widget_type=\"text-editor.default\">\n\t\t\t\t\t\t\t\t\t<p>L&#8217;adquisici\u00f3 d&#8217;un habitatge comporta diverses obligacions legals i decisions importants en mat\u00e8ria de protecci\u00f3 patrimonial. Una q\u00fcesti\u00f3 recurrent per als qui compren una casa o un pis a Barcelona \u00e9s si resulta obligatori contractar una asseguran\u00e7a de la llar. Aquesta an\u00e0lisi presenta de manera objectiva el marc normatiu aplicable a Catalunya, amb especial atenci\u00f3 a la capital catalana, sense emetre judicis de valor, per a aclarir aquesta inc\u00f2gnita sobre la base de la legislaci\u00f3 vigent.<\/p>\n\t\t\t\t\t\t\t\t<\/div>\n\t\t\t\t<div class=\"elementor-element elementor-element-ca5cc87 elementor-widget elementor-widget-text-editor\" data-id=\"ca5cc87\" data-element_type=\"widget\" data-e-type=\"widget\" data-widget_type=\"text-editor.default\">\n\t\t\t\t\t\t\t\t\t<h2>Marc legal de l&#8217;asseguran\u00e7a de llar amb hipoteca<\/h2>\n\t\t\t\t\t\t\t\t<\/div>\n\t\t\t\t<div class=\"elementor-element elementor-element-853526f elementor-widget elementor-widget-text-editor\" data-id=\"853526f\" data-element_type=\"widget\" data-e-type=\"widget\" data-widget_type=\"text-editor.default\">\n\t\t\t\t\t\t\t\t\t<p>A Espanya, la normativa general no imposa l&#8217;obligaci\u00f3 de posseir una asseguran\u00e7a de llar per a tota adquisici\u00f3 d&#8217;habitatge. No obstant aix\u00f2, el Reial decret 716\/2009, en el seu article 10, estableix que quan un habitatge est\u00e0 hipotecat, \u00e9s compulsori comptar com a m\u00ednim amb una p\u00f2lissa que asseguri el continent \u2014\u00e9s a dir, l&#8217;estructura de l&#8217;immoble, incloent-hi parets, sostres i s\u00f2l\u2014. Aix\u00f2 es deu al fet que l&#8217;immoble constitueix la garantia del pr\u00e9stec hipotecari, i el segur protegeix tant el prestador com al propietari enfront de possibles danys que puguin depreciar el b\u00e9.<\/p>\n<p>La llei hipotec\u00e0ria i la Llei Reguladora dels Contractes de Cr\u00e8dit Immobiliari (Llei 5\/2019) ratifiquen aquesta imposici\u00f3 per a habitatges amb hipoteca, precisant que la contractaci\u00f3 d&#8217;aquesta p\u00f2lissa ha de mantenir-se durant tota la vida del pr\u00e9stec. No obstant aix\u00f2, el propietari pot triar l&#8217;asseguradora: no existeix un requisit legal que obligui a contractar l&#8217;asseguran\u00e7a amb la mateixa entitat financera que concedeix la hipoteca.<\/p>\n\t\t\t\t\t\t\t\t<\/div>\n\t\t\t\t<div class=\"elementor-element elementor-element-eb6a695 elementor-widget elementor-widget-text-editor\" data-id=\"eb6a695\" data-element_type=\"widget\" data-e-type=\"widget\" data-widget_type=\"text-editor.default\">\n\t\t\t\t\t\t\t\t\t<h2>Situaci\u00f3 per a habitatges sense hipoteca<\/h2>\n\t\t\t\t\t\t\t\t<\/div>\n\t\t\t\t<div class=\"elementor-element elementor-element-75c385b elementor-widget elementor-widget-text-editor\" data-id=\"75c385b\" data-element_type=\"widget\" data-e-type=\"widget\" data-widget_type=\"text-editor.default\">\n\t\t\t\t\t\t\t\t\t<p>Per a habitatges sense vincle hipotecari, la legislaci\u00f3 catalana i espanyola no estableix l&#8217;obligatorietat de contractar una asseguran\u00e7a de llar. En aquests casos, la contractaci\u00f3 \u00e9s volunt\u00e0ria i queda a criteri del propietari o de la comunitat de propietaris. Per tant, des d&#8217;un punt de vista estrictament legal, no \u00e9s una obligaci\u00f3 disposar d&#8217;una asseguran\u00e7a que cobreixi l&#8217;immoble o el contingut.<\/p>\n\t\t\t\t\t\t\t\t<\/div>\n\t\t\t\t<div class=\"elementor-element elementor-element-23a1c70 elementor-widget elementor-widget-text-editor\" data-id=\"23a1c70\" data-element_type=\"widget\" data-e-type=\"widget\" data-widget_type=\"text-editor.default\">\n\t\t\t\t\t\t\t\t\t<h2>Assegurances en comunitats de propietaris a Barcelona<\/h2>\n\t\t\t\t\t\t\t\t<\/div>\n\t\t\t\t<div class=\"elementor-element elementor-element-e54530d elementor-widget elementor-widget-text-editor\" data-id=\"e54530d\" data-element_type=\"widget\" data-e-type=\"widget\" data-widget_type=\"text-editor.default\">\n\t\t\t\t\t\t\t\t\t<p>Quant a les comunitats de propietaris, la Llei de Propietat Horitzontal regula la conviv\u00e8ncia i administraci\u00f3 d&#8217;immobles urbans dividits en propietat fraccionada, com ocorre a Barcelona. Aquesta llei no exigeix de manera expressa la contractaci\u00f3 d&#8217;un segur multirisc per a l&#8217;edifici o les zones comunes. La p\u00f2lissa de responsabilitat civil que cobreix danys a tercers en les \u00e0rees comunes \u00e9s la m\u00e9s estesa, encara que la seva obligatorietat formal dep\u00e8n de l&#8217;acord en la junta de propietaris.<\/p>\n\t\t\t\t\t\t\t\t<\/div>\n\t\t\t\t<div class=\"elementor-element elementor-element-6df7c95 elementor-widget elementor-widget-text-editor\" data-id=\"6df7c95\" data-element_type=\"widget\" data-e-type=\"widget\" data-widget_type=\"text-editor.default\">\n\t\t\t\t\t\t\t\t\t<h2>Normatives auton\u00f2miques i locals<\/h2>\n\t\t\t\t\t\t\t\t<\/div>\n\t\t\t\t<div class=\"elementor-element elementor-element-b6c3a27 elementor-widget elementor-widget-text-editor\" data-id=\"b6c3a27\" data-element_type=\"widget\" data-e-type=\"widget\" data-widget_type=\"text-editor.default\">\n\t\t\t\t\t\t\t\t\t<p>A Catalunya, no existeixen lleis que obliguin espec\u00edficament a contractar una asseguran\u00e7a de llar excepte en els casos d&#8217;hipoteques. No obstant aix\u00f2, \u00e9s com\u00fa que les comunitats de propietaris acordin la contractaci\u00f3 d&#8217;assegurances per a protegir l&#8217;immoble en conjunt, la qual cosa pot repercutir en cada propietari a trav\u00e9s de les quotes comunit\u00e0ries.<\/p>\n\t\t\t\t\t\t\t\t<\/div>\n\t\t\t\t<div class=\"elementor-element elementor-element-270657f elementor-widget elementor-widget-text-editor\" data-id=\"270657f\" data-element_type=\"widget\" data-e-type=\"widget\" data-widget_type=\"text-editor.default\">\n\t\t\t\t\t\t\t\t\t<h2>Altres aspectes formals per a contractar una asseguran\u00e7a<\/h2>\n\t\t\t\t\t\t\t\t<\/div>\n\t\t\t\t<div class=\"elementor-element elementor-element-c28522a elementor-widget elementor-widget-text-editor\" data-id=\"c28522a\" data-element_type=\"widget\" data-e-type=\"widget\" data-widget_type=\"text-editor.default\">\n\t\t\t\t\t\t\t\t\t<p>Perqu\u00e8 una asseguran\u00e7a de llar sigui v\u00e0lid, l&#8217;habitatge ha de comptar amb la c\u00e8dula d&#8217;habitabilitat que garanteixi que es compleixen les condicions b\u00e0siques per a ser habitada. A m\u00e9s, per a l&#8217;assegurabilitat, les companyies valoren caracter\u00edstiques constructives de l&#8217;habitatge, com a materials i antiguitat.<\/p>\n\t\t\t\t\t\t\t\t<\/div>\n\t\t\t\t<div class=\"elementor-element elementor-element-1de98d8 elementor-widget elementor-widget-text-editor\" data-id=\"1de98d8\" data-element_type=\"widget\" data-e-type=\"widget\" data-widget_type=\"text-editor.default\">\n\t\t\t\t\t\t\t\t\t<h2>Conclusi\u00f3<\/h2>\n\t\t\t\t\t\t\t\t<\/div>\n\t\t\t\t<div class=\"elementor-element elementor-element-1e500a6 elementor-widget elementor-widget-text-editor\" data-id=\"1e500a6\" data-element_type=\"widget\" data-e-type=\"widget\" data-widget_type=\"text-editor.default\">\n\t\t\t\t\t\t\t\t\t<p>En resum, a Barcelona i Catalunya, la contractaci\u00f3 de l&#8217;asseguran\u00e7a de llar no \u00e9s una obligaci\u00f3 generalitzada per a tots els habitatges. \u00c9s obligat\u00f2ria \u00fanicament quan existeix un pr\u00e9stec hipotecari, per a emparar el continent de l&#8217;immoble, conforme a la normativa estatal i europea. En abs\u00e8ncia d&#8217;hipoteca, ni la legislaci\u00f3 auton\u00f2mica ni la municipal imposen aquesta obligaci\u00f3, encara que la contractaci\u00f3 sol ser recomanada per raons de protecci\u00f3 patrimonial. Per part seva, en l&#8217;\u00e0mbit comunitari, l&#8217;asseguran\u00e7a per a la comunitat pot ser acordat pels propietaris, mes no \u00e9s estrictament obligatori per llei.<\/p>\n<p>Aquesta an\u00e0lisi basada en la legislaci\u00f3 vigent ofereix un marc imparcial i sense consells personals, perqu\u00e8 els propietaris i compradors puguin comprendre la situaci\u00f3 legal en mat\u00e8ria d&#8217;assegurances en adquirir un habitatge a Barcelona i prendre decisions informades.<\/p>\n<p>Si es desitja major assessorament adaptat a circumst\u00e0ncies espec\u00edfiques, resulta recomanable contactar amb professionals especialitzats en administraci\u00f3 de finques i assegurances immobili\u00e0ries. AdHern\u00e1ndez, empresa amb experi\u00e8ncia en administraci\u00f3 de finques a Barcelona, pot oferir suport professional en aquesta mat\u00e8ria.<\/p>\n\t\t\t\t\t\t\t\t<\/div>\n\t\t\t\t\t<\/div>\n\t\t<\/div>\n\t\t\t\t\t<\/div>\n\t\t<\/section>\n\t\t\t\t<\/div>\n\t\t","protected":false},"excerpt":{"rendered":"<p>Coneix si \u00e9s obligatori contractar una asseguran\u00e7a de llar en comprar un habitatge a Barcelona i quines cobertures poden exigir-te.<\/p>\n","protected":false},"author":6,"featured_media":32430,"comment_status":"closed","ping_status":"closed","sticky":false,"template":"","format":"standard","meta":{"footnotes":""},"categories":[365],"tags":[],"class_list":["post-32176","post","type-post","status-publish","format-standard","has-post-thumbnail","hentry","category-propiedad-horizontal-ca"],"yoast_head":"<!-- This site is optimized with the Yoast SEO plugin v27.4 - https:\/\/yoast.com\/product\/yoast-seo-wordpress\/ -->\n<title>\u00c9s obligatori l&#039;asseguran\u00e7a de la llar en comprar un habitatge a Barcelona? - Administraciones Hern\u00e1ndez<\/title>\n<meta name=\"description\" content=\"Coneix si \u00e9s obligatori contractar una asseguran\u00e7a de llar en comprar un habitatge a Barcelona i quines cobertures poden exigir-te.\" \/>\n<meta name=\"robots\" content=\"index, follow, max-snippet:-1, max-image-preview:large, max-video-preview:-1\" \/>\n<link rel=\"canonical\" href=\"https:\/\/adhernandez.com\/ca\/2025\/10\/21\/es-obligatori-lasseguranca-de-la-llar-en-comprar-un-habitatge-a-barcelona\/\" \/>\n<meta property=\"og:locale\" content=\"ca_ES\" \/>\n<meta property=\"og:type\" content=\"article\" \/>\n<meta property=\"og:title\" content=\"\u00c9s obligatori l&#039;asseguran\u00e7a de la llar en comprar un habitatge a Barcelona? - Administraciones Hern\u00e1ndez\" \/>\n<meta property=\"og:description\" content=\"Coneix si \u00e9s obligatori contractar una asseguran\u00e7a de llar en comprar un habitatge a Barcelona i quines cobertures poden exigir-te.\" \/>\n<meta property=\"og:url\" content=\"https:\/\/adhernandez.com\/ca\/2025\/10\/21\/es-obligatori-lasseguranca-de-la-llar-en-comprar-un-habitatge-a-barcelona\/\" \/>\n<meta property=\"og:site_name\" content=\"Administraciones Hern\u00e1ndez\" \/>\n<meta property=\"article:published_time\" content=\"2025-10-21T10:33:32+00:00\" \/>\n<meta property=\"og:image\" content=\"https:\/\/adhernandez.com\/wp-content\/uploads\/2025\/10\/seguros-casa.jpg\" \/>\n\t<meta property=\"og:image:width\" content=\"800\" \/>\n\t<meta property=\"og:image:height\" content=\"450\" \/>\n\t<meta property=\"og:image:type\" content=\"image\/jpeg\" \/>\n<meta name=\"author\" content=\"AdHern\u00e1ndez\" \/>\n<meta name=\"twitter:card\" content=\"summary_large_image\" \/>\n<meta name=\"twitter:label1\" content=\"Escrit per\" \/>\n\t<meta name=\"twitter:data1\" content=\"AdHern\u00e1ndez\" \/>\n\t<meta name=\"twitter:label2\" content=\"Temps estimat de lectura\" \/>\n\t<meta name=\"twitter:data2\" content=\"4 minuts\" \/>\n<script type=\"application\/ld+json\" class=\"yoast-schema-graph\">{\"@context\":\"https:\\\/\\\/schema.org\",\"@graph\":[{\"@type\":\"Article\",\"@id\":\"https:\\\/\\\/adhernandez.com\\\/ca\\\/2025\\\/10\\\/21\\\/es-obligatori-lasseguranca-de-la-llar-en-comprar-un-habitatge-a-barcelona\\\/#article\",\"isPartOf\":{\"@id\":\"https:\\\/\\\/adhernandez.com\\\/ca\\\/2025\\\/10\\\/21\\\/es-obligatori-lasseguranca-de-la-llar-en-comprar-un-habitatge-a-barcelona\\\/\"},\"author\":{\"name\":\"AdHern\u00e1ndez\",\"@id\":\"https:\\\/\\\/adhernandez.com\\\/ca\\\/#\\\/schema\\\/person\\\/330b9c8828ff3a80ee8053b5fff0e848\"},\"headline\":\"\u00c9s obligatori l&#8217;asseguran\u00e7a de la llar en comprar un habitatge a Barcelona?\",\"datePublished\":\"2025-10-21T10:33:32+00:00\",\"mainEntityOfPage\":{\"@id\":\"https:\\\/\\\/adhernandez.com\\\/ca\\\/2025\\\/10\\\/21\\\/es-obligatori-lasseguranca-de-la-llar-en-comprar-un-habitatge-a-barcelona\\\/\"},\"wordCount\":731,\"image\":{\"@id\":\"https:\\\/\\\/adhernandez.com\\\/ca\\\/2025\\\/10\\\/21\\\/es-obligatori-lasseguranca-de-la-llar-en-comprar-un-habitatge-a-barcelona\\\/#primaryimage\"},\"thumbnailUrl\":\"https:\\\/\\\/adhernandez.com\\\/wp-content\\\/uploads\\\/2025\\\/11\\\/seguros-casa.webp\",\"articleSection\":[\"Propiedad Horizontal\"],\"inLanguage\":\"ca\"},{\"@type\":\"WebPage\",\"@id\":\"https:\\\/\\\/adhernandez.com\\\/ca\\\/2025\\\/10\\\/21\\\/es-obligatori-lasseguranca-de-la-llar-en-comprar-un-habitatge-a-barcelona\\\/\",\"url\":\"https:\\\/\\\/adhernandez.com\\\/ca\\\/2025\\\/10\\\/21\\\/es-obligatori-lasseguranca-de-la-llar-en-comprar-un-habitatge-a-barcelona\\\/\",\"name\":\"\u00c9s obligatori l'asseguran\u00e7a de la llar en comprar un habitatge a Barcelona? - Administraciones Hern\u00e1ndez\",\"isPartOf\":{\"@id\":\"https:\\\/\\\/adhernandez.com\\\/ca\\\/#website\"},\"primaryImageOfPage\":{\"@id\":\"https:\\\/\\\/adhernandez.com\\\/ca\\\/2025\\\/10\\\/21\\\/es-obligatori-lasseguranca-de-la-llar-en-comprar-un-habitatge-a-barcelona\\\/#primaryimage\"},\"image\":{\"@id\":\"https:\\\/\\\/adhernandez.com\\\/ca\\\/2025\\\/10\\\/21\\\/es-obligatori-lasseguranca-de-la-llar-en-comprar-un-habitatge-a-barcelona\\\/#primaryimage\"},\"thumbnailUrl\":\"https:\\\/\\\/adhernandez.com\\\/wp-content\\\/uploads\\\/2025\\\/11\\\/seguros-casa.webp\",\"datePublished\":\"2025-10-21T10:33:32+00:00\",\"author\":{\"@id\":\"https:\\\/\\\/adhernandez.com\\\/ca\\\/#\\\/schema\\\/person\\\/330b9c8828ff3a80ee8053b5fff0e848\"},\"description\":\"Coneix si \u00e9s obligatori contractar una asseguran\u00e7a de llar en comprar un habitatge a Barcelona i quines cobertures poden exigir-te.\",\"breadcrumb\":{\"@id\":\"https:\\\/\\\/adhernandez.com\\\/ca\\\/2025\\\/10\\\/21\\\/es-obligatori-lasseguranca-de-la-llar-en-comprar-un-habitatge-a-barcelona\\\/#breadcrumb\"},\"inLanguage\":\"ca\",\"potentialAction\":[{\"@type\":\"ReadAction\",\"target\":[\"https:\\\/\\\/adhernandez.com\\\/ca\\\/2025\\\/10\\\/21\\\/es-obligatori-lasseguranca-de-la-llar-en-comprar-un-habitatge-a-barcelona\\\/\"]}]},{\"@type\":\"ImageObject\",\"inLanguage\":\"ca\",\"@id\":\"https:\\\/\\\/adhernandez.com\\\/ca\\\/2025\\\/10\\\/21\\\/es-obligatori-lasseguranca-de-la-llar-en-comprar-un-habitatge-a-barcelona\\\/#primaryimage\",\"url\":\"https:\\\/\\\/adhernandez.com\\\/wp-content\\\/uploads\\\/2025\\\/11\\\/seguros-casa.webp\",\"contentUrl\":\"https:\\\/\\\/adhernandez.com\\\/wp-content\\\/uploads\\\/2025\\\/11\\\/seguros-casa.webp\",\"width\":800,\"height\":450},{\"@type\":\"BreadcrumbList\",\"@id\":\"https:\\\/\\\/adhernandez.com\\\/ca\\\/2025\\\/10\\\/21\\\/es-obligatori-lasseguranca-de-la-llar-en-comprar-un-habitatge-a-barcelona\\\/#breadcrumb\",\"itemListElement\":[{\"@type\":\"ListItem\",\"position\":1,\"name\":\"Portada\",\"item\":\"https:\\\/\\\/adhernandez.com\\\/ca\\\/adhernandez-inicio\\\/\"},{\"@type\":\"ListItem\",\"position\":2,\"name\":\"\u00c9s obligatori l&#8217;asseguran\u00e7a de la llar en comprar un habitatge a Barcelona?\"}]},{\"@type\":\"WebSite\",\"@id\":\"https:\\\/\\\/adhernandez.com\\\/ca\\\/#website\",\"url\":\"https:\\\/\\\/adhernandez.com\\\/ca\\\/\",\"name\":\"Administraciones Hern\u00e1ndez\",\"description\":\"Equipo de profesionales con amplia experiencia en la gesti\u00f3n del patrimonio inmobiliario\",\"potentialAction\":[{\"@type\":\"SearchAction\",\"target\":{\"@type\":\"EntryPoint\",\"urlTemplate\":\"https:\\\/\\\/adhernandez.com\\\/ca\\\/?s={search_term_string}\"},\"query-input\":{\"@type\":\"PropertyValueSpecification\",\"valueRequired\":true,\"valueName\":\"search_term_string\"}}],\"inLanguage\":\"ca\"},{\"@type\":\"Person\",\"@id\":\"https:\\\/\\\/adhernandez.com\\\/ca\\\/#\\\/schema\\\/person\\\/330b9c8828ff3a80ee8053b5fff0e848\",\"name\":\"AdHern\u00e1ndez\",\"image\":{\"@type\":\"ImageObject\",\"inLanguage\":\"ca\",\"@id\":\"https:\\\/\\\/adhernandez.com\\\/wp-content\\\/litespeed\\\/avatar\\\/6b84e2484050905299b010a711cff345.jpg?ver=1777323059\",\"url\":\"https:\\\/\\\/adhernandez.com\\\/wp-content\\\/litespeed\\\/avatar\\\/6b84e2484050905299b010a711cff345.jpg?ver=1777323059\",\"contentUrl\":\"https:\\\/\\\/adhernandez.com\\\/wp-content\\\/litespeed\\\/avatar\\\/6b84e2484050905299b010a711cff345.jpg?ver=1777323059\",\"caption\":\"AdHern\u00e1ndez\"},\"url\":\"https:\\\/\\\/adhernandez.com\\\/ca\\\/author\\\/veronica\\\/\"}]}<\/script>\n<!-- \/ Yoast SEO plugin. -->","yoast_head_json":{"title":"\u00c9s obligatori l'asseguran\u00e7a de la llar en comprar un habitatge a Barcelona? - Administraciones Hern\u00e1ndez","description":"Coneix si \u00e9s obligatori contractar una asseguran\u00e7a de llar en comprar un habitatge a Barcelona i quines cobertures poden exigir-te.","robots":{"index":"index","follow":"follow","max-snippet":"max-snippet:-1","max-image-preview":"max-image-preview:large","max-video-preview":"max-video-preview:-1"},"canonical":"https:\/\/adhernandez.com\/ca\/2025\/10\/21\/es-obligatori-lasseguranca-de-la-llar-en-comprar-un-habitatge-a-barcelona\/","og_locale":"ca_ES","og_type":"article","og_title":"\u00c9s obligatori l'asseguran\u00e7a de la llar en comprar un habitatge a Barcelona? - Administraciones Hern\u00e1ndez","og_description":"Coneix si \u00e9s obligatori contractar una asseguran\u00e7a de llar en comprar un habitatge a Barcelona i quines cobertures poden exigir-te.","og_url":"https:\/\/adhernandez.com\/ca\/2025\/10\/21\/es-obligatori-lasseguranca-de-la-llar-en-comprar-un-habitatge-a-barcelona\/","og_site_name":"Administraciones Hern\u00e1ndez","article_published_time":"2025-10-21T10:33:32+00:00","og_image":[{"width":800,"height":450,"url":"https:\/\/adhernandez.com\/wp-content\/uploads\/2025\/10\/seguros-casa.jpg","type":"image\/jpeg"}],"author":"AdHern\u00e1ndez","twitter_card":"summary_large_image","twitter_misc":{"Escrit per":"AdHern\u00e1ndez","Temps estimat de lectura":"4 minuts"},"schema":{"@context":"https:\/\/schema.org","@graph":[{"@type":"Article","@id":"https:\/\/adhernandez.com\/ca\/2025\/10\/21\/es-obligatori-lasseguranca-de-la-llar-en-comprar-un-habitatge-a-barcelona\/#article","isPartOf":{"@id":"https:\/\/adhernandez.com\/ca\/2025\/10\/21\/es-obligatori-lasseguranca-de-la-llar-en-comprar-un-habitatge-a-barcelona\/"},"author":{"name":"AdHern\u00e1ndez","@id":"https:\/\/adhernandez.com\/ca\/#\/schema\/person\/330b9c8828ff3a80ee8053b5fff0e848"},"headline":"\u00c9s obligatori l&#8217;asseguran\u00e7a de la llar en comprar un habitatge a Barcelona?","datePublished":"2025-10-21T10:33:32+00:00","mainEntityOfPage":{"@id":"https:\/\/adhernandez.com\/ca\/2025\/10\/21\/es-obligatori-lasseguranca-de-la-llar-en-comprar-un-habitatge-a-barcelona\/"},"wordCount":731,"image":{"@id":"https:\/\/adhernandez.com\/ca\/2025\/10\/21\/es-obligatori-lasseguranca-de-la-llar-en-comprar-un-habitatge-a-barcelona\/#primaryimage"},"thumbnailUrl":"https:\/\/adhernandez.com\/wp-content\/uploads\/2025\/11\/seguros-casa.webp","articleSection":["Propiedad Horizontal"],"inLanguage":"ca"},{"@type":"WebPage","@id":"https:\/\/adhernandez.com\/ca\/2025\/10\/21\/es-obligatori-lasseguranca-de-la-llar-en-comprar-un-habitatge-a-barcelona\/","url":"https:\/\/adhernandez.com\/ca\/2025\/10\/21\/es-obligatori-lasseguranca-de-la-llar-en-comprar-un-habitatge-a-barcelona\/","name":"\u00c9s obligatori l'asseguran\u00e7a de la llar en comprar un habitatge a Barcelona? - Administraciones Hern\u00e1ndez","isPartOf":{"@id":"https:\/\/adhernandez.com\/ca\/#website"},"primaryImageOfPage":{"@id":"https:\/\/adhernandez.com\/ca\/2025\/10\/21\/es-obligatori-lasseguranca-de-la-llar-en-comprar-un-habitatge-a-barcelona\/#primaryimage"},"image":{"@id":"https:\/\/adhernandez.com\/ca\/2025\/10\/21\/es-obligatori-lasseguranca-de-la-llar-en-comprar-un-habitatge-a-barcelona\/#primaryimage"},"thumbnailUrl":"https:\/\/adhernandez.com\/wp-content\/uploads\/2025\/11\/seguros-casa.webp","datePublished":"2025-10-21T10:33:32+00:00","author":{"@id":"https:\/\/adhernandez.com\/ca\/#\/schema\/person\/330b9c8828ff3a80ee8053b5fff0e848"},"description":"Coneix si \u00e9s obligatori contractar una asseguran\u00e7a de llar en comprar un habitatge a Barcelona i quines cobertures poden exigir-te.","breadcrumb":{"@id":"https:\/\/adhernandez.com\/ca\/2025\/10\/21\/es-obligatori-lasseguranca-de-la-llar-en-comprar-un-habitatge-a-barcelona\/#breadcrumb"},"inLanguage":"ca","potentialAction":[{"@type":"ReadAction","target":["https:\/\/adhernandez.com\/ca\/2025\/10\/21\/es-obligatori-lasseguranca-de-la-llar-en-comprar-un-habitatge-a-barcelona\/"]}]},{"@type":"ImageObject","inLanguage":"ca","@id":"https:\/\/adhernandez.com\/ca\/2025\/10\/21\/es-obligatori-lasseguranca-de-la-llar-en-comprar-un-habitatge-a-barcelona\/#primaryimage","url":"https:\/\/adhernandez.com\/wp-content\/uploads\/2025\/11\/seguros-casa.webp","contentUrl":"https:\/\/adhernandez.com\/wp-content\/uploads\/2025\/11\/seguros-casa.webp","width":800,"height":450},{"@type":"BreadcrumbList","@id":"https:\/\/adhernandez.com\/ca\/2025\/10\/21\/es-obligatori-lasseguranca-de-la-llar-en-comprar-un-habitatge-a-barcelona\/#breadcrumb","itemListElement":[{"@type":"ListItem","position":1,"name":"Portada","item":"https:\/\/adhernandez.com\/ca\/adhernandez-inicio\/"},{"@type":"ListItem","position":2,"name":"\u00c9s obligatori l&#8217;asseguran\u00e7a de la llar en comprar un habitatge a Barcelona?"}]},{"@type":"WebSite","@id":"https:\/\/adhernandez.com\/ca\/#website","url":"https:\/\/adhernandez.com\/ca\/","name":"Administraciones Hern\u00e1ndez","description":"Equipo de profesionales con amplia experiencia en la gesti\u00f3n del patrimonio inmobiliario","potentialAction":[{"@type":"SearchAction","target":{"@type":"EntryPoint","urlTemplate":"https:\/\/adhernandez.com\/ca\/?s={search_term_string}"},"query-input":{"@type":"PropertyValueSpecification","valueRequired":true,"valueName":"search_term_string"}}],"inLanguage":"ca"},{"@type":"Person","@id":"https:\/\/adhernandez.com\/ca\/#\/schema\/person\/330b9c8828ff3a80ee8053b5fff0e848","name":"AdHern\u00e1ndez","image":{"@type":"ImageObject","inLanguage":"ca","@id":"https:\/\/adhernandez.com\/wp-content\/litespeed\/avatar\/6b84e2484050905299b010a711cff345.jpg?ver=1777323059","url":"https:\/\/adhernandez.com\/wp-content\/litespeed\/avatar\/6b84e2484050905299b010a711cff345.jpg?ver=1777323059","contentUrl":"https:\/\/adhernandez.com\/wp-content\/litespeed\/avatar\/6b84e2484050905299b010a711cff345.jpg?ver=1777323059","caption":"AdHern\u00e1ndez"},"url":"https:\/\/adhernandez.com\/ca\/author\/veronica\/"}]}},"_links":{"self":[{"href":"https:\/\/adhernandez.com\/ca\/wp-json\/wp\/v2\/posts\/32176","targetHints":{"allow":["GET"]}}],"collection":[{"href":"https:\/\/adhernandez.com\/ca\/wp-json\/wp\/v2\/posts"}],"about":[{"href":"https:\/\/adhernandez.com\/ca\/wp-json\/wp\/v2\/types\/post"}],"author":[{"embeddable":true,"href":"https:\/\/adhernandez.com\/ca\/wp-json\/wp\/v2\/users\/6"}],"replies":[{"embeddable":true,"href":"https:\/\/adhernandez.com\/ca\/wp-json\/wp\/v2\/comments?post=32176"}],"version-history":[{"count":3,"href":"https:\/\/adhernandez.com\/ca\/wp-json\/wp\/v2\/posts\/32176\/revisions"}],"predecessor-version":[{"id":32179,"href":"https:\/\/adhernandez.com\/ca\/wp-json\/wp\/v2\/posts\/32176\/revisions\/32179"}],"wp:featuredmedia":[{"embeddable":true,"href":"https:\/\/adhernandez.com\/ca\/wp-json\/wp\/v2\/media\/32430"}],"wp:attachment":[{"href":"https:\/\/adhernandez.com\/ca\/wp-json\/wp\/v2\/media?parent=32176"}],"wp:term":[{"taxonomy":"category","embeddable":true,"href":"https:\/\/adhernandez.com\/ca\/wp-json\/wp\/v2\/categories?post=32176"},{"taxonomy":"post_tag","embeddable":true,"href":"https:\/\/adhernandez.com\/ca\/wp-json\/wp\/v2\/tags?post=32176"}],"curies":[{"name":"wp","href":"https:\/\/api.w.org\/{rel}","templated":true}]}}