{"id":32099,"date":"2025-09-17T14:30:26","date_gmt":"2025-09-17T14:30:26","guid":{"rendered":"https:\/\/adhernandez.com\/2025\/09\/17\/es-poden-construir-o-tancar-balcons-en-comunitats-de-veins-normativa-i-permisos-necessaris\/"},"modified":"2025-09-17T14:30:27","modified_gmt":"2025-09-17T14:30:27","slug":"es-poden-construir-o-tancar-balcons-en-comunitats-de-veins-normativa-i-permisos-necessaris","status":"publish","type":"post","link":"https:\/\/adhernandez.com\/ca\/2025\/09\/17\/es-poden-construir-o-tancar-balcons-en-comunitats-de-veins-normativa-i-permisos-necessaris\/","title":{"rendered":"Es poden construir o tancar balcons en comunitats de ve\u00efns? Normativa i permisos necessaris"},"content":{"rendered":"\t\t<div data-elementor-type=\"wp-post\" data-elementor-id=\"32099\" class=\"elementor elementor-32099 elementor-32082\">\n\t\t\t\t\t\t<section class=\"elementor-section elementor-top-section elementor-element elementor-element-19f8681 elementor-section-boxed elementor-section-height-default elementor-section-height-default\" data-id=\"19f8681\" data-element_type=\"section\" data-e-type=\"section\">\n\t\t\t\t\t\t<div class=\"elementor-container elementor-column-gap-default\">\n\t\t\t\t\t<div class=\"elementor-column elementor-col-100 elementor-top-column elementor-element elementor-element-6414905\" data-id=\"6414905\" data-element_type=\"column\" data-e-type=\"column\">\n\t\t\t<div class=\"elementor-widget-wrap elementor-element-populated\">\n\t\t\t\t\t\t<div class=\"elementor-element elementor-element-93cfafd elementor-widget elementor-widget-text-editor\" data-id=\"93cfafd\" data-element_type=\"widget\" data-e-type=\"widget\" data-widget_type=\"text-editor.default\">\n\t\t\t\t\t\t\t\t\tEn les comunitats de propietaris situades a Barcelona, la pr\u00e0ctica de construir o tancar balcons est\u00e0 rigorosament regulada per un conjunt de normatives auton\u00f2miques i municipals que tenen com a objectiu mantenir l&#8217;harmonia urban\u00edstica, la seguretat de l&#8217;edifici i el respecte als drets dels ve\u00efns. La capacitat per a dur a terme aquestes modificacions no dep\u00e8n nom\u00e9s de la voluntat individual, sin\u00f3 que requereix complir amb una s\u00e8rie de requisits legals i administratius, establint un proc\u00e9s reglamentat que ha de ser seguit al peu de la lletra per a evitar conflictes o sancions.\t\t\t\t\t\t\t\t<\/div>\n\t\t\t\t<div class=\"elementor-element elementor-element-eea0e23 elementor-widget elementor-widget-text-editor\" data-id=\"eea0e23\" data-element_type=\"widget\" data-e-type=\"widget\" data-widget_type=\"text-editor.default\">\n\t\t\t\t\t\t\t\t\t<h2>Marc legal aplicable a Barcelona<\/h2>\n\t\t\t\t\t\t\t\t<\/div>\n\t\t\t\t<div class=\"elementor-element elementor-element-38ab788 elementor-widget elementor-widget-text-editor\" data-id=\"38ab788\" data-element_type=\"widget\" data-e-type=\"widget\" data-widget_type=\"text-editor.default\">\n\t\t\t\t\t\t\t\t\t<p>En l&#8217;\u00e0mbit concret de Barcelona, la regulaci\u00f3 se sustenta principalment en el Pla General Metropolit\u00e0 (PGM), l&#8217;Ordenan\u00e7a Municipal d&#8217;Edificaci\u00f3 i el Codi T\u00e8cnic de l&#8217;Edificaci\u00f3 (CTE). Aquestes normatives estableixen criteris t\u00e8cnics, est\u00e8tics i de seguretat que qualsevol intervenci\u00f3 que alteri la fa\u00e7ana, com el tancament o construcci\u00f3 de balcons, ha de respectar. D&#8217;altra banda, la Llei de Propietat Horitzontal (LPH) regula la conviv\u00e8ncia i els acords entre ve\u00efns, fent indispensable l&#8217;aprovaci\u00f3 de la comunitat per a qualsevol obra que modifiqui elements comuns, entre els quals s&#8217;inclouen les fa\u00e7anes i els balcons.<\/p>\n\t\t\t\t\t\t\t\t<\/div>\n\t\t\t\t<div class=\"elementor-element elementor-element-5d02188 elementor-widget elementor-widget-image\" data-id=\"5d02188\" data-element_type=\"widget\" data-e-type=\"widget\" data-widget_type=\"image.default\">\n\t\t\t\t\t\t\t\t\t\t\t\t\t\t\t<img fetchpriority=\"high\" decoding=\"async\" width=\"800\" height=\"450\" src=\"https:\/\/adhernandez.com\/wp-content\/uploads\/2025\/09\/balcones-en-comunicad-vecinos2.jpg\" class=\"attachment-large size-large wp-image-32091\" alt=\"balcones en comunicad vecinos\" srcset=\"https:\/\/adhernandez.com\/wp-content\/uploads\/2025\/09\/balcones-en-comunicad-vecinos2.jpg 800w, https:\/\/adhernandez.com\/wp-content\/uploads\/2025\/09\/balcones-en-comunicad-vecinos2-300x169.jpg 300w, https:\/\/adhernandez.com\/wp-content\/uploads\/2025\/09\/balcones-en-comunicad-vecinos2-768x432.jpg 768w, https:\/\/adhernandez.com\/wp-content\/uploads\/2025\/09\/balcones-en-comunicad-vecinos2-496x279.jpg 496w\" sizes=\"(max-width: 800px) 100vw, 800px\" \/>\t\t\t\t\t\t\t\t\t\t\t\t\t\t\t<\/div>\n\t\t\t\t<div class=\"elementor-element elementor-element-1cce1f9 elementor-widget elementor-widget-text-editor\" data-id=\"1cce1f9\" data-element_type=\"widget\" data-e-type=\"widget\" data-widget_type=\"text-editor.default\">\n\t\t\t\t\t\t\t\t\t<h2>Aprovaci\u00f3 de la comunitat de propietaris<\/h2>\n\t\t\t\t\t\t\t\t<\/div>\n\t\t\t\t<div class=\"elementor-element elementor-element-dea4d9f elementor-widget elementor-widget-text-editor\" data-id=\"dea4d9f\" data-element_type=\"widget\" data-e-type=\"widget\" data-widget_type=\"text-editor.default\">\n\t\t\t\t\t\t\t\t\tSegons la Llei de Propietat Horitzontal, qualsevol tancament o construcci\u00f3 en balcons, considerada una obra de millora i no una reparaci\u00f3 necess\u00e0ria, requereix l&#8217;aprovaci\u00f3 per unanimitat en la junta de propietaris. Aix\u00f2 significa que la negativa d&#8217;un solo propietari impedeix la realitzaci\u00f3 de l&#8217;obra. En cas d&#8217;execuci\u00f3 sense consentiment, els afectats tenen la possibilitat de reclamar la demolici\u00f3 del tancament a trav\u00e9s de vies legals. A vegades, si els estatuts de la comunitat contenen disposicions espec\u00edfiques que permeten aquestes modificacions, poden atorgar perm\u00eds sense necessitat de consens total; no obstant aix\u00f2, aquesta situaci\u00f3 \u00e9s poc freq\u00fcent.\t\t\t\t\t\t\t\t<\/div>\n\t\t\t\t<div class=\"elementor-element elementor-element-ce9c661 elementor-widget elementor-widget-text-editor\" data-id=\"ce9c661\" data-element_type=\"widget\" data-e-type=\"widget\" data-widget_type=\"text-editor.default\">\n\t\t\t\t\t\t\t\t\t<h2>Permisos municipals i ordenan\u00e7a de fa\u00e7anes<\/h2>\n\t\t\t\t\t\t\t\t<\/div>\n\t\t\t\t<div class=\"elementor-element elementor-element-30a0264 elementor-widget elementor-widget-text-editor\" data-id=\"30a0264\" data-element_type=\"widget\" data-e-type=\"widget\" data-widget_type=\"text-editor.default\">\n\t\t\t\t\t\t\t\t\t<p>M\u00e9s enll\u00e0 de l&#8217;acord ve\u00efnal, \u00e9s imprescindible obtenir la llic\u00e8ncia urban\u00edstica corresponent de l&#8217;Ajuntament de Barcelona. La modificaci\u00f3 de la fa\u00e7ana mitjan\u00e7ant el tancament de balcons altera l&#8217;aspecte exterior de l&#8217;edifici i, per tant, est\u00e0 subjecta a la normativa municipal, que a Barcelona sol ser estricta en la preservaci\u00f3 de l&#8217;est\u00e8tica urbana i l&#8217;harmonitzaci\u00f3 est\u00e8tica dels barris i edificis. L&#8217;anomenada Llei de Fa\u00e7anes contempla que les alteracions visibles requereixen consentiment expr\u00e9s, i la falta de perm\u00eds pot implicar sancions que van des de multes econ\u00f2miques fins a l&#8217;ordre de retirada de les obres realitzades.<\/p>\n\t\t\t\t\t\t\t\t<\/div>\n\t\t\t\t<div class=\"elementor-element elementor-element-1ee579c elementor-widget elementor-widget-text-editor\" data-id=\"1ee579c\" data-element_type=\"widget\" data-e-type=\"widget\" data-widget_type=\"text-editor.default\">\n\t\t\t\t\t\t\t\t\t<h2>Impacto y responsabilidad en la comunidad<\/h2>\n\t\t\t\t\t\t\t\t<\/div>\n\t\t\t\t\t<\/div>\n\t\t<\/div>\n\t\t\t\t\t<\/div>\n\t\t<\/section>\n\t\t\t\t<section class=\"elementor-section elementor-top-section elementor-element elementor-element-04ffbb3 elementor-section-boxed elementor-section-height-default elementor-section-height-default\" data-id=\"04ffbb3\" data-element_type=\"section\" data-e-type=\"section\">\n\t\t\t\t\t\t<div class=\"elementor-container elementor-column-gap-default\">\n\t\t\t\t\t<div class=\"elementor-column elementor-col-50 elementor-top-column elementor-element elementor-element-6835c9d\" data-id=\"6835c9d\" data-element_type=\"column\" data-e-type=\"column\">\n\t\t\t<div class=\"elementor-widget-wrap elementor-element-populated\">\n\t\t\t\t\t\t<div class=\"elementor-element elementor-element-ea15f20 elementor-widget elementor-widget-image\" data-id=\"ea15f20\" data-element_type=\"widget\" data-e-type=\"widget\" data-widget_type=\"image.default\">\n\t\t\t\t\t\t\t\t\t\t\t\t\t\t\t<img decoding=\"async\" width=\"800\" height=\"673\" src=\"https:\/\/adhernandez.com\/wp-content\/uploads\/2025\/09\/balcones-en-comunicad-vecinos.jpg\" class=\"attachment-large size-large wp-image-32093\" alt=\"balcones en comunicad vecinos\" srcset=\"https:\/\/adhernandez.com\/wp-content\/uploads\/2025\/09\/balcones-en-comunicad-vecinos.jpg 800w, https:\/\/adhernandez.com\/wp-content\/uploads\/2025\/09\/balcones-en-comunicad-vecinos-300x252.jpg 300w, https:\/\/adhernandez.com\/wp-content\/uploads\/2025\/09\/balcones-en-comunicad-vecinos-768x646.jpg 768w, https:\/\/adhernandez.com\/wp-content\/uploads\/2025\/09\/balcones-en-comunicad-vecinos-713x600.jpg 713w, https:\/\/adhernandez.com\/wp-content\/uploads\/2025\/09\/balcones-en-comunicad-vecinos-496x417.jpg 496w\" sizes=\"(max-width: 800px) 100vw, 800px\" \/>\t\t\t\t\t\t\t\t\t\t\t\t\t\t\t<\/div>\n\t\t\t\t\t<\/div>\n\t\t<\/div>\n\t\t\t\t<div class=\"elementor-column elementor-col-50 elementor-top-column elementor-element elementor-element-83a1a46\" data-id=\"83a1a46\" data-element_type=\"column\" data-e-type=\"column\">\n\t\t\t<div class=\"elementor-widget-wrap elementor-element-populated\">\n\t\t\t\t\t\t<div class=\"elementor-element elementor-element-d7b819f elementor-widget elementor-widget-text-editor\" data-id=\"d7b819f\" data-element_type=\"widget\" data-e-type=\"widget\" data-widget_type=\"text-editor.default\">\n\t\t\t\t\t\t\t\t\t<p>El tancament de balcons no sols afecta al propietari que el realitza sin\u00f3 que pot influir en la comunitat en aspectes com l&#8217;est\u00e8tica general de l&#8217;edifici, l&#8217;entrada de llum natural i les vistes. A m\u00e9s, la intervenci\u00f3 ha de respectar la integritat estructural de l&#8217;immoble, per la qual cosa sol ser obligatori que els treballs compleixin amb requisits t\u00e8cnics de seguretat i habitabilitat. L&#8217;incompliment d&#8217;aquestes normes pot desencadenar conflictes entre ve\u00efns que, al seu torn, agreugen la situaci\u00f3 i obliguen a resoldre el problema en seu judicial.<\/p>\n\t\t\t\t\t\t\t\t<\/div>\n\t\t\t\t\t<\/div>\n\t\t<\/div>\n\t\t\t\t\t<\/div>\n\t\t<\/section>\n\t\t\t\t<section class=\"elementor-section elementor-top-section elementor-element elementor-element-8900e9b elementor-section-boxed elementor-section-height-default elementor-section-height-default\" data-id=\"8900e9b\" data-element_type=\"section\" data-e-type=\"section\">\n\t\t\t\t\t\t<div class=\"elementor-container elementor-column-gap-default\">\n\t\t\t\t\t<div class=\"elementor-column elementor-col-100 elementor-top-column elementor-element elementor-element-21398ef\" data-id=\"21398ef\" data-element_type=\"column\" data-e-type=\"column\">\n\t\t\t<div class=\"elementor-widget-wrap elementor-element-populated\">\n\t\t\t\t\t\t<div class=\"elementor-element elementor-element-c8e1fa0 elementor-widget elementor-widget-text-editor\" data-id=\"c8e1fa0\" data-element_type=\"widget\" data-e-type=\"widget\" data-widget_type=\"text-editor.default\">\n\t\t\t\t\t\t\t\t\t<h2>Consideracions finals<\/h2>\n\t\t\t\t\t\t\t\t<\/div>\n\t\t\t\t<div class=\"elementor-element elementor-element-bff6e74 elementor-widget elementor-widget-text-editor\" data-id=\"bff6e74\" data-element_type=\"widget\" data-e-type=\"widget\" data-widget_type=\"text-editor.default\">\n\t\t\t\t\t\t\t\t\t<p>En definitiva, la construcci\u00f3 o tancament de balcons en comunitats de ve\u00efns a Barcelona est\u00e0 condicionada a un marc legal ampli que implica la necessitat d&#8217;un acord comunitari i l&#8217;obtenci\u00f3 de llic\u00e8ncies municipals. La legislaci\u00f3 vigent protegeix tant l&#8217;inter\u00e8s col\u00b7lectiu com l&#8217;est\u00e8tica i la seguretat dels edificis, per la qual cosa qualsevol actuaci\u00f3 no autoritzada pot resultar en greus conseq\u00fc\u00e8ncies legals. Per tant, \u00e9s aconsellable que els propietaris interessats consultin detingudament la normativa aplicable i es recolzin en professionals especialitzats en administraci\u00f3 de finques per a assegurar el compliment normatiu i la correcta gesti\u00f3 dels permisos necessaris.<\/p>\n\t\t\t\t\t\t\t\t<\/div>\n\t\t\t\t\t<\/div>\n\t\t<\/div>\n\t\t\t\t\t<\/div>\n\t\t<\/section>\n\t\t\t\t<\/div>\n\t\t","protected":false},"excerpt":{"rendered":"<p>Descobreix si pots tancar o construir balcons en una comunitat de ve\u00efns, la normativa aplicable i els permisos necessaris per a evitar sancions.<\/p>\n","protected":false},"author":6,"featured_media":32088,"comment_status":"closed","ping_status":"closed","sticky":false,"template":"","format":"standard","meta":{"footnotes":""},"categories":[378,365],"tags":[],"class_list":["post-32099","post","type-post","status-publish","format-standard","has-post-thumbnail","hentry","category-blog-ca","category-propiedad-horizontal-ca"],"yoast_head":"<!-- This site is optimized with the Yoast SEO plugin v27.4 - https:\/\/yoast.com\/product\/yoast-seo-wordpress\/ -->\n<title>Es poden construir o tancar balcons en comunitats de ve\u00efns? Normativa i permisos necessaris - Administraciones Hern\u00e1ndez<\/title>\n<meta name=\"description\" content=\"Descobreix si pots tancar o construir balcons en una comunitat de ve\u00efns, la normativa aplicable i els permisos necessaris per a evitar sancions.\" \/>\n<meta name=\"robots\" content=\"index, follow, max-snippet:-1, max-image-preview:large, max-video-preview:-1\" \/>\n<link rel=\"canonical\" href=\"https:\/\/adhernandez.com\/ca\/2025\/09\/17\/es-poden-construir-o-tancar-balcons-en-comunitats-de-veins-normativa-i-permisos-necessaris\/\" \/>\n<meta property=\"og:locale\" content=\"ca_ES\" \/>\n<meta property=\"og:type\" content=\"article\" \/>\n<meta property=\"og:title\" content=\"Es poden construir o tancar balcons en comunitats de ve\u00efns? Normativa i permisos necessaris - Administraciones Hern\u00e1ndez\" \/>\n<meta property=\"og:description\" content=\"Descobreix si pots tancar o construir balcons en una comunitat de ve\u00efns, la normativa aplicable i els permisos necessaris per a evitar sancions.\" \/>\n<meta property=\"og:url\" content=\"https:\/\/adhernandez.com\/ca\/2025\/09\/17\/es-poden-construir-o-tancar-balcons-en-comunitats-de-veins-normativa-i-permisos-necessaris\/\" \/>\n<meta property=\"og:site_name\" content=\"Administraciones Hern\u00e1ndez\" \/>\n<meta property=\"article:published_time\" content=\"2025-09-17T14:30:26+00:00\" \/>\n<meta property=\"article:modified_time\" content=\"2025-09-17T14:30:27+00:00\" \/>\n<meta property=\"og:image\" content=\"https:\/\/adhernandez.com\/wp-content\/uploads\/2025\/09\/balcones-en-comunicad-vecinos3.jpg\" \/>\n\t<meta property=\"og:image:width\" content=\"800\" \/>\n\t<meta property=\"og:image:height\" content=\"450\" \/>\n\t<meta property=\"og:image:type\" content=\"image\/jpeg\" \/>\n<meta name=\"author\" content=\"AdHern\u00e1ndez\" \/>\n<meta name=\"twitter:card\" content=\"summary_large_image\" \/>\n<meta name=\"twitter:label1\" content=\"Escrit per\" \/>\n\t<meta name=\"twitter:data1\" content=\"AdHern\u00e1ndez\" \/>\n\t<meta name=\"twitter:label2\" content=\"Temps estimat de lectura\" \/>\n\t<meta name=\"twitter:data2\" content=\"3 minuts\" \/>\n<script type=\"application\/ld+json\" class=\"yoast-schema-graph\">{\"@context\":\"https:\\\/\\\/schema.org\",\"@graph\":[{\"@type\":\"Article\",\"@id\":\"https:\\\/\\\/adhernandez.com\\\/ca\\\/2025\\\/09\\\/17\\\/es-poden-construir-o-tancar-balcons-en-comunitats-de-veins-normativa-i-permisos-necessaris\\\/#article\",\"isPartOf\":{\"@id\":\"https:\\\/\\\/adhernandez.com\\\/ca\\\/2025\\\/09\\\/17\\\/es-poden-construir-o-tancar-balcons-en-comunitats-de-veins-normativa-i-permisos-necessaris\\\/\"},\"author\":{\"name\":\"AdHern\u00e1ndez\",\"@id\":\"https:\\\/\\\/adhernandez.com\\\/ca\\\/#\\\/schema\\\/person\\\/330b9c8828ff3a80ee8053b5fff0e848\"},\"headline\":\"Es poden construir o tancar balcons en comunitats de ve\u00efns? Normativa i permisos necessaris\",\"datePublished\":\"2025-09-17T14:30:26+00:00\",\"dateModified\":\"2025-09-17T14:30:27+00:00\",\"mainEntityOfPage\":{\"@id\":\"https:\\\/\\\/adhernandez.com\\\/ca\\\/2025\\\/09\\\/17\\\/es-poden-construir-o-tancar-balcons-en-comunitats-de-veins-normativa-i-permisos-necessaris\\\/\"},\"wordCount\":644,\"image\":{\"@id\":\"https:\\\/\\\/adhernandez.com\\\/ca\\\/2025\\\/09\\\/17\\\/es-poden-construir-o-tancar-balcons-en-comunitats-de-veins-normativa-i-permisos-necessaris\\\/#primaryimage\"},\"thumbnailUrl\":\"https:\\\/\\\/adhernandez.com\\\/wp-content\\\/uploads\\\/2025\\\/09\\\/balcones-en-comunicad-vecinos3.jpg\",\"articleSection\":[\"blog\",\"Propiedad Horizontal\"],\"inLanguage\":\"ca\"},{\"@type\":\"WebPage\",\"@id\":\"https:\\\/\\\/adhernandez.com\\\/ca\\\/2025\\\/09\\\/17\\\/es-poden-construir-o-tancar-balcons-en-comunitats-de-veins-normativa-i-permisos-necessaris\\\/\",\"url\":\"https:\\\/\\\/adhernandez.com\\\/ca\\\/2025\\\/09\\\/17\\\/es-poden-construir-o-tancar-balcons-en-comunitats-de-veins-normativa-i-permisos-necessaris\\\/\",\"name\":\"Es poden construir o tancar balcons en comunitats de ve\u00efns? Normativa i permisos necessaris - Administraciones Hern\u00e1ndez\",\"isPartOf\":{\"@id\":\"https:\\\/\\\/adhernandez.com\\\/ca\\\/#website\"},\"primaryImageOfPage\":{\"@id\":\"https:\\\/\\\/adhernandez.com\\\/ca\\\/2025\\\/09\\\/17\\\/es-poden-construir-o-tancar-balcons-en-comunitats-de-veins-normativa-i-permisos-necessaris\\\/#primaryimage\"},\"image\":{\"@id\":\"https:\\\/\\\/adhernandez.com\\\/ca\\\/2025\\\/09\\\/17\\\/es-poden-construir-o-tancar-balcons-en-comunitats-de-veins-normativa-i-permisos-necessaris\\\/#primaryimage\"},\"thumbnailUrl\":\"https:\\\/\\\/adhernandez.com\\\/wp-content\\\/uploads\\\/2025\\\/09\\\/balcones-en-comunicad-vecinos3.jpg\",\"datePublished\":\"2025-09-17T14:30:26+00:00\",\"dateModified\":\"2025-09-17T14:30:27+00:00\",\"author\":{\"@id\":\"https:\\\/\\\/adhernandez.com\\\/ca\\\/#\\\/schema\\\/person\\\/330b9c8828ff3a80ee8053b5fff0e848\"},\"description\":\"Descobreix si pots tancar o construir balcons en una comunitat de ve\u00efns, la normativa aplicable i els permisos necessaris per a evitar sancions.\",\"breadcrumb\":{\"@id\":\"https:\\\/\\\/adhernandez.com\\\/ca\\\/2025\\\/09\\\/17\\\/es-poden-construir-o-tancar-balcons-en-comunitats-de-veins-normativa-i-permisos-necessaris\\\/#breadcrumb\"},\"inLanguage\":\"ca\",\"potentialAction\":[{\"@type\":\"ReadAction\",\"target\":[\"https:\\\/\\\/adhernandez.com\\\/ca\\\/2025\\\/09\\\/17\\\/es-poden-construir-o-tancar-balcons-en-comunitats-de-veins-normativa-i-permisos-necessaris\\\/\"]}]},{\"@type\":\"ImageObject\",\"inLanguage\":\"ca\",\"@id\":\"https:\\\/\\\/adhernandez.com\\\/ca\\\/2025\\\/09\\\/17\\\/es-poden-construir-o-tancar-balcons-en-comunitats-de-veins-normativa-i-permisos-necessaris\\\/#primaryimage\",\"url\":\"https:\\\/\\\/adhernandez.com\\\/wp-content\\\/uploads\\\/2025\\\/09\\\/balcones-en-comunicad-vecinos3.jpg\",\"contentUrl\":\"https:\\\/\\\/adhernandez.com\\\/wp-content\\\/uploads\\\/2025\\\/09\\\/balcones-en-comunicad-vecinos3.jpg\",\"width\":800,\"height\":450,\"caption\":\"balcones en comunicad vecinos\"},{\"@type\":\"BreadcrumbList\",\"@id\":\"https:\\\/\\\/adhernandez.com\\\/ca\\\/2025\\\/09\\\/17\\\/es-poden-construir-o-tancar-balcons-en-comunitats-de-veins-normativa-i-permisos-necessaris\\\/#breadcrumb\",\"itemListElement\":[{\"@type\":\"ListItem\",\"position\":1,\"name\":\"Portada\",\"item\":\"https:\\\/\\\/adhernandez.com\\\/ca\\\/adhernandez-inicio\\\/\"},{\"@type\":\"ListItem\",\"position\":2,\"name\":\"Es poden construir o tancar balcons en comunitats de ve\u00efns? Normativa i permisos necessaris\"}]},{\"@type\":\"WebSite\",\"@id\":\"https:\\\/\\\/adhernandez.com\\\/ca\\\/#website\",\"url\":\"https:\\\/\\\/adhernandez.com\\\/ca\\\/\",\"name\":\"Administraciones Hern\u00e1ndez\",\"description\":\"Equipo de profesionales con amplia experiencia en la gesti\u00f3n del patrimonio inmobiliario\",\"potentialAction\":[{\"@type\":\"SearchAction\",\"target\":{\"@type\":\"EntryPoint\",\"urlTemplate\":\"https:\\\/\\\/adhernandez.com\\\/ca\\\/?s={search_term_string}\"},\"query-input\":{\"@type\":\"PropertyValueSpecification\",\"valueRequired\":true,\"valueName\":\"search_term_string\"}}],\"inLanguage\":\"ca\"},{\"@type\":\"Person\",\"@id\":\"https:\\\/\\\/adhernandez.com\\\/ca\\\/#\\\/schema\\\/person\\\/330b9c8828ff3a80ee8053b5fff0e848\",\"name\":\"AdHern\u00e1ndez\",\"image\":{\"@type\":\"ImageObject\",\"inLanguage\":\"ca\",\"@id\":\"https:\\\/\\\/adhernandez.com\\\/wp-content\\\/litespeed\\\/avatar\\\/6b84e2484050905299b010a711cff345.jpg?ver=1777323059\",\"url\":\"https:\\\/\\\/adhernandez.com\\\/wp-content\\\/litespeed\\\/avatar\\\/6b84e2484050905299b010a711cff345.jpg?ver=1777323059\",\"contentUrl\":\"https:\\\/\\\/adhernandez.com\\\/wp-content\\\/litespeed\\\/avatar\\\/6b84e2484050905299b010a711cff345.jpg?ver=1777323059\",\"caption\":\"AdHern\u00e1ndez\"},\"url\":\"https:\\\/\\\/adhernandez.com\\\/ca\\\/author\\\/veronica\\\/\"}]}<\/script>\n<!-- \/ Yoast SEO plugin. -->","yoast_head_json":{"title":"Es poden construir o tancar balcons en comunitats de ve\u00efns? Normativa i permisos necessaris - Administraciones Hern\u00e1ndez","description":"Descobreix si pots tancar o construir balcons en una comunitat de ve\u00efns, la normativa aplicable i els permisos necessaris per a evitar sancions.","robots":{"index":"index","follow":"follow","max-snippet":"max-snippet:-1","max-image-preview":"max-image-preview:large","max-video-preview":"max-video-preview:-1"},"canonical":"https:\/\/adhernandez.com\/ca\/2025\/09\/17\/es-poden-construir-o-tancar-balcons-en-comunitats-de-veins-normativa-i-permisos-necessaris\/","og_locale":"ca_ES","og_type":"article","og_title":"Es poden construir o tancar balcons en comunitats de ve\u00efns? Normativa i permisos necessaris - Administraciones Hern\u00e1ndez","og_description":"Descobreix si pots tancar o construir balcons en una comunitat de ve\u00efns, la normativa aplicable i els permisos necessaris per a evitar sancions.","og_url":"https:\/\/adhernandez.com\/ca\/2025\/09\/17\/es-poden-construir-o-tancar-balcons-en-comunitats-de-veins-normativa-i-permisos-necessaris\/","og_site_name":"Administraciones Hern\u00e1ndez","article_published_time":"2025-09-17T14:30:26+00:00","article_modified_time":"2025-09-17T14:30:27+00:00","og_image":[{"width":800,"height":450,"url":"https:\/\/adhernandez.com\/wp-content\/uploads\/2025\/09\/balcones-en-comunicad-vecinos3.jpg","type":"image\/jpeg"}],"author":"AdHern\u00e1ndez","twitter_card":"summary_large_image","twitter_misc":{"Escrit per":"AdHern\u00e1ndez","Temps estimat de lectura":"3 minuts"},"schema":{"@context":"https:\/\/schema.org","@graph":[{"@type":"Article","@id":"https:\/\/adhernandez.com\/ca\/2025\/09\/17\/es-poden-construir-o-tancar-balcons-en-comunitats-de-veins-normativa-i-permisos-necessaris\/#article","isPartOf":{"@id":"https:\/\/adhernandez.com\/ca\/2025\/09\/17\/es-poden-construir-o-tancar-balcons-en-comunitats-de-veins-normativa-i-permisos-necessaris\/"},"author":{"name":"AdHern\u00e1ndez","@id":"https:\/\/adhernandez.com\/ca\/#\/schema\/person\/330b9c8828ff3a80ee8053b5fff0e848"},"headline":"Es poden construir o tancar balcons en comunitats de ve\u00efns? Normativa i permisos necessaris","datePublished":"2025-09-17T14:30:26+00:00","dateModified":"2025-09-17T14:30:27+00:00","mainEntityOfPage":{"@id":"https:\/\/adhernandez.com\/ca\/2025\/09\/17\/es-poden-construir-o-tancar-balcons-en-comunitats-de-veins-normativa-i-permisos-necessaris\/"},"wordCount":644,"image":{"@id":"https:\/\/adhernandez.com\/ca\/2025\/09\/17\/es-poden-construir-o-tancar-balcons-en-comunitats-de-veins-normativa-i-permisos-necessaris\/#primaryimage"},"thumbnailUrl":"https:\/\/adhernandez.com\/wp-content\/uploads\/2025\/09\/balcones-en-comunicad-vecinos3.jpg","articleSection":["blog","Propiedad Horizontal"],"inLanguage":"ca"},{"@type":"WebPage","@id":"https:\/\/adhernandez.com\/ca\/2025\/09\/17\/es-poden-construir-o-tancar-balcons-en-comunitats-de-veins-normativa-i-permisos-necessaris\/","url":"https:\/\/adhernandez.com\/ca\/2025\/09\/17\/es-poden-construir-o-tancar-balcons-en-comunitats-de-veins-normativa-i-permisos-necessaris\/","name":"Es poden construir o tancar balcons en comunitats de ve\u00efns? Normativa i permisos necessaris - Administraciones Hern\u00e1ndez","isPartOf":{"@id":"https:\/\/adhernandez.com\/ca\/#website"},"primaryImageOfPage":{"@id":"https:\/\/adhernandez.com\/ca\/2025\/09\/17\/es-poden-construir-o-tancar-balcons-en-comunitats-de-veins-normativa-i-permisos-necessaris\/#primaryimage"},"image":{"@id":"https:\/\/adhernandez.com\/ca\/2025\/09\/17\/es-poden-construir-o-tancar-balcons-en-comunitats-de-veins-normativa-i-permisos-necessaris\/#primaryimage"},"thumbnailUrl":"https:\/\/adhernandez.com\/wp-content\/uploads\/2025\/09\/balcones-en-comunicad-vecinos3.jpg","datePublished":"2025-09-17T14:30:26+00:00","dateModified":"2025-09-17T14:30:27+00:00","author":{"@id":"https:\/\/adhernandez.com\/ca\/#\/schema\/person\/330b9c8828ff3a80ee8053b5fff0e848"},"description":"Descobreix si pots tancar o construir balcons en una comunitat de ve\u00efns, la normativa aplicable i els permisos necessaris per a evitar sancions.","breadcrumb":{"@id":"https:\/\/adhernandez.com\/ca\/2025\/09\/17\/es-poden-construir-o-tancar-balcons-en-comunitats-de-veins-normativa-i-permisos-necessaris\/#breadcrumb"},"inLanguage":"ca","potentialAction":[{"@type":"ReadAction","target":["https:\/\/adhernandez.com\/ca\/2025\/09\/17\/es-poden-construir-o-tancar-balcons-en-comunitats-de-veins-normativa-i-permisos-necessaris\/"]}]},{"@type":"ImageObject","inLanguage":"ca","@id":"https:\/\/adhernandez.com\/ca\/2025\/09\/17\/es-poden-construir-o-tancar-balcons-en-comunitats-de-veins-normativa-i-permisos-necessaris\/#primaryimage","url":"https:\/\/adhernandez.com\/wp-content\/uploads\/2025\/09\/balcones-en-comunicad-vecinos3.jpg","contentUrl":"https:\/\/adhernandez.com\/wp-content\/uploads\/2025\/09\/balcones-en-comunicad-vecinos3.jpg","width":800,"height":450,"caption":"balcones en comunicad vecinos"},{"@type":"BreadcrumbList","@id":"https:\/\/adhernandez.com\/ca\/2025\/09\/17\/es-poden-construir-o-tancar-balcons-en-comunitats-de-veins-normativa-i-permisos-necessaris\/#breadcrumb","itemListElement":[{"@type":"ListItem","position":1,"name":"Portada","item":"https:\/\/adhernandez.com\/ca\/adhernandez-inicio\/"},{"@type":"ListItem","position":2,"name":"Es poden construir o tancar balcons en comunitats de ve\u00efns? Normativa i permisos necessaris"}]},{"@type":"WebSite","@id":"https:\/\/adhernandez.com\/ca\/#website","url":"https:\/\/adhernandez.com\/ca\/","name":"Administraciones Hern\u00e1ndez","description":"Equipo de profesionales con amplia experiencia en la gesti\u00f3n del patrimonio inmobiliario","potentialAction":[{"@type":"SearchAction","target":{"@type":"EntryPoint","urlTemplate":"https:\/\/adhernandez.com\/ca\/?s={search_term_string}"},"query-input":{"@type":"PropertyValueSpecification","valueRequired":true,"valueName":"search_term_string"}}],"inLanguage":"ca"},{"@type":"Person","@id":"https:\/\/adhernandez.com\/ca\/#\/schema\/person\/330b9c8828ff3a80ee8053b5fff0e848","name":"AdHern\u00e1ndez","image":{"@type":"ImageObject","inLanguage":"ca","@id":"https:\/\/adhernandez.com\/wp-content\/litespeed\/avatar\/6b84e2484050905299b010a711cff345.jpg?ver=1777323059","url":"https:\/\/adhernandez.com\/wp-content\/litespeed\/avatar\/6b84e2484050905299b010a711cff345.jpg?ver=1777323059","contentUrl":"https:\/\/adhernandez.com\/wp-content\/litespeed\/avatar\/6b84e2484050905299b010a711cff345.jpg?ver=1777323059","caption":"AdHern\u00e1ndez"},"url":"https:\/\/adhernandez.com\/ca\/author\/veronica\/"}]}},"_links":{"self":[{"href":"https:\/\/adhernandez.com\/ca\/wp-json\/wp\/v2\/posts\/32099","targetHints":{"allow":["GET"]}}],"collection":[{"href":"https:\/\/adhernandez.com\/ca\/wp-json\/wp\/v2\/posts"}],"about":[{"href":"https:\/\/adhernandez.com\/ca\/wp-json\/wp\/v2\/types\/post"}],"author":[{"embeddable":true,"href":"https:\/\/adhernandez.com\/ca\/wp-json\/wp\/v2\/users\/6"}],"replies":[{"embeddable":true,"href":"https:\/\/adhernandez.com\/ca\/wp-json\/wp\/v2\/comments?post=32099"}],"version-history":[{"count":1,"href":"https:\/\/adhernandez.com\/ca\/wp-json\/wp\/v2\/posts\/32099\/revisions"}],"predecessor-version":[{"id":32100,"href":"https:\/\/adhernandez.com\/ca\/wp-json\/wp\/v2\/posts\/32099\/revisions\/32100"}],"wp:featuredmedia":[{"embeddable":true,"href":"https:\/\/adhernandez.com\/ca\/wp-json\/wp\/v2\/media\/32088"}],"wp:attachment":[{"href":"https:\/\/adhernandez.com\/ca\/wp-json\/wp\/v2\/media?parent=32099"}],"wp:term":[{"taxonomy":"category","embeddable":true,"href":"https:\/\/adhernandez.com\/ca\/wp-json\/wp\/v2\/categories?post=32099"},{"taxonomy":"post_tag","embeddable":true,"href":"https:\/\/adhernandez.com\/ca\/wp-json\/wp\/v2\/tags?post=32099"}],"curies":[{"name":"wp","href":"https:\/\/api.w.org\/{rel}","templated":true}]}}