{"id":32068,"date":"2025-08-21T14:17:00","date_gmt":"2025-08-21T14:17:00","guid":{"rendered":"https:\/\/adhernandez.com\/2025\/09\/02\/la-importancia-de-la-transparencia-i-comunicacio-en-la-gestio-comunitaria\/"},"modified":"2025-09-17T14:47:22","modified_gmt":"2025-09-17T14:47:22","slug":"la-importancia-de-la-transparencia-i-comunicacio-en-la-gestio-comunitaria","status":"publish","type":"post","link":"https:\/\/adhernandez.com\/ca\/2025\/08\/21\/la-importancia-de-la-transparencia-i-comunicacio-en-la-gestio-comunitaria\/","title":{"rendered":"La import\u00e0ncia de la transpar\u00e8ncia i comunicaci\u00f3 en la gesti\u00f3 comunit\u00e0ria"},"content":{"rendered":"\t\t<div data-elementor-type=\"wp-post\" data-elementor-id=\"32068\" class=\"elementor elementor-32068 elementor-32054\">\n\t\t\t\t\t\t<section class=\"elementor-section elementor-top-section elementor-element elementor-element-8eaf259 elementor-section-boxed elementor-section-height-default elementor-section-height-default\" data-id=\"8eaf259\" data-element_type=\"section\" data-e-type=\"section\">\n\t\t\t\t\t\t<div class=\"elementor-container elementor-column-gap-default\">\n\t\t\t\t\t<div class=\"elementor-column elementor-col-100 elementor-top-column elementor-element elementor-element-d0ae649\" data-id=\"d0ae649\" data-element_type=\"column\" data-e-type=\"column\">\n\t\t\t<div class=\"elementor-widget-wrap elementor-element-populated\">\n\t\t\t\t\t\t<div class=\"elementor-element elementor-element-5bbdad9 elementor-widget elementor-widget-text-editor\" data-id=\"5bbdad9\" data-element_type=\"widget\" data-e-type=\"widget\" data-widget_type=\"text-editor.default\">\n\t\t\t\t\t\t\t\t\t<p>La vida en una comunitat de propietaris a Barcelona implica la conviv\u00e8ncia de m\u00faltiples interessos, necessitats i responsabilitats. En aquest context, l&#8217;administraci\u00f3 de finques exerceix un paper essencial en coordinar, organitzar i supervisar tots aquells aspectes que garanteixen el correcte funcionament dels espais comuns. Dins d&#8217;aquesta tasca, dos principis resulten fonamentals perqu\u00e8 la gesti\u00f3 comunit\u00e0ria sigui efica\u00e7 i estable: la transpar\u00e8ncia i la comunicaci\u00f3.<\/p>\n<p>El marc normatiu de Catalunya, regit principalment pel Llibre Cinqu\u00e8 del Codi Civil de Catalunya en mat\u00e8ria de drets reals, estableix les bases jur\u00eddiques sobre les quals s&#8217;articulen les comunitats de propietaris i el seu funcionament. Aquests preceptes proporcionen l&#8217;estructura legal que defineix obligacions, compet\u00e8ncies i drets, per\u00f2 ser\u00e0 l&#8217;adequada aplicaci\u00f3 de la transpar\u00e8ncia informativa i la comunicaci\u00f3 regular entre els membres el que determinar\u00e0 en gran manera l&#8217;efici\u00e8ncia en la gesti\u00f3 dels recursos comuns.<\/p>\n\t\t\t\t\t\t\t\t<\/div>\n\t\t\t\t<div class=\"elementor-element elementor-element-2090681 elementor-widget elementor-widget-text-editor\" data-id=\"2090681\" data-element_type=\"widget\" data-e-type=\"widget\" data-widget_type=\"text-editor.default\">\n\t\t\t\t\t\t\t\t\t<h2>La normativa catalana com a base de la gesti\u00f3 comunit\u00e0ria<\/h2>\n\t\t\t\t\t\t\t\t<\/div>\n\t\t\t\t<div class=\"elementor-element elementor-element-08c5b6e elementor-widget elementor-widget-text-editor\" data-id=\"08c5b6e\" data-element_type=\"widget\" data-e-type=\"widget\" data-widget_type=\"text-editor.default\">\n\t\t\t\t\t\t\t\t\t<p>A Catalunya, les comunitats de propietaris estan regulades essencialment pel T\u00edtol V del Llibre Cinqu\u00e8 del Codi Civil de Catalunya, aprovat per la Llei 5\/2006 i posteriorment modificat en diverses ocasions. En aquest marc normatiu s&#8217;especifica l&#8217;organitzaci\u00f3 de la comunitat, els acords de la junta, la figura del president, els \u00f2rgans de govern i el paper dels administradors de finques, aix\u00ed com els mecanismes de rendici\u00f3 de comptes.<\/p>\n<p>Un dels punts m\u00e9s rellevants d&#8217;aquest marc legal \u00e9s l&#8217;obligatorietat de presentar comptes anuals i de sotmetre-les a l&#8217;aprovaci\u00f3 de la junta. La llei no sols estableix com s&#8217;han de gestionar les finances comunes, sin\u00f3 que tamb\u00e9 consolida el deure d&#8217;informar i donar acc\u00e9s a la documentaci\u00f3 comptable a tots els propietaris, la qual cosa connecta directament amb els principis de claredat i confian\u00e7a en la gesti\u00f3.<\/p>\n<p>La transpar\u00e8ncia es presenta, per tant, no com una opci\u00f3 volunt\u00e0ria, sin\u00f3 com una exig\u00e8ncia normativa en el marc catal\u00e0. Tota informaci\u00f3 relativa a ingressos, despeses, contractes i pressupostos ha d&#8217;estar disponible per a la comunitat, la qual cosa constitueix un pilar de la correcta conviv\u00e8ncia i de l&#8217;adequat funcionament de les decisions col\u00b7lectives.<\/p>\n\t\t\t\t\t\t\t\t<\/div>\n\t\t\t\t<div class=\"elementor-element elementor-element-aa35210 elementor-widget elementor-widget-text-editor\" data-id=\"aa35210\" data-element_type=\"widget\" data-e-type=\"widget\" data-widget_type=\"text-editor.default\">\n\t\t\t\t\t\t\t\t\t<h2>La transpar\u00e8ncia com a element de confian\u00e7a comunit\u00e0ria<\/h2>\n\t\t\t\t\t\t\t\t<\/div>\n\t\t\t\t<div class=\"elementor-element elementor-element-71e1aa0 elementor-widget elementor-widget-text-editor\" data-id=\"71e1aa0\" data-element_type=\"widget\" data-e-type=\"widget\" data-widget_type=\"text-editor.default\">\n\t\t\t\t\t\t\t\t\t<p>La gesti\u00f3 d&#8217;una finca no es limita a l&#8217;administraci\u00f3 de fons. S&#8217;est\u00e9n tamb\u00e9 a la supervisi\u00f3 de contractes de manteniment, la negociaci\u00f3 amb prove\u00efdors, el compliment dels reglaments municipals i la resoluci\u00f3 d&#8217;incid\u00e8ncies. Al llarg d&#8217;aquests processos, la transpar\u00e8ncia garanteix que els propietaris estiguin informats sobre cada pas i puguin comprendre de quina manera s&#8217;empren els recursos econ\u00f2mics.<\/p>\n<p>L&#8217;exist\u00e8ncia d&#8217;informes peri\u00f2dics, pressupostos detallats i un seguiment documentat de les intervencions de manteniment constitueix un mecanisme perqu\u00e8 tots els membres rebin la mateixa informaci\u00f3 de manera clara i verificable. Aquest acc\u00e9s constant a les dades contribueix a minimitzar possibles escenaris de desconfian\u00e7a i facilita la presa de decisions fonamentades en la junta general.<\/p>\n<p>A Barcelona, la diversitat de comunitats i el dinamisme de l&#8217;entorn urb\u00e0 generen necessitats de gesti\u00f3 espec\u00edfiques, com a actuacions de conservaci\u00f3 en edificis antics de l&#8217;Eixample, projectes d&#8217;efici\u00e8ncia energ\u00e8tica en zones de nova construcci\u00f3 o adaptaci\u00f3 a ordenances municipals referents a accessibilitat. En tots aquests \u00e0mbits, la transpar\u00e8ncia resulta decisiva perqu\u00e8 permet avaluar amb precisi\u00f3 les propostes presentades i calcular les seves repercussions econ\u00f2miques i t\u00e8cniques.<\/p>\n\t\t\t\t\t\t\t\t<\/div>\n\t\t\t\t<div class=\"elementor-element elementor-element-a9e0496 elementor-widget elementor-widget-text-editor\" data-id=\"a9e0496\" data-element_type=\"widget\" data-e-type=\"widget\" data-widget_type=\"text-editor.default\">\n\t\t\t\t\t\t\t\t\t<h2>La comunicaci\u00f3 com a eina de cohesi\u00f3<\/h2>\n\t\t\t\t\t\t\t\t<\/div>\n\t\t\t\t<div class=\"elementor-element elementor-element-fd9004b elementor-widget elementor-widget-text-editor\" data-id=\"fd9004b\" data-element_type=\"widget\" data-e-type=\"widget\" data-widget_type=\"text-editor.default\">\n\t\t\t\t\t\t\t\t\t<p>M\u00e9s enll\u00e0 de la dimensi\u00f3 informativa, la comunicaci\u00f3 constitueix un instrument de cohesi\u00f3 interna entre els membres de la comunitat. El marc normatiu catal\u00e0 atorga a la junta de propietaris la m\u00e0xima autoritat en la presa de decisions, per\u00f2 \u00e9s l&#8217;administrador qui prepara i transmet aquesta informaci\u00f3, actua com a mediador en els debats i dona continu\u00eftat als acords adoptats.<\/p>\n<p>Un flux constant de comunicaci\u00f3 entre administraci\u00f3 i comunitat possibilita que els propietaris no sols coneguin les circumst\u00e0ncies de l&#8217;edifici, sin\u00f3 que tamb\u00e9 participin activament en la gesti\u00f3. Aquest intercanvi d&#8217;informaci\u00f3 no es limita a l&#8217;assemblea anual, sin\u00f3 que s&#8217;est\u00e9n a les notificacions peri\u00f2diques, a la convocat\u00f2ria de juntes extraordin\u00e0ries quan \u00e9s necessari i a l&#8217;\u00fas creixent de canals digitals que faciliten un contacte m\u00e9s immediat.<\/p>\n<p>La comunicaci\u00f3 efectiva permet, a m\u00e9s, anticipar problemes abans que sorgeixin conflictes. Quan els diferents perfils de propietaris, ja siguin residents permanents o arrendadors, reben informaci\u00f3 clara i a temps, augmenta la capacitat de consens respecte a les mesures que afecten la conviv\u00e8ncia o a la inversi\u00f3 en millores.<\/p>\n\t\t\t\t\t\t\t\t<\/div>\n\t\t\t\t<div class=\"elementor-element elementor-element-92b7b11 elementor-widget elementor-widget-text-editor\" data-id=\"92b7b11\" data-element_type=\"widget\" data-e-type=\"widget\" data-widget_type=\"text-editor.default\">\n\t\t\t\t\t\t\t\t\t<h2>El paper de l&#8217;administrador a Barcelona<\/h2>\n\t\t\t\t\t\t\t\t<\/div>\n\t\t\t\t<div class=\"elementor-element elementor-element-1d62c51 elementor-widget elementor-widget-text-editor\" data-id=\"1d62c51\" data-element_type=\"widget\" data-e-type=\"widget\" data-widget_type=\"text-editor.default\">\n\t\t\t\t\t\t\t\t\t<p>La ciutat de Barcelona planteja particularitats derivades del seu context urb\u00e0 i normatiu. Les comunitats han de complir de manera rigorosa la legislaci\u00f3 auton\u00f2mica i municipal en aspectes com l&#8217;accessibilitat obligat\u00f2ria en portals, l&#8217;adequaci\u00f3 d&#8217;instal\u00b7lacions comunit\u00e0ries a normatives d&#8217;efici\u00e8ncia energ\u00e8tica o les intervencions en edificis catalogats com a patrimoni arquitect\u00f2nic.<\/p>\n<p>En aquest escenari, la figura de l&#8217;administrador adquireix rellev\u00e0ncia com a gestor especialitzat a mediar entre les disposicions legals, les exig\u00e8ncies t\u00e8cniques i les possibilitats econ\u00f2miques de la comunitat. Assegurar una comunicaci\u00f3 fluida i reportar amb transpar\u00e8ncia els avan\u00e7os en cadascun d&#8217;aquests \u00e0mbits permet que la junta pugui prendre decisions conforme a la llei i adaptades a les necessitats concretes de l&#8217;immoble.<\/p>\n\t\t\t\t\t\t\t\t<\/div>\n\t\t\t\t<div class=\"elementor-element elementor-element-2058630 elementor-widget elementor-widget-text-editor\" data-id=\"2058630\" data-element_type=\"widget\" data-e-type=\"widget\" data-widget_type=\"text-editor.default\">\n\t\t\t\t\t\t\t\t\t<h2>Conclusi\u00f3<\/h2>\n\t\t\t\t\t\t\t\t<\/div>\n\t\t\t\t<div class=\"elementor-element elementor-element-7a8e9be elementor-widget elementor-widget-text-editor\" data-id=\"7a8e9be\" data-element_type=\"widget\" data-e-type=\"widget\" data-widget_type=\"text-editor.default\">\n\t\t\t\t\t\t\t\t\t<p>La gesti\u00f3 comunit\u00e0ria a Barcelona, dins del marc legislatiu de Catalunya, es fonamenta en un equilibri entre normativa, gesti\u00f3 t\u00e8cnica i relacions humanes. La transpar\u00e8ncia garanteix l&#8217;acc\u00e9s igualitari a la informaci\u00f3 i afavoreix la confian\u00e7a, mentre que la comunicaci\u00f3 fluida mant\u00e9 cohesionada a la comunitat i la capacita per a afrontar els reptes comuns de manera consensuada.<\/p>\n<p>La pr\u00e0ctica di\u00e0ria evid\u00e8ncia que tots dos principis no sols compleixen una exig\u00e8ncia legal, sin\u00f3 que actuen com a mecanismes de prevenci\u00f3 enfront de conflictes i com a impulsors d&#8217;una administraci\u00f3 comunit\u00e0ria eficient, estable i adaptada a la complexitat de la vida urbana en una ciutat com Barcelona.<\/p>\n<p>AdHern\u00e1ndez, com a empresa d&#8217;Administraci\u00f3 de Finques a Barcelona, desenvolupa la seva activitat tenint en compte aquestes premisses. L&#8217;aplicaci\u00f3 rigorosa de transpar\u00e8ncia i comunicaci\u00f3 constitueix la base per a oferir un servei alineat amb la normativa catalana i orientat a garantir la continu\u00eftat i sostenibilitat de les comunitats que gestiona.<\/p>\n\t\t\t\t\t\t\t\t<\/div>\n\t\t\t\t\t<\/div>\n\t\t<\/div>\n\t\t\t\t\t<\/div>\n\t\t<\/section>\n\t\t\t\t<\/div>\n\t\t","protected":false},"excerpt":{"rendered":"<p>La transpar\u00e8ncia i la comunicaci\u00f3 enforteixen la confian\u00e7a i la participaci\u00f3 en la gesti\u00f3 comunit\u00e0ria, clau per al desenvolupament sostenible.<\/p>\n","protected":false},"author":6,"featured_media":32062,"comment_status":"closed","ping_status":"closed","sticky":false,"template":"","format":"standard","meta":{"footnotes":""},"categories":[378,365],"tags":[],"class_list":["post-32068","post","type-post","status-publish","format-standard","has-post-thumbnail","hentry","category-blog-ca","category-propiedad-horizontal-ca"],"yoast_head":"<!-- This site is optimized with the Yoast SEO plugin v27.4 - https:\/\/yoast.com\/product\/yoast-seo-wordpress\/ -->\n<title>La import\u00e0ncia de la transpar\u00e8ncia i comunicaci\u00f3 en la gesti\u00f3 comunit\u00e0ria - Administraciones Hern\u00e1ndez<\/title>\n<meta name=\"description\" content=\"La transpar\u00e8ncia i la comunicaci\u00f3 enforteixen la confian\u00e7a i la participaci\u00f3 en la gesti\u00f3 comunit\u00e0ria, clau per al desenvolupament sostenible.\" \/>\n<meta name=\"robots\" content=\"index, follow, max-snippet:-1, max-image-preview:large, max-video-preview:-1\" \/>\n<link rel=\"canonical\" href=\"https:\/\/adhernandez.com\/ca\/2025\/08\/21\/la-importancia-de-la-transparencia-i-comunicacio-en-la-gestio-comunitaria\/\" \/>\n<meta property=\"og:locale\" content=\"ca_ES\" \/>\n<meta property=\"og:type\" content=\"article\" \/>\n<meta property=\"og:title\" content=\"La import\u00e0ncia de la transpar\u00e8ncia i comunicaci\u00f3 en la gesti\u00f3 comunit\u00e0ria - Administraciones Hern\u00e1ndez\" \/>\n<meta property=\"og:description\" content=\"La transpar\u00e8ncia i la comunicaci\u00f3 enforteixen la confian\u00e7a i la participaci\u00f3 en la gesti\u00f3 comunit\u00e0ria, clau per al desenvolupament sostenible.\" \/>\n<meta property=\"og:url\" content=\"https:\/\/adhernandez.com\/ca\/2025\/08\/21\/la-importancia-de-la-transparencia-i-comunicacio-en-la-gestio-comunitaria\/\" \/>\n<meta property=\"og:site_name\" content=\"Administraciones Hern\u00e1ndez\" \/>\n<meta property=\"article:published_time\" content=\"2025-08-21T14:17:00+00:00\" \/>\n<meta property=\"article:modified_time\" content=\"2025-09-17T14:47:22+00:00\" \/>\n<meta property=\"og:image\" content=\"https:\/\/adhernandez.com\/wp-content\/uploads\/2025\/09\/transparencia-en-la-gestion-patrimonio.jpg\" \/>\n\t<meta property=\"og:image:width\" content=\"800\" \/>\n\t<meta property=\"og:image:height\" content=\"450\" \/>\n\t<meta property=\"og:image:type\" content=\"image\/jpeg\" \/>\n<meta name=\"author\" content=\"AdHern\u00e1ndez\" \/>\n<meta name=\"twitter:card\" content=\"summary_large_image\" \/>\n<meta name=\"twitter:label1\" content=\"Escrit per\" \/>\n\t<meta name=\"twitter:data1\" content=\"AdHern\u00e1ndez\" \/>\n\t<meta name=\"twitter:label2\" content=\"Temps estimat de lectura\" \/>\n\t<meta name=\"twitter:data2\" content=\"5 minuts\" \/>\n<script type=\"application\/ld+json\" class=\"yoast-schema-graph\">{\"@context\":\"https:\\\/\\\/schema.org\",\"@graph\":[{\"@type\":\"Article\",\"@id\":\"https:\\\/\\\/adhernandez.com\\\/ca\\\/2025\\\/08\\\/21\\\/la-importancia-de-la-transparencia-i-comunicacio-en-la-gestio-comunitaria\\\/#article\",\"isPartOf\":{\"@id\":\"https:\\\/\\\/adhernandez.com\\\/ca\\\/2025\\\/08\\\/21\\\/la-importancia-de-la-transparencia-i-comunicacio-en-la-gestio-comunitaria\\\/\"},\"author\":{\"name\":\"AdHern\u00e1ndez\",\"@id\":\"https:\\\/\\\/adhernandez.com\\\/ca\\\/#\\\/schema\\\/person\\\/330b9c8828ff3a80ee8053b5fff0e848\"},\"headline\":\"La import\u00e0ncia de la transpar\u00e8ncia i comunicaci\u00f3 en la gesti\u00f3 comunit\u00e0ria\",\"datePublished\":\"2025-08-21T14:17:00+00:00\",\"dateModified\":\"2025-09-17T14:47:22+00:00\",\"mainEntityOfPage\":{\"@id\":\"https:\\\/\\\/adhernandez.com\\\/ca\\\/2025\\\/08\\\/21\\\/la-importancia-de-la-transparencia-i-comunicacio-en-la-gestio-comunitaria\\\/\"},\"wordCount\":1069,\"image\":{\"@id\":\"https:\\\/\\\/adhernandez.com\\\/ca\\\/2025\\\/08\\\/21\\\/la-importancia-de-la-transparencia-i-comunicacio-en-la-gestio-comunitaria\\\/#primaryimage\"},\"thumbnailUrl\":\"https:\\\/\\\/adhernandez.com\\\/wp-content\\\/uploads\\\/2025\\\/09\\\/transparencia-en-la-gestion-patrimonio.jpg\",\"articleSection\":[\"blog\",\"Propiedad Horizontal\"],\"inLanguage\":\"ca\"},{\"@type\":\"WebPage\",\"@id\":\"https:\\\/\\\/adhernandez.com\\\/ca\\\/2025\\\/08\\\/21\\\/la-importancia-de-la-transparencia-i-comunicacio-en-la-gestio-comunitaria\\\/\",\"url\":\"https:\\\/\\\/adhernandez.com\\\/ca\\\/2025\\\/08\\\/21\\\/la-importancia-de-la-transparencia-i-comunicacio-en-la-gestio-comunitaria\\\/\",\"name\":\"La import\u00e0ncia de la transpar\u00e8ncia i comunicaci\u00f3 en la gesti\u00f3 comunit\u00e0ria - Administraciones Hern\u00e1ndez\",\"isPartOf\":{\"@id\":\"https:\\\/\\\/adhernandez.com\\\/ca\\\/#website\"},\"primaryImageOfPage\":{\"@id\":\"https:\\\/\\\/adhernandez.com\\\/ca\\\/2025\\\/08\\\/21\\\/la-importancia-de-la-transparencia-i-comunicacio-en-la-gestio-comunitaria\\\/#primaryimage\"},\"image\":{\"@id\":\"https:\\\/\\\/adhernandez.com\\\/ca\\\/2025\\\/08\\\/21\\\/la-importancia-de-la-transparencia-i-comunicacio-en-la-gestio-comunitaria\\\/#primaryimage\"},\"thumbnailUrl\":\"https:\\\/\\\/adhernandez.com\\\/wp-content\\\/uploads\\\/2025\\\/09\\\/transparencia-en-la-gestion-patrimonio.jpg\",\"datePublished\":\"2025-08-21T14:17:00+00:00\",\"dateModified\":\"2025-09-17T14:47:22+00:00\",\"author\":{\"@id\":\"https:\\\/\\\/adhernandez.com\\\/ca\\\/#\\\/schema\\\/person\\\/330b9c8828ff3a80ee8053b5fff0e848\"},\"description\":\"La transpar\u00e8ncia i la comunicaci\u00f3 enforteixen la confian\u00e7a i la participaci\u00f3 en la gesti\u00f3 comunit\u00e0ria, clau per al desenvolupament sostenible.\",\"breadcrumb\":{\"@id\":\"https:\\\/\\\/adhernandez.com\\\/ca\\\/2025\\\/08\\\/21\\\/la-importancia-de-la-transparencia-i-comunicacio-en-la-gestio-comunitaria\\\/#breadcrumb\"},\"inLanguage\":\"ca\",\"potentialAction\":[{\"@type\":\"ReadAction\",\"target\":[\"https:\\\/\\\/adhernandez.com\\\/ca\\\/2025\\\/08\\\/21\\\/la-importancia-de-la-transparencia-i-comunicacio-en-la-gestio-comunitaria\\\/\"]}]},{\"@type\":\"ImageObject\",\"inLanguage\":\"ca\",\"@id\":\"https:\\\/\\\/adhernandez.com\\\/ca\\\/2025\\\/08\\\/21\\\/la-importancia-de-la-transparencia-i-comunicacio-en-la-gestio-comunitaria\\\/#primaryimage\",\"url\":\"https:\\\/\\\/adhernandez.com\\\/wp-content\\\/uploads\\\/2025\\\/09\\\/transparencia-en-la-gestion-patrimonio.jpg\",\"contentUrl\":\"https:\\\/\\\/adhernandez.com\\\/wp-content\\\/uploads\\\/2025\\\/09\\\/transparencia-en-la-gestion-patrimonio.jpg\",\"width\":800,\"height\":450,\"caption\":\"transparencia en la gesti\u00f3n patrimonio\"},{\"@type\":\"BreadcrumbList\",\"@id\":\"https:\\\/\\\/adhernandez.com\\\/ca\\\/2025\\\/08\\\/21\\\/la-importancia-de-la-transparencia-i-comunicacio-en-la-gestio-comunitaria\\\/#breadcrumb\",\"itemListElement\":[{\"@type\":\"ListItem\",\"position\":1,\"name\":\"Portada\",\"item\":\"https:\\\/\\\/adhernandez.com\\\/ca\\\/adhernandez-inicio\\\/\"},{\"@type\":\"ListItem\",\"position\":2,\"name\":\"La import\u00e0ncia de la transpar\u00e8ncia i comunicaci\u00f3 en la gesti\u00f3 comunit\u00e0ria\"}]},{\"@type\":\"WebSite\",\"@id\":\"https:\\\/\\\/adhernandez.com\\\/ca\\\/#website\",\"url\":\"https:\\\/\\\/adhernandez.com\\\/ca\\\/\",\"name\":\"Administraciones Hern\u00e1ndez\",\"description\":\"Equipo de profesionales con amplia experiencia en la gesti\u00f3n del patrimonio inmobiliario\",\"potentialAction\":[{\"@type\":\"SearchAction\",\"target\":{\"@type\":\"EntryPoint\",\"urlTemplate\":\"https:\\\/\\\/adhernandez.com\\\/ca\\\/?s={search_term_string}\"},\"query-input\":{\"@type\":\"PropertyValueSpecification\",\"valueRequired\":true,\"valueName\":\"search_term_string\"}}],\"inLanguage\":\"ca\"},{\"@type\":\"Person\",\"@id\":\"https:\\\/\\\/adhernandez.com\\\/ca\\\/#\\\/schema\\\/person\\\/330b9c8828ff3a80ee8053b5fff0e848\",\"name\":\"AdHern\u00e1ndez\",\"image\":{\"@type\":\"ImageObject\",\"inLanguage\":\"ca\",\"@id\":\"https:\\\/\\\/adhernandez.com\\\/wp-content\\\/litespeed\\\/avatar\\\/6b84e2484050905299b010a711cff345.jpg?ver=1777323059\",\"url\":\"https:\\\/\\\/adhernandez.com\\\/wp-content\\\/litespeed\\\/avatar\\\/6b84e2484050905299b010a711cff345.jpg?ver=1777323059\",\"contentUrl\":\"https:\\\/\\\/adhernandez.com\\\/wp-content\\\/litespeed\\\/avatar\\\/6b84e2484050905299b010a711cff345.jpg?ver=1777323059\",\"caption\":\"AdHern\u00e1ndez\"},\"url\":\"https:\\\/\\\/adhernandez.com\\\/ca\\\/author\\\/veronica\\\/\"}]}<\/script>\n<!-- \/ Yoast SEO plugin. -->","yoast_head_json":{"title":"La import\u00e0ncia de la transpar\u00e8ncia i comunicaci\u00f3 en la gesti\u00f3 comunit\u00e0ria - Administraciones Hern\u00e1ndez","description":"La transpar\u00e8ncia i la comunicaci\u00f3 enforteixen la confian\u00e7a i la participaci\u00f3 en la gesti\u00f3 comunit\u00e0ria, clau per al desenvolupament sostenible.","robots":{"index":"index","follow":"follow","max-snippet":"max-snippet:-1","max-image-preview":"max-image-preview:large","max-video-preview":"max-video-preview:-1"},"canonical":"https:\/\/adhernandez.com\/ca\/2025\/08\/21\/la-importancia-de-la-transparencia-i-comunicacio-en-la-gestio-comunitaria\/","og_locale":"ca_ES","og_type":"article","og_title":"La import\u00e0ncia de la transpar\u00e8ncia i comunicaci\u00f3 en la gesti\u00f3 comunit\u00e0ria - Administraciones Hern\u00e1ndez","og_description":"La transpar\u00e8ncia i la comunicaci\u00f3 enforteixen la confian\u00e7a i la participaci\u00f3 en la gesti\u00f3 comunit\u00e0ria, clau per al desenvolupament sostenible.","og_url":"https:\/\/adhernandez.com\/ca\/2025\/08\/21\/la-importancia-de-la-transparencia-i-comunicacio-en-la-gestio-comunitaria\/","og_site_name":"Administraciones Hern\u00e1ndez","article_published_time":"2025-08-21T14:17:00+00:00","article_modified_time":"2025-09-17T14:47:22+00:00","og_image":[{"width":800,"height":450,"url":"https:\/\/adhernandez.com\/wp-content\/uploads\/2025\/09\/transparencia-en-la-gestion-patrimonio.jpg","type":"image\/jpeg"}],"author":"AdHern\u00e1ndez","twitter_card":"summary_large_image","twitter_misc":{"Escrit per":"AdHern\u00e1ndez","Temps estimat de lectura":"5 minuts"},"schema":{"@context":"https:\/\/schema.org","@graph":[{"@type":"Article","@id":"https:\/\/adhernandez.com\/ca\/2025\/08\/21\/la-importancia-de-la-transparencia-i-comunicacio-en-la-gestio-comunitaria\/#article","isPartOf":{"@id":"https:\/\/adhernandez.com\/ca\/2025\/08\/21\/la-importancia-de-la-transparencia-i-comunicacio-en-la-gestio-comunitaria\/"},"author":{"name":"AdHern\u00e1ndez","@id":"https:\/\/adhernandez.com\/ca\/#\/schema\/person\/330b9c8828ff3a80ee8053b5fff0e848"},"headline":"La import\u00e0ncia de la transpar\u00e8ncia i comunicaci\u00f3 en la gesti\u00f3 comunit\u00e0ria","datePublished":"2025-08-21T14:17:00+00:00","dateModified":"2025-09-17T14:47:22+00:00","mainEntityOfPage":{"@id":"https:\/\/adhernandez.com\/ca\/2025\/08\/21\/la-importancia-de-la-transparencia-i-comunicacio-en-la-gestio-comunitaria\/"},"wordCount":1069,"image":{"@id":"https:\/\/adhernandez.com\/ca\/2025\/08\/21\/la-importancia-de-la-transparencia-i-comunicacio-en-la-gestio-comunitaria\/#primaryimage"},"thumbnailUrl":"https:\/\/adhernandez.com\/wp-content\/uploads\/2025\/09\/transparencia-en-la-gestion-patrimonio.jpg","articleSection":["blog","Propiedad Horizontal"],"inLanguage":"ca"},{"@type":"WebPage","@id":"https:\/\/adhernandez.com\/ca\/2025\/08\/21\/la-importancia-de-la-transparencia-i-comunicacio-en-la-gestio-comunitaria\/","url":"https:\/\/adhernandez.com\/ca\/2025\/08\/21\/la-importancia-de-la-transparencia-i-comunicacio-en-la-gestio-comunitaria\/","name":"La import\u00e0ncia de la transpar\u00e8ncia i comunicaci\u00f3 en la gesti\u00f3 comunit\u00e0ria - Administraciones Hern\u00e1ndez","isPartOf":{"@id":"https:\/\/adhernandez.com\/ca\/#website"},"primaryImageOfPage":{"@id":"https:\/\/adhernandez.com\/ca\/2025\/08\/21\/la-importancia-de-la-transparencia-i-comunicacio-en-la-gestio-comunitaria\/#primaryimage"},"image":{"@id":"https:\/\/adhernandez.com\/ca\/2025\/08\/21\/la-importancia-de-la-transparencia-i-comunicacio-en-la-gestio-comunitaria\/#primaryimage"},"thumbnailUrl":"https:\/\/adhernandez.com\/wp-content\/uploads\/2025\/09\/transparencia-en-la-gestion-patrimonio.jpg","datePublished":"2025-08-21T14:17:00+00:00","dateModified":"2025-09-17T14:47:22+00:00","author":{"@id":"https:\/\/adhernandez.com\/ca\/#\/schema\/person\/330b9c8828ff3a80ee8053b5fff0e848"},"description":"La transpar\u00e8ncia i la comunicaci\u00f3 enforteixen la confian\u00e7a i la participaci\u00f3 en la gesti\u00f3 comunit\u00e0ria, clau per al desenvolupament sostenible.","breadcrumb":{"@id":"https:\/\/adhernandez.com\/ca\/2025\/08\/21\/la-importancia-de-la-transparencia-i-comunicacio-en-la-gestio-comunitaria\/#breadcrumb"},"inLanguage":"ca","potentialAction":[{"@type":"ReadAction","target":["https:\/\/adhernandez.com\/ca\/2025\/08\/21\/la-importancia-de-la-transparencia-i-comunicacio-en-la-gestio-comunitaria\/"]}]},{"@type":"ImageObject","inLanguage":"ca","@id":"https:\/\/adhernandez.com\/ca\/2025\/08\/21\/la-importancia-de-la-transparencia-i-comunicacio-en-la-gestio-comunitaria\/#primaryimage","url":"https:\/\/adhernandez.com\/wp-content\/uploads\/2025\/09\/transparencia-en-la-gestion-patrimonio.jpg","contentUrl":"https:\/\/adhernandez.com\/wp-content\/uploads\/2025\/09\/transparencia-en-la-gestion-patrimonio.jpg","width":800,"height":450,"caption":"transparencia en la gesti\u00f3n patrimonio"},{"@type":"BreadcrumbList","@id":"https:\/\/adhernandez.com\/ca\/2025\/08\/21\/la-importancia-de-la-transparencia-i-comunicacio-en-la-gestio-comunitaria\/#breadcrumb","itemListElement":[{"@type":"ListItem","position":1,"name":"Portada","item":"https:\/\/adhernandez.com\/ca\/adhernandez-inicio\/"},{"@type":"ListItem","position":2,"name":"La import\u00e0ncia de la transpar\u00e8ncia i comunicaci\u00f3 en la gesti\u00f3 comunit\u00e0ria"}]},{"@type":"WebSite","@id":"https:\/\/adhernandez.com\/ca\/#website","url":"https:\/\/adhernandez.com\/ca\/","name":"Administraciones Hern\u00e1ndez","description":"Equipo de profesionales con amplia experiencia en la gesti\u00f3n del patrimonio inmobiliario","potentialAction":[{"@type":"SearchAction","target":{"@type":"EntryPoint","urlTemplate":"https:\/\/adhernandez.com\/ca\/?s={search_term_string}"},"query-input":{"@type":"PropertyValueSpecification","valueRequired":true,"valueName":"search_term_string"}}],"inLanguage":"ca"},{"@type":"Person","@id":"https:\/\/adhernandez.com\/ca\/#\/schema\/person\/330b9c8828ff3a80ee8053b5fff0e848","name":"AdHern\u00e1ndez","image":{"@type":"ImageObject","inLanguage":"ca","@id":"https:\/\/adhernandez.com\/wp-content\/litespeed\/avatar\/6b84e2484050905299b010a711cff345.jpg?ver=1777323059","url":"https:\/\/adhernandez.com\/wp-content\/litespeed\/avatar\/6b84e2484050905299b010a711cff345.jpg?ver=1777323059","contentUrl":"https:\/\/adhernandez.com\/wp-content\/litespeed\/avatar\/6b84e2484050905299b010a711cff345.jpg?ver=1777323059","caption":"AdHern\u00e1ndez"},"url":"https:\/\/adhernandez.com\/ca\/author\/veronica\/"}]}},"_links":{"self":[{"href":"https:\/\/adhernandez.com\/ca\/wp-json\/wp\/v2\/posts\/32068","targetHints":{"allow":["GET"]}}],"collection":[{"href":"https:\/\/adhernandez.com\/ca\/wp-json\/wp\/v2\/posts"}],"about":[{"href":"https:\/\/adhernandez.com\/ca\/wp-json\/wp\/v2\/types\/post"}],"author":[{"embeddable":true,"href":"https:\/\/adhernandez.com\/ca\/wp-json\/wp\/v2\/users\/6"}],"replies":[{"embeddable":true,"href":"https:\/\/adhernandez.com\/ca\/wp-json\/wp\/v2\/comments?post=32068"}],"version-history":[{"count":1,"href":"https:\/\/adhernandez.com\/ca\/wp-json\/wp\/v2\/posts\/32068\/revisions"}],"predecessor-version":[{"id":32069,"href":"https:\/\/adhernandez.com\/ca\/wp-json\/wp\/v2\/posts\/32068\/revisions\/32069"}],"wp:featuredmedia":[{"embeddable":true,"href":"https:\/\/adhernandez.com\/ca\/wp-json\/wp\/v2\/media\/32062"}],"wp:attachment":[{"href":"https:\/\/adhernandez.com\/ca\/wp-json\/wp\/v2\/media?parent=32068"}],"wp:term":[{"taxonomy":"category","embeddable":true,"href":"https:\/\/adhernandez.com\/ca\/wp-json\/wp\/v2\/categories?post=32068"},{"taxonomy":"post_tag","embeddable":true,"href":"https:\/\/adhernandez.com\/ca\/wp-json\/wp\/v2\/tags?post=32068"}],"curies":[{"name":"wp","href":"https:\/\/api.w.org\/{rel}","templated":true}]}}