{"id":32066,"date":"2025-08-14T14:12:00","date_gmt":"2025-08-14T14:12:00","guid":{"rendered":"https:\/\/adhernandez.com\/2025\/09\/02\/normativa-sobre-mascotes-en-comunitats-de-veins\/"},"modified":"2025-09-02T14:19:13","modified_gmt":"2025-09-02T14:19:13","slug":"normativa-sobre-mascotes-en-comunitats-de-veins","status":"publish","type":"post","link":"https:\/\/adhernandez.com\/ca\/2025\/08\/14\/normativa-sobre-mascotes-en-comunitats-de-veins\/","title":{"rendered":"Normativa sobre Mascotes en Comunitats de Ve\u00efns"},"content":{"rendered":"\t\t<div data-elementor-type=\"wp-post\" data-elementor-id=\"32066\" class=\"elementor elementor-32066 elementor-32037\">\n\t\t\t\t\t\t<section class=\"elementor-section elementor-top-section elementor-element elementor-element-e14bb35 elementor-section-boxed elementor-section-height-default elementor-section-height-default\" data-id=\"e14bb35\" data-element_type=\"section\" data-e-type=\"section\">\n\t\t\t\t\t\t<div class=\"elementor-container elementor-column-gap-default\">\n\t\t\t\t\t<div class=\"elementor-column elementor-col-100 elementor-top-column elementor-element elementor-element-9d1af95\" data-id=\"9d1af95\" data-element_type=\"column\" data-e-type=\"column\">\n\t\t\t<div class=\"elementor-widget-wrap elementor-element-populated\">\n\t\t\t\t\t\t<div class=\"elementor-element elementor-element-0d3940e elementor-widget elementor-widget-text-editor\" data-id=\"0d3940e\" data-element_type=\"widget\" data-e-type=\"widget\" data-widget_type=\"text-editor.default\">\n\t\t\t\t\t\t\t\t\t<p>La tinen\u00e7a de mascotes en les comunitats de ve\u00efns, especialment en una ciutat com Barcelona, es regeix per un marc normatiu que compr\u00e8n legislaci\u00f3 auton\u00f2mica, local i els propis estatuts de les comunitats de propietaris. Aquest article exposa amb objectivitat el context legal i les implicacions pr\u00e0ctiques d&#8217;aquesta normativa, permetent a propietaris, ve\u00efns i administradors comprendre l&#8217;equilibri necessari per a una conviv\u00e8ncia harm\u00f2nica.<\/p>\n\t\t\t\t\t\t\t\t<\/div>\n\t\t\t\t<div class=\"elementor-element elementor-element-0ea2233 elementor-widget elementor-widget-heading\" data-id=\"0ea2233\" data-element_type=\"widget\" data-e-type=\"widget\" data-widget_type=\"heading.default\">\n\t\t\t\t\t<h2 class=\"elementor-heading-title elementor-size-default\"> Legislaci\u00f3 Auton\u00f2mica: Llei 2\/2008 de Protecci\u00f3 dels Animals a Catalunya<\/h2>\t\t\t\t<\/div>\n\t\t\t\t<div class=\"elementor-element elementor-element-3bc3047 elementor-widget elementor-widget-text-editor\" data-id=\"3bc3047\" data-element_type=\"widget\" data-e-type=\"widget\" data-widget_type=\"text-editor.default\">\n\t\t\t\t\t\t\t\t\t<p>A Catalunya, la tinen\u00e7a d&#8217;animals est\u00e0 regulada principalment per la Llei 2\/2008 de Protecci\u00f3 dels Animals. Aquesta legislaci\u00f3 estableix que els propietaris han de mantenir als seus animals en condicions que garanteixin el seu benestar f\u00edsic i sanitari. S&#8217;exigeix, a m\u00e9s, la identificaci\u00f3 obligat\u00f2ria mitjan\u00e7ant microxip i la responsabilitat a evitar mol\u00e8sties a tercers. Encara que aquesta llei protegeix els animals com a \u00e9ssers sintientes, tamb\u00e9 imposa l\u00edmits sobre la conducta dels seus amos per a evitar pertorbacions en la comunitat. El manteniment higienicosanitari \u00e9s un requisit fonamental, aix\u00ed com la prevenci\u00f3 de sorolls o conductes molestes originades pels animals.<\/p>\n\t\t\t\t\t\t\t\t<\/div>\n\t\t\t\t<div class=\"elementor-element elementor-element-8c57557 elementor-widget elementor-widget-heading\" data-id=\"8c57557\" data-element_type=\"widget\" data-e-type=\"widget\" data-widget_type=\"heading.default\">\n\t\t\t\t\t<h2 class=\"elementor-heading-title elementor-size-default\"> Normativa Local de Barcelona i l'Ajuntament<\/h2>\t\t\t\t<\/div>\n\t\t\t\t<div class=\"elementor-element elementor-element-9ca6945 elementor-widget elementor-widget-text-editor\" data-id=\"9ca6945\" data-element_type=\"widget\" data-e-type=\"widget\" data-widget_type=\"text-editor.default\">\n\t\t\t\t\t\t\t\t\t<p>L&#8217;Ajuntament de Barcelona delimita aspectes espec\u00edfics relacionats amb la tinen\u00e7a responsable d&#8217;animals dom\u00e8stics. D&#8217;entre les seves normatives destaca l&#8217;obligaci\u00f3 de censar els animals en el municipi en el termini estipulat despr\u00e9s del seu naixement o adquisici\u00f3. A m\u00e9s, aplica regulacions sobre el control de la pres\u00e8ncia de mascotes en espais p\u00fablics i privats, especialment en zones comunes d&#8217;edificis residencials. Tamb\u00e9 s&#8217;estableixen normes per a evitar que els animals dipositin excrements en llocs p\u00fablics o privats, exigint la neteja immediata amb productes biodegradables. Identificaci\u00f3 amb microxip i xapa amb dades del propietari s\u00f3n requisits prevalents per a garantir la localitzaci\u00f3 de l&#8217;animal en cas de p\u00e8rdua o incid\u00e8ncia.<\/p>\n\t\t\t\t\t\t\t\t<\/div>\n\t\t\t\t<div class=\"elementor-element elementor-element-8ee7733 elementor-widget elementor-widget-image\" data-id=\"8ee7733\" data-element_type=\"widget\" data-e-type=\"widget\" data-widget_type=\"image.default\">\n\t\t\t\t\t\t\t\t\t\t\t\t\t\t\t<img fetchpriority=\"high\" decoding=\"async\" width=\"800\" height=\"450\" src=\"https:\/\/adhernandez.com\/wp-content\/uploads\/2025\/08\/normativa-mascotas-comunidad.jpg\" class=\"attachment-large size-large wp-image-32042\" alt=\"normativa mascotas comunidad\" srcset=\"https:\/\/adhernandez.com\/wp-content\/uploads\/2025\/08\/normativa-mascotas-comunidad.jpg 800w, https:\/\/adhernandez.com\/wp-content\/uploads\/2025\/08\/normativa-mascotas-comunidad-300x169.jpg 300w, https:\/\/adhernandez.com\/wp-content\/uploads\/2025\/08\/normativa-mascotas-comunidad-768x432.jpg 768w, https:\/\/adhernandez.com\/wp-content\/uploads\/2025\/08\/normativa-mascotas-comunidad-496x279.jpg 496w\" sizes=\"(max-width: 800px) 100vw, 800px\" \/>\t\t\t\t\t\t\t\t\t\t\t\t\t\t\t<\/div>\n\t\t\t\t<div class=\"elementor-element elementor-element-48f47eb elementor-widget elementor-widget-heading\" data-id=\"48f47eb\" data-element_type=\"widget\" data-e-type=\"widget\" data-widget_type=\"heading.default\">\n\t\t\t\t\t<h2 class=\"elementor-heading-title elementor-size-default\"> Llei de Propietat Horitzontal i la seva Aplicaci\u00f3 en Comunitats<\/h2>\t\t\t\t<\/div>\n\t\t\t\t<div class=\"elementor-element elementor-element-7061af6 elementor-widget elementor-widget-text-editor\" data-id=\"7061af6\" data-element_type=\"widget\" data-e-type=\"widget\" data-widget_type=\"text-editor.default\">\n\t\t\t\t\t\t\t\t\t<p>La Llei de Propietat Horitzontal, que regula la conviv\u00e8ncia en comunitats de propietaris, no prohibeix expl\u00edcitament la tinen\u00e7a de mascotes en els habitatges privatius. No obstant aix\u00f2, s\u00ed que faculta a les comunitats per a establir limitacions en l&#8217;\u00fas i acc\u00e9s de les mascotes a les zones comunes. Aquests l\u00edmits han d&#8217;estar rigorosament justificats i respectar el dret a la propietat privada, la qual cosa implica que no pot establir-se una prohibici\u00f3 absoluta de mascotes dins dels domicilis excepte causes excepcionals.<\/p>\n<p>Addicionalment, la Llei assenyala que les activitats dins dels immobles no han de ser molestes, insalubres ni perjudicials per a la finca o per als altres ve\u00efns. Aquesta premissa \u00e9s la base per a restringir conductes que generin danys, sorolls excessius o altres inconvenients derivats de les mascotes. Per aix\u00f2, els estatuts o acords adoptats per la comunitat poden contemplar, per exemple, prohibicions o restriccions per a l&#8217;acc\u00e9s dels animals a determinats espais comuns, com a ascensors, jardins o piscines.<\/p>\n\t\t\t\t\t\t\t\t<\/div>\n\t\t\t\t<div class=\"elementor-element elementor-element-76c04a9 elementor-widget elementor-widget-image\" data-id=\"76c04a9\" data-element_type=\"widget\" data-e-type=\"widget\" data-widget_type=\"image.default\">\n\t\t\t\t\t\t\t\t\t\t\t\t\t\t\t<img decoding=\"async\" width=\"800\" height=\"450\" src=\"https:\/\/adhernandez.com\/wp-content\/uploads\/2025\/08\/normativa-mascotas.jpg\" class=\"attachment-large size-large wp-image-32044\" alt=\"normativa mascotas\" srcset=\"https:\/\/adhernandez.com\/wp-content\/uploads\/2025\/08\/normativa-mascotas.jpg 800w, https:\/\/adhernandez.com\/wp-content\/uploads\/2025\/08\/normativa-mascotas-300x169.jpg 300w, https:\/\/adhernandez.com\/wp-content\/uploads\/2025\/08\/normativa-mascotas-768x432.jpg 768w, https:\/\/adhernandez.com\/wp-content\/uploads\/2025\/08\/normativa-mascotas-496x279.jpg 496w\" sizes=\"(max-width: 800px) 100vw, 800px\" \/>\t\t\t\t\t\t\t\t\t\t\t\t\t\t\t<\/div>\n\t\t\t\t<div class=\"elementor-element elementor-element-26acc64 elementor-widget elementor-widget-heading\" data-id=\"26acc64\" data-element_type=\"widget\" data-e-type=\"widget\" data-widget_type=\"heading.default\">\n\t\t\t\t\t<h2 class=\"elementor-heading-title elementor-size-default\"> Drets i Obligacions dels Propietaris i la Comunitat<\/h2>\t\t\t\t<\/div>\n\t\t\t\t<div class=\"elementor-element elementor-element-dbaea31 elementor-widget elementor-widget-text-editor\" data-id=\"dbaea31\" data-element_type=\"widget\" data-e-type=\"widget\" data-widget_type=\"text-editor.default\">\n\t\t\t\t\t\t\t\t\t<p>Els propietaris tenen dret a tenir mascotes en els seus habitatges, sempre que compleixin amb la normativa vigent i no pertorbin la conviv\u00e8ncia. Han de mantenir als seus animals en condicions adequades, assegurant que no generin sorolls molestos, danys o cap perill per a altres residents. S\u00f3n responsables directes dels danys o brut\u00edcia que les mascotes puguin causar en les \u00e0rees comunes, havent de procedir a la seva reparaci\u00f3 o neteja immediata.<\/p>\n<p>D&#8217;altra banda, les comunitats de propietaris, representades habitualment per l&#8217;administrador de finques i la junta, han de gestionar aquestes situacions amb una perspectiva que busqui l&#8217;equilibri entre els drets individuals i el benestar col\u00b7lectiu. La imposici\u00f3 de limitacions ha de reflectir acords majoritaris i estar fonamentada a evitar mol\u00e8sties reals i provades.<\/p>\n\t\t\t\t\t\t\t\t<\/div>\n\t\t\t\t<div class=\"elementor-element elementor-element-b7a9509 elementor-widget elementor-widget-heading\" data-id=\"b7a9509\" data-element_type=\"widget\" data-e-type=\"widget\" data-widget_type=\"heading.default\">\n\t\t\t\t\t<h2 class=\"elementor-heading-title elementor-size-default\">Conviv\u00e8ncia i Resoluci\u00f3 de Conflictes<\/h2>\t\t\t\t<\/div>\n\t\t\t\t<div class=\"elementor-element elementor-element-688d880 elementor-widget elementor-widget-text-editor\" data-id=\"688d880\" data-element_type=\"widget\" data-e-type=\"widget\" data-widget_type=\"text-editor.default\">\n\t\t\t\t\t\t\t\t\t<p>La conviv\u00e8ncia en comunitats amb mascotes requereix una gesti\u00f3 acurada per a minimitzar conflictes entre ve\u00efns. La legislaci\u00f3 catalana i local promouen la comunicaci\u00f3 i el di\u00e0leg com a modes preferents per a resoldre discrep\u00e0ncies. En cas d&#8217;incompliment de les normatives, els afectats poden rec\u00f3rrer a la via judicial per a reclamar el cessament de la mol\u00e8stia i, si \u00e9s el cas, la reparaci\u00f3 de danys.<\/p>\n<p>\u00c9s fonamental que les comunitats elaborin normes clares i consensuades per a la tinen\u00e7a d&#8217;animals, respectant el marc legal i fomentant el respecte mutu. La figura de l&#8217;administrador de finques, com en el cas de AdHern\u00e1ndez a Barcelona, resulta clau per a assessorar jur\u00eddicament les comunitats i mediar en conflictes, garantint la correcta aplicaci\u00f3 de les normatives.<\/p>\n\t\t\t\t\t\t\t\t<\/div>\n\t\t\t\t<div class=\"elementor-element elementor-element-3a8405c elementor-widget elementor-widget-heading\" data-id=\"3a8405c\" data-element_type=\"widget\" data-e-type=\"widget\" data-widget_type=\"heading.default\">\n\t\t\t\t\t<h2 class=\"elementor-heading-title elementor-size-default\">Conclusi\u00f3<\/h2>\t\t\t\t<\/div>\n\t\t\t\t<div class=\"elementor-element elementor-element-d327290 elementor-widget elementor-widget-text-editor\" data-id=\"d327290\" data-element_type=\"widget\" data-e-type=\"widget\" data-widget_type=\"text-editor.default\">\n\t\t\t\t\t\t\t\t\t<p>La normativa sobre la tinen\u00e7a de mascotes en les comunitats de ve\u00efns de Barcelona es basa en un entramat legal que busca protegir tant els animals com a la conviv\u00e8ncia ve\u00efnal. La Llei 2\/2008 de Protecci\u00f3 dels Animals, les disposicions municipals i la Llei de Propietat Horitzontal constitueixen el marc normatiu principal. En aquest context, \u00e9s possible posseir mascotes en habitatges, per\u00f2 amb unes certes limitacions especialment en les zones comunes per a respectar el dret de tots els residents.<\/p>\n<p>Les comunitats han de gestionar aquestes normatives de manera equilibrada i precisa, amb la col\u00b7laboraci\u00f3 activa de professionals administratius i legals. Aix\u00ed, la conviv\u00e8ncia pac\u00edfica en l&#8217;entorn comunitari es mant\u00e9, respectant drets i responsabilitats per igual.<\/p>\n<p>Aquest enfocament normatiu i pr\u00e0ctic proporciona seguretat jur\u00eddica i eines als propietaris, administradors i ve\u00efns per a gestionar la tinen\u00e7a de mascotes conforme a la legislaci\u00f3 vigent a la ciutat de Barcelona.<\/p>\n\t\t\t\t\t\t\t\t<\/div>\n\t\t\t\t\t<\/div>\n\t\t<\/div>\n\t\t\t\t\t<\/div>\n\t\t<\/section>\n\t\t\t\t<\/div>\n\t\t","protected":false},"excerpt":{"rendered":"<p>Coneix la normativa sobre mascotes en comunitats de ve\u00efns: drets, obligacions i conviv\u00e8ncia responsable entre propietaris.<\/p>\n","protected":false},"author":6,"featured_media":32045,"comment_status":"closed","ping_status":"closed","sticky":false,"template":"","format":"standard","meta":{"footnotes":""},"categories":[378,365],"tags":[],"class_list":["post-32066","post","type-post","status-publish","format-standard","has-post-thumbnail","hentry","category-blog-ca","category-propiedad-horizontal-ca"],"yoast_head":"<!-- This site is optimized with the Yoast SEO plugin v27.4 - https:\/\/yoast.com\/product\/yoast-seo-wordpress\/ -->\n<title>Normativa sobre Mascotes en Comunitats de Ve\u00efns - Administraciones Hern\u00e1ndez<\/title>\n<meta name=\"description\" content=\"Coneix la normativa sobre mascotes en comunitats de ve\u00efns: drets, obligacions i conviv\u00e8ncia responsable entre propietaris.\" \/>\n<meta name=\"robots\" content=\"index, follow, max-snippet:-1, max-image-preview:large, max-video-preview:-1\" \/>\n<link rel=\"canonical\" href=\"https:\/\/adhernandez.com\/ca\/2025\/08\/14\/normativa-sobre-mascotes-en-comunitats-de-veins\/\" \/>\n<meta property=\"og:locale\" content=\"ca_ES\" \/>\n<meta property=\"og:type\" content=\"article\" \/>\n<meta property=\"og:title\" content=\"Normativa sobre Mascotes en Comunitats de Ve\u00efns - Administraciones Hern\u00e1ndez\" \/>\n<meta property=\"og:description\" content=\"Coneix la normativa sobre mascotes en comunitats de ve\u00efns: drets, obligacions i conviv\u00e8ncia responsable entre propietaris.\" \/>\n<meta property=\"og:url\" content=\"https:\/\/adhernandez.com\/ca\/2025\/08\/14\/normativa-sobre-mascotes-en-comunitats-de-veins\/\" \/>\n<meta property=\"og:site_name\" content=\"Administraciones Hern\u00e1ndez\" \/>\n<meta property=\"article:published_time\" content=\"2025-08-14T14:12:00+00:00\" \/>\n<meta property=\"article:modified_time\" content=\"2025-09-02T14:19:13+00:00\" \/>\n<meta property=\"og:image\" content=\"https:\/\/adhernandez.com\/wp-content\/uploads\/2025\/08\/mascotas-comunidad-vecinos.jpg\" \/>\n\t<meta property=\"og:image:width\" content=\"800\" \/>\n\t<meta property=\"og:image:height\" content=\"450\" \/>\n\t<meta property=\"og:image:type\" content=\"image\/jpeg\" \/>\n<meta name=\"author\" content=\"AdHern\u00e1ndez\" \/>\n<meta name=\"twitter:card\" content=\"summary_large_image\" \/>\n<meta name=\"twitter:label1\" content=\"Escrit per\" \/>\n\t<meta name=\"twitter:data1\" content=\"AdHern\u00e1ndez\" \/>\n\t<meta name=\"twitter:label2\" content=\"Temps estimat de lectura\" \/>\n\t<meta name=\"twitter:data2\" content=\"5 minuts\" \/>\n<script type=\"application\/ld+json\" class=\"yoast-schema-graph\">{\"@context\":\"https:\\\/\\\/schema.org\",\"@graph\":[{\"@type\":\"Article\",\"@id\":\"https:\\\/\\\/adhernandez.com\\\/ca\\\/2025\\\/08\\\/14\\\/normativa-sobre-mascotes-en-comunitats-de-veins\\\/#article\",\"isPartOf\":{\"@id\":\"https:\\\/\\\/adhernandez.com\\\/ca\\\/2025\\\/08\\\/14\\\/normativa-sobre-mascotes-en-comunitats-de-veins\\\/\"},\"author\":{\"name\":\"AdHern\u00e1ndez\",\"@id\":\"https:\\\/\\\/adhernandez.com\\\/ca\\\/#\\\/schema\\\/person\\\/330b9c8828ff3a80ee8053b5fff0e848\"},\"headline\":\"Normativa sobre Mascotes en Comunitats de Ve\u00efns\",\"datePublished\":\"2025-08-14T14:12:00+00:00\",\"dateModified\":\"2025-09-02T14:19:13+00:00\",\"mainEntityOfPage\":{\"@id\":\"https:\\\/\\\/adhernandez.com\\\/ca\\\/2025\\\/08\\\/14\\\/normativa-sobre-mascotes-en-comunitats-de-veins\\\/\"},\"wordCount\":932,\"image\":{\"@id\":\"https:\\\/\\\/adhernandez.com\\\/ca\\\/2025\\\/08\\\/14\\\/normativa-sobre-mascotes-en-comunitats-de-veins\\\/#primaryimage\"},\"thumbnailUrl\":\"https:\\\/\\\/adhernandez.com\\\/wp-content\\\/uploads\\\/2025\\\/08\\\/mascotas-comunidad-vecinos.jpg\",\"articleSection\":[\"blog\",\"Propiedad Horizontal\"],\"inLanguage\":\"ca\"},{\"@type\":\"WebPage\",\"@id\":\"https:\\\/\\\/adhernandez.com\\\/ca\\\/2025\\\/08\\\/14\\\/normativa-sobre-mascotes-en-comunitats-de-veins\\\/\",\"url\":\"https:\\\/\\\/adhernandez.com\\\/ca\\\/2025\\\/08\\\/14\\\/normativa-sobre-mascotes-en-comunitats-de-veins\\\/\",\"name\":\"Normativa sobre Mascotes en Comunitats de Ve\u00efns - Administraciones Hern\u00e1ndez\",\"isPartOf\":{\"@id\":\"https:\\\/\\\/adhernandez.com\\\/ca\\\/#website\"},\"primaryImageOfPage\":{\"@id\":\"https:\\\/\\\/adhernandez.com\\\/ca\\\/2025\\\/08\\\/14\\\/normativa-sobre-mascotes-en-comunitats-de-veins\\\/#primaryimage\"},\"image\":{\"@id\":\"https:\\\/\\\/adhernandez.com\\\/ca\\\/2025\\\/08\\\/14\\\/normativa-sobre-mascotes-en-comunitats-de-veins\\\/#primaryimage\"},\"thumbnailUrl\":\"https:\\\/\\\/adhernandez.com\\\/wp-content\\\/uploads\\\/2025\\\/08\\\/mascotas-comunidad-vecinos.jpg\",\"datePublished\":\"2025-08-14T14:12:00+00:00\",\"dateModified\":\"2025-09-02T14:19:13+00:00\",\"author\":{\"@id\":\"https:\\\/\\\/adhernandez.com\\\/ca\\\/#\\\/schema\\\/person\\\/330b9c8828ff3a80ee8053b5fff0e848\"},\"description\":\"Coneix la normativa sobre mascotes en comunitats de ve\u00efns: drets, obligacions i conviv\u00e8ncia responsable entre propietaris.\",\"breadcrumb\":{\"@id\":\"https:\\\/\\\/adhernandez.com\\\/ca\\\/2025\\\/08\\\/14\\\/normativa-sobre-mascotes-en-comunitats-de-veins\\\/#breadcrumb\"},\"inLanguage\":\"ca\",\"potentialAction\":[{\"@type\":\"ReadAction\",\"target\":[\"https:\\\/\\\/adhernandez.com\\\/ca\\\/2025\\\/08\\\/14\\\/normativa-sobre-mascotes-en-comunitats-de-veins\\\/\"]}]},{\"@type\":\"ImageObject\",\"inLanguage\":\"ca\",\"@id\":\"https:\\\/\\\/adhernandez.com\\\/ca\\\/2025\\\/08\\\/14\\\/normativa-sobre-mascotes-en-comunitats-de-veins\\\/#primaryimage\",\"url\":\"https:\\\/\\\/adhernandez.com\\\/wp-content\\\/uploads\\\/2025\\\/08\\\/mascotas-comunidad-vecinos.jpg\",\"contentUrl\":\"https:\\\/\\\/adhernandez.com\\\/wp-content\\\/uploads\\\/2025\\\/08\\\/mascotas-comunidad-vecinos.jpg\",\"width\":800,\"height\":450,\"caption\":\"mascotas comunidad vecinos\"},{\"@type\":\"BreadcrumbList\",\"@id\":\"https:\\\/\\\/adhernandez.com\\\/ca\\\/2025\\\/08\\\/14\\\/normativa-sobre-mascotes-en-comunitats-de-veins\\\/#breadcrumb\",\"itemListElement\":[{\"@type\":\"ListItem\",\"position\":1,\"name\":\"Portada\",\"item\":\"https:\\\/\\\/adhernandez.com\\\/ca\\\/adhernandez-inicio\\\/\"},{\"@type\":\"ListItem\",\"position\":2,\"name\":\"Normativa sobre Mascotes en Comunitats de Ve\u00efns\"}]},{\"@type\":\"WebSite\",\"@id\":\"https:\\\/\\\/adhernandez.com\\\/ca\\\/#website\",\"url\":\"https:\\\/\\\/adhernandez.com\\\/ca\\\/\",\"name\":\"Administraciones Hern\u00e1ndez\",\"description\":\"Equipo de profesionales con amplia experiencia en la gesti\u00f3n del patrimonio inmobiliario\",\"potentialAction\":[{\"@type\":\"SearchAction\",\"target\":{\"@type\":\"EntryPoint\",\"urlTemplate\":\"https:\\\/\\\/adhernandez.com\\\/ca\\\/?s={search_term_string}\"},\"query-input\":{\"@type\":\"PropertyValueSpecification\",\"valueRequired\":true,\"valueName\":\"search_term_string\"}}],\"inLanguage\":\"ca\"},{\"@type\":\"Person\",\"@id\":\"https:\\\/\\\/adhernandez.com\\\/ca\\\/#\\\/schema\\\/person\\\/330b9c8828ff3a80ee8053b5fff0e848\",\"name\":\"AdHern\u00e1ndez\",\"image\":{\"@type\":\"ImageObject\",\"inLanguage\":\"ca\",\"@id\":\"https:\\\/\\\/adhernandez.com\\\/wp-content\\\/litespeed\\\/avatar\\\/6b84e2484050905299b010a711cff345.jpg?ver=1777323059\",\"url\":\"https:\\\/\\\/adhernandez.com\\\/wp-content\\\/litespeed\\\/avatar\\\/6b84e2484050905299b010a711cff345.jpg?ver=1777323059\",\"contentUrl\":\"https:\\\/\\\/adhernandez.com\\\/wp-content\\\/litespeed\\\/avatar\\\/6b84e2484050905299b010a711cff345.jpg?ver=1777323059\",\"caption\":\"AdHern\u00e1ndez\"},\"url\":\"https:\\\/\\\/adhernandez.com\\\/ca\\\/author\\\/veronica\\\/\"}]}<\/script>\n<!-- \/ Yoast SEO plugin. -->","yoast_head_json":{"title":"Normativa sobre Mascotes en Comunitats de Ve\u00efns - Administraciones Hern\u00e1ndez","description":"Coneix la normativa sobre mascotes en comunitats de ve\u00efns: drets, obligacions i conviv\u00e8ncia responsable entre propietaris.","robots":{"index":"index","follow":"follow","max-snippet":"max-snippet:-1","max-image-preview":"max-image-preview:large","max-video-preview":"max-video-preview:-1"},"canonical":"https:\/\/adhernandez.com\/ca\/2025\/08\/14\/normativa-sobre-mascotes-en-comunitats-de-veins\/","og_locale":"ca_ES","og_type":"article","og_title":"Normativa sobre Mascotes en Comunitats de Ve\u00efns - Administraciones Hern\u00e1ndez","og_description":"Coneix la normativa sobre mascotes en comunitats de ve\u00efns: drets, obligacions i conviv\u00e8ncia responsable entre propietaris.","og_url":"https:\/\/adhernandez.com\/ca\/2025\/08\/14\/normativa-sobre-mascotes-en-comunitats-de-veins\/","og_site_name":"Administraciones Hern\u00e1ndez","article_published_time":"2025-08-14T14:12:00+00:00","article_modified_time":"2025-09-02T14:19:13+00:00","og_image":[{"width":800,"height":450,"url":"https:\/\/adhernandez.com\/wp-content\/uploads\/2025\/08\/mascotas-comunidad-vecinos.jpg","type":"image\/jpeg"}],"author":"AdHern\u00e1ndez","twitter_card":"summary_large_image","twitter_misc":{"Escrit per":"AdHern\u00e1ndez","Temps estimat de lectura":"5 minuts"},"schema":{"@context":"https:\/\/schema.org","@graph":[{"@type":"Article","@id":"https:\/\/adhernandez.com\/ca\/2025\/08\/14\/normativa-sobre-mascotes-en-comunitats-de-veins\/#article","isPartOf":{"@id":"https:\/\/adhernandez.com\/ca\/2025\/08\/14\/normativa-sobre-mascotes-en-comunitats-de-veins\/"},"author":{"name":"AdHern\u00e1ndez","@id":"https:\/\/adhernandez.com\/ca\/#\/schema\/person\/330b9c8828ff3a80ee8053b5fff0e848"},"headline":"Normativa sobre Mascotes en Comunitats de Ve\u00efns","datePublished":"2025-08-14T14:12:00+00:00","dateModified":"2025-09-02T14:19:13+00:00","mainEntityOfPage":{"@id":"https:\/\/adhernandez.com\/ca\/2025\/08\/14\/normativa-sobre-mascotes-en-comunitats-de-veins\/"},"wordCount":932,"image":{"@id":"https:\/\/adhernandez.com\/ca\/2025\/08\/14\/normativa-sobre-mascotes-en-comunitats-de-veins\/#primaryimage"},"thumbnailUrl":"https:\/\/adhernandez.com\/wp-content\/uploads\/2025\/08\/mascotas-comunidad-vecinos.jpg","articleSection":["blog","Propiedad Horizontal"],"inLanguage":"ca"},{"@type":"WebPage","@id":"https:\/\/adhernandez.com\/ca\/2025\/08\/14\/normativa-sobre-mascotes-en-comunitats-de-veins\/","url":"https:\/\/adhernandez.com\/ca\/2025\/08\/14\/normativa-sobre-mascotes-en-comunitats-de-veins\/","name":"Normativa sobre Mascotes en Comunitats de Ve\u00efns - Administraciones Hern\u00e1ndez","isPartOf":{"@id":"https:\/\/adhernandez.com\/ca\/#website"},"primaryImageOfPage":{"@id":"https:\/\/adhernandez.com\/ca\/2025\/08\/14\/normativa-sobre-mascotes-en-comunitats-de-veins\/#primaryimage"},"image":{"@id":"https:\/\/adhernandez.com\/ca\/2025\/08\/14\/normativa-sobre-mascotes-en-comunitats-de-veins\/#primaryimage"},"thumbnailUrl":"https:\/\/adhernandez.com\/wp-content\/uploads\/2025\/08\/mascotas-comunidad-vecinos.jpg","datePublished":"2025-08-14T14:12:00+00:00","dateModified":"2025-09-02T14:19:13+00:00","author":{"@id":"https:\/\/adhernandez.com\/ca\/#\/schema\/person\/330b9c8828ff3a80ee8053b5fff0e848"},"description":"Coneix la normativa sobre mascotes en comunitats de ve\u00efns: drets, obligacions i conviv\u00e8ncia responsable entre propietaris.","breadcrumb":{"@id":"https:\/\/adhernandez.com\/ca\/2025\/08\/14\/normativa-sobre-mascotes-en-comunitats-de-veins\/#breadcrumb"},"inLanguage":"ca","potentialAction":[{"@type":"ReadAction","target":["https:\/\/adhernandez.com\/ca\/2025\/08\/14\/normativa-sobre-mascotes-en-comunitats-de-veins\/"]}]},{"@type":"ImageObject","inLanguage":"ca","@id":"https:\/\/adhernandez.com\/ca\/2025\/08\/14\/normativa-sobre-mascotes-en-comunitats-de-veins\/#primaryimage","url":"https:\/\/adhernandez.com\/wp-content\/uploads\/2025\/08\/mascotas-comunidad-vecinos.jpg","contentUrl":"https:\/\/adhernandez.com\/wp-content\/uploads\/2025\/08\/mascotas-comunidad-vecinos.jpg","width":800,"height":450,"caption":"mascotas comunidad vecinos"},{"@type":"BreadcrumbList","@id":"https:\/\/adhernandez.com\/ca\/2025\/08\/14\/normativa-sobre-mascotes-en-comunitats-de-veins\/#breadcrumb","itemListElement":[{"@type":"ListItem","position":1,"name":"Portada","item":"https:\/\/adhernandez.com\/ca\/adhernandez-inicio\/"},{"@type":"ListItem","position":2,"name":"Normativa sobre Mascotes en Comunitats de Ve\u00efns"}]},{"@type":"WebSite","@id":"https:\/\/adhernandez.com\/ca\/#website","url":"https:\/\/adhernandez.com\/ca\/","name":"Administraciones Hern\u00e1ndez","description":"Equipo de profesionales con amplia experiencia en la gesti\u00f3n del patrimonio inmobiliario","potentialAction":[{"@type":"SearchAction","target":{"@type":"EntryPoint","urlTemplate":"https:\/\/adhernandez.com\/ca\/?s={search_term_string}"},"query-input":{"@type":"PropertyValueSpecification","valueRequired":true,"valueName":"search_term_string"}}],"inLanguage":"ca"},{"@type":"Person","@id":"https:\/\/adhernandez.com\/ca\/#\/schema\/person\/330b9c8828ff3a80ee8053b5fff0e848","name":"AdHern\u00e1ndez","image":{"@type":"ImageObject","inLanguage":"ca","@id":"https:\/\/adhernandez.com\/wp-content\/litespeed\/avatar\/6b84e2484050905299b010a711cff345.jpg?ver=1777323059","url":"https:\/\/adhernandez.com\/wp-content\/litespeed\/avatar\/6b84e2484050905299b010a711cff345.jpg?ver=1777323059","contentUrl":"https:\/\/adhernandez.com\/wp-content\/litespeed\/avatar\/6b84e2484050905299b010a711cff345.jpg?ver=1777323059","caption":"AdHern\u00e1ndez"},"url":"https:\/\/adhernandez.com\/ca\/author\/veronica\/"}]}},"_links":{"self":[{"href":"https:\/\/adhernandez.com\/ca\/wp-json\/wp\/v2\/posts\/32066","targetHints":{"allow":["GET"]}}],"collection":[{"href":"https:\/\/adhernandez.com\/ca\/wp-json\/wp\/v2\/posts"}],"about":[{"href":"https:\/\/adhernandez.com\/ca\/wp-json\/wp\/v2\/types\/post"}],"author":[{"embeddable":true,"href":"https:\/\/adhernandez.com\/ca\/wp-json\/wp\/v2\/users\/6"}],"replies":[{"embeddable":true,"href":"https:\/\/adhernandez.com\/ca\/wp-json\/wp\/v2\/comments?post=32066"}],"version-history":[{"count":1,"href":"https:\/\/adhernandez.com\/ca\/wp-json\/wp\/v2\/posts\/32066\/revisions"}],"predecessor-version":[{"id":32067,"href":"https:\/\/adhernandez.com\/ca\/wp-json\/wp\/v2\/posts\/32066\/revisions\/32067"}],"wp:featuredmedia":[{"embeddable":true,"href":"https:\/\/adhernandez.com\/ca\/wp-json\/wp\/v2\/media\/32045"}],"wp:attachment":[{"href":"https:\/\/adhernandez.com\/ca\/wp-json\/wp\/v2\/media?parent=32066"}],"wp:term":[{"taxonomy":"category","embeddable":true,"href":"https:\/\/adhernandez.com\/ca\/wp-json\/wp\/v2\/categories?post=32066"},{"taxonomy":"post_tag","embeddable":true,"href":"https:\/\/adhernandez.com\/ca\/wp-json\/wp\/v2\/tags?post=32066"}],"curies":[{"name":"wp","href":"https:\/\/api.w.org\/{rel}","templated":true}]}}