{"id":31986,"date":"2025-07-21T12:53:54","date_gmt":"2025-07-21T12:53:54","guid":{"rendered":"https:\/\/adhernandez.com\/2025\/07\/21\/quines-obres-de-millora-realment-fan-que-pugi-el-valor-dels-pisos-de-ledifici\/"},"modified":"2025-07-21T12:53:55","modified_gmt":"2025-07-21T12:53:55","slug":"quines-obres-de-millora-realment-fan-que-pugi-el-valor-dels-pisos-de-ledifici","status":"publish","type":"post","link":"https:\/\/adhernandez.com\/ca\/2025\/07\/21\/quines-obres-de-millora-realment-fan-que-pugi-el-valor-dels-pisos-de-ledifici\/","title":{"rendered":"Quines obres de millora realment fan que pugi el valor dels pisos de l&#8217;edifici?"},"content":{"rendered":"\t\t<div data-elementor-type=\"wp-post\" data-elementor-id=\"31986\" class=\"elementor elementor-31986 elementor-31956\">\n\t\t\t\t\t\t<section class=\"elementor-section elementor-top-section elementor-element elementor-element-2a7d67b elementor-section-boxed elementor-section-height-default elementor-section-height-default\" data-id=\"2a7d67b\" data-element_type=\"section\" data-e-type=\"section\">\n\t\t\t\t\t\t<div class=\"elementor-container elementor-column-gap-default\">\n\t\t\t\t\t<div class=\"elementor-column elementor-col-100 elementor-top-column elementor-element elementor-element-40f0fc3\" data-id=\"40f0fc3\" data-element_type=\"column\" data-e-type=\"column\">\n\t\t\t<div class=\"elementor-widget-wrap elementor-element-populated\">\n\t\t\t\t\t\t<div class=\"elementor-element elementor-element-895a78b elementor-widget elementor-widget-text-editor\" data-id=\"895a78b\" data-element_type=\"widget\" data-e-type=\"widget\" data-widget_type=\"text-editor.default\">\n\t\t\t\t\t\t\t\t\t\u00c9s habitual que les comunitats de propietaris es plantegin obres de millora en els seus edificis amb la intenci\u00f3 d&#8217;augmentar el valor dels pisos. A Barcelona, on el mercat immobiliari \u00e9s especialment din\u00e0mic i competitiu, les decisions en aquest sentit han de prendre&#8217;s amb especial cura. No totes les actuacions tenen el mateix impacte sobre el valor de mercat dels immobles. A continuaci\u00f3, analitzem quines s\u00f3n les obres que, de manera objectiva, solen contribuir a una millora tangible en el valor dels pisos.\r\n\t\t\t\t\t\t\t\t<\/div>\n\t\t\t\t<div class=\"elementor-element elementor-element-f445768 elementor-widget elementor-widget-heading\" data-id=\"f445768\" data-element_type=\"widget\" data-e-type=\"widget\" data-widget_type=\"heading.default\">\n\t\t\t\t\t<h2 class=\"elementor-heading-title elementor-size-default\">La import\u00e0ncia de la rehabilitaci\u00f3 estructural<\/h2>\t\t\t\t<\/div>\n\t\t\t\t<div class=\"elementor-element elementor-element-56a8a06 elementor-widget elementor-widget-text-editor\" data-id=\"56a8a06\" data-element_type=\"widget\" data-e-type=\"widget\" data-widget_type=\"text-editor.default\">\n\t\t\t\t\t\t\t\t\t<p>Un dels factors m\u00e9s rellevants per a mantenir o incrementar el valor dels pisos \u00e9s la salut estructural de l&#8217;edifici. Intervencions com la rehabilitaci\u00f3 de fa\u00e7anes, la renovaci\u00f3 de cobertes i la reparaci\u00f3 d&#8217;elements estructurals com a forjats i pilars no sols solucionen possibles patologies presents, sin\u00f3 que a m\u00e9s generen confian\u00e7a en compradors i inquilins potencials. Els edificis que han superat la Inspecci\u00f3 T\u00e8cnica d&#8217;Edificis (ITE) i compten amb una estructura sanejada solen vendre&#8217;s m\u00e9s r\u00e0pid i a un preu superior.<\/p>\n<p>En ciutats amb un parc immobiliari envellit com Barcelona, aquest tipus d&#8217;inversions no sols s\u00f3n necess\u00e0ries a vegades, sin\u00f3 que tamb\u00e9 poden suposar un valor afegit de cara al mercat. D&#8217;altra banda, realitzar obres estructurals preventives pot evitar que l&#8217;edifici perdi valor enfront d&#8217;uns altres que no presenten problemes visibles.<\/p>\n\t\t\t\t\t\t\t\t<\/div>\n\t\t\t\t<div class=\"elementor-element elementor-element-cc09b12 elementor-widget elementor-widget-heading\" data-id=\"cc09b12\" data-element_type=\"widget\" data-e-type=\"widget\" data-widget_type=\"heading.default\">\n\t\t\t\t\t<h2 class=\"elementor-heading-title elementor-size-default\"> Efici\u00e8ncia energ\u00e8tica i sostenibilitat<\/h2>\t\t\t\t<\/div>\n\t\t\t\t<div class=\"elementor-element elementor-element-6de8696 elementor-widget elementor-widget-text-editor\" data-id=\"6de8696\" data-element_type=\"widget\" data-e-type=\"widget\" data-widget_type=\"text-editor.default\">\n\t\t\t\t\t\t\t\t\t<p>La millora de l&#8217;efici\u00e8ncia energ\u00e8tica \u00e9s un altre dels aspectes que m\u00e9s pes estan guanyant en l&#8217;impuls del valor dels pisos. Les obres dirigides a millorar l&#8217;a\u00efllament t\u00e8rmic, com la col\u00b7locaci\u00f3 de nous sistemes d&#8217;envidrament o l&#8217;\u00fas de materials a\u00efllants en fa\u00e7anes i cobertes, solen veure&#8217;s recompensades amb una revaloraci\u00f3, ja que redueixen les despeses energ\u00e8tiques i milloren el confort interior.<\/p>\n<p>La instal\u00b7laci\u00f3 de plaques solars o sistemes d&#8217;aerot\u00e8rmia, per exemple, pot tenir un efecte positiu tant en l&#8217;estalvi de consum com en la percepci\u00f3 mediambiental de l&#8217;immoble. En aquest context, els Certificats d&#8217;Efici\u00e8ncia Energ\u00e8tica d&#8217;alta qualificaci\u00f3 han comen\u00e7at a jugar un paper fonamental en les transaccions immobili\u00e0ries a Barcelona.<\/p>\n\t\t\t\t\t\t\t\t<\/div>\n\t\t\t\t<div class=\"elementor-element elementor-element-faa040e elementor-widget elementor-widget-image\" data-id=\"faa040e\" data-element_type=\"widget\" data-e-type=\"widget\" data-widget_type=\"image.default\">\n\t\t\t\t\t\t\t\t\t\t\t\t\t\t\t<img fetchpriority=\"high\" decoding=\"async\" width=\"800\" height=\"450\" src=\"https:\/\/adhernandez.com\/wp-content\/uploads\/2025\/07\/reformas-mejora3.jpg\" class=\"attachment-large size-large wp-image-31978\" alt=\"\" srcset=\"https:\/\/adhernandez.com\/wp-content\/uploads\/2025\/07\/reformas-mejora3.jpg 800w, https:\/\/adhernandez.com\/wp-content\/uploads\/2025\/07\/reformas-mejora3-300x169.jpg 300w, https:\/\/adhernandez.com\/wp-content\/uploads\/2025\/07\/reformas-mejora3-768x432.jpg 768w, https:\/\/adhernandez.com\/wp-content\/uploads\/2025\/07\/reformas-mejora3-496x279.jpg 496w\" sizes=\"(max-width: 800px) 100vw, 800px\" \/>\t\t\t\t\t\t\t\t\t\t\t\t\t\t\t<\/div>\n\t\t\t\t<div class=\"elementor-element elementor-element-1af4d4f elementor-widget elementor-widget-heading\" data-id=\"1af4d4f\" data-element_type=\"widget\" data-e-type=\"widget\" data-widget_type=\"heading.default\">\n\t\t\t\t\t<h2 class=\"elementor-heading-title elementor-size-default\">Accessibilitat i adaptaci\u00f3 universal<\/h2>\t\t\t\t<\/div>\n\t\t\t\t<div class=\"elementor-element elementor-element-83b76fd elementor-widget elementor-widget-text-editor\" data-id=\"83b76fd\" data-element_type=\"widget\" data-e-type=\"widget\" data-widget_type=\"text-editor.default\">\n\t\t\t\t\t\t\t\t\t<p>Otra categor\u00eda de obras que incide positivamente en el valor inmobiliario es la relacionada con la accesibilidad. En una ciudad con una poblaci\u00f3n cada vez m\u00e1s envejecida, la instalaci\u00f3n de ascensores \u2014sobre todo en edificios antiguos que carec\u00edan de ellos\u2014 y la adaptaci\u00f3n de entradas y zonas comunes para facilitar el acceso a personas con movilidad reducida se ha convertido en un factor determinante.<\/p>\n<p>Este tipo de intervenciones no solo abre el edificio a un p\u00fablico m\u00e1s amplio, sino que tambi\u00e9n evita futuros problemas legales o limitaciones en la venta o alquiler de pisos, dado que existe una progresiva exigencia normativa en esta materia. En consecuencia, la adecuaci\u00f3n del edificio en t\u00e9rminos de accesibilidad se refleja notablemente en su valoraci\u00f3n.<\/p>\n\t\t\t\t\t\t\t\t<\/div>\n\t\t\t\t<div class=\"elementor-element elementor-element-264ec9d elementor-widget elementor-widget-image\" data-id=\"264ec9d\" data-element_type=\"widget\" data-e-type=\"widget\" data-widget_type=\"image.default\">\n\t\t\t\t\t\t\t\t\t\t\t\t\t\t\t<img decoding=\"async\" width=\"800\" height=\"450\" src=\"https:\/\/adhernandez.com\/wp-content\/uploads\/2025\/07\/reformas-mejora2.jpg\" class=\"attachment-large size-large wp-image-31976\" alt=\"\" srcset=\"https:\/\/adhernandez.com\/wp-content\/uploads\/2025\/07\/reformas-mejora2.jpg 800w, https:\/\/adhernandez.com\/wp-content\/uploads\/2025\/07\/reformas-mejora2-300x169.jpg 300w, https:\/\/adhernandez.com\/wp-content\/uploads\/2025\/07\/reformas-mejora2-768x432.jpg 768w, https:\/\/adhernandez.com\/wp-content\/uploads\/2025\/07\/reformas-mejora2-496x279.jpg 496w\" sizes=\"(max-width: 800px) 100vw, 800px\" \/>\t\t\t\t\t\t\t\t\t\t\t\t\t\t\t<\/div>\n\t\t\t\t<div class=\"elementor-element elementor-element-02b71e3 elementor-widget elementor-widget-heading\" data-id=\"02b71e3\" data-element_type=\"widget\" data-e-type=\"widget\" data-widget_type=\"heading.default\">\n\t\t\t\t\t<h2 class=\"elementor-heading-title elementor-size-default\"> Renovaci\u00f3 d'instal\u00b7lacions i zones comunes<\/h2>\t\t\t\t<\/div>\n\t\t\t\t<div class=\"elementor-element elementor-element-1955aee elementor-widget elementor-widget-text-editor\" data-id=\"1955aee\" data-element_type=\"widget\" data-e-type=\"widget\" data-widget_type=\"text-editor.default\">\n\t\t\t\t\t\t\t\t\t<p>L&#8217;actualitzaci\u00f3 d&#8217;instal\u00b7lacions generals, com a xarxes de lampisteria, electricitat i sanejament, determina igualment l&#8217;atractiu dels pisos a mitj\u00e0 i llarg termini. El bon estat d&#8217;aquestes infraestructures minimitza l&#8217;aparici\u00f3 d&#8217;avaries i mant\u00e9 la funcionalitat de l&#8217;edifici.<\/p>\n<p>La modernitzaci\u00f3 de zones comunes \u2014per exemple, portals, vest\u00edbuls, jardins o altres \u00e0rees comunit\u00e0ries\u2014 millora la primera impressi\u00f3 de l&#8217;immoble i genera una major percepci\u00f3 de qualitat. En conjunt, aix\u00f2 pot traduir-se en un increment en el valor de cada propietat individual.<\/p>\n\t\t\t\t\t\t\t\t<\/div>\n\t\t\t\t<div class=\"elementor-element elementor-element-5c8af20 elementor-widget elementor-widget-heading\" data-id=\"5c8af20\" data-element_type=\"widget\" data-e-type=\"widget\" data-widget_type=\"heading.default\">\n\t\t\t\t\t<h2 class=\"elementor-heading-title elementor-size-default\"> El context canviant de Barcelona<\/h2>\t\t\t\t<\/div>\n\t\t\t\t<div class=\"elementor-element elementor-element-36599ce elementor-widget elementor-widget-text-editor\" data-id=\"36599ce\" data-element_type=\"widget\" data-e-type=\"widget\" data-widget_type=\"text-editor.default\">\n\t\t\t\t\t\t\t\t\t<p>En el cas concret de Barcelona, la pressi\u00f3 tur\u00edstica i l&#8217;escassetat relativa d&#8217;habitatge de qualitat reforcen l&#8217;inter\u00e8s per totes aquestes obres de millora. A m\u00e9s, la legislaci\u00f3 local i auton\u00f2mica est\u00e0 orientant cada vegada m\u00e9s les rehabilitacions cap a l&#8217;efici\u00e8ncia energ\u00e8tica i l&#8217;accessibilitat, per la qual cosa avan\u00e7ar-se a aquestes exig\u00e8ncies pot aportar un valor diferencial.<\/p>\n<p>No obstant aix\u00f2, \u00e9s fonamental recordar que no totes les millores tenen el mateix retorn segons el context del barri, l&#8217;antiguitat i l&#8217;estat previ de l&#8217;edifici o les caracter\u00edstiques socioecon\u00f2miques dels potencials compradors. Un assessorament professional, com el que ofereix AdHernandez en la seva labor d&#8217;administraci\u00f3 de finques a Barcelona, resulta clau per a identificar quines actuacions tindran una repercussi\u00f3 real en la revaloraci\u00f3 dels pisos.<\/p>\n\t\t\t\t\t\t\t\t<\/div>\n\t\t\t\t<div class=\"elementor-element elementor-element-3eac74c elementor-widget elementor-widget-heading\" data-id=\"3eac74c\" data-element_type=\"widget\" data-e-type=\"widget\" data-widget_type=\"heading.default\">\n\t\t\t\t\t<h2 class=\"elementor-heading-title elementor-size-default\">Conclusi\u00f3<\/h2>\t\t\t\t<\/div>\n\t\t\t\t<div class=\"elementor-element elementor-element-213af68 elementor-widget elementor-widget-text-editor\" data-id=\"213af68\" data-element_type=\"widget\" data-e-type=\"widget\" data-widget_type=\"text-editor.default\">\n\t\t\t\t\t\t\t\t\t<p>En definitiva, les obres de millora que incideixen sobre l&#8217;estructura, l&#8217;efici\u00e8ncia energ\u00e8tica, l&#8217;accessibilitat i l&#8217;estat de les instal\u00b7lacions comunes s\u00f3n les que objectivament m\u00e9s contribueixen a augmentar el valor dels pisos en un edifici. En un mercat tan exigent com el barcelon\u00ed, actuar amb planificaci\u00f3 i coneixement del context \u00e9s el millor cam\u00ed perqu\u00e8 les inversions realitzades aconsegueixin l&#8217;objectiu proposat.<\/p>\n\t\t\t\t\t\t\t\t<\/div>\n\t\t\t\t\t<\/div>\n\t\t<\/div>\n\t\t\t\t\t<\/div>\n\t\t<\/section>\n\t\t\t\t<\/div>\n\t\t","protected":false},"excerpt":{"rendered":"<p>T&#8217;expliquem quines obres de millora augmenten el valor dels pisos d&#8217;un edifici i quins no, per a invertir amb \u00e8xit en la teva propietat.<\/p>\n","protected":false},"author":6,"featured_media":31973,"comment_status":"closed","ping_status":"closed","sticky":false,"template":"","format":"standard","meta":{"footnotes":""},"categories":[378,365],"tags":[],"class_list":["post-31986","post","type-post","status-publish","format-standard","has-post-thumbnail","hentry","category-blog-ca","category-propiedad-horizontal-ca"],"yoast_head":"<!-- This site is optimized with the Yoast SEO plugin v27.4 - https:\/\/yoast.com\/product\/yoast-seo-wordpress\/ -->\n<title>Quines obres de millora realment fan que pugi el valor dels pisos de l&#039;edifici? - Administraciones Hern\u00e1ndez<\/title>\n<meta name=\"description\" content=\"T&#039;expliquem quines obres de millora augmenten el valor dels pisos d&#039;un edifici i quins no, per a invertir amb \u00e8xit en la teva propietat.\" \/>\n<meta name=\"robots\" content=\"index, follow, max-snippet:-1, max-image-preview:large, max-video-preview:-1\" \/>\n<link rel=\"canonical\" href=\"https:\/\/adhernandez.com\/ca\/2025\/07\/21\/quines-obres-de-millora-realment-fan-que-pugi-el-valor-dels-pisos-de-ledifici\/\" \/>\n<meta property=\"og:locale\" content=\"ca_ES\" \/>\n<meta property=\"og:type\" content=\"article\" \/>\n<meta property=\"og:title\" content=\"Quines obres de millora realment fan que pugi el valor dels pisos de l&#039;edifici? - Administraciones Hern\u00e1ndez\" \/>\n<meta property=\"og:description\" content=\"T&#039;expliquem quines obres de millora augmenten el valor dels pisos d&#039;un edifici i quins no, per a invertir amb \u00e8xit en la teva propietat.\" \/>\n<meta property=\"og:url\" content=\"https:\/\/adhernandez.com\/ca\/2025\/07\/21\/quines-obres-de-millora-realment-fan-que-pugi-el-valor-dels-pisos-de-ledifici\/\" \/>\n<meta property=\"og:site_name\" content=\"Administraciones Hern\u00e1ndez\" \/>\n<meta property=\"article:published_time\" content=\"2025-07-21T12:53:54+00:00\" \/>\n<meta property=\"article:modified_time\" content=\"2025-07-21T12:53:55+00:00\" \/>\n<meta property=\"og:image\" content=\"https:\/\/adhernandez.com\/wp-content\/uploads\/2025\/07\/reformas-mejora.jpg\" \/>\n\t<meta property=\"og:image:width\" content=\"800\" \/>\n\t<meta property=\"og:image:height\" content=\"450\" \/>\n\t<meta property=\"og:image:type\" content=\"image\/jpeg\" \/>\n<meta name=\"author\" content=\"AdHern\u00e1ndez\" \/>\n<meta name=\"twitter:card\" content=\"summary_large_image\" \/>\n<meta name=\"twitter:label1\" content=\"Escrit per\" \/>\n\t<meta name=\"twitter:data1\" content=\"AdHern\u00e1ndez\" \/>\n\t<meta name=\"twitter:label2\" content=\"Temps estimat de lectura\" \/>\n\t<meta name=\"twitter:data2\" content=\"4 minuts\" \/>\n<script type=\"application\/ld+json\" class=\"yoast-schema-graph\">{\"@context\":\"https:\\\/\\\/schema.org\",\"@graph\":[{\"@type\":\"Article\",\"@id\":\"https:\\\/\\\/adhernandez.com\\\/ca\\\/2025\\\/07\\\/21\\\/quines-obres-de-millora-realment-fan-que-pugi-el-valor-dels-pisos-de-ledifici\\\/#article\",\"isPartOf\":{\"@id\":\"https:\\\/\\\/adhernandez.com\\\/ca\\\/2025\\\/07\\\/21\\\/quines-obres-de-millora-realment-fan-que-pugi-el-valor-dels-pisos-de-ledifici\\\/\"},\"author\":{\"name\":\"AdHern\u00e1ndez\",\"@id\":\"https:\\\/\\\/adhernandez.com\\\/ca\\\/#\\\/schema\\\/person\\\/330b9c8828ff3a80ee8053b5fff0e848\"},\"headline\":\"Quines obres de millora realment fan que pugi el valor dels pisos de l&#8217;edifici?\",\"datePublished\":\"2025-07-21T12:53:54+00:00\",\"dateModified\":\"2025-07-21T12:53:55+00:00\",\"mainEntityOfPage\":{\"@id\":\"https:\\\/\\\/adhernandez.com\\\/ca\\\/2025\\\/07\\\/21\\\/quines-obres-de-millora-realment-fan-que-pugi-el-valor-dels-pisos-de-ledifici\\\/\"},\"wordCount\":805,\"image\":{\"@id\":\"https:\\\/\\\/adhernandez.com\\\/ca\\\/2025\\\/07\\\/21\\\/quines-obres-de-millora-realment-fan-que-pugi-el-valor-dels-pisos-de-ledifici\\\/#primaryimage\"},\"thumbnailUrl\":\"https:\\\/\\\/adhernandez.com\\\/wp-content\\\/uploads\\\/2025\\\/07\\\/reformas-mejora.jpg\",\"articleSection\":[\"blog\",\"Propiedad Horizontal\"],\"inLanguage\":\"ca\"},{\"@type\":\"WebPage\",\"@id\":\"https:\\\/\\\/adhernandez.com\\\/ca\\\/2025\\\/07\\\/21\\\/quines-obres-de-millora-realment-fan-que-pugi-el-valor-dels-pisos-de-ledifici\\\/\",\"url\":\"https:\\\/\\\/adhernandez.com\\\/ca\\\/2025\\\/07\\\/21\\\/quines-obres-de-millora-realment-fan-que-pugi-el-valor-dels-pisos-de-ledifici\\\/\",\"name\":\"Quines obres de millora realment fan que pugi el valor dels pisos de l'edifici? - Administraciones Hern\u00e1ndez\",\"isPartOf\":{\"@id\":\"https:\\\/\\\/adhernandez.com\\\/ca\\\/#website\"},\"primaryImageOfPage\":{\"@id\":\"https:\\\/\\\/adhernandez.com\\\/ca\\\/2025\\\/07\\\/21\\\/quines-obres-de-millora-realment-fan-que-pugi-el-valor-dels-pisos-de-ledifici\\\/#primaryimage\"},\"image\":{\"@id\":\"https:\\\/\\\/adhernandez.com\\\/ca\\\/2025\\\/07\\\/21\\\/quines-obres-de-millora-realment-fan-que-pugi-el-valor-dels-pisos-de-ledifici\\\/#primaryimage\"},\"thumbnailUrl\":\"https:\\\/\\\/adhernandez.com\\\/wp-content\\\/uploads\\\/2025\\\/07\\\/reformas-mejora.jpg\",\"datePublished\":\"2025-07-21T12:53:54+00:00\",\"dateModified\":\"2025-07-21T12:53:55+00:00\",\"author\":{\"@id\":\"https:\\\/\\\/adhernandez.com\\\/ca\\\/#\\\/schema\\\/person\\\/330b9c8828ff3a80ee8053b5fff0e848\"},\"description\":\"T'expliquem quines obres de millora augmenten el valor dels pisos d'un edifici i quins no, per a invertir amb \u00e8xit en la teva propietat.\",\"breadcrumb\":{\"@id\":\"https:\\\/\\\/adhernandez.com\\\/ca\\\/2025\\\/07\\\/21\\\/quines-obres-de-millora-realment-fan-que-pugi-el-valor-dels-pisos-de-ledifici\\\/#breadcrumb\"},\"inLanguage\":\"ca\",\"potentialAction\":[{\"@type\":\"ReadAction\",\"target\":[\"https:\\\/\\\/adhernandez.com\\\/ca\\\/2025\\\/07\\\/21\\\/quines-obres-de-millora-realment-fan-que-pugi-el-valor-dels-pisos-de-ledifici\\\/\"]}]},{\"@type\":\"ImageObject\",\"inLanguage\":\"ca\",\"@id\":\"https:\\\/\\\/adhernandez.com\\\/ca\\\/2025\\\/07\\\/21\\\/quines-obres-de-millora-realment-fan-que-pugi-el-valor-dels-pisos-de-ledifici\\\/#primaryimage\",\"url\":\"https:\\\/\\\/adhernandez.com\\\/wp-content\\\/uploads\\\/2025\\\/07\\\/reformas-mejora.jpg\",\"contentUrl\":\"https:\\\/\\\/adhernandez.com\\\/wp-content\\\/uploads\\\/2025\\\/07\\\/reformas-mejora.jpg\",\"width\":800,\"height\":450},{\"@type\":\"BreadcrumbList\",\"@id\":\"https:\\\/\\\/adhernandez.com\\\/ca\\\/2025\\\/07\\\/21\\\/quines-obres-de-millora-realment-fan-que-pugi-el-valor-dels-pisos-de-ledifici\\\/#breadcrumb\",\"itemListElement\":[{\"@type\":\"ListItem\",\"position\":1,\"name\":\"Portada\",\"item\":\"https:\\\/\\\/adhernandez.com\\\/ca\\\/adhernandez-inicio\\\/\"},{\"@type\":\"ListItem\",\"position\":2,\"name\":\"Quines obres de millora realment fan que pugi el valor dels pisos de l&#8217;edifici?\"}]},{\"@type\":\"WebSite\",\"@id\":\"https:\\\/\\\/adhernandez.com\\\/ca\\\/#website\",\"url\":\"https:\\\/\\\/adhernandez.com\\\/ca\\\/\",\"name\":\"Administraciones Hern\u00e1ndez\",\"description\":\"Equipo de profesionales con amplia experiencia en la gesti\u00f3n del patrimonio inmobiliario\",\"potentialAction\":[{\"@type\":\"SearchAction\",\"target\":{\"@type\":\"EntryPoint\",\"urlTemplate\":\"https:\\\/\\\/adhernandez.com\\\/ca\\\/?s={search_term_string}\"},\"query-input\":{\"@type\":\"PropertyValueSpecification\",\"valueRequired\":true,\"valueName\":\"search_term_string\"}}],\"inLanguage\":\"ca\"},{\"@type\":\"Person\",\"@id\":\"https:\\\/\\\/adhernandez.com\\\/ca\\\/#\\\/schema\\\/person\\\/330b9c8828ff3a80ee8053b5fff0e848\",\"name\":\"AdHern\u00e1ndez\",\"image\":{\"@type\":\"ImageObject\",\"inLanguage\":\"ca\",\"@id\":\"https:\\\/\\\/adhernandez.com\\\/wp-content\\\/litespeed\\\/avatar\\\/6b84e2484050905299b010a711cff345.jpg?ver=1777323059\",\"url\":\"https:\\\/\\\/adhernandez.com\\\/wp-content\\\/litespeed\\\/avatar\\\/6b84e2484050905299b010a711cff345.jpg?ver=1777323059\",\"contentUrl\":\"https:\\\/\\\/adhernandez.com\\\/wp-content\\\/litespeed\\\/avatar\\\/6b84e2484050905299b010a711cff345.jpg?ver=1777323059\",\"caption\":\"AdHern\u00e1ndez\"},\"url\":\"https:\\\/\\\/adhernandez.com\\\/ca\\\/author\\\/veronica\\\/\"}]}<\/script>\n<!-- \/ Yoast SEO plugin. -->","yoast_head_json":{"title":"Quines obres de millora realment fan que pugi el valor dels pisos de l'edifici? - Administraciones Hern\u00e1ndez","description":"T'expliquem quines obres de millora augmenten el valor dels pisos d'un edifici i quins no, per a invertir amb \u00e8xit en la teva propietat.","robots":{"index":"index","follow":"follow","max-snippet":"max-snippet:-1","max-image-preview":"max-image-preview:large","max-video-preview":"max-video-preview:-1"},"canonical":"https:\/\/adhernandez.com\/ca\/2025\/07\/21\/quines-obres-de-millora-realment-fan-que-pugi-el-valor-dels-pisos-de-ledifici\/","og_locale":"ca_ES","og_type":"article","og_title":"Quines obres de millora realment fan que pugi el valor dels pisos de l'edifici? - Administraciones Hern\u00e1ndez","og_description":"T'expliquem quines obres de millora augmenten el valor dels pisos d'un edifici i quins no, per a invertir amb \u00e8xit en la teva propietat.","og_url":"https:\/\/adhernandez.com\/ca\/2025\/07\/21\/quines-obres-de-millora-realment-fan-que-pugi-el-valor-dels-pisos-de-ledifici\/","og_site_name":"Administraciones Hern\u00e1ndez","article_published_time":"2025-07-21T12:53:54+00:00","article_modified_time":"2025-07-21T12:53:55+00:00","og_image":[{"width":800,"height":450,"url":"https:\/\/adhernandez.com\/wp-content\/uploads\/2025\/07\/reformas-mejora.jpg","type":"image\/jpeg"}],"author":"AdHern\u00e1ndez","twitter_card":"summary_large_image","twitter_misc":{"Escrit per":"AdHern\u00e1ndez","Temps estimat de lectura":"4 minuts"},"schema":{"@context":"https:\/\/schema.org","@graph":[{"@type":"Article","@id":"https:\/\/adhernandez.com\/ca\/2025\/07\/21\/quines-obres-de-millora-realment-fan-que-pugi-el-valor-dels-pisos-de-ledifici\/#article","isPartOf":{"@id":"https:\/\/adhernandez.com\/ca\/2025\/07\/21\/quines-obres-de-millora-realment-fan-que-pugi-el-valor-dels-pisos-de-ledifici\/"},"author":{"name":"AdHern\u00e1ndez","@id":"https:\/\/adhernandez.com\/ca\/#\/schema\/person\/330b9c8828ff3a80ee8053b5fff0e848"},"headline":"Quines obres de millora realment fan que pugi el valor dels pisos de l&#8217;edifici?","datePublished":"2025-07-21T12:53:54+00:00","dateModified":"2025-07-21T12:53:55+00:00","mainEntityOfPage":{"@id":"https:\/\/adhernandez.com\/ca\/2025\/07\/21\/quines-obres-de-millora-realment-fan-que-pugi-el-valor-dels-pisos-de-ledifici\/"},"wordCount":805,"image":{"@id":"https:\/\/adhernandez.com\/ca\/2025\/07\/21\/quines-obres-de-millora-realment-fan-que-pugi-el-valor-dels-pisos-de-ledifici\/#primaryimage"},"thumbnailUrl":"https:\/\/adhernandez.com\/wp-content\/uploads\/2025\/07\/reformas-mejora.jpg","articleSection":["blog","Propiedad Horizontal"],"inLanguage":"ca"},{"@type":"WebPage","@id":"https:\/\/adhernandez.com\/ca\/2025\/07\/21\/quines-obres-de-millora-realment-fan-que-pugi-el-valor-dels-pisos-de-ledifici\/","url":"https:\/\/adhernandez.com\/ca\/2025\/07\/21\/quines-obres-de-millora-realment-fan-que-pugi-el-valor-dels-pisos-de-ledifici\/","name":"Quines obres de millora realment fan que pugi el valor dels pisos de l'edifici? - Administraciones Hern\u00e1ndez","isPartOf":{"@id":"https:\/\/adhernandez.com\/ca\/#website"},"primaryImageOfPage":{"@id":"https:\/\/adhernandez.com\/ca\/2025\/07\/21\/quines-obres-de-millora-realment-fan-que-pugi-el-valor-dels-pisos-de-ledifici\/#primaryimage"},"image":{"@id":"https:\/\/adhernandez.com\/ca\/2025\/07\/21\/quines-obres-de-millora-realment-fan-que-pugi-el-valor-dels-pisos-de-ledifici\/#primaryimage"},"thumbnailUrl":"https:\/\/adhernandez.com\/wp-content\/uploads\/2025\/07\/reformas-mejora.jpg","datePublished":"2025-07-21T12:53:54+00:00","dateModified":"2025-07-21T12:53:55+00:00","author":{"@id":"https:\/\/adhernandez.com\/ca\/#\/schema\/person\/330b9c8828ff3a80ee8053b5fff0e848"},"description":"T'expliquem quines obres de millora augmenten el valor dels pisos d'un edifici i quins no, per a invertir amb \u00e8xit en la teva propietat.","breadcrumb":{"@id":"https:\/\/adhernandez.com\/ca\/2025\/07\/21\/quines-obres-de-millora-realment-fan-que-pugi-el-valor-dels-pisos-de-ledifici\/#breadcrumb"},"inLanguage":"ca","potentialAction":[{"@type":"ReadAction","target":["https:\/\/adhernandez.com\/ca\/2025\/07\/21\/quines-obres-de-millora-realment-fan-que-pugi-el-valor-dels-pisos-de-ledifici\/"]}]},{"@type":"ImageObject","inLanguage":"ca","@id":"https:\/\/adhernandez.com\/ca\/2025\/07\/21\/quines-obres-de-millora-realment-fan-que-pugi-el-valor-dels-pisos-de-ledifici\/#primaryimage","url":"https:\/\/adhernandez.com\/wp-content\/uploads\/2025\/07\/reformas-mejora.jpg","contentUrl":"https:\/\/adhernandez.com\/wp-content\/uploads\/2025\/07\/reformas-mejora.jpg","width":800,"height":450},{"@type":"BreadcrumbList","@id":"https:\/\/adhernandez.com\/ca\/2025\/07\/21\/quines-obres-de-millora-realment-fan-que-pugi-el-valor-dels-pisos-de-ledifici\/#breadcrumb","itemListElement":[{"@type":"ListItem","position":1,"name":"Portada","item":"https:\/\/adhernandez.com\/ca\/adhernandez-inicio\/"},{"@type":"ListItem","position":2,"name":"Quines obres de millora realment fan que pugi el valor dels pisos de l&#8217;edifici?"}]},{"@type":"WebSite","@id":"https:\/\/adhernandez.com\/ca\/#website","url":"https:\/\/adhernandez.com\/ca\/","name":"Administraciones Hern\u00e1ndez","description":"Equipo de profesionales con amplia experiencia en la gesti\u00f3n del patrimonio inmobiliario","potentialAction":[{"@type":"SearchAction","target":{"@type":"EntryPoint","urlTemplate":"https:\/\/adhernandez.com\/ca\/?s={search_term_string}"},"query-input":{"@type":"PropertyValueSpecification","valueRequired":true,"valueName":"search_term_string"}}],"inLanguage":"ca"},{"@type":"Person","@id":"https:\/\/adhernandez.com\/ca\/#\/schema\/person\/330b9c8828ff3a80ee8053b5fff0e848","name":"AdHern\u00e1ndez","image":{"@type":"ImageObject","inLanguage":"ca","@id":"https:\/\/adhernandez.com\/wp-content\/litespeed\/avatar\/6b84e2484050905299b010a711cff345.jpg?ver=1777323059","url":"https:\/\/adhernandez.com\/wp-content\/litespeed\/avatar\/6b84e2484050905299b010a711cff345.jpg?ver=1777323059","contentUrl":"https:\/\/adhernandez.com\/wp-content\/litespeed\/avatar\/6b84e2484050905299b010a711cff345.jpg?ver=1777323059","caption":"AdHern\u00e1ndez"},"url":"https:\/\/adhernandez.com\/ca\/author\/veronica\/"}]}},"_links":{"self":[{"href":"https:\/\/adhernandez.com\/ca\/wp-json\/wp\/v2\/posts\/31986","targetHints":{"allow":["GET"]}}],"collection":[{"href":"https:\/\/adhernandez.com\/ca\/wp-json\/wp\/v2\/posts"}],"about":[{"href":"https:\/\/adhernandez.com\/ca\/wp-json\/wp\/v2\/types\/post"}],"author":[{"embeddable":true,"href":"https:\/\/adhernandez.com\/ca\/wp-json\/wp\/v2\/users\/6"}],"replies":[{"embeddable":true,"href":"https:\/\/adhernandez.com\/ca\/wp-json\/wp\/v2\/comments?post=31986"}],"version-history":[{"count":1,"href":"https:\/\/adhernandez.com\/ca\/wp-json\/wp\/v2\/posts\/31986\/revisions"}],"predecessor-version":[{"id":31987,"href":"https:\/\/adhernandez.com\/ca\/wp-json\/wp\/v2\/posts\/31986\/revisions\/31987"}],"wp:featuredmedia":[{"embeddable":true,"href":"https:\/\/adhernandez.com\/ca\/wp-json\/wp\/v2\/media\/31973"}],"wp:attachment":[{"href":"https:\/\/adhernandez.com\/ca\/wp-json\/wp\/v2\/media?parent=31986"}],"wp:term":[{"taxonomy":"category","embeddable":true,"href":"https:\/\/adhernandez.com\/ca\/wp-json\/wp\/v2\/categories?post=31986"},{"taxonomy":"post_tag","embeddable":true,"href":"https:\/\/adhernandez.com\/ca\/wp-json\/wp\/v2\/tags?post=31986"}],"curies":[{"name":"wp","href":"https:\/\/api.w.org\/{rel}","templated":true}]}}