{"id":31817,"date":"2025-06-06T09:59:00","date_gmt":"2025-06-06T09:59:00","guid":{"rendered":"https:\/\/adhernandez.com\/2025\/06\/18\/com-garantir-la-seguretat-en-comunitats-de-veins-durant-les-vacances-a-barcelona\/"},"modified":"2025-06-18T10:02:26","modified_gmt":"2025-06-18T10:02:26","slug":"com-garantir-la-seguretat-en-comunitats-de-veins-durant-les-vacances-a-barcelona","status":"publish","type":"post","link":"https:\/\/adhernandez.com\/ca\/2025\/06\/06\/com-garantir-la-seguretat-en-comunitats-de-veins-durant-les-vacances-a-barcelona\/","title":{"rendered":"Com garantir la seguretat en comunitats de ve\u00efns durant les vacances a Barcelona?"},"content":{"rendered":"\t\t<div data-elementor-type=\"wp-post\" data-elementor-id=\"31817\" class=\"elementor elementor-31817 elementor-31794\">\n\t\t\t\t\t\t<section class=\"elementor-section elementor-top-section elementor-element elementor-element-34271df elementor-section-boxed elementor-section-height-default elementor-section-height-default\" data-id=\"34271df\" data-element_type=\"section\" data-e-type=\"section\">\n\t\t\t\t\t\t<div class=\"elementor-container elementor-column-gap-default\">\n\t\t\t\t\t<div class=\"elementor-column elementor-col-100 elementor-top-column elementor-element elementor-element-0f4995d\" data-id=\"0f4995d\" data-element_type=\"column\" data-e-type=\"column\">\n\t\t\t<div class=\"elementor-widget-wrap elementor-element-populated\">\n\t\t\t\t\t\t<div class=\"elementor-element elementor-element-6aba7cb elementor-widget elementor-widget-text-editor\" data-id=\"6aba7cb\" data-element_type=\"widget\" data-e-type=\"widget\" data-widget_type=\"text-editor.default\">\n\t\t\t\t\t\t\t\t\t<p>Les vacances s\u00f3n un moment esperat per a descansar i desconnectar, per\u00f2 tamb\u00e9 un per\u00edode en el qual les comunitats de ve\u00efns poden tornar-se vulnerables a robatoris i altres incidents. En ciutats com Barcelona, on la vida comunit\u00e0ria \u00e9s intensa i les propietats poden quedar desocupades per llargs per\u00edodes, la seguretat durant les abs\u00e8ncies \u00e9s un tema que requereix atenci\u00f3 especial. En aquest article, explorarem les mesures i recomanacions per a refor\u00e7ar la seguretat en comunitats de ve\u00efns durant les vacances, amb un enfocament objectiu i pr\u00e0ctic.<\/p>\n\t\t\t\t\t\t\t\t<\/div>\n\t\t\t\t<div class=\"elementor-element elementor-element-83bd4df elementor-widget elementor-widget-text-editor\" data-id=\"83bd4df\" data-element_type=\"widget\" data-e-type=\"widget\" data-widget_type=\"text-editor.default\">\n\t\t\t\t\t\t\t\t\t<h2>Per qu\u00e8 augmenta el risc de robatoris en comunitats durant les vacances?<\/h2>\n\t\t\t\t\t\t\t\t<\/div>\n\t\t\t\t<div class=\"elementor-element elementor-element-93a610e elementor-widget elementor-widget-text-editor\" data-id=\"93a610e\" data-element_type=\"widget\" data-e-type=\"widget\" data-widget_type=\"text-editor.default\">\n\t\t\t\t\t\t\t\t\t<p>Durant les vacances, especialment a l&#8217;estiu, molts habitatges queden buides i l&#8217;activitat en les zones comunes disminueix notablement. Aquesta falta de moviment pot atreure a delinq\u00fcents que busquen objectius f\u00e0cils, ja que l&#8217;abs\u00e8ncia de ve\u00efns redueix la vigil\u00e0ncia natural que s&#8217;exerceix en la comunitat. Segons estudis, fins al 90% dels robatoris en comunitats de ve\u00efns ocorren en per\u00edodes vacacionals. A m\u00e9s, la major concurr\u00e8ncia en \u00e0rees comunes com a piscines o jardins pot generar riscos addicionals si no es gestionen adequadament.<\/p>\n\t\t\t\t\t\t\t\t<\/div>\n\t\t\t\t<div class=\"elementor-element elementor-element-785a693 elementor-widget elementor-widget-text-editor\" data-id=\"785a693\" data-element_type=\"widget\" data-e-type=\"widget\" data-widget_type=\"text-editor.default\">\n\t\t\t\t\t\t\t\t\t<h2>Quin paper juguen els sistemes de seguretat tecnol\u00f2gica?<\/h2>\n\t\t\t\t\t\t\t\t<\/div>\n\t\t\t\t<div class=\"elementor-element elementor-element-b55a942 elementor-widget elementor-widget-text-editor\" data-id=\"b55a942\" data-element_type=\"widget\" data-e-type=\"widget\" data-widget_type=\"text-editor.default\">\n\t\t\t\t\t\t\t\t\t<p>La tecnologia \u00e9s un aliat fonamental per a la protecci\u00f3 de les comunitats. La instal\u00b7laci\u00f3 de c\u00e0meres de videovigil\u00e0ncia en punts estrat\u00e8gics, com a accessos i zones comunes, funciona no sols com un element dissuasiu sin\u00f3 tamb\u00e9 com una eina per a identificar possibles intrusos. Aquestes cambres poden ser monitorades en temps real per personal de seguretat o fins i tot per ve\u00efns, la qual cosa permet una resposta r\u00e0pida davant qualsevol activitat sospitosa. A m\u00e9s, els sistemes d&#8217;alarma connectats a aquestes c\u00e0meres poden alertar immediatament en cas d&#8217;entrada no autoritzada, augmentant l&#8217;efic\u00e0cia de la vigil\u00e0ncia.<\/p>\n\t\t\t\t\t\t\t\t<\/div>\n\t\t\t\t<div class=\"elementor-element elementor-element-7b077d0 elementor-widget elementor-widget-text-editor\" data-id=\"7b077d0\" data-element_type=\"widget\" data-e-type=\"widget\" data-widget_type=\"text-editor.default\">\n\t\t\t\t\t\t\t\t\t<h2>Com refor\u00e7ar els accessos i evitar entrades no autoritzades?<\/h2>\n\t\t\t\t\t\t\t\t<\/div>\n\t\t\t\t<div class=\"elementor-element elementor-element-f5c018d elementor-widget elementor-widget-text-editor\" data-id=\"f5c018d\" data-element_type=\"widget\" data-e-type=\"widget\" data-widget_type=\"text-editor.default\">\n\t\t\t\t\t\t\t\t\t<p>Un dels punts cr\u00edtics en la seguretat d&#8217;una comunitat s\u00f3n les portes d&#8217;acc\u00e9s, tant del portal com del garatge. \u00c9s com\u00fa que aquestes portes quedin obertes o mal tancades, facilitant l&#8217;entrada a persones no autoritzades. Per aix\u00f2, \u00e9s essencial que tots els ve\u00efns mantinguin una actitud responsable: no obrir a desconeguts sense verificar la seva identitat i assegurar-se que les portes es tanquin correctament despr\u00e9s d&#8217;entrar o sortir. La instal\u00b7laci\u00f3 de tancaportes autom\u00e0tics i b\u00fasties per a la publicitat en la fa\u00e7ana pot ajudar a evitar que les portes quedin obertes innecess\u00e0riament.<\/p>\n\t\t\t\t\t\t\t\t<\/div>\n\t\t\t\t<div class=\"elementor-element elementor-element-697db00 elementor-widget elementor-widget-image\" data-id=\"697db00\" data-element_type=\"widget\" data-e-type=\"widget\" data-widget_type=\"image.default\">\n\t\t\t\t\t\t\t\t\t\t\t\t\t\t\t<img fetchpriority=\"high\" decoding=\"async\" width=\"800\" height=\"450\" src=\"https:\/\/adhernandez.com\/wp-content\/uploads\/2025\/06\/robos-verano.jpg\" class=\"attachment-large size-large wp-image-31807\" alt=\"\" srcset=\"https:\/\/adhernandez.com\/wp-content\/uploads\/2025\/06\/robos-verano.jpg 800w, https:\/\/adhernandez.com\/wp-content\/uploads\/2025\/06\/robos-verano-300x169.jpg 300w, https:\/\/adhernandez.com\/wp-content\/uploads\/2025\/06\/robos-verano-768x432.jpg 768w, https:\/\/adhernandez.com\/wp-content\/uploads\/2025\/06\/robos-verano-496x279.jpg 496w\" sizes=\"(max-width: 800px) 100vw, 800px\" \/>\t\t\t\t\t\t\t\t\t\t\t\t\t\t\t<\/div>\n\t\t\t\t<div class=\"elementor-element elementor-element-8593ce5 elementor-widget elementor-widget-text-editor\" data-id=\"8593ce5\" data-element_type=\"widget\" data-e-type=\"widget\" data-widget_type=\"text-editor.default\">\n\t\t\t\t\t\t\t\t\t<h2>Quina import\u00e0ncia t\u00e9 la col\u00b7laboraci\u00f3 ve\u00efnal i la comunicaci\u00f3?<\/h2>\n\t\t\t\t\t\t\t\t<\/div>\n\t\t\t\t<div class=\"elementor-element elementor-element-0518eb9 elementor-widget elementor-widget-text-editor\" data-id=\"0518eb9\" data-element_type=\"widget\" data-e-type=\"widget\" data-widget_type=\"text-editor.default\">\n\t\t\t\t\t\t\t\t\t<p>La seguretat en una comunitat no dep\u00e8n \u00fanicament de mesures t\u00e8cniques, sin\u00f3 tamb\u00e9 de la col\u00b7laboraci\u00f3 entre els ve\u00efns. Mantenir una comunicaci\u00f3 fluida permet alertar sobre activitats sospitoses i coordinar accions preventives. Per exemple, informar els ve\u00efns sobre les dates en qu\u00e8 cadascun estar\u00e0 absent i organitzar la recollida del correu pot fer l&#8217;efecte que la comunitat est\u00e0 activa, dissuadint a possibles intrusos. La creaci\u00f3 de grups de comunicaci\u00f3 en l\u00ednia facilita aquesta coordinaci\u00f3 i millora la vigil\u00e0ncia conjunta.<\/p>\n\t\t\t\t\t\t\t\t<\/div>\n\t\t\t\t<div class=\"elementor-element elementor-element-3cf1c3a elementor-widget elementor-widget-text-editor\" data-id=\"3cf1c3a\" data-element_type=\"widget\" data-e-type=\"widget\" data-widget_type=\"text-editor.default\">\n\t\t\t\t\t\t\t\t\t<h2>\u00c9s recomanable contractar personal de seguretat?<\/h2>\n\t\t\t\t\t\t\t\t<\/div>\n\t\t\t\t<div class=\"elementor-element elementor-element-a478c90 elementor-widget elementor-widget-text-editor\" data-id=\"a478c90\" data-element_type=\"widget\" data-e-type=\"widget\" data-widget_type=\"text-editor.default\">\n\t\t\t\t\t\t\t\t\t<p>En comunitats amb major risc o que desitgen un nivell addicional de protecci\u00f3, la contractaci\u00f3 de personal de seguretat pot ser una opci\u00f3 efica\u00e7. Els vigilants poden realitzar patrulles regulars, controlar accessos i actuar r\u00e0pidament davant qualsevol incident. La seva pres\u00e8ncia visible tamb\u00e9 funciona com un element dissuasiu per als delinq\u00fcents. A m\u00e9s, l&#8217;administrador de finques juga un paper clau a gestionar aquests serveis, assegurant que estiguin adaptats a les necessitats espec\u00edfiques de la comunitat i coordinant amb els ve\u00efns per a implementar les mesures adequades.<\/p>\n\t\t\t\t\t\t\t\t<\/div>\n\t\t\t\t<div class=\"elementor-element elementor-element-8596ad1 elementor-widget elementor-widget-text-editor\" data-id=\"8596ad1\" data-element_type=\"widget\" data-e-type=\"widget\" data-widget_type=\"text-editor.default\">\n\t\t\t\t\t\t\t\t\t<h2>Quins altres riscos han de considerar-se a l&#8217;estiu?<\/h2>\n\t\t\t\t\t\t\t\t<\/div>\n\t\t\t\t<div class=\"elementor-element elementor-element-5ceb7e6 elementor-widget elementor-widget-text-editor\" data-id=\"5ceb7e6\" data-element_type=\"widget\" data-e-type=\"widget\" data-widget_type=\"text-editor.default\">\n\t\t\t\t\t\t\t\t\t<p>A m\u00e9s dels robatoris, durant els mesos d&#8217;estiu augmenten altres riscos com els incendis, a causa de les condicions clim\u00e0tiques seques i a l&#8217;\u00fas de barbacoes o focs artificials en zones comunes. Per aix\u00f2, \u00e9s recomanable comptar amb sistemes adequats de detecci\u00f3 i extinci\u00f3 d&#8217;incendis i promoure l&#8217;\u00fas responsable d&#8217;aquestes instal\u00b7lacions. La prevenci\u00f3 en aquest sentit \u00e9s part integral de la seguretat comunit\u00e0ria durant les vacances.<\/p>\n\t\t\t\t\t\t\t\t<\/div>\n\t\t\t\t<div class=\"elementor-element elementor-element-edcbcb4 elementor-widget elementor-widget-text-editor\" data-id=\"edcbcb4\" data-element_type=\"widget\" data-e-type=\"widget\" data-widget_type=\"text-editor.default\">\n\t\t\t\t\t\t\t\t\t<h2>Quin \u00e9s el paper de l&#8217;administrador de finques en la seguretat vacacional?<\/h2>\n\t\t\t\t\t\t\t\t<\/div>\n\t\t\t\t<div class=\"elementor-element elementor-element-be141ec elementor-widget elementor-widget-text-editor\" data-id=\"be141ec\" data-element_type=\"widget\" data-e-type=\"widget\" data-widget_type=\"text-editor.default\">\n\t\t\t\t\t\t\t\t\t<p>L&#8217;administrador de finques no sols gestiona aspectes econ\u00f2mics i administratius, sin\u00f3 que tamb\u00e9 \u00e9s un actor fonamental en la seguretat de la comunitat. Abans dels per\u00edodes vacacionals, ha de supervisar l&#8217;estat i funcionament de panys, c\u00e0meres, il\u00b7luminaci\u00f3 i altres sistemes de seguretat. A m\u00e9s, facilita la comunicaci\u00f3 entre ve\u00efns i amb prove\u00efdors de serveis de seguretat, i actua com a enlla\u00e7 amb les autoritats en cas d&#8217;incidents. La seva labor preventiva i coordinadora \u00e9s clau per a minimitzar riscos i garantir la tranquil\u00b7litat dels propietaris durant les abs\u00e8ncies.<\/p>\n\t\t\t\t\t\t\t\t<\/div>\n\t\t\t\t<div class=\"elementor-element elementor-element-43bd925 elementor-widget elementor-widget-text-editor\" data-id=\"43bd925\" data-element_type=\"widget\" data-e-type=\"widget\" data-widget_type=\"text-editor.default\">\n\t\t\t\t\t\t\t\t\t<p>En conclusi\u00f3, la seguretat en comunitats de ve\u00efns durant les vacances a Barcelona requereix un enfocament integral que combini tecnologia, responsabilitat ve\u00efnal, mesures f\u00edsiques en els accessos i una gesti\u00f3 professional per part de l&#8217;administrador de finques. Aplicar aquestes recomanacions contribueix a reduir significativament els riscos i a mantenir un entorn segur per a tots els residents, fins i tot quan molts estan fora gaudint del seu temps lliure.<\/p>\n\t\t\t\t\t\t\t\t<\/div>\n\t\t\t\t\t<\/div>\n\t\t<\/div>\n\t\t\t\t\t<\/div>\n\t\t<\/section>\n\t\t\t\t<\/div>\n\t\t","protected":false},"excerpt":{"rendered":"<p>Protegeix la teva comunitat a Barcelona aquestes vacances: consells clau per a evitar robatoris i millorar la seguretat en el teu edifici<\/p>\n","protected":false},"author":6,"featured_media":31804,"comment_status":"closed","ping_status":"closed","sticky":false,"template":"","format":"standard","meta":{"footnotes":""},"categories":[378,365],"tags":[],"class_list":["post-31817","post","type-post","status-publish","format-standard","has-post-thumbnail","hentry","category-blog-ca","category-propiedad-horizontal-ca"],"yoast_head":"<!-- This site is optimized with the Yoast SEO plugin v27.4 - https:\/\/yoast.com\/product\/yoast-seo-wordpress\/ -->\n<title>Com garantir la seguretat en comunitats de ve\u00efns durant les vacances a Barcelona? - Administraciones Hern\u00e1ndez<\/title>\n<meta name=\"description\" content=\"Protegeix la teva comunitat a Barcelona aquestes vacances: consells clau per a evitar robatoris i millorar la seguretat en el teu edifici\" \/>\n<meta name=\"robots\" content=\"index, follow, max-snippet:-1, max-image-preview:large, max-video-preview:-1\" \/>\n<link rel=\"canonical\" href=\"https:\/\/adhernandez.com\/ca\/2025\/06\/06\/com-garantir-la-seguretat-en-comunitats-de-veins-durant-les-vacances-a-barcelona\/\" \/>\n<meta property=\"og:locale\" content=\"ca_ES\" \/>\n<meta property=\"og:type\" content=\"article\" \/>\n<meta property=\"og:title\" content=\"Com garantir la seguretat en comunitats de ve\u00efns durant les vacances a Barcelona? - Administraciones Hern\u00e1ndez\" \/>\n<meta property=\"og:description\" content=\"Protegeix la teva comunitat a Barcelona aquestes vacances: consells clau per a evitar robatoris i millorar la seguretat en el teu edifici\" \/>\n<meta property=\"og:url\" content=\"https:\/\/adhernandez.com\/ca\/2025\/06\/06\/com-garantir-la-seguretat-en-comunitats-de-veins-durant-les-vacances-a-barcelona\/\" \/>\n<meta property=\"og:site_name\" content=\"Administraciones Hern\u00e1ndez\" \/>\n<meta property=\"article:published_time\" content=\"2025-06-06T09:59:00+00:00\" \/>\n<meta property=\"article:modified_time\" content=\"2025-06-18T10:02:26+00:00\" \/>\n<meta property=\"og:image\" content=\"https:\/\/adhernandez.com\/wp-content\/uploads\/2025\/06\/seguridad-comunidad-vecinos.jpg\" \/>\n\t<meta property=\"og:image:width\" content=\"800\" \/>\n\t<meta property=\"og:image:height\" content=\"450\" \/>\n\t<meta property=\"og:image:type\" content=\"image\/jpeg\" \/>\n<meta name=\"author\" content=\"AdHern\u00e1ndez\" \/>\n<meta name=\"twitter:card\" content=\"summary_large_image\" \/>\n<meta name=\"twitter:label1\" content=\"Escrit per\" \/>\n\t<meta name=\"twitter:data1\" content=\"AdHern\u00e1ndez\" \/>\n\t<meta name=\"twitter:label2\" content=\"Temps estimat de lectura\" \/>\n\t<meta name=\"twitter:data2\" content=\"5 minuts\" \/>\n<script type=\"application\/ld+json\" class=\"yoast-schema-graph\">{\"@context\":\"https:\\\/\\\/schema.org\",\"@graph\":[{\"@type\":\"Article\",\"@id\":\"https:\\\/\\\/adhernandez.com\\\/ca\\\/2025\\\/06\\\/06\\\/com-garantir-la-seguretat-en-comunitats-de-veins-durant-les-vacances-a-barcelona\\\/#article\",\"isPartOf\":{\"@id\":\"https:\\\/\\\/adhernandez.com\\\/ca\\\/2025\\\/06\\\/06\\\/com-garantir-la-seguretat-en-comunitats-de-veins-durant-les-vacances-a-barcelona\\\/\"},\"author\":{\"name\":\"AdHern\u00e1ndez\",\"@id\":\"https:\\\/\\\/adhernandez.com\\\/ca\\\/#\\\/schema\\\/person\\\/330b9c8828ff3a80ee8053b5fff0e848\"},\"headline\":\"Com garantir la seguretat en comunitats de ve\u00efns durant les vacances a Barcelona?\",\"datePublished\":\"2025-06-06T09:59:00+00:00\",\"dateModified\":\"2025-06-18T10:02:26+00:00\",\"mainEntityOfPage\":{\"@id\":\"https:\\\/\\\/adhernandez.com\\\/ca\\\/2025\\\/06\\\/06\\\/com-garantir-la-seguretat-en-comunitats-de-veins-durant-les-vacances-a-barcelona\\\/\"},\"wordCount\":895,\"image\":{\"@id\":\"https:\\\/\\\/adhernandez.com\\\/ca\\\/2025\\\/06\\\/06\\\/com-garantir-la-seguretat-en-comunitats-de-veins-durant-les-vacances-a-barcelona\\\/#primaryimage\"},\"thumbnailUrl\":\"https:\\\/\\\/adhernandez.com\\\/wp-content\\\/uploads\\\/2025\\\/06\\\/seguridad-comunidad-vecinos.jpg\",\"articleSection\":[\"blog\",\"Propiedad Horizontal\"],\"inLanguage\":\"ca\"},{\"@type\":\"WebPage\",\"@id\":\"https:\\\/\\\/adhernandez.com\\\/ca\\\/2025\\\/06\\\/06\\\/com-garantir-la-seguretat-en-comunitats-de-veins-durant-les-vacances-a-barcelona\\\/\",\"url\":\"https:\\\/\\\/adhernandez.com\\\/ca\\\/2025\\\/06\\\/06\\\/com-garantir-la-seguretat-en-comunitats-de-veins-durant-les-vacances-a-barcelona\\\/\",\"name\":\"Com garantir la seguretat en comunitats de ve\u00efns durant les vacances a Barcelona? - Administraciones Hern\u00e1ndez\",\"isPartOf\":{\"@id\":\"https:\\\/\\\/adhernandez.com\\\/ca\\\/#website\"},\"primaryImageOfPage\":{\"@id\":\"https:\\\/\\\/adhernandez.com\\\/ca\\\/2025\\\/06\\\/06\\\/com-garantir-la-seguretat-en-comunitats-de-veins-durant-les-vacances-a-barcelona\\\/#primaryimage\"},\"image\":{\"@id\":\"https:\\\/\\\/adhernandez.com\\\/ca\\\/2025\\\/06\\\/06\\\/com-garantir-la-seguretat-en-comunitats-de-veins-durant-les-vacances-a-barcelona\\\/#primaryimage\"},\"thumbnailUrl\":\"https:\\\/\\\/adhernandez.com\\\/wp-content\\\/uploads\\\/2025\\\/06\\\/seguridad-comunidad-vecinos.jpg\",\"datePublished\":\"2025-06-06T09:59:00+00:00\",\"dateModified\":\"2025-06-18T10:02:26+00:00\",\"author\":{\"@id\":\"https:\\\/\\\/adhernandez.com\\\/ca\\\/#\\\/schema\\\/person\\\/330b9c8828ff3a80ee8053b5fff0e848\"},\"description\":\"Protegeix la teva comunitat a Barcelona aquestes vacances: consells clau per a evitar robatoris i millorar la seguretat en el teu edifici\",\"breadcrumb\":{\"@id\":\"https:\\\/\\\/adhernandez.com\\\/ca\\\/2025\\\/06\\\/06\\\/com-garantir-la-seguretat-en-comunitats-de-veins-durant-les-vacances-a-barcelona\\\/#breadcrumb\"},\"inLanguage\":\"ca\",\"potentialAction\":[{\"@type\":\"ReadAction\",\"target\":[\"https:\\\/\\\/adhernandez.com\\\/ca\\\/2025\\\/06\\\/06\\\/com-garantir-la-seguretat-en-comunitats-de-veins-durant-les-vacances-a-barcelona\\\/\"]}]},{\"@type\":\"ImageObject\",\"inLanguage\":\"ca\",\"@id\":\"https:\\\/\\\/adhernandez.com\\\/ca\\\/2025\\\/06\\\/06\\\/com-garantir-la-seguretat-en-comunitats-de-veins-durant-les-vacances-a-barcelona\\\/#primaryimage\",\"url\":\"https:\\\/\\\/adhernandez.com\\\/wp-content\\\/uploads\\\/2025\\\/06\\\/seguridad-comunidad-vecinos.jpg\",\"contentUrl\":\"https:\\\/\\\/adhernandez.com\\\/wp-content\\\/uploads\\\/2025\\\/06\\\/seguridad-comunidad-vecinos.jpg\",\"width\":800,\"height\":450},{\"@type\":\"BreadcrumbList\",\"@id\":\"https:\\\/\\\/adhernandez.com\\\/ca\\\/2025\\\/06\\\/06\\\/com-garantir-la-seguretat-en-comunitats-de-veins-durant-les-vacances-a-barcelona\\\/#breadcrumb\",\"itemListElement\":[{\"@type\":\"ListItem\",\"position\":1,\"name\":\"Portada\",\"item\":\"https:\\\/\\\/adhernandez.com\\\/ca\\\/adhernandez-inicio\\\/\"},{\"@type\":\"ListItem\",\"position\":2,\"name\":\"Com garantir la seguretat en comunitats de ve\u00efns durant les vacances a Barcelona?\"}]},{\"@type\":\"WebSite\",\"@id\":\"https:\\\/\\\/adhernandez.com\\\/ca\\\/#website\",\"url\":\"https:\\\/\\\/adhernandez.com\\\/ca\\\/\",\"name\":\"Administraciones Hern\u00e1ndez\",\"description\":\"Equipo de profesionales con amplia experiencia en la gesti\u00f3n del patrimonio inmobiliario\",\"potentialAction\":[{\"@type\":\"SearchAction\",\"target\":{\"@type\":\"EntryPoint\",\"urlTemplate\":\"https:\\\/\\\/adhernandez.com\\\/ca\\\/?s={search_term_string}\"},\"query-input\":{\"@type\":\"PropertyValueSpecification\",\"valueRequired\":true,\"valueName\":\"search_term_string\"}}],\"inLanguage\":\"ca\"},{\"@type\":\"Person\",\"@id\":\"https:\\\/\\\/adhernandez.com\\\/ca\\\/#\\\/schema\\\/person\\\/330b9c8828ff3a80ee8053b5fff0e848\",\"name\":\"AdHern\u00e1ndez\",\"image\":{\"@type\":\"ImageObject\",\"inLanguage\":\"ca\",\"@id\":\"https:\\\/\\\/adhernandez.com\\\/wp-content\\\/litespeed\\\/avatar\\\/6b84e2484050905299b010a711cff345.jpg?ver=1777323059\",\"url\":\"https:\\\/\\\/adhernandez.com\\\/wp-content\\\/litespeed\\\/avatar\\\/6b84e2484050905299b010a711cff345.jpg?ver=1777323059\",\"contentUrl\":\"https:\\\/\\\/adhernandez.com\\\/wp-content\\\/litespeed\\\/avatar\\\/6b84e2484050905299b010a711cff345.jpg?ver=1777323059\",\"caption\":\"AdHern\u00e1ndez\"},\"url\":\"https:\\\/\\\/adhernandez.com\\\/ca\\\/author\\\/veronica\\\/\"}]}<\/script>\n<!-- \/ Yoast SEO plugin. -->","yoast_head_json":{"title":"Com garantir la seguretat en comunitats de ve\u00efns durant les vacances a Barcelona? - Administraciones Hern\u00e1ndez","description":"Protegeix la teva comunitat a Barcelona aquestes vacances: consells clau per a evitar robatoris i millorar la seguretat en el teu edifici","robots":{"index":"index","follow":"follow","max-snippet":"max-snippet:-1","max-image-preview":"max-image-preview:large","max-video-preview":"max-video-preview:-1"},"canonical":"https:\/\/adhernandez.com\/ca\/2025\/06\/06\/com-garantir-la-seguretat-en-comunitats-de-veins-durant-les-vacances-a-barcelona\/","og_locale":"ca_ES","og_type":"article","og_title":"Com garantir la seguretat en comunitats de ve\u00efns durant les vacances a Barcelona? - Administraciones Hern\u00e1ndez","og_description":"Protegeix la teva comunitat a Barcelona aquestes vacances: consells clau per a evitar robatoris i millorar la seguretat en el teu edifici","og_url":"https:\/\/adhernandez.com\/ca\/2025\/06\/06\/com-garantir-la-seguretat-en-comunitats-de-veins-durant-les-vacances-a-barcelona\/","og_site_name":"Administraciones Hern\u00e1ndez","article_published_time":"2025-06-06T09:59:00+00:00","article_modified_time":"2025-06-18T10:02:26+00:00","og_image":[{"width":800,"height":450,"url":"https:\/\/adhernandez.com\/wp-content\/uploads\/2025\/06\/seguridad-comunidad-vecinos.jpg","type":"image\/jpeg"}],"author":"AdHern\u00e1ndez","twitter_card":"summary_large_image","twitter_misc":{"Escrit per":"AdHern\u00e1ndez","Temps estimat de lectura":"5 minuts"},"schema":{"@context":"https:\/\/schema.org","@graph":[{"@type":"Article","@id":"https:\/\/adhernandez.com\/ca\/2025\/06\/06\/com-garantir-la-seguretat-en-comunitats-de-veins-durant-les-vacances-a-barcelona\/#article","isPartOf":{"@id":"https:\/\/adhernandez.com\/ca\/2025\/06\/06\/com-garantir-la-seguretat-en-comunitats-de-veins-durant-les-vacances-a-barcelona\/"},"author":{"name":"AdHern\u00e1ndez","@id":"https:\/\/adhernandez.com\/ca\/#\/schema\/person\/330b9c8828ff3a80ee8053b5fff0e848"},"headline":"Com garantir la seguretat en comunitats de ve\u00efns durant les vacances a Barcelona?","datePublished":"2025-06-06T09:59:00+00:00","dateModified":"2025-06-18T10:02:26+00:00","mainEntityOfPage":{"@id":"https:\/\/adhernandez.com\/ca\/2025\/06\/06\/com-garantir-la-seguretat-en-comunitats-de-veins-durant-les-vacances-a-barcelona\/"},"wordCount":895,"image":{"@id":"https:\/\/adhernandez.com\/ca\/2025\/06\/06\/com-garantir-la-seguretat-en-comunitats-de-veins-durant-les-vacances-a-barcelona\/#primaryimage"},"thumbnailUrl":"https:\/\/adhernandez.com\/wp-content\/uploads\/2025\/06\/seguridad-comunidad-vecinos.jpg","articleSection":["blog","Propiedad Horizontal"],"inLanguage":"ca"},{"@type":"WebPage","@id":"https:\/\/adhernandez.com\/ca\/2025\/06\/06\/com-garantir-la-seguretat-en-comunitats-de-veins-durant-les-vacances-a-barcelona\/","url":"https:\/\/adhernandez.com\/ca\/2025\/06\/06\/com-garantir-la-seguretat-en-comunitats-de-veins-durant-les-vacances-a-barcelona\/","name":"Com garantir la seguretat en comunitats de ve\u00efns durant les vacances a Barcelona? - Administraciones Hern\u00e1ndez","isPartOf":{"@id":"https:\/\/adhernandez.com\/ca\/#website"},"primaryImageOfPage":{"@id":"https:\/\/adhernandez.com\/ca\/2025\/06\/06\/com-garantir-la-seguretat-en-comunitats-de-veins-durant-les-vacances-a-barcelona\/#primaryimage"},"image":{"@id":"https:\/\/adhernandez.com\/ca\/2025\/06\/06\/com-garantir-la-seguretat-en-comunitats-de-veins-durant-les-vacances-a-barcelona\/#primaryimage"},"thumbnailUrl":"https:\/\/adhernandez.com\/wp-content\/uploads\/2025\/06\/seguridad-comunidad-vecinos.jpg","datePublished":"2025-06-06T09:59:00+00:00","dateModified":"2025-06-18T10:02:26+00:00","author":{"@id":"https:\/\/adhernandez.com\/ca\/#\/schema\/person\/330b9c8828ff3a80ee8053b5fff0e848"},"description":"Protegeix la teva comunitat a Barcelona aquestes vacances: consells clau per a evitar robatoris i millorar la seguretat en el teu edifici","breadcrumb":{"@id":"https:\/\/adhernandez.com\/ca\/2025\/06\/06\/com-garantir-la-seguretat-en-comunitats-de-veins-durant-les-vacances-a-barcelona\/#breadcrumb"},"inLanguage":"ca","potentialAction":[{"@type":"ReadAction","target":["https:\/\/adhernandez.com\/ca\/2025\/06\/06\/com-garantir-la-seguretat-en-comunitats-de-veins-durant-les-vacances-a-barcelona\/"]}]},{"@type":"ImageObject","inLanguage":"ca","@id":"https:\/\/adhernandez.com\/ca\/2025\/06\/06\/com-garantir-la-seguretat-en-comunitats-de-veins-durant-les-vacances-a-barcelona\/#primaryimage","url":"https:\/\/adhernandez.com\/wp-content\/uploads\/2025\/06\/seguridad-comunidad-vecinos.jpg","contentUrl":"https:\/\/adhernandez.com\/wp-content\/uploads\/2025\/06\/seguridad-comunidad-vecinos.jpg","width":800,"height":450},{"@type":"BreadcrumbList","@id":"https:\/\/adhernandez.com\/ca\/2025\/06\/06\/com-garantir-la-seguretat-en-comunitats-de-veins-durant-les-vacances-a-barcelona\/#breadcrumb","itemListElement":[{"@type":"ListItem","position":1,"name":"Portada","item":"https:\/\/adhernandez.com\/ca\/adhernandez-inicio\/"},{"@type":"ListItem","position":2,"name":"Com garantir la seguretat en comunitats de ve\u00efns durant les vacances a Barcelona?"}]},{"@type":"WebSite","@id":"https:\/\/adhernandez.com\/ca\/#website","url":"https:\/\/adhernandez.com\/ca\/","name":"Administraciones Hern\u00e1ndez","description":"Equipo de profesionales con amplia experiencia en la gesti\u00f3n del patrimonio inmobiliario","potentialAction":[{"@type":"SearchAction","target":{"@type":"EntryPoint","urlTemplate":"https:\/\/adhernandez.com\/ca\/?s={search_term_string}"},"query-input":{"@type":"PropertyValueSpecification","valueRequired":true,"valueName":"search_term_string"}}],"inLanguage":"ca"},{"@type":"Person","@id":"https:\/\/adhernandez.com\/ca\/#\/schema\/person\/330b9c8828ff3a80ee8053b5fff0e848","name":"AdHern\u00e1ndez","image":{"@type":"ImageObject","inLanguage":"ca","@id":"https:\/\/adhernandez.com\/wp-content\/litespeed\/avatar\/6b84e2484050905299b010a711cff345.jpg?ver=1777323059","url":"https:\/\/adhernandez.com\/wp-content\/litespeed\/avatar\/6b84e2484050905299b010a711cff345.jpg?ver=1777323059","contentUrl":"https:\/\/adhernandez.com\/wp-content\/litespeed\/avatar\/6b84e2484050905299b010a711cff345.jpg?ver=1777323059","caption":"AdHern\u00e1ndez"},"url":"https:\/\/adhernandez.com\/ca\/author\/veronica\/"}]}},"_links":{"self":[{"href":"https:\/\/adhernandez.com\/ca\/wp-json\/wp\/v2\/posts\/31817","targetHints":{"allow":["GET"]}}],"collection":[{"href":"https:\/\/adhernandez.com\/ca\/wp-json\/wp\/v2\/posts"}],"about":[{"href":"https:\/\/adhernandez.com\/ca\/wp-json\/wp\/v2\/types\/post"}],"author":[{"embeddable":true,"href":"https:\/\/adhernandez.com\/ca\/wp-json\/wp\/v2\/users\/6"}],"replies":[{"embeddable":true,"href":"https:\/\/adhernandez.com\/ca\/wp-json\/wp\/v2\/comments?post=31817"}],"version-history":[{"count":1,"href":"https:\/\/adhernandez.com\/ca\/wp-json\/wp\/v2\/posts\/31817\/revisions"}],"predecessor-version":[{"id":31818,"href":"https:\/\/adhernandez.com\/ca\/wp-json\/wp\/v2\/posts\/31817\/revisions\/31818"}],"wp:featuredmedia":[{"embeddable":true,"href":"https:\/\/adhernandez.com\/ca\/wp-json\/wp\/v2\/media\/31804"}],"wp:attachment":[{"href":"https:\/\/adhernandez.com\/ca\/wp-json\/wp\/v2\/media?parent=31817"}],"wp:term":[{"taxonomy":"category","embeddable":true,"href":"https:\/\/adhernandez.com\/ca\/wp-json\/wp\/v2\/categories?post=31817"},{"taxonomy":"post_tag","embeddable":true,"href":"https:\/\/adhernandez.com\/ca\/wp-json\/wp\/v2\/tags?post=31817"}],"curies":[{"name":"wp","href":"https:\/\/api.w.org\/{rel}","templated":true}]}}