{"id":31710,"date":"2025-05-19T13:46:21","date_gmt":"2025-05-19T13:46:21","guid":{"rendered":"https:\/\/adhernandez.com\/2025\/05\/19\/diferencies-entre-administrador-professional-i-president-de-la-comunitat\/"},"modified":"2025-05-19T13:46:21","modified_gmt":"2025-05-19T13:46:21","slug":"diferencies-entre-administrador-professional-i-president-de-la-comunitat","status":"publish","type":"post","link":"https:\/\/adhernandez.com\/ca\/2025\/05\/19\/diferencies-entre-administrador-professional-i-president-de-la-comunitat\/","title":{"rendered":"Difer\u00e8ncies entre administrador professional i president de la comunitat"},"content":{"rendered":"\t\t<div data-elementor-type=\"wp-post\" data-elementor-id=\"31710\" class=\"elementor elementor-31710 elementor-31593\">\n\t\t\t\t\t\t<section class=\"elementor-section elementor-top-section elementor-element elementor-element-ac49736 elementor-section-boxed elementor-section-height-default elementor-section-height-default\" data-id=\"ac49736\" data-element_type=\"section\" data-e-type=\"section\">\n\t\t\t\t\t\t<div class=\"elementor-container elementor-column-gap-default\">\n\t\t\t\t\t<div class=\"elementor-column elementor-col-100 elementor-top-column elementor-element elementor-element-e165f63\" data-id=\"e165f63\" data-element_type=\"column\" data-e-type=\"column\">\n\t\t\t<div class=\"elementor-widget-wrap elementor-element-populated\">\n\t\t\t\t\t\t<div class=\"elementor-element elementor-element-514d321 elementor-widget elementor-widget-text-editor\" data-id=\"514d321\" data-element_type=\"widget\" data-e-type=\"widget\" data-widget_type=\"text-editor.default\">\n\t\t\t\t\t\t\t\t\t<p>En el context de la propietat horitzontal a Barcelona, la gesti\u00f3 de les comunitats de propietaris implica el treball conjunt de dues figures clau: el president de la comunitat i l&#8217;administrador de finques. Encara que tots dos rols s\u00f3n essencials per al funcionament adequat de la comunitat, les seves funcions, responsabilitats i naturalesa jur\u00eddica presenten difer\u00e8ncies significatives que conv\u00e9 con\u00e8ixer per a entendre el marc legal i organitzatiu vigent a Catalunya.<\/p>\n\t\t\t\t\t\t\t\t<\/div>\n\t\t\t\t\t<\/div>\n\t\t<\/div>\n\t\t\t\t\t<\/div>\n\t\t<\/section>\n\t\t\t\t<section class=\"elementor-section elementor-top-section elementor-element elementor-element-7b50291 elementor-section-boxed elementor-section-height-default elementor-section-height-default\" data-id=\"7b50291\" data-element_type=\"section\" data-e-type=\"section\">\n\t\t\t\t\t\t<div class=\"elementor-container elementor-column-gap-default\">\n\t\t\t\t\t<div class=\"elementor-column elementor-col-100 elementor-top-column elementor-element elementor-element-2e1da9e\" data-id=\"2e1da9e\" data-element_type=\"column\" data-e-type=\"column\">\n\t\t\t<div class=\"elementor-widget-wrap elementor-element-populated\">\n\t\t\t\t\t\t<div class=\"elementor-element elementor-element-fbd4c55 elementor-widget elementor-widget-text-editor\" data-id=\"fbd4c55\" data-element_type=\"widget\" data-e-type=\"widget\" data-widget_type=\"text-editor.default\">\n\t\t\t\t\t\t\t\t\t<h2>Marc legal aplicable a Barcelona<\/h2>\n\t\t\t\t\t\t\t\t<\/div>\n\t\t\t\t<div class=\"elementor-element elementor-element-61236d6 elementor-widget elementor-widget-text-editor\" data-id=\"61236d6\" data-element_type=\"widget\" data-e-type=\"widget\" data-widget_type=\"text-editor.default\">\n\t\t\t\t\t\t\t\t\t<p>La regulaci\u00f3 de les comunitats de propietaris a Barcelona es fonamenta en el Llibre Cinqu\u00e8 del Codi Civil de Catalunya, que estableix el r\u00e8gim de propietat horitzontal per a les finques situades en aquesta comunitat aut\u00f2noma. Aquest marc legal defineix les compet\u00e8ncies i obligacions dels \u00f2rgans de govern de les comunitats, entre els quals destaquen el president i l&#8217;administrador.<\/p>\n\t\t\t\t\t\t\t\t<\/div>\n\t\t\t\t\t<\/div>\n\t\t<\/div>\n\t\t\t\t\t<\/div>\n\t\t<\/section>\n\t\t\t\t<section class=\"elementor-section elementor-top-section elementor-element elementor-element-d225dd7 elementor-section-boxed elementor-section-height-default elementor-section-height-default\" data-id=\"d225dd7\" data-element_type=\"section\" data-e-type=\"section\">\n\t\t\t\t\t\t<div class=\"elementor-container elementor-column-gap-default\">\n\t\t\t\t\t<div class=\"elementor-column elementor-col-100 elementor-top-column elementor-element elementor-element-ede6506\" data-id=\"ede6506\" data-element_type=\"column\" data-e-type=\"column\">\n\t\t\t<div class=\"elementor-widget-wrap elementor-element-populated\">\n\t\t\t\t\t\t<div class=\"elementor-element elementor-element-67c60cb elementor-widget elementor-widget-text-editor\" data-id=\"67c60cb\" data-element_type=\"widget\" data-e-type=\"widget\" data-widget_type=\"text-editor.default\">\n\t\t\t\t\t\t\t\t\t<h2>El president de la comunitat: representant legal<\/h2>\n\t\t\t\t\t\t\t\t<\/div>\n\t\t\t\t<div class=\"elementor-element elementor-element-d0a84ab elementor-widget elementor-widget-text-editor\" data-id=\"d0a84ab\" data-element_type=\"widget\" data-e-type=\"widget\" data-widget_type=\"text-editor.default\">\n\t\t\t\t\t\t\t\t\t<p>El president de la comunitat \u00e9s un propietari triat entre els ve\u00efns, generalment per votaci\u00f3, sorteig o torn, tal com estableix la normativa catalana i la Llei de Propietat Horitzontal. El c\u00e0rrec \u00e9s obligatori, gratu\u00eft i sol exercir-se per un per\u00edode d&#8217;un any, encara que pot prorrogar-se si la comunitat aix\u00ed ho decideix.<\/p>\n<p>Les funcions principals del president inclouen la representaci\u00f3 legal de la comunitat davant tercers, la presid\u00e8ncia de les juntes de propietaris i la signatura de contractes o documents oficials en nom de la comunitat. Aix\u00ed mateix, el president pot prendre decisions urgents quan la situaci\u00f3 el requereix, havent d&#8217;informar posteriorment la junta de propietaris. No \u00e9s necessari que el president tingui formaci\u00f3 espec\u00edfica en administraci\u00f3 o gesti\u00f3, la qual cosa pot suposar una c\u00e0rrega significativa, especialment en comunitats grans o amb necessitats complexes.<\/p>\n\t\t\t\t\t\t\t\t<\/div>\n\t\t\t\t\t<\/div>\n\t\t<\/div>\n\t\t\t\t\t<\/div>\n\t\t<\/section>\n\t\t\t\t<section class=\"elementor-section elementor-top-section elementor-element elementor-element-bca5dbf elementor-section-boxed elementor-section-height-default elementor-section-height-default\" data-id=\"bca5dbf\" data-element_type=\"section\" data-e-type=\"section\">\n\t\t\t\t\t\t<div class=\"elementor-container elementor-column-gap-default\">\n\t\t\t\t\t<div class=\"elementor-column elementor-col-100 elementor-top-column elementor-element elementor-element-55b132f\" data-id=\"55b132f\" data-element_type=\"column\" data-e-type=\"column\">\n\t\t\t<div class=\"elementor-widget-wrap elementor-element-populated\">\n\t\t\t\t\t\t<div class=\"elementor-element elementor-element-8acd50c elementor-widget elementor-widget-text-editor\" data-id=\"8acd50c\" data-element_type=\"widget\" data-e-type=\"widget\" data-widget_type=\"text-editor.default\">\n\t\t\t\t\t\t\t\t\t<h2>L&#8217;administrador professional: gesti\u00f3 t\u00e8cnica i administrativa<\/h2>\n\t\t\t\t\t\t\t\t<\/div>\n\t\t\t\t<div class=\"elementor-element elementor-element-17ad079 elementor-widget elementor-widget-text-editor\" data-id=\"17ad079\" data-element_type=\"widget\" data-e-type=\"widget\" data-widget_type=\"text-editor.default\">\n\t\t\t\t\t\t\t\t\t<p>L&#8217;administrador de finques \u00e9s un professional col\u00b7legiat, amb formaci\u00f3 espec\u00edfica en gesti\u00f3 immobili\u00e0ria i administraci\u00f3 de comunitats. La seva designaci\u00f3 no \u00e9s obligat\u00f2ria, per\u00f2 resulta habitual en comunitats d&#8217;una certa envergadura o complexitat, ja que aporta coneixements t\u00e8cnics i experi\u00e8ncia en la gesti\u00f3 d&#8217;assumptes administratius, financers i legals.<\/p>\n<p>Entre les funcions de l&#8217;administrador es troben la gesti\u00f3 dels serveis i subministraments comuns, l&#8217;elaboraci\u00f3 i control dels pressupostos, la cust\u00f2dia de la documentaci\u00f3, l&#8217;execuci\u00f3 dels acords adoptats per la junta i la supervisi\u00f3 del manteniment de les instal\u00b7lacions. A m\u00e9s, l&#8217;administrador assessora al president i a la junta en q\u00fcestions legals, fiscals i t\u00e8cniques, facilitant la presa de decisions informades.<\/p>\n<p>L&#8217;administrador professional actua com a gerent de la comunitat, per\u00f2 no ostenta la representaci\u00f3 legal d&#8217;aquesta, que recau en el president. La seva labor \u00e9s remunerada i est\u00e0 subjecta a la normativa professional vigent, la qual cosa garanteix un nivell de responsabilitat i especialitzaci\u00f3 superior al d&#8217;un propietari sense formaci\u00f3 espec\u00edfica.<\/p>\n\t\t\t\t\t\t\t\t<\/div>\n\t\t\t\t\t<\/div>\n\t\t<\/div>\n\t\t\t\t\t<\/div>\n\t\t<\/section>\n\t\t\t\t<section class=\"elementor-section elementor-top-section elementor-element elementor-element-347525f elementor-section-boxed elementor-section-height-default elementor-section-height-default\" data-id=\"347525f\" data-element_type=\"section\" data-e-type=\"section\">\n\t\t\t\t\t\t<div class=\"elementor-container elementor-column-gap-default\">\n\t\t\t\t\t<div class=\"elementor-column elementor-col-100 elementor-top-column elementor-element elementor-element-7c16572\" data-id=\"7c16572\" data-element_type=\"column\" data-e-type=\"column\">\n\t\t\t<div class=\"elementor-widget-wrap elementor-element-populated\">\n\t\t\t\t\t\t<div class=\"elementor-element elementor-element-c9fe230 elementor-widget elementor-widget-text-editor\" data-id=\"c9fe230\" data-element_type=\"widget\" data-e-type=\"widget\" data-widget_type=\"text-editor.default\">\n\t\t\t\t\t\t\t\t\t<h2>Coordinaci\u00f3 i l\u00edmits de les funcions<\/h2>\n\t\t\t\t\t\t\t\t<\/div>\n\t\t\t\t<div class=\"elementor-element elementor-element-8de2247 elementor-widget elementor-widget-text-editor\" data-id=\"8de2247\" data-element_type=\"widget\" data-e-type=\"widget\" data-widget_type=\"text-editor.default\">\n\t\t\t\t\t\t\t\t\t<p>El correcte funcionament de la comunitat dep\u00e8n en gran manera de la col\u00b7laboraci\u00f3 entre el president i l&#8217;administrador. Mentre que el president representa legalment a la comunitat i signatura els documents oficials, l&#8217;administrador prepara la informaci\u00f3, executa els acords i gestiona els aspectes t\u00e8cnics i administratius necessaris per a la vida comunit\u00e0ria.<\/p>\n<p>No obstant aix\u00f2, ni el president ni l&#8217;administrador poden prendre decisions unilaterals sobre assumptes rellevants per a la comunitat. L&#8217;\u00faltima paraula la t\u00e9 sempre la junta de propietaris, que \u00e9s l&#8217;\u00f2rgan sobir\u00e0 en la presa de decisions, excepte en situacions d&#8217;urg\u00e8ncia o en l&#8217;execuci\u00f3 d&#8217;acords pr\u00e8viament adoptats.<\/p>\n\t\t\t\t\t\t\t\t<\/div>\n\t\t\t\t\t<\/div>\n\t\t<\/div>\n\t\t\t\t\t<\/div>\n\t\t<\/section>\n\t\t\t\t<section class=\"elementor-section elementor-top-section elementor-element elementor-element-a024e1f elementor-section-boxed elementor-section-height-default elementor-section-height-default\" data-id=\"a024e1f\" data-element_type=\"section\" data-e-type=\"section\">\n\t\t\t\t\t\t<div class=\"elementor-container elementor-column-gap-default\">\n\t\t\t\t\t<div class=\"elementor-column elementor-col-100 elementor-top-column elementor-element elementor-element-7da0321\" data-id=\"7da0321\" data-element_type=\"column\" data-e-type=\"column\">\n\t\t\t<div class=\"elementor-widget-wrap elementor-element-populated\">\n\t\t\t\t\t\t<div class=\"elementor-element elementor-element-9ad4f48 elementor-widget elementor-widget-text-editor\" data-id=\"9ad4f48\" data-element_type=\"widget\" data-e-type=\"widget\" data-widget_type=\"text-editor.default\">\n\t\t\t\t\t\t\t\t\t<h2>Difer\u00e8ncies fonamentals<\/h2>\n\t\t\t\t\t\t\t\t<\/div>\n\t\t\t\t<div class=\"elementor-element elementor-element-a307028 elementor-widget elementor-widget-text-editor\" data-id=\"a307028\" data-element_type=\"widget\" data-e-type=\"widget\" data-widget_type=\"text-editor.default\">\n\t\t\t\t\t\t\t\t\t<p>La difer\u00e8ncia principal radica en la naturalesa del c\u00e0rrec i l&#8217;abast de les funcions. El president \u00e9s un propietari triat, sense necessitat de formaci\u00f3 espec\u00edfica i la funci\u00f3 de la qual \u00e9s principalment representativa i de control. L&#8217;administrador, per part seva, \u00e9s un professional extern, especialitzat en la gesti\u00f3 i administraci\u00f3 de finques, la intervenci\u00f3 de les quals se centra en la gesti\u00f3 t\u00e8cnica, administrativa i financera de la comunitat.<\/p>\n<p>Mentre el president assumeix la representaci\u00f3 legal i la presid\u00e8ncia de les juntes, l&#8217;administrador s&#8217;encarrega de la gesti\u00f3 quotidiana i d&#8217;assessorar la comunitat en tots els aspectes relacionats amb l&#8217;administraci\u00f3 i el compliment de la normativa vigent.<\/p>\n\t\t\t\t\t\t\t\t<\/div>\n\t\t\t\t\t<\/div>\n\t\t<\/div>\n\t\t\t\t\t<\/div>\n\t\t<\/section>\n\t\t\t\t<section class=\"elementor-section elementor-top-section elementor-element elementor-element-6651808 elementor-section-boxed elementor-section-height-default elementor-section-height-default\" data-id=\"6651808\" data-element_type=\"section\" data-e-type=\"section\">\n\t\t\t\t\t\t<div class=\"elementor-container elementor-column-gap-default\">\n\t\t\t\t\t<div class=\"elementor-column elementor-col-100 elementor-top-column elementor-element elementor-element-01223dc\" data-id=\"01223dc\" data-element_type=\"column\" data-e-type=\"column\">\n\t\t\t<div class=\"elementor-widget-wrap elementor-element-populated\">\n\t\t\t\t\t\t<div class=\"elementor-element elementor-element-96272be elementor-widget elementor-widget-text-editor\" data-id=\"96272be\" data-element_type=\"widget\" data-e-type=\"widget\" data-widget_type=\"text-editor.default\">\n\t\t\t\t\t\t\t\t\t<h2>Conclusi\u00f3<\/h2>\n\t\t\t\t\t\t\t\t<\/div>\n\t\t\t\t<div class=\"elementor-element elementor-element-8d56743 elementor-widget elementor-widget-text-editor\" data-id=\"8d56743\" data-element_type=\"widget\" data-e-type=\"widget\" data-widget_type=\"text-editor.default\">\n\t\t\t\t\t\t\t\t\t<p>A les comunitats de propietaris de Barcelona, la distinci\u00f3 entre el president i l&#8217;administrador professional \u00e9s clara i respon a la necessitat de combinar la representaci\u00f3 legal i la gesti\u00f3 t\u00e8cnica. La coordinaci\u00f3 entre totes dues figures, dins del marc legal catal\u00e0, \u00e9s essencial per a garantir l&#8217;efici\u00e8ncia, la transpar\u00e8ncia i el correcte funcionament de la comunitat, permetent que els propietaris comptin amb la seguretat jur\u00eddica i la gesti\u00f3 professional que exigeix la vida en comunitat.<\/p>\n\t\t\t\t\t\t\t\t<\/div>\n\t\t\t\t\t<\/div>\n\t\t<\/div>\n\t\t\t\t\t<\/div>\n\t\t<\/section>\n\t\t\t\t<\/div>\n\t\t","protected":false},"excerpt":{"rendered":"<p>Descobreix les difer\u00e8ncies clau entre administrador professional i president de comunitat per a una gesti\u00f3 eficient i clara.<\/p>\n","protected":false},"author":6,"featured_media":31601,"comment_status":"closed","ping_status":"closed","sticky":false,"template":"","format":"standard","meta":{"footnotes":""},"categories":[378,365],"tags":[],"class_list":["post-31710","post","type-post","status-publish","format-standard","has-post-thumbnail","hentry","category-blog-ca","category-propiedad-horizontal-ca"],"yoast_head":"<!-- This site is optimized with the Yoast SEO plugin v27.4 - https:\/\/yoast.com\/product\/yoast-seo-wordpress\/ -->\n<title>Difer\u00e8ncies entre administrador professional i president de la comunitat - Administraciones Hern\u00e1ndez<\/title>\n<meta name=\"description\" content=\"Descobreix les difer\u00e8ncies clau entre administrador professional i president de comunitat per a una gesti\u00f3 eficient i clara.\" \/>\n<meta name=\"robots\" content=\"index, follow, max-snippet:-1, max-image-preview:large, max-video-preview:-1\" \/>\n<link rel=\"canonical\" href=\"https:\/\/adhernandez.com\/ca\/2025\/05\/19\/diferencies-entre-administrador-professional-i-president-de-la-comunitat\/\" \/>\n<meta property=\"og:locale\" content=\"ca_ES\" \/>\n<meta property=\"og:type\" content=\"article\" \/>\n<meta property=\"og:title\" content=\"Difer\u00e8ncies entre administrador professional i president de la comunitat - Administraciones Hern\u00e1ndez\" \/>\n<meta property=\"og:description\" content=\"Descobreix les difer\u00e8ncies clau entre administrador professional i president de comunitat per a una gesti\u00f3 eficient i clara.\" \/>\n<meta property=\"og:url\" content=\"https:\/\/adhernandez.com\/ca\/2025\/05\/19\/diferencies-entre-administrador-professional-i-president-de-la-comunitat\/\" \/>\n<meta property=\"og:site_name\" content=\"Administraciones Hern\u00e1ndez\" \/>\n<meta property=\"article:published_time\" content=\"2025-05-19T13:46:21+00:00\" \/>\n<meta property=\"og:image\" content=\"https:\/\/adhernandez.com\/wp-content\/uploads\/2025\/04\/diferencias-entre-administrador-y-presidente.jpg\" \/>\n\t<meta property=\"og:image:width\" content=\"800\" \/>\n\t<meta property=\"og:image:height\" content=\"450\" \/>\n\t<meta property=\"og:image:type\" content=\"image\/jpeg\" \/>\n<meta name=\"author\" content=\"AdHern\u00e1ndez\" \/>\n<meta name=\"twitter:card\" content=\"summary_large_image\" \/>\n<meta name=\"twitter:label1\" content=\"Escrit per\" \/>\n\t<meta name=\"twitter:data1\" content=\"AdHern\u00e1ndez\" \/>\n\t<meta name=\"twitter:label2\" content=\"Temps estimat de lectura\" \/>\n\t<meta name=\"twitter:data2\" content=\"4 minuts\" \/>\n<script type=\"application\/ld+json\" class=\"yoast-schema-graph\">{\"@context\":\"https:\\\/\\\/schema.org\",\"@graph\":[{\"@type\":\"Article\",\"@id\":\"https:\\\/\\\/adhernandez.com\\\/ca\\\/2025\\\/05\\\/19\\\/diferencies-entre-administrador-professional-i-president-de-la-comunitat\\\/#article\",\"isPartOf\":{\"@id\":\"https:\\\/\\\/adhernandez.com\\\/ca\\\/2025\\\/05\\\/19\\\/diferencies-entre-administrador-professional-i-president-de-la-comunitat\\\/\"},\"author\":{\"name\":\"AdHern\u00e1ndez\",\"@id\":\"https:\\\/\\\/adhernandez.com\\\/ca\\\/#\\\/schema\\\/person\\\/330b9c8828ff3a80ee8053b5fff0e848\"},\"headline\":\"Difer\u00e8ncies entre administrador professional i president de la comunitat\",\"datePublished\":\"2025-05-19T13:46:21+00:00\",\"mainEntityOfPage\":{\"@id\":\"https:\\\/\\\/adhernandez.com\\\/ca\\\/2025\\\/05\\\/19\\\/diferencies-entre-administrador-professional-i-president-de-la-comunitat\\\/\"},\"wordCount\":791,\"image\":{\"@id\":\"https:\\\/\\\/adhernandez.com\\\/ca\\\/2025\\\/05\\\/19\\\/diferencies-entre-administrador-professional-i-president-de-la-comunitat\\\/#primaryimage\"},\"thumbnailUrl\":\"https:\\\/\\\/adhernandez.com\\\/wp-content\\\/uploads\\\/2025\\\/04\\\/diferencias-entre-administrador-y-presidente.jpg\",\"articleSection\":[\"blog\",\"Propiedad Horizontal\"],\"inLanguage\":\"ca\"},{\"@type\":\"WebPage\",\"@id\":\"https:\\\/\\\/adhernandez.com\\\/ca\\\/2025\\\/05\\\/19\\\/diferencies-entre-administrador-professional-i-president-de-la-comunitat\\\/\",\"url\":\"https:\\\/\\\/adhernandez.com\\\/ca\\\/2025\\\/05\\\/19\\\/diferencies-entre-administrador-professional-i-president-de-la-comunitat\\\/\",\"name\":\"Difer\u00e8ncies entre administrador professional i president de la comunitat - Administraciones Hern\u00e1ndez\",\"isPartOf\":{\"@id\":\"https:\\\/\\\/adhernandez.com\\\/ca\\\/#website\"},\"primaryImageOfPage\":{\"@id\":\"https:\\\/\\\/adhernandez.com\\\/ca\\\/2025\\\/05\\\/19\\\/diferencies-entre-administrador-professional-i-president-de-la-comunitat\\\/#primaryimage\"},\"image\":{\"@id\":\"https:\\\/\\\/adhernandez.com\\\/ca\\\/2025\\\/05\\\/19\\\/diferencies-entre-administrador-professional-i-president-de-la-comunitat\\\/#primaryimage\"},\"thumbnailUrl\":\"https:\\\/\\\/adhernandez.com\\\/wp-content\\\/uploads\\\/2025\\\/04\\\/diferencias-entre-administrador-y-presidente.jpg\",\"datePublished\":\"2025-05-19T13:46:21+00:00\",\"author\":{\"@id\":\"https:\\\/\\\/adhernandez.com\\\/ca\\\/#\\\/schema\\\/person\\\/330b9c8828ff3a80ee8053b5fff0e848\"},\"description\":\"Descobreix les difer\u00e8ncies clau entre administrador professional i president de comunitat per a una gesti\u00f3 eficient i clara.\",\"breadcrumb\":{\"@id\":\"https:\\\/\\\/adhernandez.com\\\/ca\\\/2025\\\/05\\\/19\\\/diferencies-entre-administrador-professional-i-president-de-la-comunitat\\\/#breadcrumb\"},\"inLanguage\":\"ca\",\"potentialAction\":[{\"@type\":\"ReadAction\",\"target\":[\"https:\\\/\\\/adhernandez.com\\\/ca\\\/2025\\\/05\\\/19\\\/diferencies-entre-administrador-professional-i-president-de-la-comunitat\\\/\"]}]},{\"@type\":\"ImageObject\",\"inLanguage\":\"ca\",\"@id\":\"https:\\\/\\\/adhernandez.com\\\/ca\\\/2025\\\/05\\\/19\\\/diferencies-entre-administrador-professional-i-president-de-la-comunitat\\\/#primaryimage\",\"url\":\"https:\\\/\\\/adhernandez.com\\\/wp-content\\\/uploads\\\/2025\\\/04\\\/diferencias-entre-administrador-y-presidente.jpg\",\"contentUrl\":\"https:\\\/\\\/adhernandez.com\\\/wp-content\\\/uploads\\\/2025\\\/04\\\/diferencias-entre-administrador-y-presidente.jpg\",\"width\":800,\"height\":450,\"caption\":\"diferencias entre administrador y presidente\"},{\"@type\":\"BreadcrumbList\",\"@id\":\"https:\\\/\\\/adhernandez.com\\\/ca\\\/2025\\\/05\\\/19\\\/diferencies-entre-administrador-professional-i-president-de-la-comunitat\\\/#breadcrumb\",\"itemListElement\":[{\"@type\":\"ListItem\",\"position\":1,\"name\":\"Portada\",\"item\":\"https:\\\/\\\/adhernandez.com\\\/ca\\\/adhernandez-inicio\\\/\"},{\"@type\":\"ListItem\",\"position\":2,\"name\":\"Difer\u00e8ncies entre administrador professional i president de la comunitat\"}]},{\"@type\":\"WebSite\",\"@id\":\"https:\\\/\\\/adhernandez.com\\\/ca\\\/#website\",\"url\":\"https:\\\/\\\/adhernandez.com\\\/ca\\\/\",\"name\":\"Administraciones Hern\u00e1ndez\",\"description\":\"Equipo de profesionales con amplia experiencia en la gesti\u00f3n del patrimonio inmobiliario\",\"potentialAction\":[{\"@type\":\"SearchAction\",\"target\":{\"@type\":\"EntryPoint\",\"urlTemplate\":\"https:\\\/\\\/adhernandez.com\\\/ca\\\/?s={search_term_string}\"},\"query-input\":{\"@type\":\"PropertyValueSpecification\",\"valueRequired\":true,\"valueName\":\"search_term_string\"}}],\"inLanguage\":\"ca\"},{\"@type\":\"Person\",\"@id\":\"https:\\\/\\\/adhernandez.com\\\/ca\\\/#\\\/schema\\\/person\\\/330b9c8828ff3a80ee8053b5fff0e848\",\"name\":\"AdHern\u00e1ndez\",\"image\":{\"@type\":\"ImageObject\",\"inLanguage\":\"ca\",\"@id\":\"https:\\\/\\\/adhernandez.com\\\/wp-content\\\/litespeed\\\/avatar\\\/6b84e2484050905299b010a711cff345.jpg?ver=1777323059\",\"url\":\"https:\\\/\\\/adhernandez.com\\\/wp-content\\\/litespeed\\\/avatar\\\/6b84e2484050905299b010a711cff345.jpg?ver=1777323059\",\"contentUrl\":\"https:\\\/\\\/adhernandez.com\\\/wp-content\\\/litespeed\\\/avatar\\\/6b84e2484050905299b010a711cff345.jpg?ver=1777323059\",\"caption\":\"AdHern\u00e1ndez\"},\"url\":\"https:\\\/\\\/adhernandez.com\\\/ca\\\/author\\\/veronica\\\/\"}]}<\/script>\n<!-- \/ Yoast SEO plugin. -->","yoast_head_json":{"title":"Difer\u00e8ncies entre administrador professional i president de la comunitat - Administraciones Hern\u00e1ndez","description":"Descobreix les difer\u00e8ncies clau entre administrador professional i president de comunitat per a una gesti\u00f3 eficient i clara.","robots":{"index":"index","follow":"follow","max-snippet":"max-snippet:-1","max-image-preview":"max-image-preview:large","max-video-preview":"max-video-preview:-1"},"canonical":"https:\/\/adhernandez.com\/ca\/2025\/05\/19\/diferencies-entre-administrador-professional-i-president-de-la-comunitat\/","og_locale":"ca_ES","og_type":"article","og_title":"Difer\u00e8ncies entre administrador professional i president de la comunitat - Administraciones Hern\u00e1ndez","og_description":"Descobreix les difer\u00e8ncies clau entre administrador professional i president de comunitat per a una gesti\u00f3 eficient i clara.","og_url":"https:\/\/adhernandez.com\/ca\/2025\/05\/19\/diferencies-entre-administrador-professional-i-president-de-la-comunitat\/","og_site_name":"Administraciones Hern\u00e1ndez","article_published_time":"2025-05-19T13:46:21+00:00","og_image":[{"width":800,"height":450,"url":"https:\/\/adhernandez.com\/wp-content\/uploads\/2025\/04\/diferencias-entre-administrador-y-presidente.jpg","type":"image\/jpeg"}],"author":"AdHern\u00e1ndez","twitter_card":"summary_large_image","twitter_misc":{"Escrit per":"AdHern\u00e1ndez","Temps estimat de lectura":"4 minuts"},"schema":{"@context":"https:\/\/schema.org","@graph":[{"@type":"Article","@id":"https:\/\/adhernandez.com\/ca\/2025\/05\/19\/diferencies-entre-administrador-professional-i-president-de-la-comunitat\/#article","isPartOf":{"@id":"https:\/\/adhernandez.com\/ca\/2025\/05\/19\/diferencies-entre-administrador-professional-i-president-de-la-comunitat\/"},"author":{"name":"AdHern\u00e1ndez","@id":"https:\/\/adhernandez.com\/ca\/#\/schema\/person\/330b9c8828ff3a80ee8053b5fff0e848"},"headline":"Difer\u00e8ncies entre administrador professional i president de la comunitat","datePublished":"2025-05-19T13:46:21+00:00","mainEntityOfPage":{"@id":"https:\/\/adhernandez.com\/ca\/2025\/05\/19\/diferencies-entre-administrador-professional-i-president-de-la-comunitat\/"},"wordCount":791,"image":{"@id":"https:\/\/adhernandez.com\/ca\/2025\/05\/19\/diferencies-entre-administrador-professional-i-president-de-la-comunitat\/#primaryimage"},"thumbnailUrl":"https:\/\/adhernandez.com\/wp-content\/uploads\/2025\/04\/diferencias-entre-administrador-y-presidente.jpg","articleSection":["blog","Propiedad Horizontal"],"inLanguage":"ca"},{"@type":"WebPage","@id":"https:\/\/adhernandez.com\/ca\/2025\/05\/19\/diferencies-entre-administrador-professional-i-president-de-la-comunitat\/","url":"https:\/\/adhernandez.com\/ca\/2025\/05\/19\/diferencies-entre-administrador-professional-i-president-de-la-comunitat\/","name":"Difer\u00e8ncies entre administrador professional i president de la comunitat - Administraciones Hern\u00e1ndez","isPartOf":{"@id":"https:\/\/adhernandez.com\/ca\/#website"},"primaryImageOfPage":{"@id":"https:\/\/adhernandez.com\/ca\/2025\/05\/19\/diferencies-entre-administrador-professional-i-president-de-la-comunitat\/#primaryimage"},"image":{"@id":"https:\/\/adhernandez.com\/ca\/2025\/05\/19\/diferencies-entre-administrador-professional-i-president-de-la-comunitat\/#primaryimage"},"thumbnailUrl":"https:\/\/adhernandez.com\/wp-content\/uploads\/2025\/04\/diferencias-entre-administrador-y-presidente.jpg","datePublished":"2025-05-19T13:46:21+00:00","author":{"@id":"https:\/\/adhernandez.com\/ca\/#\/schema\/person\/330b9c8828ff3a80ee8053b5fff0e848"},"description":"Descobreix les difer\u00e8ncies clau entre administrador professional i president de comunitat per a una gesti\u00f3 eficient i clara.","breadcrumb":{"@id":"https:\/\/adhernandez.com\/ca\/2025\/05\/19\/diferencies-entre-administrador-professional-i-president-de-la-comunitat\/#breadcrumb"},"inLanguage":"ca","potentialAction":[{"@type":"ReadAction","target":["https:\/\/adhernandez.com\/ca\/2025\/05\/19\/diferencies-entre-administrador-professional-i-president-de-la-comunitat\/"]}]},{"@type":"ImageObject","inLanguage":"ca","@id":"https:\/\/adhernandez.com\/ca\/2025\/05\/19\/diferencies-entre-administrador-professional-i-president-de-la-comunitat\/#primaryimage","url":"https:\/\/adhernandez.com\/wp-content\/uploads\/2025\/04\/diferencias-entre-administrador-y-presidente.jpg","contentUrl":"https:\/\/adhernandez.com\/wp-content\/uploads\/2025\/04\/diferencias-entre-administrador-y-presidente.jpg","width":800,"height":450,"caption":"diferencias entre administrador y presidente"},{"@type":"BreadcrumbList","@id":"https:\/\/adhernandez.com\/ca\/2025\/05\/19\/diferencies-entre-administrador-professional-i-president-de-la-comunitat\/#breadcrumb","itemListElement":[{"@type":"ListItem","position":1,"name":"Portada","item":"https:\/\/adhernandez.com\/ca\/adhernandez-inicio\/"},{"@type":"ListItem","position":2,"name":"Difer\u00e8ncies entre administrador professional i president de la comunitat"}]},{"@type":"WebSite","@id":"https:\/\/adhernandez.com\/ca\/#website","url":"https:\/\/adhernandez.com\/ca\/","name":"Administraciones Hern\u00e1ndez","description":"Equipo de profesionales con amplia experiencia en la gesti\u00f3n del patrimonio inmobiliario","potentialAction":[{"@type":"SearchAction","target":{"@type":"EntryPoint","urlTemplate":"https:\/\/adhernandez.com\/ca\/?s={search_term_string}"},"query-input":{"@type":"PropertyValueSpecification","valueRequired":true,"valueName":"search_term_string"}}],"inLanguage":"ca"},{"@type":"Person","@id":"https:\/\/adhernandez.com\/ca\/#\/schema\/person\/330b9c8828ff3a80ee8053b5fff0e848","name":"AdHern\u00e1ndez","image":{"@type":"ImageObject","inLanguage":"ca","@id":"https:\/\/adhernandez.com\/wp-content\/litespeed\/avatar\/6b84e2484050905299b010a711cff345.jpg?ver=1777323059","url":"https:\/\/adhernandez.com\/wp-content\/litespeed\/avatar\/6b84e2484050905299b010a711cff345.jpg?ver=1777323059","contentUrl":"https:\/\/adhernandez.com\/wp-content\/litespeed\/avatar\/6b84e2484050905299b010a711cff345.jpg?ver=1777323059","caption":"AdHern\u00e1ndez"},"url":"https:\/\/adhernandez.com\/ca\/author\/veronica\/"}]}},"_links":{"self":[{"href":"https:\/\/adhernandez.com\/ca\/wp-json\/wp\/v2\/posts\/31710","targetHints":{"allow":["GET"]}}],"collection":[{"href":"https:\/\/adhernandez.com\/ca\/wp-json\/wp\/v2\/posts"}],"about":[{"href":"https:\/\/adhernandez.com\/ca\/wp-json\/wp\/v2\/types\/post"}],"author":[{"embeddable":true,"href":"https:\/\/adhernandez.com\/ca\/wp-json\/wp\/v2\/users\/6"}],"replies":[{"embeddable":true,"href":"https:\/\/adhernandez.com\/ca\/wp-json\/wp\/v2\/comments?post=31710"}],"version-history":[{"count":1,"href":"https:\/\/adhernandez.com\/ca\/wp-json\/wp\/v2\/posts\/31710\/revisions"}],"predecessor-version":[{"id":31711,"href":"https:\/\/adhernandez.com\/ca\/wp-json\/wp\/v2\/posts\/31710\/revisions\/31711"}],"wp:featuredmedia":[{"embeddable":true,"href":"https:\/\/adhernandez.com\/ca\/wp-json\/wp\/v2\/media\/31601"}],"wp:attachment":[{"href":"https:\/\/adhernandez.com\/ca\/wp-json\/wp\/v2\/media?parent=31710"}],"wp:term":[{"taxonomy":"category","embeddable":true,"href":"https:\/\/adhernandez.com\/ca\/wp-json\/wp\/v2\/categories?post=31710"},{"taxonomy":"post_tag","embeddable":true,"href":"https:\/\/adhernandez.com\/ca\/wp-json\/wp\/v2\/tags?post=31710"}],"curies":[{"name":"wp","href":"https:\/\/api.w.org\/{rel}","templated":true}]}}