{"id":31708,"date":"2025-05-07T13:40:00","date_gmt":"2025-05-07T13:40:00","guid":{"rendered":"https:\/\/adhernandez.com\/2025\/05\/19\/com-promoure-la-bona-convivencia-en-la-teva-comunitat-de-propietaris\/"},"modified":"2025-05-19T13:41:30","modified_gmt":"2025-05-19T13:41:30","slug":"com-promoure-la-bona-convivencia-en-la-teva-comunitat-de-propietaris","status":"publish","type":"post","link":"https:\/\/adhernandez.com\/ca\/2025\/05\/07\/com-promoure-la-bona-convivencia-en-la-teva-comunitat-de-propietaris\/","title":{"rendered":"Com promoure la bona conviv\u00e8ncia en la teva comunitat de propietaris"},"content":{"rendered":"\t\t<div data-elementor-type=\"wp-post\" data-elementor-id=\"31708\" class=\"elementor elementor-31708 elementor-31588\">\n\t\t\t\t\t\t<section class=\"elementor-section elementor-top-section elementor-element elementor-element-16a313d elementor-section-boxed elementor-section-height-default elementor-section-height-default\" data-id=\"16a313d\" data-element_type=\"section\" data-e-type=\"section\">\n\t\t\t\t\t\t<div class=\"elementor-container elementor-column-gap-default\">\n\t\t\t\t\t<div class=\"elementor-column elementor-col-100 elementor-top-column elementor-element elementor-element-da3bdce\" data-id=\"da3bdce\" data-element_type=\"column\" data-e-type=\"column\">\n\t\t\t<div class=\"elementor-widget-wrap elementor-element-populated\">\n\t\t\t\t\t\t<div class=\"elementor-element elementor-element-fc72f13 elementor-widget elementor-widget-text-editor\" data-id=\"fc72f13\" data-element_type=\"widget\" data-e-type=\"widget\" data-widget_type=\"text-editor.default\">\n\t\t\t\t\t\t\t\t\t<h2>El marc normatiu de la conviv\u00e8ncia a Barcelona<\/h2>\n\t\t\t\t\t\t\t\t<\/div>\n\t\t\t\t<div class=\"elementor-element elementor-element-ccc317d elementor-widget elementor-widget-text-editor\" data-id=\"ccc317d\" data-element_type=\"widget\" data-e-type=\"widget\" data-widget_type=\"text-editor.default\">\n\t\t\t\t\t\t\t\t\t<p>La conviv\u00e8ncia en les comunitats de propietaris de Barcelona es troba regulada principalment per la Llei 5\/2015 de Propietat Horitzontal de Catalunya i el Llibre Cinqu\u00e8 del Codi Civil Catal\u00e0. Aquestes normatives estableixen els drets i deures dels propietaris, aix\u00ed com els procediments per a la presa de decisions col\u00b7lectives i la resoluci\u00f3 de conflictes. La legislaci\u00f3 catalana, a difer\u00e8ncia de l&#8217;estatal, introdueix particularitats en la gesti\u00f3 de les comunitats, com la simplificaci\u00f3 de les majories necess\u00e0ries per a l&#8217;adopci\u00f3 d&#8217;acords i la regulaci\u00f3 dels estatuts comunitaris, que poden contenir normes espec\u00edfiques de conviv\u00e8ncia adaptades a cada edifici.<\/p>\n<p>La Llei de Propietat Horitzontal de Catalunya determina que els acords de la comunitat han d&#8217;adoptar-se en junta de propietaris, on cada propietari participa en funci\u00f3 de la seva quota de propietat. Les majories requerides varien segons la naturalesa de l&#8217;acord, la qual cosa permet adaptar la presa de decisions a la realitat de cada comunitat i facilita la gesti\u00f3 d&#8217;assumptes quotidians relacionats amb la conviv\u00e8ncia.<\/p>\n\t\t\t\t\t\t\t\t<\/div>\n\t\t\t\t\t<\/div>\n\t\t<\/div>\n\t\t\t\t\t<\/div>\n\t\t<\/section>\n\t\t\t\t<section class=\"elementor-section elementor-top-section elementor-element elementor-element-6996e15 elementor-section-boxed elementor-section-height-default elementor-section-height-default\" data-id=\"6996e15\" data-element_type=\"section\" data-e-type=\"section\">\n\t\t\t\t\t\t<div class=\"elementor-container elementor-column-gap-default\">\n\t\t\t\t\t<div class=\"elementor-column elementor-col-100 elementor-top-column elementor-element elementor-element-cd0d375\" data-id=\"cd0d375\" data-element_type=\"column\" data-e-type=\"column\">\n\t\t\t<div class=\"elementor-widget-wrap elementor-element-populated\">\n\t\t\t\t\t\t<div class=\"elementor-element elementor-element-562c0fe elementor-widget elementor-widget-text-editor\" data-id=\"562c0fe\" data-element_type=\"widget\" data-e-type=\"widget\" data-widget_type=\"text-editor.default\">\n\t\t\t\t\t\t\t\t\t<h2>La import\u00e0ncia dels estatuts i el reglament de r\u00e8gim interior<\/h2>\n\t\t\t\t\t\t\t\t<\/div>\n\t\t\t\t<div class=\"elementor-element elementor-element-492b53a elementor-widget elementor-widget-text-editor\" data-id=\"492b53a\" data-element_type=\"widget\" data-e-type=\"widget\" data-widget_type=\"text-editor.default\">\n\t\t\t\t\t\t\t\t\t<p>Els estatuts comunitaris i el reglament de r\u00e8gim interior s\u00f3n instruments clau per a promoure la bona conviv\u00e8ncia. Els estatuts poden establir normes sobre l&#8217;\u00fas d&#8217;elements comuns, la realitzaci\u00f3 d&#8217;obres o el r\u00e8gim de despeses, mentre que el reglament de r\u00e8gim interior regula aspectes quotidians com a horaris d&#8217;\u00fas de zones comunes, normes sobre sorolls o la tinen\u00e7a d&#8217;animals. Aquestes normes, una vegada aprovades per la junta de propietaris, s\u00f3n d&#8217;obligat compliment per a tots els residents, propietaris i inquilins per igual.<\/p>\n<p>L&#8217;exist\u00e8ncia de normes clares i consensuades contribueix a prevenir conflictes i facilita la seva resoluci\u00f3 en cas que sorgeixin. A m\u00e9s, la legislaci\u00f3 catalana permet la inclusi\u00f3 de cl\u00e0usules espec\u00edfiques en els estatuts que s&#8217;adaptin a les peculiaritats de cada comunitat, sempre que no contravinguin la normativa vigent.<\/p>\n\t\t\t\t\t\t\t\t<\/div>\n\t\t\t\t\t<\/div>\n\t\t<\/div>\n\t\t\t\t\t<\/div>\n\t\t<\/section>\n\t\t\t\t<section class=\"elementor-section elementor-top-section elementor-element elementor-element-2e12827 elementor-section-boxed elementor-section-height-default elementor-section-height-default\" data-id=\"2e12827\" data-element_type=\"section\" data-e-type=\"section\">\n\t\t\t\t\t\t<div class=\"elementor-container elementor-column-gap-default\">\n\t\t\t\t\t<div class=\"elementor-column elementor-col-100 elementor-top-column elementor-element elementor-element-86a905e\" data-id=\"86a905e\" data-element_type=\"column\" data-e-type=\"column\">\n\t\t\t<div class=\"elementor-widget-wrap elementor-element-populated\">\n\t\t\t\t\t\t<div class=\"elementor-element elementor-element-8c38ee4 elementor-widget elementor-widget-text-editor\" data-id=\"8c38ee4\" data-element_type=\"widget\" data-e-type=\"widget\" data-widget_type=\"text-editor.default\">\n\t\t\t\t\t\t\t\t\t<h2>El paper de l&#8217;administrador de finques<\/h2>\n\t\t\t\t\t\t\t\t<\/div>\n\t\t\t\t<div class=\"elementor-element elementor-element-2207225 elementor-widget elementor-widget-text-editor\" data-id=\"2207225\" data-element_type=\"widget\" data-e-type=\"widget\" data-widget_type=\"text-editor.default\">\n\t\t\t\t\t\t\t\t\t<p>L&#8217;administrador de finques exerceix un paper fonamental en la promoci\u00f3 de la conviv\u00e8ncia. Segons la normativa catalana, l&#8217;administrador pot ser un propietari o un professional extern, la funci\u00f3 principal del qual \u00e9s vetllar pel bon funcionament de la comunitat, executar els acords adoptats en junta i mediar en els conflictes que puguin sorgir entre ve\u00efns. L&#8217;administrador ha d&#8217;aplicar la legislaci\u00f3 vigent, gestionar els recursos comuns i representar a la comunitat davant tercers, garantint aix\u00ed la correcta aplicaci\u00f3 de les normes de conviv\u00e8ncia.<\/p>\n<p>La legislaci\u00f3 tamb\u00e9 exigeix que els administradors de finques professionals comptin amb una asseguran\u00e7a de responsabilitat civil, la qual cosa refor\u00e7a la protecci\u00f3 dels drets dels propietaris i la confian\u00e7a en la gesti\u00f3 professional.<\/p>\n\t\t\t\t\t\t\t\t<\/div>\n\t\t\t\t\t<\/div>\n\t\t<\/div>\n\t\t\t\t\t<\/div>\n\t\t<\/section>\n\t\t\t\t<section class=\"elementor-section elementor-top-section elementor-element elementor-element-706c485 elementor-section-boxed elementor-section-height-default elementor-section-height-default\" data-id=\"706c485\" data-element_type=\"section\" data-e-type=\"section\">\n\t\t\t\t\t\t<div class=\"elementor-container elementor-column-gap-default\">\n\t\t\t\t\t<div class=\"elementor-column elementor-col-100 elementor-top-column elementor-element elementor-element-9580593\" data-id=\"9580593\" data-element_type=\"column\" data-e-type=\"column\">\n\t\t\t<div class=\"elementor-widget-wrap elementor-element-populated\">\n\t\t\t\t\t\t<div class=\"elementor-element elementor-element-08fed5d elementor-widget elementor-widget-text-editor\" data-id=\"08fed5d\" data-element_type=\"widget\" data-e-type=\"widget\" data-widget_type=\"text-editor.default\">\n\t\t\t\t\t\t\t\t\t<h2>Resoluci\u00f3 de conflictes i mediaci\u00f3<\/h2>\n\t\t\t\t\t\t\t\t<\/div>\n\t\t\t\t<div class=\"elementor-element elementor-element-3d6d214 elementor-widget elementor-widget-text-editor\" data-id=\"3d6d214\" data-element_type=\"widget\" data-e-type=\"widget\" data-widget_type=\"text-editor.default\">\n\t\t\t\t\t\t\t\t\t<p>La resoluci\u00f3 de conflictes \u00e9s un aspecte essencial per a mantenir l&#8217;harmonia en la comunitat. La normativa catalana preveu mecanismes interns, com la intervenci\u00f3 del president o de l&#8217;administrador, i la possibilitat de rec\u00f3rrer a la mediaci\u00f3 abans d&#8217;acudir a la via judicial. La mediaci\u00f3 permet aconseguir solucions consensuades i evita la judicialitzaci\u00f3 dels conflictes, la qual cosa contribueix a preservar la conviv\u00e8ncia i reduir els costos associats a litigis.<\/p>\n<p>En cas d&#8217;incompliment reiterat de les normes de conviv\u00e8ncia, la comunitat pot adoptar mesures proporcionals, que van des d&#8217;advertiments fins a la reclamaci\u00f3 judicial per a exigir el cessament de conductes que alterin la conviv\u00e8ncia. Aquestes actuacions han de realitzar-se sempre respectant els drets fonamentals dels propietaris i seguint els procediments establerts per la llei.<\/p>\n\t\t\t\t\t\t\t\t<\/div>\n\t\t\t\t\t<\/div>\n\t\t<\/div>\n\t\t\t\t\t<\/div>\n\t\t<\/section>\n\t\t\t\t<section class=\"elementor-section elementor-top-section elementor-element elementor-element-cccf5ba elementor-section-boxed elementor-section-height-default elementor-section-height-default\" data-id=\"cccf5ba\" data-element_type=\"section\" data-e-type=\"section\">\n\t\t\t\t\t\t<div class=\"elementor-container elementor-column-gap-default\">\n\t\t\t\t\t<div class=\"elementor-column elementor-col-100 elementor-top-column elementor-element elementor-element-8c61f6c\" data-id=\"8c61f6c\" data-element_type=\"column\" data-e-type=\"column\">\n\t\t\t<div class=\"elementor-widget-wrap elementor-element-populated\">\n\t\t\t\t\t\t<div class=\"elementor-element elementor-element-d863193 elementor-widget elementor-widget-text-editor\" data-id=\"d863193\" data-element_type=\"widget\" data-e-type=\"widget\" data-widget_type=\"text-editor.default\">\n\t\t\t\t\t\t\t\t\t<h2>Participaci\u00f3 activa dels propietaris<\/h2>\n\t\t\t\t\t\t\t\t<\/div>\n\t\t\t\t<div class=\"elementor-element elementor-element-4e71903 elementor-widget elementor-widget-text-editor\" data-id=\"4e71903\" data-element_type=\"widget\" data-e-type=\"widget\" data-widget_type=\"text-editor.default\">\n\t\t\t\t\t\t\t\t\t<p>La implicaci\u00f3 dels propietaris en la vida comunit\u00e0ria \u00e9s un factor determinant per a la bona conviv\u00e8ncia. L&#8217;assist\u00e8ncia a les juntes, la participaci\u00f3 en la presa de decisions i el respecte als acords adoptats s\u00f3n elements que enforteixen el sentit de pertinen\u00e7a i la corresponsabilitat en la gesti\u00f3 de l&#8217;edifici. La normativa catalana facilita la participaci\u00f3 en permetre la delegaci\u00f3 de vot i la possibilitat de realitzar juntes telem\u00e0tiques, adaptant-se aix\u00ed a les noves realitats socials i tecnol\u00f2giques.<\/p>\n<p>La transpar\u00e8ncia en la gesti\u00f3, l&#8217;acc\u00e9s a la informaci\u00f3 i la comunicaci\u00f3 fluida entre els ve\u00efns i l&#8217;administrador s\u00f3n aspectes que contribueixen a generar un clima de confian\u00e7a i col\u00b7laboraci\u00f3, essencials per a la conviv\u00e8ncia.<\/p>\n\t\t\t\t\t\t\t\t<\/div>\n\t\t\t\t\t<\/div>\n\t\t<\/div>\n\t\t\t\t\t<\/div>\n\t\t<\/section>\n\t\t\t\t<section class=\"elementor-section elementor-top-section elementor-element elementor-element-5f37e32 elementor-section-boxed elementor-section-height-default elementor-section-height-default\" data-id=\"5f37e32\" data-element_type=\"section\" data-e-type=\"section\">\n\t\t\t\t\t\t<div class=\"elementor-container elementor-column-gap-default\">\n\t\t\t\t\t<div class=\"elementor-column elementor-col-100 elementor-top-column elementor-element elementor-element-77f73d5\" data-id=\"77f73d5\" data-element_type=\"column\" data-e-type=\"column\">\n\t\t\t<div class=\"elementor-widget-wrap elementor-element-populated\">\n\t\t\t\t\t\t<div class=\"elementor-element elementor-element-d281cbf elementor-widget elementor-widget-text-editor\" data-id=\"d281cbf\" data-element_type=\"widget\" data-e-type=\"widget\" data-widget_type=\"text-editor.default\">\n\t\t\t\t\t\t\t\t\t<h2>Conclusi\u00f3<\/h2>\n\t\t\t\t\t\t\t\t<\/div>\n\t\t\t\t<div class=\"elementor-element elementor-element-45fcd1c elementor-widget elementor-widget-text-editor\" data-id=\"45fcd1c\" data-element_type=\"widget\" data-e-type=\"widget\" data-widget_type=\"text-editor.default\">\n\t\t\t\t\t\t\t\t\t<p>La promoci\u00f3 de la bona conviv\u00e8ncia en les comunitats de propietaris de Barcelona requereix el coneixement i l&#8217;aplicaci\u00f3 de la normativa espec\u00edfica, l&#8217;elaboraci\u00f3 de normes internes clares i consensuades, la gesti\u00f3 professional i transparent, i la participaci\u00f3 activa de tots els propietaris. El marc legal catal\u00e0 proporciona eines eficaces per a prevenir i resoldre conflictes, garantint aix\u00ed el benestar col\u00b7lectiu i la protecci\u00f3 dels drets individuals en l&#8217;\u00e0mbit comunitari.<\/p>\n\t\t\t\t\t\t\t\t<\/div>\n\t\t\t\t\t<\/div>\n\t\t<\/div>\n\t\t\t\t\t<\/div>\n\t\t<\/section>\n\t\t\t\t<\/div>\n\t\t","protected":false},"excerpt":{"rendered":"<p>Descobreix claus efectives per a fomentar la bona conviv\u00e8ncia i harmonia en la teva comunitat de propietaris. Millora el teu entorn avui!<\/p>\n","protected":false},"author":6,"featured_media":31603,"comment_status":"closed","ping_status":"closed","sticky":false,"template":"","format":"standard","meta":{"footnotes":""},"categories":[378,365],"tags":[],"class_list":["post-31708","post","type-post","status-publish","format-standard","has-post-thumbnail","hentry","category-blog-ca","category-propiedad-horizontal-ca"],"yoast_head":"<!-- This site is optimized with the Yoast SEO plugin v27.4 - https:\/\/yoast.com\/product\/yoast-seo-wordpress\/ -->\n<title>Com promoure la bona conviv\u00e8ncia en la teva comunitat de propietaris - Administraciones Hern\u00e1ndez<\/title>\n<meta name=\"description\" content=\"Descobreix claus efectives per a fomentar la bona conviv\u00e8ncia i harmonia en la teva comunitat de propietaris. Millora el teu entorn avui!\" \/>\n<meta name=\"robots\" content=\"index, follow, max-snippet:-1, max-image-preview:large, max-video-preview:-1\" \/>\n<link rel=\"canonical\" href=\"https:\/\/adhernandez.com\/ca\/2025\/05\/07\/com-promoure-la-bona-convivencia-en-la-teva-comunitat-de-propietaris\/\" \/>\n<meta property=\"og:locale\" content=\"ca_ES\" \/>\n<meta property=\"og:type\" content=\"article\" \/>\n<meta property=\"og:title\" content=\"Com promoure la bona conviv\u00e8ncia en la teva comunitat de propietaris - Administraciones Hern\u00e1ndez\" \/>\n<meta property=\"og:description\" content=\"Descobreix claus efectives per a fomentar la bona conviv\u00e8ncia i harmonia en la teva comunitat de propietaris. Millora el teu entorn avui!\" \/>\n<meta property=\"og:url\" content=\"https:\/\/adhernandez.com\/ca\/2025\/05\/07\/com-promoure-la-bona-convivencia-en-la-teva-comunitat-de-propietaris\/\" \/>\n<meta property=\"og:site_name\" content=\"Administraciones Hern\u00e1ndez\" \/>\n<meta property=\"article:published_time\" content=\"2025-05-07T13:40:00+00:00\" \/>\n<meta property=\"article:modified_time\" content=\"2025-05-19T13:41:30+00:00\" \/>\n<meta property=\"og:image\" content=\"https:\/\/adhernandez.com\/wp-content\/uploads\/2025\/04\/buena-relacion-comunitaria.jpg\" \/>\n\t<meta property=\"og:image:width\" content=\"800\" \/>\n\t<meta property=\"og:image:height\" content=\"450\" \/>\n\t<meta property=\"og:image:type\" content=\"image\/jpeg\" \/>\n<meta name=\"author\" content=\"AdHern\u00e1ndez\" \/>\n<meta name=\"twitter:card\" content=\"summary_large_image\" \/>\n<meta name=\"twitter:label1\" content=\"Escrit per\" \/>\n\t<meta name=\"twitter:data1\" content=\"AdHern\u00e1ndez\" \/>\n\t<meta name=\"twitter:label2\" content=\"Temps estimat de lectura\" \/>\n\t<meta name=\"twitter:data2\" content=\"4 minuts\" \/>\n<script type=\"application\/ld+json\" class=\"yoast-schema-graph\">{\"@context\":\"https:\\\/\\\/schema.org\",\"@graph\":[{\"@type\":\"Article\",\"@id\":\"https:\\\/\\\/adhernandez.com\\\/ca\\\/2025\\\/05\\\/07\\\/com-promoure-la-bona-convivencia-en-la-teva-comunitat-de-propietaris\\\/#article\",\"isPartOf\":{\"@id\":\"https:\\\/\\\/adhernandez.com\\\/ca\\\/2025\\\/05\\\/07\\\/com-promoure-la-bona-convivencia-en-la-teva-comunitat-de-propietaris\\\/\"},\"author\":{\"name\":\"AdHern\u00e1ndez\",\"@id\":\"https:\\\/\\\/adhernandez.com\\\/ca\\\/#\\\/schema\\\/person\\\/330b9c8828ff3a80ee8053b5fff0e848\"},\"headline\":\"Com promoure la bona conviv\u00e8ncia en la teva comunitat de propietaris\",\"datePublished\":\"2025-05-07T13:40:00+00:00\",\"dateModified\":\"2025-05-19T13:41:30+00:00\",\"mainEntityOfPage\":{\"@id\":\"https:\\\/\\\/adhernandez.com\\\/ca\\\/2025\\\/05\\\/07\\\/com-promoure-la-bona-convivencia-en-la-teva-comunitat-de-propietaris\\\/\"},\"wordCount\":813,\"image\":{\"@id\":\"https:\\\/\\\/adhernandez.com\\\/ca\\\/2025\\\/05\\\/07\\\/com-promoure-la-bona-convivencia-en-la-teva-comunitat-de-propietaris\\\/#primaryimage\"},\"thumbnailUrl\":\"https:\\\/\\\/adhernandez.com\\\/wp-content\\\/uploads\\\/2025\\\/04\\\/buena-relacion-comunitaria.jpg\",\"articleSection\":[\"blog\",\"Propiedad Horizontal\"],\"inLanguage\":\"ca\"},{\"@type\":\"WebPage\",\"@id\":\"https:\\\/\\\/adhernandez.com\\\/ca\\\/2025\\\/05\\\/07\\\/com-promoure-la-bona-convivencia-en-la-teva-comunitat-de-propietaris\\\/\",\"url\":\"https:\\\/\\\/adhernandez.com\\\/ca\\\/2025\\\/05\\\/07\\\/com-promoure-la-bona-convivencia-en-la-teva-comunitat-de-propietaris\\\/\",\"name\":\"Com promoure la bona conviv\u00e8ncia en la teva comunitat de propietaris - Administraciones Hern\u00e1ndez\",\"isPartOf\":{\"@id\":\"https:\\\/\\\/adhernandez.com\\\/ca\\\/#website\"},\"primaryImageOfPage\":{\"@id\":\"https:\\\/\\\/adhernandez.com\\\/ca\\\/2025\\\/05\\\/07\\\/com-promoure-la-bona-convivencia-en-la-teva-comunitat-de-propietaris\\\/#primaryimage\"},\"image\":{\"@id\":\"https:\\\/\\\/adhernandez.com\\\/ca\\\/2025\\\/05\\\/07\\\/com-promoure-la-bona-convivencia-en-la-teva-comunitat-de-propietaris\\\/#primaryimage\"},\"thumbnailUrl\":\"https:\\\/\\\/adhernandez.com\\\/wp-content\\\/uploads\\\/2025\\\/04\\\/buena-relacion-comunitaria.jpg\",\"datePublished\":\"2025-05-07T13:40:00+00:00\",\"dateModified\":\"2025-05-19T13:41:30+00:00\",\"author\":{\"@id\":\"https:\\\/\\\/adhernandez.com\\\/ca\\\/#\\\/schema\\\/person\\\/330b9c8828ff3a80ee8053b5fff0e848\"},\"description\":\"Descobreix claus efectives per a fomentar la bona conviv\u00e8ncia i harmonia en la teva comunitat de propietaris. Millora el teu entorn avui!\",\"breadcrumb\":{\"@id\":\"https:\\\/\\\/adhernandez.com\\\/ca\\\/2025\\\/05\\\/07\\\/com-promoure-la-bona-convivencia-en-la-teva-comunitat-de-propietaris\\\/#breadcrumb\"},\"inLanguage\":\"ca\",\"potentialAction\":[{\"@type\":\"ReadAction\",\"target\":[\"https:\\\/\\\/adhernandez.com\\\/ca\\\/2025\\\/05\\\/07\\\/com-promoure-la-bona-convivencia-en-la-teva-comunitat-de-propietaris\\\/\"]}]},{\"@type\":\"ImageObject\",\"inLanguage\":\"ca\",\"@id\":\"https:\\\/\\\/adhernandez.com\\\/ca\\\/2025\\\/05\\\/07\\\/com-promoure-la-bona-convivencia-en-la-teva-comunitat-de-propietaris\\\/#primaryimage\",\"url\":\"https:\\\/\\\/adhernandez.com\\\/wp-content\\\/uploads\\\/2025\\\/04\\\/buena-relacion-comunitaria.jpg\",\"contentUrl\":\"https:\\\/\\\/adhernandez.com\\\/wp-content\\\/uploads\\\/2025\\\/04\\\/buena-relacion-comunitaria.jpg\",\"width\":800,\"height\":450,\"caption\":\"buena relaci\u00f3n comunitaria\"},{\"@type\":\"BreadcrumbList\",\"@id\":\"https:\\\/\\\/adhernandez.com\\\/ca\\\/2025\\\/05\\\/07\\\/com-promoure-la-bona-convivencia-en-la-teva-comunitat-de-propietaris\\\/#breadcrumb\",\"itemListElement\":[{\"@type\":\"ListItem\",\"position\":1,\"name\":\"Portada\",\"item\":\"https:\\\/\\\/adhernandez.com\\\/ca\\\/adhernandez-inicio\\\/\"},{\"@type\":\"ListItem\",\"position\":2,\"name\":\"Com promoure la bona conviv\u00e8ncia en la teva comunitat de propietaris\"}]},{\"@type\":\"WebSite\",\"@id\":\"https:\\\/\\\/adhernandez.com\\\/ca\\\/#website\",\"url\":\"https:\\\/\\\/adhernandez.com\\\/ca\\\/\",\"name\":\"Administraciones Hern\u00e1ndez\",\"description\":\"Equipo de profesionales con amplia experiencia en la gesti\u00f3n del patrimonio inmobiliario\",\"potentialAction\":[{\"@type\":\"SearchAction\",\"target\":{\"@type\":\"EntryPoint\",\"urlTemplate\":\"https:\\\/\\\/adhernandez.com\\\/ca\\\/?s={search_term_string}\"},\"query-input\":{\"@type\":\"PropertyValueSpecification\",\"valueRequired\":true,\"valueName\":\"search_term_string\"}}],\"inLanguage\":\"ca\"},{\"@type\":\"Person\",\"@id\":\"https:\\\/\\\/adhernandez.com\\\/ca\\\/#\\\/schema\\\/person\\\/330b9c8828ff3a80ee8053b5fff0e848\",\"name\":\"AdHern\u00e1ndez\",\"image\":{\"@type\":\"ImageObject\",\"inLanguage\":\"ca\",\"@id\":\"https:\\\/\\\/adhernandez.com\\\/wp-content\\\/litespeed\\\/avatar\\\/6b84e2484050905299b010a711cff345.jpg?ver=1777323059\",\"url\":\"https:\\\/\\\/adhernandez.com\\\/wp-content\\\/litespeed\\\/avatar\\\/6b84e2484050905299b010a711cff345.jpg?ver=1777323059\",\"contentUrl\":\"https:\\\/\\\/adhernandez.com\\\/wp-content\\\/litespeed\\\/avatar\\\/6b84e2484050905299b010a711cff345.jpg?ver=1777323059\",\"caption\":\"AdHern\u00e1ndez\"},\"url\":\"https:\\\/\\\/adhernandez.com\\\/ca\\\/author\\\/veronica\\\/\"}]}<\/script>\n<!-- \/ Yoast SEO plugin. -->","yoast_head_json":{"title":"Com promoure la bona conviv\u00e8ncia en la teva comunitat de propietaris - Administraciones Hern\u00e1ndez","description":"Descobreix claus efectives per a fomentar la bona conviv\u00e8ncia i harmonia en la teva comunitat de propietaris. Millora el teu entorn avui!","robots":{"index":"index","follow":"follow","max-snippet":"max-snippet:-1","max-image-preview":"max-image-preview:large","max-video-preview":"max-video-preview:-1"},"canonical":"https:\/\/adhernandez.com\/ca\/2025\/05\/07\/com-promoure-la-bona-convivencia-en-la-teva-comunitat-de-propietaris\/","og_locale":"ca_ES","og_type":"article","og_title":"Com promoure la bona conviv\u00e8ncia en la teva comunitat de propietaris - Administraciones Hern\u00e1ndez","og_description":"Descobreix claus efectives per a fomentar la bona conviv\u00e8ncia i harmonia en la teva comunitat de propietaris. Millora el teu entorn avui!","og_url":"https:\/\/adhernandez.com\/ca\/2025\/05\/07\/com-promoure-la-bona-convivencia-en-la-teva-comunitat-de-propietaris\/","og_site_name":"Administraciones Hern\u00e1ndez","article_published_time":"2025-05-07T13:40:00+00:00","article_modified_time":"2025-05-19T13:41:30+00:00","og_image":[{"width":800,"height":450,"url":"https:\/\/adhernandez.com\/wp-content\/uploads\/2025\/04\/buena-relacion-comunitaria.jpg","type":"image\/jpeg"}],"author":"AdHern\u00e1ndez","twitter_card":"summary_large_image","twitter_misc":{"Escrit per":"AdHern\u00e1ndez","Temps estimat de lectura":"4 minuts"},"schema":{"@context":"https:\/\/schema.org","@graph":[{"@type":"Article","@id":"https:\/\/adhernandez.com\/ca\/2025\/05\/07\/com-promoure-la-bona-convivencia-en-la-teva-comunitat-de-propietaris\/#article","isPartOf":{"@id":"https:\/\/adhernandez.com\/ca\/2025\/05\/07\/com-promoure-la-bona-convivencia-en-la-teva-comunitat-de-propietaris\/"},"author":{"name":"AdHern\u00e1ndez","@id":"https:\/\/adhernandez.com\/ca\/#\/schema\/person\/330b9c8828ff3a80ee8053b5fff0e848"},"headline":"Com promoure la bona conviv\u00e8ncia en la teva comunitat de propietaris","datePublished":"2025-05-07T13:40:00+00:00","dateModified":"2025-05-19T13:41:30+00:00","mainEntityOfPage":{"@id":"https:\/\/adhernandez.com\/ca\/2025\/05\/07\/com-promoure-la-bona-convivencia-en-la-teva-comunitat-de-propietaris\/"},"wordCount":813,"image":{"@id":"https:\/\/adhernandez.com\/ca\/2025\/05\/07\/com-promoure-la-bona-convivencia-en-la-teva-comunitat-de-propietaris\/#primaryimage"},"thumbnailUrl":"https:\/\/adhernandez.com\/wp-content\/uploads\/2025\/04\/buena-relacion-comunitaria.jpg","articleSection":["blog","Propiedad Horizontal"],"inLanguage":"ca"},{"@type":"WebPage","@id":"https:\/\/adhernandez.com\/ca\/2025\/05\/07\/com-promoure-la-bona-convivencia-en-la-teva-comunitat-de-propietaris\/","url":"https:\/\/adhernandez.com\/ca\/2025\/05\/07\/com-promoure-la-bona-convivencia-en-la-teva-comunitat-de-propietaris\/","name":"Com promoure la bona conviv\u00e8ncia en la teva comunitat de propietaris - Administraciones Hern\u00e1ndez","isPartOf":{"@id":"https:\/\/adhernandez.com\/ca\/#website"},"primaryImageOfPage":{"@id":"https:\/\/adhernandez.com\/ca\/2025\/05\/07\/com-promoure-la-bona-convivencia-en-la-teva-comunitat-de-propietaris\/#primaryimage"},"image":{"@id":"https:\/\/adhernandez.com\/ca\/2025\/05\/07\/com-promoure-la-bona-convivencia-en-la-teva-comunitat-de-propietaris\/#primaryimage"},"thumbnailUrl":"https:\/\/adhernandez.com\/wp-content\/uploads\/2025\/04\/buena-relacion-comunitaria.jpg","datePublished":"2025-05-07T13:40:00+00:00","dateModified":"2025-05-19T13:41:30+00:00","author":{"@id":"https:\/\/adhernandez.com\/ca\/#\/schema\/person\/330b9c8828ff3a80ee8053b5fff0e848"},"description":"Descobreix claus efectives per a fomentar la bona conviv\u00e8ncia i harmonia en la teva comunitat de propietaris. Millora el teu entorn avui!","breadcrumb":{"@id":"https:\/\/adhernandez.com\/ca\/2025\/05\/07\/com-promoure-la-bona-convivencia-en-la-teva-comunitat-de-propietaris\/#breadcrumb"},"inLanguage":"ca","potentialAction":[{"@type":"ReadAction","target":["https:\/\/adhernandez.com\/ca\/2025\/05\/07\/com-promoure-la-bona-convivencia-en-la-teva-comunitat-de-propietaris\/"]}]},{"@type":"ImageObject","inLanguage":"ca","@id":"https:\/\/adhernandez.com\/ca\/2025\/05\/07\/com-promoure-la-bona-convivencia-en-la-teva-comunitat-de-propietaris\/#primaryimage","url":"https:\/\/adhernandez.com\/wp-content\/uploads\/2025\/04\/buena-relacion-comunitaria.jpg","contentUrl":"https:\/\/adhernandez.com\/wp-content\/uploads\/2025\/04\/buena-relacion-comunitaria.jpg","width":800,"height":450,"caption":"buena relaci\u00f3n comunitaria"},{"@type":"BreadcrumbList","@id":"https:\/\/adhernandez.com\/ca\/2025\/05\/07\/com-promoure-la-bona-convivencia-en-la-teva-comunitat-de-propietaris\/#breadcrumb","itemListElement":[{"@type":"ListItem","position":1,"name":"Portada","item":"https:\/\/adhernandez.com\/ca\/adhernandez-inicio\/"},{"@type":"ListItem","position":2,"name":"Com promoure la bona conviv\u00e8ncia en la teva comunitat de propietaris"}]},{"@type":"WebSite","@id":"https:\/\/adhernandez.com\/ca\/#website","url":"https:\/\/adhernandez.com\/ca\/","name":"Administraciones Hern\u00e1ndez","description":"Equipo de profesionales con amplia experiencia en la gesti\u00f3n del patrimonio inmobiliario","potentialAction":[{"@type":"SearchAction","target":{"@type":"EntryPoint","urlTemplate":"https:\/\/adhernandez.com\/ca\/?s={search_term_string}"},"query-input":{"@type":"PropertyValueSpecification","valueRequired":true,"valueName":"search_term_string"}}],"inLanguage":"ca"},{"@type":"Person","@id":"https:\/\/adhernandez.com\/ca\/#\/schema\/person\/330b9c8828ff3a80ee8053b5fff0e848","name":"AdHern\u00e1ndez","image":{"@type":"ImageObject","inLanguage":"ca","@id":"https:\/\/adhernandez.com\/wp-content\/litespeed\/avatar\/6b84e2484050905299b010a711cff345.jpg?ver=1777323059","url":"https:\/\/adhernandez.com\/wp-content\/litespeed\/avatar\/6b84e2484050905299b010a711cff345.jpg?ver=1777323059","contentUrl":"https:\/\/adhernandez.com\/wp-content\/litespeed\/avatar\/6b84e2484050905299b010a711cff345.jpg?ver=1777323059","caption":"AdHern\u00e1ndez"},"url":"https:\/\/adhernandez.com\/ca\/author\/veronica\/"}]}},"_links":{"self":[{"href":"https:\/\/adhernandez.com\/ca\/wp-json\/wp\/v2\/posts\/31708","targetHints":{"allow":["GET"]}}],"collection":[{"href":"https:\/\/adhernandez.com\/ca\/wp-json\/wp\/v2\/posts"}],"about":[{"href":"https:\/\/adhernandez.com\/ca\/wp-json\/wp\/v2\/types\/post"}],"author":[{"embeddable":true,"href":"https:\/\/adhernandez.com\/ca\/wp-json\/wp\/v2\/users\/6"}],"replies":[{"embeddable":true,"href":"https:\/\/adhernandez.com\/ca\/wp-json\/wp\/v2\/comments?post=31708"}],"version-history":[{"count":1,"href":"https:\/\/adhernandez.com\/ca\/wp-json\/wp\/v2\/posts\/31708\/revisions"}],"predecessor-version":[{"id":31709,"href":"https:\/\/adhernandez.com\/ca\/wp-json\/wp\/v2\/posts\/31708\/revisions\/31709"}],"wp:featuredmedia":[{"embeddable":true,"href":"https:\/\/adhernandez.com\/ca\/wp-json\/wp\/v2\/media\/31603"}],"wp:attachment":[{"href":"https:\/\/adhernandez.com\/ca\/wp-json\/wp\/v2\/media?parent=31708"}],"wp:term":[{"taxonomy":"category","embeddable":true,"href":"https:\/\/adhernandez.com\/ca\/wp-json\/wp\/v2\/categories?post=31708"},{"taxonomy":"post_tag","embeddable":true,"href":"https:\/\/adhernandez.com\/ca\/wp-json\/wp\/v2\/tags?post=31708"}],"curies":[{"name":"wp","href":"https:\/\/api.w.org\/{rel}","templated":true}]}}