{"id":31342,"date":"2025-02-19T10:46:25","date_gmt":"2025-02-19T10:46:25","guid":{"rendered":"https:\/\/adhernandez.com\/2025\/02\/05\/impacte-de-les-noves-regulacions-immobiliaries-a-barcelona\/"},"modified":"2025-02-05T10:48:11","modified_gmt":"2025-02-05T10:48:11","slug":"impacte-de-les-noves-regulacions-immobiliaries-a-barcelona","status":"publish","type":"post","link":"https:\/\/adhernandez.com\/ca\/2025\/02\/19\/impacte-de-les-noves-regulacions-immobiliaries-a-barcelona\/","title":{"rendered":"Impacte de les Noves Regulacions Immobili\u00e0ries a Barcelona"},"content":{"rendered":"\t\t<div data-elementor-type=\"wp-post\" data-elementor-id=\"31342\" class=\"elementor elementor-31342 elementor-31332\">\n\t\t\t\t\t\t<section class=\"elementor-section elementor-top-section elementor-element elementor-element-316c634 elementor-section-boxed elementor-section-height-default elementor-section-height-default\" data-id=\"316c634\" data-element_type=\"section\" data-e-type=\"section\">\n\t\t\t\t\t\t<div class=\"elementor-container elementor-column-gap-default\">\n\t\t\t\t\t<div class=\"elementor-column elementor-col-100 elementor-top-column elementor-element elementor-element-bf3141c\" data-id=\"bf3141c\" data-element_type=\"column\" data-e-type=\"column\">\n\t\t\t<div class=\"elementor-widget-wrap elementor-element-populated\">\n\t\t\t\t\t\t<div class=\"elementor-element elementor-element-4e47bfb elementor-widget elementor-widget-text-editor\" data-id=\"4e47bfb\" data-element_type=\"widget\" data-e-type=\"widget\" data-widget_type=\"text-editor.default\">\n\t\t\t\t\t\t\t\t\t<p>En els \u00faltims anys, el sector immobiliari a Barcelona ha experimentat canvis significatius a causa de la implementaci\u00f3 de noves regulacions. Aquestes normatives, dissenyades per a abordar la crisi d&#8217;habitatge a la ciutat, han tingut un impacte profund en el mercat de lloguer i en la disponibilitat de propietats. Aquest article examina les principals regulacions i el seu efecte en els inquilins, propietaris i inversors.<\/p>\n\t\t\t\t\t\t\t\t<\/div>\n\t\t\t\t\t<\/div>\n\t\t<\/div>\n\t\t\t\t\t<\/div>\n\t\t<\/section>\n\t\t\t\t<section class=\"elementor-section elementor-top-section elementor-element elementor-element-7bc4dc6 elementor-section-boxed elementor-section-height-default elementor-section-height-default\" data-id=\"7bc4dc6\" data-element_type=\"section\" data-e-type=\"section\">\n\t\t\t\t\t\t<div class=\"elementor-container elementor-column-gap-default\">\n\t\t\t\t\t<div class=\"elementor-column elementor-col-100 elementor-top-column elementor-element elementor-element-9ee2b5c\" data-id=\"9ee2b5c\" data-element_type=\"column\" data-e-type=\"column\">\n\t\t\t<div class=\"elementor-widget-wrap elementor-element-populated\">\n\t\t\t\t\t\t<div class=\"elementor-element elementor-element-db24587 elementor-widget elementor-widget-text-editor\" data-id=\"db24587\" data-element_type=\"widget\" data-e-type=\"widget\" data-widget_type=\"text-editor.default\">\n\t\t\t\t\t\t\t\t\t<h2>Context del Mercat Immobiliari a Barcelona<\/h2>\n\t\t\t\t\t\t\t\t<\/div>\n\t\t\t\t<div class=\"elementor-element elementor-element-4f5ce2c elementor-widget elementor-widget-text-editor\" data-id=\"4f5ce2c\" data-element_type=\"widget\" data-e-type=\"widget\" data-widget_type=\"text-editor.default\">\n\t\t\t\t\t\t\t\t\t<p>Barcelona \u00e9s una ciutat amb una alta demanda d&#8217;habitatge, impulsada pel seu atractiu com a centre cultural i econ\u00f2mic. No obstant aix\u00f2, l&#8217;oferta d&#8217;habitatges no ha crescut al mateix ritme que la demanda. Aquesta situaci\u00f3 ha portat a un augment significatiu en els preus de lloguer, la qual cosa ha generat preocupaci\u00f3 entre els residents locals i les autoritats. En resposta a aquesta crisi, el govern catal\u00e0 ha introdu\u00eft diverses mesures reguladores destinades a estabilitzar el mercat.<\/p>\n\t\t\t\t\t\t\t\t<\/div>\n\t\t\t\t\t<\/div>\n\t\t<\/div>\n\t\t\t\t\t<\/div>\n\t\t<\/section>\n\t\t\t\t<section class=\"elementor-section elementor-top-section elementor-element elementor-element-68a99ae elementor-section-boxed elementor-section-height-default elementor-section-height-default\" data-id=\"68a99ae\" data-element_type=\"section\" data-e-type=\"section\">\n\t\t\t\t\t\t<div class=\"elementor-container elementor-column-gap-default\">\n\t\t\t\t\t<div class=\"elementor-column elementor-col-100 elementor-top-column elementor-element elementor-element-dea707c\" data-id=\"dea707c\" data-element_type=\"column\" data-e-type=\"column\">\n\t\t\t<div class=\"elementor-widget-wrap elementor-element-populated\">\n\t\t\t\t\t\t<div class=\"elementor-element elementor-element-4fad8ff elementor-widget elementor-widget-text-editor\" data-id=\"4fad8ff\" data-element_type=\"widget\" data-e-type=\"widget\" data-widget_type=\"text-editor.default\">\n\t\t\t\t\t\t\t\t\t<h2>Regulaci\u00f3 del Preu del Lloguer<\/h2>\n\t\t\t\t\t\t\t\t<\/div>\n\t\t\t\t<div class=\"elementor-element elementor-element-163f530 elementor-widget elementor-widget-text-editor\" data-id=\"163f530\" data-element_type=\"widget\" data-e-type=\"widget\" data-widget_type=\"text-editor.default\">\n\t\t\t\t\t\t\t\t\t<p>Una de les mesures m\u00e9s destacades \u00e9s la creaci\u00f3 d&#8217;un \u00edndex de refer\u00e8ncia per als preus de lloguer. Aquest \u00edndex estableix l\u00edmits m\u00e0xims i m\u00ednims per als lloguers en zones considerades &#8220;tensionades&#8221;, on la demanda supera significativament l&#8217;oferta. A Barcelona, aquest \u00edndex s&#8217;aplicar\u00e0 a aproximadament 140 municipis, afectant uns 200,000 habitatges. La regulaci\u00f3 busca proporcionar estabilitat tant a inquilins com a propietaris, garantint que els preus es mantinguin dins d&#8217;un rang raonable.<\/p>\n\t\t\t\t\t\t\t\t<\/div>\n\t\t\t\t\t<\/div>\n\t\t<\/div>\n\t\t\t\t\t<\/div>\n\t\t<\/section>\n\t\t\t\t<section class=\"elementor-section elementor-top-section elementor-element elementor-element-7ec0c60 elementor-section-boxed elementor-section-height-default elementor-section-height-default\" data-id=\"7ec0c60\" data-element_type=\"section\" data-e-type=\"section\">\n\t\t\t\t\t\t<div class=\"elementor-container elementor-column-gap-default\">\n\t\t\t\t\t<div class=\"elementor-column elementor-col-100 elementor-top-column elementor-element elementor-element-78ce6ed\" data-id=\"78ce6ed\" data-element_type=\"column\" data-e-type=\"column\">\n\t\t\t<div class=\"elementor-widget-wrap elementor-element-populated\">\n\t\t\t\t\t\t<div class=\"elementor-element elementor-element-48589e9 elementor-widget elementor-widget-text-editor\" data-id=\"48589e9\" data-element_type=\"widget\" data-e-type=\"widget\" data-widget_type=\"text-editor.default\">\n\t\t\t\t\t\t\t\t\t<h2>Caracter\u00edstiques de l&#8217;\u00cdndex de Refer\u00e8ncia<\/h2>\n\t\t\t\t\t\t\t\t<\/div>\n\t\t\t\t<div class=\"elementor-element elementor-element-a349672 elementor-widget elementor-widget-text-editor\" data-id=\"a349672\" data-element_type=\"widget\" data-e-type=\"widget\" data-widget_type=\"text-editor.default\">\n\t\t\t\t\t\t\t\t\t<p>El nou sistema de refer\u00e8ncia considera diversos factors per a determinar el preu del lloguer, com ara:<\/p>\n\t\t\t\t\t\t\t\t<\/div>\n\t\t\t\t<div class=\"elementor-element elementor-element-a2b6614 elementor-icon-list--layout-traditional elementor-list-item-link-full_width elementor-widget elementor-widget-icon-list\" data-id=\"a2b6614\" data-element_type=\"widget\" data-e-type=\"widget\" data-widget_type=\"icon-list.default\">\n\t\t\t\t\t\t\t<ul class=\"elementor-icon-list-items\">\n\t\t\t\t\t\t\t<li class=\"elementor-icon-list-item\">\n\t\t\t\t\t\t\t\t\t\t\t<span class=\"elementor-icon-list-icon\">\n\t\t\t\t\t\t\t<svg aria-hidden=\"true\" class=\"e-font-icon-svg e-fas-dot-circle\" viewBox=\"0 0 512 512\" xmlns=\"http:\/\/www.w3.org\/2000\/svg\"><path d=\"M256 8C119.033 8 8 119.033 8 256s111.033 248 248 248 248-111.033 248-248S392.967 8 256 8zm80 248c0 44.112-35.888 80-80 80s-80-35.888-80-80 35.888-80 80-80 80 35.888 80 80z\"><\/path><\/svg>\t\t\t\t\t\t<\/span>\n\t\t\t\t\t\t\t\t\t\t<span class=\"elementor-icon-list-text\"> Dades fiscals<\/span>\n\t\t\t\t\t\t\t\t\t<\/li>\n\t\t\t\t\t\t<\/ul>\n\t\t\t\t\t\t<\/div>\n\t\t\t\t<div class=\"elementor-element elementor-element-14f220e elementor-icon-list--layout-traditional elementor-list-item-link-full_width elementor-widget elementor-widget-icon-list\" data-id=\"14f220e\" data-element_type=\"widget\" data-e-type=\"widget\" data-widget_type=\"icon-list.default\">\n\t\t\t\t\t\t\t<ul class=\"elementor-icon-list-items\">\n\t\t\t\t\t\t\t<li class=\"elementor-icon-list-item\">\n\t\t\t\t\t\t\t\t\t\t\t<span class=\"elementor-icon-list-icon\">\n\t\t\t\t\t\t\t<svg aria-hidden=\"true\" class=\"e-font-icon-svg e-fas-dot-circle\" viewBox=\"0 0 512 512\" xmlns=\"http:\/\/www.w3.org\/2000\/svg\"><path d=\"M256 8C119.033 8 8 119.033 8 256s111.033 248 248 248 248-111.033 248-248S392.967 8 256 8zm80 248c0 44.112-35.888 80-80 80s-80-35.888-80-80 35.888-80 80-80 80 35.888 80 80z\"><\/path><\/svg>\t\t\t\t\t\t<\/span>\n\t\t\t\t\t\t\t\t\t\t<span class=\"elementor-icon-list-text\">Localizaci\u00f3<\/span>\n\t\t\t\t\t\t\t\t\t<\/li>\n\t\t\t\t\t\t<\/ul>\n\t\t\t\t\t\t<\/div>\n\t\t\t\t<div class=\"elementor-element elementor-element-1656619 elementor-icon-list--layout-traditional elementor-list-item-link-full_width elementor-widget elementor-widget-icon-list\" data-id=\"1656619\" data-element_type=\"widget\" data-e-type=\"widget\" data-widget_type=\"icon-list.default\">\n\t\t\t\t\t\t\t<ul class=\"elementor-icon-list-items\">\n\t\t\t\t\t\t\t<li class=\"elementor-icon-list-item\">\n\t\t\t\t\t\t\t\t\t\t\t<span class=\"elementor-icon-list-icon\">\n\t\t\t\t\t\t\t<svg aria-hidden=\"true\" class=\"e-font-icon-svg e-fas-dot-circle\" viewBox=\"0 0 512 512\" xmlns=\"http:\/\/www.w3.org\/2000\/svg\"><path d=\"M256 8C119.033 8 8 119.033 8 256s111.033 248 248 248 248-111.033 248-248S392.967 8 256 8zm80 248c0 44.112-35.888 80-80 80s-80-35.888-80-80 35.888-80 80-80 80 35.888 80 80z\"><\/path><\/svg>\t\t\t\t\t\t<\/span>\n\t\t\t\t\t\t\t\t\t\t<span class=\"elementor-icon-list-text\">Superf\u00edcie i estat de conservaci\u00f3 de l'habitatge<\/span>\n\t\t\t\t\t\t\t\t\t<\/li>\n\t\t\t\t\t\t<\/ul>\n\t\t\t\t\t\t<\/div>\n\t\t\t\t<div class=\"elementor-element elementor-element-292d337 elementor-icon-list--layout-traditional elementor-list-item-link-full_width elementor-widget elementor-widget-icon-list\" data-id=\"292d337\" data-element_type=\"widget\" data-e-type=\"widget\" data-widget_type=\"icon-list.default\">\n\t\t\t\t\t\t\t<ul class=\"elementor-icon-list-items\">\n\t\t\t\t\t\t\t<li class=\"elementor-icon-list-item\">\n\t\t\t\t\t\t\t\t\t\t\t<span class=\"elementor-icon-list-icon\">\n\t\t\t\t\t\t\t<svg aria-hidden=\"true\" class=\"e-font-icon-svg e-fas-dot-circle\" viewBox=\"0 0 512 512\" xmlns=\"http:\/\/www.w3.org\/2000\/svg\"><path d=\"M256 8C119.033 8 8 119.033 8 256s111.033 248 248 248 248-111.033 248-248S392.967 8 256 8zm80 248c0 44.112-35.888 80-80 80s-80-35.888-80-80 35.888-80 80-80 80 35.888 80 80z\"><\/path><\/svg>\t\t\t\t\t\t<\/span>\n\t\t\t\t\t\t\t\t\t\t<span class=\"elementor-icon-list-text\"> Serveis addicionals com a ascensor o aparcament<\/span>\n\t\t\t\t\t\t\t\t\t<\/li>\n\t\t\t\t\t\t<\/ul>\n\t\t\t\t\t\t<\/div>\n\t\t\t\t<div class=\"elementor-element elementor-element-1ee6a0f elementor-widget elementor-widget-text-editor\" data-id=\"1ee6a0f\" data-element_type=\"widget\" data-e-type=\"widget\" data-widget_type=\"text-editor.default\">\n\t\t\t\t\t\t\t\t\t<p>Aquest enfocament permet establir un marge de negociaci\u00f3 entre propietaris i inquilins.<\/p>\n\t\t\t\t\t\t\t\t<\/div>\n\t\t\t\t\t<\/div>\n\t\t<\/div>\n\t\t\t\t\t<\/div>\n\t\t<\/section>\n\t\t\t\t<section class=\"elementor-section elementor-top-section elementor-element elementor-element-0e40318 elementor-section-boxed elementor-section-height-default elementor-section-height-default\" data-id=\"0e40318\" data-element_type=\"section\" data-e-type=\"section\">\n\t\t\t\t\t\t<div class=\"elementor-container elementor-column-gap-default\">\n\t\t\t\t\t<div class=\"elementor-column elementor-col-100 elementor-top-column elementor-element elementor-element-6ffec29\" data-id=\"6ffec29\" data-element_type=\"column\" data-e-type=\"column\">\n\t\t\t<div class=\"elementor-widget-wrap elementor-element-populated\">\n\t\t\t\t\t\t<div class=\"elementor-element elementor-element-2b4adc9 elementor-widget elementor-widget-text-editor\" data-id=\"2b4adc9\" data-element_type=\"widget\" data-e-type=\"widget\" data-widget_type=\"text-editor.default\">\n\t\t\t\t\t\t\t\t\t<h2>Pr\u00f2rrogues Obligat\u00f2ries i Contractes de Lloguer<\/h2>\n\t\t\t\t\t\t\t\t<\/div>\n\t\t\t\t<div class=\"elementor-element elementor-element-03d6dc8 elementor-widget elementor-widget-text-editor\" data-id=\"03d6dc8\" data-element_type=\"widget\" data-e-type=\"widget\" data-widget_type=\"text-editor.default\">\n\t\t\t\t\t\t\t\t\t<p>Una altra regulaci\u00f3 important \u00e9s l&#8217;extensi\u00f3 de la durada m\u00ednima dels contractes de lloguer. Anteriorment fixada en cinc anys, ara s&#8217;ha ampliat a set anys, amb la possibilitat de pr\u00f2rrogues obligat\u00f2ries per fins a tres anys addicionals. Aix\u00f2 significa que els inquilins tenen m\u00e9s seguretat en els seus arrendaments i poden planificar a llarg termini sense por d&#8217;augments sobtats en el preu del lloguer.<\/p>\n\t\t\t\t\t\t\t\t<\/div>\n\t\t\t\t\t<\/div>\n\t\t<\/div>\n\t\t\t\t\t<\/div>\n\t\t<\/section>\n\t\t\t\t<section class=\"elementor-section elementor-top-section elementor-element elementor-element-201d895 elementor-section-boxed elementor-section-height-default elementor-section-height-default\" data-id=\"201d895\" data-element_type=\"section\" data-e-type=\"section\">\n\t\t\t\t\t\t<div class=\"elementor-container elementor-column-gap-default\">\n\t\t\t\t\t<div class=\"elementor-column elementor-col-100 elementor-top-column elementor-element elementor-element-3cf98e5\" data-id=\"3cf98e5\" data-element_type=\"column\" data-e-type=\"column\">\n\t\t\t<div class=\"elementor-widget-wrap elementor-element-populated\">\n\t\t\t\t\t\t<div class=\"elementor-element elementor-element-66a6c2f elementor-widget elementor-widget-text-editor\" data-id=\"66a6c2f\" data-element_type=\"widget\" data-e-type=\"widget\" data-widget_type=\"text-editor.default\">\n\t\t\t\t\t\t\t\t\t<h2>Prohibici\u00f3 d&#8217;Apartaments Tur\u00edstics<\/h2>\n\t\t\t\t\t\t\t\t<\/div>\n\t\t\t\t<div class=\"elementor-element elementor-element-1fdfca8 elementor-widget elementor-widget-text-editor\" data-id=\"1fdfca8\" data-element_type=\"widget\" data-e-type=\"widget\" data-widget_type=\"text-editor.default\">\n\t\t\t\t\t\t\t\t\t<p>L&#8217;Ajuntament de Barcelona tamb\u00e9 ha implementat una prohibici\u00f3 sobre noves llic\u00e8ncies per a apartaments tur\u00edstics. Aquesta mesura busca mitigar l&#8217;escassetat d&#8217;habitatges disponibles per a residents permanents i preservar el teixit social de la ciutat. La decisi\u00f3 ha generat un debat considerable entre propietaris i inversors, ja que molts consideren que aquesta regulaci\u00f3 podria afectar negativament l&#8217;atractiu tur\u00edstic i econ\u00f2mic de Barcelona.<\/p>\n\t\t\t\t\t\t\t\t<\/div>\n\t\t\t\t\t<\/div>\n\t\t<\/div>\n\t\t\t\t\t<\/div>\n\t\t<\/section>\n\t\t\t\t<section class=\"elementor-section elementor-top-section elementor-element elementor-element-578f705 elementor-section-boxed elementor-section-height-default elementor-section-height-default\" data-id=\"578f705\" data-element_type=\"section\" data-e-type=\"section\">\n\t\t\t\t\t\t<div class=\"elementor-container elementor-column-gap-default\">\n\t\t\t\t\t<div class=\"elementor-column elementor-col-100 elementor-top-column elementor-element elementor-element-73a6168\" data-id=\"73a6168\" data-element_type=\"column\" data-e-type=\"column\">\n\t\t\t<div class=\"elementor-widget-wrap elementor-element-populated\">\n\t\t\t\t\t\t<div class=\"elementor-element elementor-element-2116ba0 elementor-widget elementor-widget-text-editor\" data-id=\"2116ba0\" data-element_type=\"widget\" data-e-type=\"widget\" data-widget_type=\"text-editor.default\">\n\t\t\t\t\t\t\t\t\t<h2>Impacte Esperat en el Mercat Immobiliari<\/h2>\n\t\t\t\t\t\t\t\t<\/div>\n\t\t\t\t<div class=\"elementor-element elementor-element-af0209f elementor-widget elementor-widget-text-editor\" data-id=\"af0209f\" data-element_type=\"widget\" data-e-type=\"widget\" data-widget_type=\"text-editor.default\">\n\t\t\t\t\t\t\t\t\t<p>La prohibici\u00f3 est\u00e0 destinada a augmentar l&#8217;oferta d&#8217;habitatges per a lloguer a llarg termini. No obstant aix\u00f2, s&#8217;espera que el seu impacte sigui limitat a causa del nombre relativament petit de propietats afectades. A llarg termini, aquesta regulaci\u00f3 podria beneficiar als propietaris que se centren en arrendaments estables i a llarg termini.<\/p>\n\t\t\t\t\t\t\t\t<\/div>\n\t\t\t\t\t<\/div>\n\t\t<\/div>\n\t\t\t\t\t<\/div>\n\t\t<\/section>\n\t\t\t\t<section class=\"elementor-section elementor-top-section elementor-element elementor-element-aed6522 elementor-section-boxed elementor-section-height-default elementor-section-height-default\" data-id=\"aed6522\" data-element_type=\"section\" data-e-type=\"section\">\n\t\t\t\t\t\t<div class=\"elementor-container elementor-column-gap-default\">\n\t\t\t\t\t<div class=\"elementor-column elementor-col-100 elementor-top-column elementor-element elementor-element-0f88776\" data-id=\"0f88776\" data-element_type=\"column\" data-e-type=\"column\">\n\t\t\t<div class=\"elementor-widget-wrap elementor-element-populated\">\n\t\t\t\t\t\t<div class=\"elementor-element elementor-element-b0907e2 elementor-widget elementor-widget-text-editor\" data-id=\"b0907e2\" data-element_type=\"widget\" data-e-type=\"widget\" data-widget_type=\"text-editor.default\">\n\t\t\t\t\t\t\t\t\t<h2>Perspectives Futures per al Mercat Immobiliari<\/h2>\n\t\t\t\t\t\t\t\t<\/div>\n\t\t\t\t<div class=\"elementor-element elementor-element-71a8139 elementor-widget elementor-widget-text-editor\" data-id=\"71a8139\" data-element_type=\"widget\" data-e-type=\"widget\" data-widget_type=\"text-editor.default\">\n\t\t\t\t\t\t\t\t\t<p>A mesura que s&#8217;implementen aquestes regulacions, el mercat immobiliari a Barcelona enfronta un futur incert. La combinaci\u00f3 d&#8217;alta demanda i escassa oferta continua exercint pressi\u00f3 sobre els preus. Les mesures reguladores podrien contribuir a estabilitzar el mercat, per\u00f2 tamb\u00e9 podrien limitar les opcions disponibles per a inquilins i propietaris.<\/p>\n\t\t\t\t\t\t\t\t<\/div>\n\t\t\t\t\t<\/div>\n\t\t<\/div>\n\t\t\t\t\t<\/div>\n\t\t<\/section>\n\t\t\t\t<section class=\"elementor-section elementor-top-section elementor-element elementor-element-5fba0f8 elementor-section-boxed elementor-section-height-default elementor-section-height-default\" data-id=\"5fba0f8\" data-element_type=\"section\" data-e-type=\"section\">\n\t\t\t\t\t\t<div class=\"elementor-container elementor-column-gap-default\">\n\t\t\t\t\t<div class=\"elementor-column elementor-col-100 elementor-top-column elementor-element elementor-element-bf3b821\" data-id=\"bf3b821\" data-element_type=\"column\" data-e-type=\"column\">\n\t\t\t<div class=\"elementor-widget-wrap elementor-element-populated\">\n\t\t\t\t\t\t<div class=\"elementor-element elementor-element-2c34779 elementor-widget elementor-widget-text-editor\" data-id=\"2c34779\" data-element_type=\"widget\" data-e-type=\"widget\" data-widget_type=\"text-editor.default\">\n\t\t\t\t\t\t\t\t\t<h2>Desafiaments i Oportunitats<\/h2>\n\t\t\t\t\t\t\t\t<\/div>\n\t\t\t\t<div class=\"elementor-element elementor-element-48c7a1b elementor-widget elementor-widget-text-editor\" data-id=\"48c7a1b\" data-element_type=\"widget\" data-e-type=\"widget\" data-widget_type=\"text-editor.default\">\n\t\t\t\t\t\t\t\t\t<p>Els desafiaments inclouen la necessitat urgent de noves construccions per a satisfer la demanda creixent. Les restriccions urban\u00edstiques han limitat significativament la creaci\u00f3 de nous habitatges, la qual cosa podria exacerbar encara m\u00e9s la crisi. D&#8217;altra banda, l&#8217;augment del teletreball podria portar a una redistribuci\u00f3 geogr\u00e0fica dels inquilins, permetent una major flexibilitat en les seves eleccions residencials.<\/p>\n\t\t\t\t\t\t\t\t<\/div>\n\t\t\t\t\t<\/div>\n\t\t<\/div>\n\t\t\t\t\t<\/div>\n\t\t<\/section>\n\t\t\t\t<section class=\"elementor-section elementor-top-section elementor-element elementor-element-a17cd5f elementor-section-boxed elementor-section-height-default elementor-section-height-default\" data-id=\"a17cd5f\" data-element_type=\"section\" data-e-type=\"section\">\n\t\t\t\t\t\t<div class=\"elementor-container elementor-column-gap-default\">\n\t\t\t\t\t<div class=\"elementor-column elementor-col-100 elementor-top-column elementor-element elementor-element-1f535b5\" data-id=\"1f535b5\" data-element_type=\"column\" data-e-type=\"column\">\n\t\t\t<div class=\"elementor-widget-wrap elementor-element-populated\">\n\t\t\t\t\t\t<div class=\"elementor-element elementor-element-3fe31b0 elementor-widget elementor-widget-text-editor\" data-id=\"3fe31b0\" data-element_type=\"widget\" data-e-type=\"widget\" data-widget_type=\"text-editor.default\">\n\t\t\t\t\t\t\t\t\t<h2>Conclusi\u00f3<\/h2>\n\t\t\t\t\t\t\t\t<\/div>\n\t\t\t\t<div class=\"elementor-element elementor-element-a070bb0 elementor-widget elementor-widget-text-editor\" data-id=\"a070bb0\" data-element_type=\"widget\" data-e-type=\"widget\" data-widget_type=\"text-editor.default\">\n\t\t\t\t\t\t\t\t\t<p>Les noves regulacions immobili\u00e0ries a Barcelona representen un esfor\u00e7 significatiu per part del govern catal\u00e0 per a abordar la crisi residencial. Encara que aquestes mesures tenen el potencial d&#8217;estabilitzar el mercat i proporcionar seguretat tant a inquilins com a propietaris, tamb\u00e9 presenten desafiaments que hauran de ser gestionats acuradament.<\/p>\n<p>L&#8217;evoluci\u00f3 del mercat dependr\u00e0 no sols del compliment efectiu d&#8217;aquestes regulacions, sin\u00f3 tamb\u00e9 de com responguin tant els inquilins com els propietaris davant aquests canvis legislatius.<\/p>\n<p>L&#8217;empresa AdHern\u00e1ndez es posiciona com un aliat estrat\u00e8gic per a navegar aquest complex panorama immobiliari a Barcelona, oferint serveis adaptats a les necessitats canviants del mercat i garantint el compliment normatiu necessari per a una gesti\u00f3 efica\u00e7 i responsable.<\/p>\n\t\t\t\t\t\t\t\t<\/div>\n\t\t\t\t\t<\/div>\n\t\t<\/div>\n\t\t\t\t\t<\/div>\n\t\t<\/section>\n\t\t\t\t<\/div>\n\t\t","protected":false},"excerpt":{"rendered":"<p>Les noves regulacions limiten els preus del lloguer, prohibeixen apartaments tur\u00edstics i afecten grans tenidors, buscant estabilitzar el mercat immobiliari<\/p>\n","protected":false},"author":6,"featured_media":31324,"comment_status":"closed","ping_status":"closed","sticky":false,"template":"","format":"standard","meta":{"footnotes":""},"categories":[378,365],"tags":[],"class_list":["post-31342","post","type-post","status-publish","format-standard","has-post-thumbnail","hentry","category-blog-ca","category-propiedad-horizontal-ca"],"yoast_head":"<!-- This site is optimized with the Yoast SEO plugin v27.4 - https:\/\/yoast.com\/product\/yoast-seo-wordpress\/ -->\n<title>Impacte de les Noves Regulacions Immobili\u00e0ries a Barcelona - Administraciones Hern\u00e1ndez<\/title>\n<meta name=\"description\" content=\"Les noves regulacions limiten els preus del lloguer, prohibeixen apartaments tur\u00edstics i afecten grans tenidors, buscant estabilitzar el mercat immobiliari\" \/>\n<meta name=\"robots\" content=\"index, follow, max-snippet:-1, max-image-preview:large, max-video-preview:-1\" \/>\n<link rel=\"canonical\" href=\"https:\/\/adhernandez.com\/ca\/2025\/02\/19\/impacte-de-les-noves-regulacions-immobiliaries-a-barcelona\/\" \/>\n<meta property=\"og:locale\" content=\"ca_ES\" \/>\n<meta property=\"og:type\" content=\"article\" \/>\n<meta property=\"og:title\" content=\"Impacte de les Noves Regulacions Immobili\u00e0ries a Barcelona - Administraciones Hern\u00e1ndez\" \/>\n<meta property=\"og:description\" content=\"Les noves regulacions limiten els preus del lloguer, prohibeixen apartaments tur\u00edstics i afecten grans tenidors, buscant estabilitzar el mercat immobiliari\" \/>\n<meta property=\"og:url\" content=\"https:\/\/adhernandez.com\/ca\/2025\/02\/19\/impacte-de-les-noves-regulacions-immobiliaries-a-barcelona\/\" \/>\n<meta property=\"og:site_name\" content=\"Administraciones Hern\u00e1ndez\" \/>\n<meta property=\"article:published_time\" content=\"2025-02-19T10:46:25+00:00\" \/>\n<meta property=\"og:image\" content=\"https:\/\/adhernandez.com\/wp-content\/uploads\/2025\/02\/legislacion-inmueble.jpg\" \/>\n\t<meta property=\"og:image:width\" content=\"800\" \/>\n\t<meta property=\"og:image:height\" content=\"450\" \/>\n\t<meta property=\"og:image:type\" content=\"image\/jpeg\" \/>\n<meta name=\"author\" content=\"AdHern\u00e1ndez\" \/>\n<meta name=\"twitter:card\" content=\"summary_large_image\" \/>\n<meta name=\"twitter:label1\" content=\"Escrit per\" \/>\n\t<meta name=\"twitter:data1\" content=\"AdHern\u00e1ndez\" \/>\n\t<meta name=\"twitter:label2\" content=\"Temps estimat de lectura\" \/>\n\t<meta name=\"twitter:data2\" content=\"4 minuts\" \/>\n<script type=\"application\/ld+json\" class=\"yoast-schema-graph\">{\"@context\":\"https:\\\/\\\/schema.org\",\"@graph\":[{\"@type\":\"Article\",\"@id\":\"https:\\\/\\\/adhernandez.com\\\/ca\\\/2025\\\/02\\\/19\\\/impacte-de-les-noves-regulacions-immobiliaries-a-barcelona\\\/#article\",\"isPartOf\":{\"@id\":\"https:\\\/\\\/adhernandez.com\\\/ca\\\/2025\\\/02\\\/19\\\/impacte-de-les-noves-regulacions-immobiliaries-a-barcelona\\\/\"},\"author\":{\"name\":\"AdHern\u00e1ndez\",\"@id\":\"https:\\\/\\\/adhernandez.com\\\/ca\\\/#\\\/schema\\\/person\\\/330b9c8828ff3a80ee8053b5fff0e848\"},\"headline\":\"Impacte de les Noves Regulacions Immobili\u00e0ries a Barcelona\",\"datePublished\":\"2025-02-19T10:46:25+00:00\",\"mainEntityOfPage\":{\"@id\":\"https:\\\/\\\/adhernandez.com\\\/ca\\\/2025\\\/02\\\/19\\\/impacte-de-les-noves-regulacions-immobiliaries-a-barcelona\\\/\"},\"wordCount\":734,\"image\":{\"@id\":\"https:\\\/\\\/adhernandez.com\\\/ca\\\/2025\\\/02\\\/19\\\/impacte-de-les-noves-regulacions-immobiliaries-a-barcelona\\\/#primaryimage\"},\"thumbnailUrl\":\"https:\\\/\\\/adhernandez.com\\\/wp-content\\\/uploads\\\/2025\\\/02\\\/legislacion-inmueble.jpg\",\"articleSection\":[\"blog\",\"Propiedad Horizontal\"],\"inLanguage\":\"ca\"},{\"@type\":\"WebPage\",\"@id\":\"https:\\\/\\\/adhernandez.com\\\/ca\\\/2025\\\/02\\\/19\\\/impacte-de-les-noves-regulacions-immobiliaries-a-barcelona\\\/\",\"url\":\"https:\\\/\\\/adhernandez.com\\\/ca\\\/2025\\\/02\\\/19\\\/impacte-de-les-noves-regulacions-immobiliaries-a-barcelona\\\/\",\"name\":\"Impacte de les Noves Regulacions Immobili\u00e0ries a Barcelona - Administraciones Hern\u00e1ndez\",\"isPartOf\":{\"@id\":\"https:\\\/\\\/adhernandez.com\\\/ca\\\/#website\"},\"primaryImageOfPage\":{\"@id\":\"https:\\\/\\\/adhernandez.com\\\/ca\\\/2025\\\/02\\\/19\\\/impacte-de-les-noves-regulacions-immobiliaries-a-barcelona\\\/#primaryimage\"},\"image\":{\"@id\":\"https:\\\/\\\/adhernandez.com\\\/ca\\\/2025\\\/02\\\/19\\\/impacte-de-les-noves-regulacions-immobiliaries-a-barcelona\\\/#primaryimage\"},\"thumbnailUrl\":\"https:\\\/\\\/adhernandez.com\\\/wp-content\\\/uploads\\\/2025\\\/02\\\/legislacion-inmueble.jpg\",\"datePublished\":\"2025-02-19T10:46:25+00:00\",\"author\":{\"@id\":\"https:\\\/\\\/adhernandez.com\\\/ca\\\/#\\\/schema\\\/person\\\/330b9c8828ff3a80ee8053b5fff0e848\"},\"description\":\"Les noves regulacions limiten els preus del lloguer, prohibeixen apartaments tur\u00edstics i afecten grans tenidors, buscant estabilitzar el mercat immobiliari\",\"breadcrumb\":{\"@id\":\"https:\\\/\\\/adhernandez.com\\\/ca\\\/2025\\\/02\\\/19\\\/impacte-de-les-noves-regulacions-immobiliaries-a-barcelona\\\/#breadcrumb\"},\"inLanguage\":\"ca\",\"potentialAction\":[{\"@type\":\"ReadAction\",\"target\":[\"https:\\\/\\\/adhernandez.com\\\/ca\\\/2025\\\/02\\\/19\\\/impacte-de-les-noves-regulacions-immobiliaries-a-barcelona\\\/\"]}]},{\"@type\":\"ImageObject\",\"inLanguage\":\"ca\",\"@id\":\"https:\\\/\\\/adhernandez.com\\\/ca\\\/2025\\\/02\\\/19\\\/impacte-de-les-noves-regulacions-immobiliaries-a-barcelona\\\/#primaryimage\",\"url\":\"https:\\\/\\\/adhernandez.com\\\/wp-content\\\/uploads\\\/2025\\\/02\\\/legislacion-inmueble.jpg\",\"contentUrl\":\"https:\\\/\\\/adhernandez.com\\\/wp-content\\\/uploads\\\/2025\\\/02\\\/legislacion-inmueble.jpg\",\"width\":800,\"height\":450},{\"@type\":\"BreadcrumbList\",\"@id\":\"https:\\\/\\\/adhernandez.com\\\/ca\\\/2025\\\/02\\\/19\\\/impacte-de-les-noves-regulacions-immobiliaries-a-barcelona\\\/#breadcrumb\",\"itemListElement\":[{\"@type\":\"ListItem\",\"position\":1,\"name\":\"Portada\",\"item\":\"https:\\\/\\\/adhernandez.com\\\/ca\\\/adhernandez-inicio\\\/\"},{\"@type\":\"ListItem\",\"position\":2,\"name\":\"Impacte de les Noves Regulacions Immobili\u00e0ries a Barcelona\"}]},{\"@type\":\"WebSite\",\"@id\":\"https:\\\/\\\/adhernandez.com\\\/ca\\\/#website\",\"url\":\"https:\\\/\\\/adhernandez.com\\\/ca\\\/\",\"name\":\"Administraciones Hern\u00e1ndez\",\"description\":\"Equipo de profesionales con amplia experiencia en la gesti\u00f3n del patrimonio inmobiliario\",\"potentialAction\":[{\"@type\":\"SearchAction\",\"target\":{\"@type\":\"EntryPoint\",\"urlTemplate\":\"https:\\\/\\\/adhernandez.com\\\/ca\\\/?s={search_term_string}\"},\"query-input\":{\"@type\":\"PropertyValueSpecification\",\"valueRequired\":true,\"valueName\":\"search_term_string\"}}],\"inLanguage\":\"ca\"},{\"@type\":\"Person\",\"@id\":\"https:\\\/\\\/adhernandez.com\\\/ca\\\/#\\\/schema\\\/person\\\/330b9c8828ff3a80ee8053b5fff0e848\",\"name\":\"AdHern\u00e1ndez\",\"image\":{\"@type\":\"ImageObject\",\"inLanguage\":\"ca\",\"@id\":\"https:\\\/\\\/adhernandez.com\\\/wp-content\\\/litespeed\\\/avatar\\\/6b84e2484050905299b010a711cff345.jpg?ver=1777323059\",\"url\":\"https:\\\/\\\/adhernandez.com\\\/wp-content\\\/litespeed\\\/avatar\\\/6b84e2484050905299b010a711cff345.jpg?ver=1777323059\",\"contentUrl\":\"https:\\\/\\\/adhernandez.com\\\/wp-content\\\/litespeed\\\/avatar\\\/6b84e2484050905299b010a711cff345.jpg?ver=1777323059\",\"caption\":\"AdHern\u00e1ndez\"},\"url\":\"https:\\\/\\\/adhernandez.com\\\/ca\\\/author\\\/veronica\\\/\"}]}<\/script>\n<!-- \/ Yoast SEO plugin. -->","yoast_head_json":{"title":"Impacte de les Noves Regulacions Immobili\u00e0ries a Barcelona - Administraciones Hern\u00e1ndez","description":"Les noves regulacions limiten els preus del lloguer, prohibeixen apartaments tur\u00edstics i afecten grans tenidors, buscant estabilitzar el mercat immobiliari","robots":{"index":"index","follow":"follow","max-snippet":"max-snippet:-1","max-image-preview":"max-image-preview:large","max-video-preview":"max-video-preview:-1"},"canonical":"https:\/\/adhernandez.com\/ca\/2025\/02\/19\/impacte-de-les-noves-regulacions-immobiliaries-a-barcelona\/","og_locale":"ca_ES","og_type":"article","og_title":"Impacte de les Noves Regulacions Immobili\u00e0ries a Barcelona - Administraciones Hern\u00e1ndez","og_description":"Les noves regulacions limiten els preus del lloguer, prohibeixen apartaments tur\u00edstics i afecten grans tenidors, buscant estabilitzar el mercat immobiliari","og_url":"https:\/\/adhernandez.com\/ca\/2025\/02\/19\/impacte-de-les-noves-regulacions-immobiliaries-a-barcelona\/","og_site_name":"Administraciones Hern\u00e1ndez","article_published_time":"2025-02-19T10:46:25+00:00","og_image":[{"width":800,"height":450,"url":"https:\/\/adhernandez.com\/wp-content\/uploads\/2025\/02\/legislacion-inmueble.jpg","type":"image\/jpeg"}],"author":"AdHern\u00e1ndez","twitter_card":"summary_large_image","twitter_misc":{"Escrit per":"AdHern\u00e1ndez","Temps estimat de lectura":"4 minuts"},"schema":{"@context":"https:\/\/schema.org","@graph":[{"@type":"Article","@id":"https:\/\/adhernandez.com\/ca\/2025\/02\/19\/impacte-de-les-noves-regulacions-immobiliaries-a-barcelona\/#article","isPartOf":{"@id":"https:\/\/adhernandez.com\/ca\/2025\/02\/19\/impacte-de-les-noves-regulacions-immobiliaries-a-barcelona\/"},"author":{"name":"AdHern\u00e1ndez","@id":"https:\/\/adhernandez.com\/ca\/#\/schema\/person\/330b9c8828ff3a80ee8053b5fff0e848"},"headline":"Impacte de les Noves Regulacions Immobili\u00e0ries a Barcelona","datePublished":"2025-02-19T10:46:25+00:00","mainEntityOfPage":{"@id":"https:\/\/adhernandez.com\/ca\/2025\/02\/19\/impacte-de-les-noves-regulacions-immobiliaries-a-barcelona\/"},"wordCount":734,"image":{"@id":"https:\/\/adhernandez.com\/ca\/2025\/02\/19\/impacte-de-les-noves-regulacions-immobiliaries-a-barcelona\/#primaryimage"},"thumbnailUrl":"https:\/\/adhernandez.com\/wp-content\/uploads\/2025\/02\/legislacion-inmueble.jpg","articleSection":["blog","Propiedad Horizontal"],"inLanguage":"ca"},{"@type":"WebPage","@id":"https:\/\/adhernandez.com\/ca\/2025\/02\/19\/impacte-de-les-noves-regulacions-immobiliaries-a-barcelona\/","url":"https:\/\/adhernandez.com\/ca\/2025\/02\/19\/impacte-de-les-noves-regulacions-immobiliaries-a-barcelona\/","name":"Impacte de les Noves Regulacions Immobili\u00e0ries a Barcelona - Administraciones Hern\u00e1ndez","isPartOf":{"@id":"https:\/\/adhernandez.com\/ca\/#website"},"primaryImageOfPage":{"@id":"https:\/\/adhernandez.com\/ca\/2025\/02\/19\/impacte-de-les-noves-regulacions-immobiliaries-a-barcelona\/#primaryimage"},"image":{"@id":"https:\/\/adhernandez.com\/ca\/2025\/02\/19\/impacte-de-les-noves-regulacions-immobiliaries-a-barcelona\/#primaryimage"},"thumbnailUrl":"https:\/\/adhernandez.com\/wp-content\/uploads\/2025\/02\/legislacion-inmueble.jpg","datePublished":"2025-02-19T10:46:25+00:00","author":{"@id":"https:\/\/adhernandez.com\/ca\/#\/schema\/person\/330b9c8828ff3a80ee8053b5fff0e848"},"description":"Les noves regulacions limiten els preus del lloguer, prohibeixen apartaments tur\u00edstics i afecten grans tenidors, buscant estabilitzar el mercat immobiliari","breadcrumb":{"@id":"https:\/\/adhernandez.com\/ca\/2025\/02\/19\/impacte-de-les-noves-regulacions-immobiliaries-a-barcelona\/#breadcrumb"},"inLanguage":"ca","potentialAction":[{"@type":"ReadAction","target":["https:\/\/adhernandez.com\/ca\/2025\/02\/19\/impacte-de-les-noves-regulacions-immobiliaries-a-barcelona\/"]}]},{"@type":"ImageObject","inLanguage":"ca","@id":"https:\/\/adhernandez.com\/ca\/2025\/02\/19\/impacte-de-les-noves-regulacions-immobiliaries-a-barcelona\/#primaryimage","url":"https:\/\/adhernandez.com\/wp-content\/uploads\/2025\/02\/legislacion-inmueble.jpg","contentUrl":"https:\/\/adhernandez.com\/wp-content\/uploads\/2025\/02\/legislacion-inmueble.jpg","width":800,"height":450},{"@type":"BreadcrumbList","@id":"https:\/\/adhernandez.com\/ca\/2025\/02\/19\/impacte-de-les-noves-regulacions-immobiliaries-a-barcelona\/#breadcrumb","itemListElement":[{"@type":"ListItem","position":1,"name":"Portada","item":"https:\/\/adhernandez.com\/ca\/adhernandez-inicio\/"},{"@type":"ListItem","position":2,"name":"Impacte de les Noves Regulacions Immobili\u00e0ries a Barcelona"}]},{"@type":"WebSite","@id":"https:\/\/adhernandez.com\/ca\/#website","url":"https:\/\/adhernandez.com\/ca\/","name":"Administraciones Hern\u00e1ndez","description":"Equipo de profesionales con amplia experiencia en la gesti\u00f3n del patrimonio inmobiliario","potentialAction":[{"@type":"SearchAction","target":{"@type":"EntryPoint","urlTemplate":"https:\/\/adhernandez.com\/ca\/?s={search_term_string}"},"query-input":{"@type":"PropertyValueSpecification","valueRequired":true,"valueName":"search_term_string"}}],"inLanguage":"ca"},{"@type":"Person","@id":"https:\/\/adhernandez.com\/ca\/#\/schema\/person\/330b9c8828ff3a80ee8053b5fff0e848","name":"AdHern\u00e1ndez","image":{"@type":"ImageObject","inLanguage":"ca","@id":"https:\/\/adhernandez.com\/wp-content\/litespeed\/avatar\/6b84e2484050905299b010a711cff345.jpg?ver=1777323059","url":"https:\/\/adhernandez.com\/wp-content\/litespeed\/avatar\/6b84e2484050905299b010a711cff345.jpg?ver=1777323059","contentUrl":"https:\/\/adhernandez.com\/wp-content\/litespeed\/avatar\/6b84e2484050905299b010a711cff345.jpg?ver=1777323059","caption":"AdHern\u00e1ndez"},"url":"https:\/\/adhernandez.com\/ca\/author\/veronica\/"}]}},"_links":{"self":[{"href":"https:\/\/adhernandez.com\/ca\/wp-json\/wp\/v2\/posts\/31342","targetHints":{"allow":["GET"]}}],"collection":[{"href":"https:\/\/adhernandez.com\/ca\/wp-json\/wp\/v2\/posts"}],"about":[{"href":"https:\/\/adhernandez.com\/ca\/wp-json\/wp\/v2\/types\/post"}],"author":[{"embeddable":true,"href":"https:\/\/adhernandez.com\/ca\/wp-json\/wp\/v2\/users\/6"}],"replies":[{"embeddable":true,"href":"https:\/\/adhernandez.com\/ca\/wp-json\/wp\/v2\/comments?post=31342"}],"version-history":[{"count":1,"href":"https:\/\/adhernandez.com\/ca\/wp-json\/wp\/v2\/posts\/31342\/revisions"}],"predecessor-version":[{"id":31343,"href":"https:\/\/adhernandez.com\/ca\/wp-json\/wp\/v2\/posts\/31342\/revisions\/31343"}],"wp:featuredmedia":[{"embeddable":true,"href":"https:\/\/adhernandez.com\/ca\/wp-json\/wp\/v2\/media\/31324"}],"wp:attachment":[{"href":"https:\/\/adhernandez.com\/ca\/wp-json\/wp\/v2\/media?parent=31342"}],"wp:term":[{"taxonomy":"category","embeddable":true,"href":"https:\/\/adhernandez.com\/ca\/wp-json\/wp\/v2\/categories?post=31342"},{"taxonomy":"post_tag","embeddable":true,"href":"https:\/\/adhernandez.com\/ca\/wp-json\/wp\/v2\/tags?post=31342"}],"curies":[{"name":"wp","href":"https:\/\/api.w.org\/{rel}","templated":true}]}}