{"id":31271,"date":"2025-01-14T14:38:26","date_gmt":"2025-01-14T14:38:26","guid":{"rendered":"https:\/\/adhernandez.com\/2025\/01\/14\/el-futur-del-coliving-a-espanya\/"},"modified":"2025-01-14T14:38:27","modified_gmt":"2025-01-14T14:38:27","slug":"el-futur-del-coliving-a-espanya","status":"publish","type":"post","link":"https:\/\/adhernandez.com\/ca\/2025\/01\/14\/el-futur-del-coliving-a-espanya\/","title":{"rendered":"El Futur del Coliving a Espanya"},"content":{"rendered":"\t\t<div data-elementor-type=\"wp-post\" data-elementor-id=\"31271\" class=\"elementor elementor-31271 elementor-31260\">\n\t\t\t\t\t\t<section class=\"elementor-section elementor-top-section elementor-element elementor-element-b5d1e47 elementor-section-boxed elementor-section-height-default elementor-section-height-default\" data-id=\"b5d1e47\" data-element_type=\"section\" data-e-type=\"section\">\n\t\t\t\t\t\t<div class=\"elementor-container elementor-column-gap-default\">\n\t\t\t\t\t<div class=\"elementor-column elementor-col-100 elementor-top-column elementor-element elementor-element-93c2d1d\" data-id=\"93c2d1d\" data-element_type=\"column\" data-e-type=\"column\">\n\t\t\t<div class=\"elementor-widget-wrap elementor-element-populated\">\n\t\t\t\t\t\t<div class=\"elementor-element elementor-element-72fbc0a elementor-widget elementor-widget-text-editor\" data-id=\"72fbc0a\" data-element_type=\"widget\" data-e-type=\"widget\" data-widget_type=\"text-editor.default\">\n\t\t\t\t\t\t\t\t\t<p>El coliving, un concepte que combina l&#8217;habitatge compartit amb serveis i comunitat, est\u00e0 emergint com una soluci\u00f3 innovadora en el mercat immobiliari espanyol. Aquest model de vida est\u00e0 guanyant popularitat, especialment en ciutats com Barcelona, on la demanda d&#8217;habitatge assequible i flexible est\u00e0 en augment. A continuaci\u00f3, s&#8217;exploraran les tend\u00e8ncies actuals, els beneficis i els desafiaments del coliving en el context de la legislaci\u00f3 catalana.<\/p>\n\t\t\t\t\t\t\t\t<\/div>\n\t\t\t\t<div class=\"elementor-element elementor-element-c57e864 elementor-widget elementor-widget-text-editor\" data-id=\"c57e864\" data-element_type=\"widget\" data-e-type=\"widget\" data-widget_type=\"text-editor.default\">\n\t\t\t\t\t\t\t\t\t<h2>Tend\u00e8ncies del Coliving a Espanya\r\n<\/h2>\t\t\t\t\t\t\t\t<\/div>\n\t\t\t\t<div class=\"elementor-element elementor-element-c73188e elementor-widget elementor-widget-text-editor\" data-id=\"c73188e\" data-element_type=\"widget\" data-e-type=\"widget\" data-widget_type=\"text-editor.default\">\n\t\t\t\t\t\t\t\t\t<p>Creixement del Mercat<\/p>\n\t\t\t\t\t\t\t\t<\/div>\n\t\t\t\t<div class=\"elementor-element elementor-element-e4439bb elementor-widget elementor-widget-text-editor\" data-id=\"e4439bb\" data-element_type=\"widget\" data-e-type=\"widget\" data-widget_type=\"text-editor.default\">\n\t\t\t\t\t\t\t\t\t<p>Segons dades recents, s&#8217;estima que l&#8217;estoc de coliving a Espanya es duplicar\u00e0 per a aconseguir prop de 20,000 llits per a l&#8217;any 2025. Aquesta tend\u00e8ncia respon a canvis en els h\u00e0bits de vida i treball, impulsats per l&#8217;augment del treball remot i la mobilitat laboral. La necessitat de solucions residencials temporals i flexibles est\u00e0 portant a un creixement significatiu del coliving, que s&#8217;espera que representi un 16% de la nova oferta d&#8217;obra destinada al lloguer.<\/p>\n\t\t\t\t\t\t\t\t<\/div>\n\t\t\t\t<div class=\"elementor-element elementor-element-a69b057 elementor-widget elementor-widget-text-editor\" data-id=\"a69b057\" data-element_type=\"widget\" data-e-type=\"widget\" data-widget_type=\"text-editor.default\">\n\t\t\t\t\t\t\t\t\t<p>Demografia i Perfil dels Residents<\/p>\n\t\t\t\t\t\t\t\t<\/div>\n\t\t\t\t<div class=\"elementor-element elementor-element-0d3d7f8 elementor-widget elementor-widget-text-editor\" data-id=\"0d3d7f8\" data-element_type=\"widget\" data-e-type=\"widget\" data-widget_type=\"text-editor.default\">\n\t\t\t\t\t\t\t\t\t<p>El perfil t\u00edpic dels residents en espais de coliving inclou joves professionals i estudiants que busquen una forma de vida m\u00e9s comunit\u00e0ria i accessible. Aquest model atreu a persones que valoren no sols un lloc on viure, sin\u00f3 tamb\u00e9 un entorn que fomenti la interacci\u00f3 social i el desenvolupament personal. A m\u00e9s, el coliving ofereix serveis addicionals com a neteja, internet i espais comuns, la qual cosa ho converteix en una opci\u00f3 atractiva per als qui busquen comoditat i comunitat.<\/p>\n\t\t\t\t\t\t\t\t<\/div>\n\t\t\t\t<div class=\"elementor-element elementor-element-808f630 elementor-widget elementor-widget-text-editor\" data-id=\"808f630\" data-element_type=\"widget\" data-e-type=\"widget\" data-widget_type=\"text-editor.default\">\n\t\t\t\t\t\t\t\t\t<h2>Beneficis del Coliving<\/h2>\n\t\t\t\t\t\t\t\t<\/div>\n\t\t\t\t<div class=\"elementor-element elementor-element-72f4f61 elementor-widget elementor-widget-text-editor\" data-id=\"72f4f61\" data-element_type=\"widget\" data-e-type=\"widget\" data-widget_type=\"text-editor.default\">\n\t\t\t\t\t\t\t\t\t<p>Efici\u00e8ncia Econ\u00f2mica<\/p>\n\t\t\t\t\t\t\t\t<\/div>\n\t\t\t\t<div class=\"elementor-element elementor-element-ab10dbd elementor-widget elementor-widget-text-editor\" data-id=\"ab10dbd\" data-element_type=\"widget\" data-e-type=\"widget\" data-widget_type=\"text-editor.default\">\n\t\t\t\t\t\t\t\t\t<p>El coliving permet optimitzar l&#8217;\u00fas de l&#8217;espai, la qual cosa es tradueix en una major rendibilitat per metre quadrat. En comparaci\u00f3 amb els lloguers tradicionals, on es lloguen unitats individuals, el coliving maximitza l&#8217;ocupaci\u00f3 en permetre que diverses persones comparteixin un mateix espai. Aix\u00f2 no sols beneficia als propietaris i inversors, sin\u00f3 tamb\u00e9 als inquilins, els qui poden gaudir de tarifes m\u00e9s assequibles.<\/p>\n\t\t\t\t\t\t\t\t<\/div>\n\t\t\t\t<div class=\"elementor-element elementor-element-5669997 elementor-widget elementor-widget-text-editor\" data-id=\"5669997\" data-element_type=\"widget\" data-e-type=\"widget\" data-widget_type=\"text-editor.default\">\n\t\t\t\t\t\t\t\t\t<p>Flexibilitat i Comoditat<\/p>\n\t\t\t\t\t\t\t\t<\/div>\n\t\t\t\t<div class=\"elementor-element elementor-element-dc55a43 elementor-widget elementor-widget-text-editor\" data-id=\"dc55a43\" data-element_type=\"widget\" data-e-type=\"widget\" data-widget_type=\"text-editor.default\">\n\t\t\t\t\t\t\t\t\t<p>Els contractes d&#8217;arrendament en coliving solen ser m\u00e9s flexibles que els tradicionals, la qual cosa permet als inquilins adaptar-se a les seves necessitats canviants sense compromisos a llarg termini. Aquesta flexibilitat \u00e9s especialment valuosa per a aquells que es traslladen per treball o estudis. A m\u00e9s, la inclusi\u00f3 de serveis com a mobiliari i utilitats simplifica l&#8217;experi\u00e8ncia de mudan\u00e7a. <\/p>\n\t\t\t\t\t\t\t\t<\/div>\n\t\t\t\t<div class=\"elementor-element elementor-element-27ef3fa elementor-widget elementor-widget-text-editor\" data-id=\"27ef3fa\" data-element_type=\"widget\" data-e-type=\"widget\" data-widget_type=\"text-editor.default\">\n\t\t\t\t\t\t\t\t\t<h2>Desafiaments Legals i Reguladors<\/h2>\n\t\t\t\t\t\t\t\t<\/div>\n\t\t\t\t<div class=\"elementor-element elementor-element-9823d34 elementor-widget elementor-widget-text-editor\" data-id=\"9823d34\" data-element_type=\"widget\" data-e-type=\"widget\" data-widget_type=\"text-editor.default\">\n\t\t\t\t\t\t\t\t\t<p>Marc legal a Catalunya<\/p>\n\t\t\t\t\t\t\t\t<\/div>\n\t\t\t\t<div class=\"elementor-element elementor-element-2eef101 elementor-widget elementor-widget-text-editor\" data-id=\"2eef101\" data-element_type=\"widget\" data-e-type=\"widget\" data-widget_type=\"text-editor.default\">\n\t\t\t\t\t\t\t\t\t<p>La legislaci\u00f3 a Catalunya estableix normatives espec\u00edfiques per a la gesti\u00f3 de propietats i comunitats. La Llei de Propietat Horitzontal regula aspectes fonamentals com la conviv\u00e8ncia entre propietaris i inquilins. Les empreses d&#8217;administraci\u00f3 de finques, com AdHern\u00e1ndez, exerceixen un paper crucial en garantir que les operacions de coliving compleixin amb aquestes regulacions.<\/p>\n\t\t\t\t\t\t\t\t<\/div>\n\t\t\t\t<div class=\"elementor-element elementor-element-2f23e07 elementor-widget elementor-widget-text-editor\" data-id=\"2f23e07\" data-element_type=\"widget\" data-e-type=\"widget\" data-widget_type=\"text-editor.default\">\n\t\t\t\t\t\t\t\t\t<p>Conviv\u00e8ncia i Normatives Internes<\/p>\n\t\t\t\t\t\t\t\t<\/div>\n\t\t\t\t<div class=\"elementor-element elementor-element-eea9bcc elementor-widget elementor-widget-text-editor\" data-id=\"eea9bcc\" data-element_type=\"widget\" data-e-type=\"widget\" data-widget_type=\"text-editor.default\">\n\t\t\t\t\t\t\t\t\t<p>La gesti\u00f3 adequada de comunitats de coliving tamb\u00e9 implica establir normatives internes clares que regulin aspectes com l&#8217;\u00fas d&#8217;\u00e0rees comunes i la resoluci\u00f3 de conflictes entre inquilins. La mediaci\u00f3 en conflictes \u00e9s un servei essencial ofert per les administracions de finques per a mantenir una conviv\u00e8ncia harmoniosa.<\/p>\n\t\t\t\t\t\t\t\t<\/div>\n\t\t\t\t<div class=\"elementor-element elementor-element-84a4704 elementor-widget elementor-widget-text-editor\" data-id=\"84a4704\" data-element_type=\"widget\" data-e-type=\"widget\" data-widget_type=\"text-editor.default\">\n\t\t\t\t\t\t\t\t\t<h2>Perspectives Futures del Coliving<\/h2>\n\t\t\t\t\t\t\t\t<\/div>\n\t\t\t\t<div class=\"elementor-element elementor-element-9919958 elementor-widget elementor-widget-text-editor\" data-id=\"9919958\" data-element_type=\"widget\" data-e-type=\"widget\" data-widget_type=\"text-editor.default\">\n\t\t\t\t\t\t\t\t\t<p>Innovaci\u00f3 en Espais Residencials<\/p>\n\t\t\t\t\t\t\t\t<\/div>\n\t\t\t\t<div class=\"elementor-element elementor-element-da6e390 elementor-widget elementor-widget-text-editor\" data-id=\"da6e390\" data-element_type=\"widget\" data-e-type=\"widget\" data-widget_type=\"text-editor.default\">\n\t\t\t\t\t\t\t\t\t<p>A mesura que el mercat evoluciona, s&#8217;espera que sorgeixin nous models innovadors dins del sector del coliving. Aix\u00f2 inclou espais dissenyats espec\u00edficament per a fomentar la col\u00b7laboraci\u00f3 entre inquilins i oferir experi\u00e8ncies \u00faniques. Les empreses estan explorant com integrar tecnologia avan\u00e7ada per a millorar l&#8217;experi\u00e8ncia del resident.<\/p>\n\t\t\t\t\t\t\t\t<\/div>\n\t\t\t\t<div class=\"elementor-element elementor-element-54f4357 elementor-widget elementor-widget-text-editor\" data-id=\"54f4357\" data-element_type=\"widget\" data-e-type=\"widget\" data-widget_type=\"text-editor.default\">\n\t\t\t\t\t\t\t\t\t<p>Sostenibilitat i Responsabilitat Social<\/p>\n\t\t\t\t\t\t\t\t<\/div>\n\t\t\t\t<div class=\"elementor-element elementor-element-db7fd97 elementor-widget elementor-widget-text-editor\" data-id=\"db7fd97\" data-element_type=\"widget\" data-e-type=\"widget\" data-widget_type=\"text-editor.default\">\n\t\t\t\t\t\t\t\t\t<p>El futur del coliving tamb\u00e9 estar\u00e0 marcat per un enfocament creixent cap a la sostenibilitat. Els desenvolupadors estan comen\u00e7ant a implementar pr\u00e0ctiques ecol\u00f2giques en els seus projectes, des de l&#8217;\u00fas de materials sostenibles fins a sistemes energ\u00e8tics eficients. Aquesta tend\u00e8ncia no sols respon a les demandes del mercat actual sin\u00f3 tamb\u00e9 a una creixent consci\u00e8ncia social sobre la import\u00e0ncia del medi ambient.<\/p>\n\t\t\t\t\t\t\t\t<\/div>\n\t\t\t\t<div class=\"elementor-element elementor-element-a74b0bd elementor-widget elementor-widget-text-editor\" data-id=\"a74b0bd\" data-element_type=\"widget\" data-e-type=\"widget\" data-widget_type=\"text-editor.default\">\n\t\t\t\t\t\t\t\t\t<h2>Conclusi\u00f3<\/h2>\n\t\t\t\t\t\t\t\t<\/div>\n\t\t\t\t<div class=\"elementor-element elementor-element-137bd89 elementor-widget elementor-widget-text-editor\" data-id=\"137bd89\" data-element_type=\"widget\" data-e-type=\"widget\" data-widget_type=\"text-editor.default\">\n\t\t\t\t\t\t\t\t\t<p>El coliving representa una resposta innovadora als desafiaments residencials contemporanis a Espanya. Amb la seva capacitat per a oferir solucions flexibles i econ\u00f2miques, aquest model est\u00e0 ben posicionat per a cr\u00e9ixer significativament en els pr\u00f2xims anys. No obstant aix\u00f2, \u00e9s essencial abordar els desafiaments legals i normatius per a garantir un desenvolupament sostenible i harmoni\u00f3s del sector. La col\u00b7laboraci\u00f3 entre administradors de finques com AdHern\u00e1ndez i desenvolupadors ser\u00e0 clau per a navegar aquest panorama emergent amb \u00e8xit.<\/p>\n\t\t\t\t\t\t\t\t<\/div>\n\t\t\t\t\t<\/div>\n\t\t<\/div>\n\t\t\t\t\t<\/div>\n\t\t<\/section>\n\t\t\t\t<\/div>\n\t\t","protected":false},"excerpt":{"rendered":"<p>El coliving a Espanya s&#8217;expandeix, oferint espais compartits i comunitat. Descobreix el seu futur.<\/p>\n","protected":false},"author":6,"featured_media":31261,"comment_status":"closed","ping_status":"closed","sticky":false,"template":"","format":"standard","meta":{"footnotes":""},"categories":[378],"tags":[],"class_list":["post-31271","post","type-post","status-publish","format-standard","has-post-thumbnail","hentry","category-blog-ca"],"yoast_head":"<!-- This site is optimized with the Yoast SEO plugin v27.4 - https:\/\/yoast.com\/product\/yoast-seo-wordpress\/ -->\n<title>El Futur del Coliving a Espanya - Administraciones Hern\u00e1ndez<\/title>\n<meta name=\"description\" content=\"El coliving a Espanya s&#039;expandeix, oferint espais compartits i comunitat. Descobreix el seu futur.\" \/>\n<meta name=\"robots\" content=\"index, follow, max-snippet:-1, max-image-preview:large, max-video-preview:-1\" \/>\n<link rel=\"canonical\" href=\"https:\/\/adhernandez.com\/ca\/2025\/01\/14\/el-futur-del-coliving-a-espanya\/\" \/>\n<meta property=\"og:locale\" content=\"ca_ES\" \/>\n<meta property=\"og:type\" content=\"article\" \/>\n<meta property=\"og:title\" content=\"El Futur del Coliving a Espanya - Administraciones Hern\u00e1ndez\" \/>\n<meta property=\"og:description\" content=\"El coliving a Espanya s&#039;expandeix, oferint espais compartits i comunitat. Descobreix el seu futur.\" \/>\n<meta property=\"og:url\" content=\"https:\/\/adhernandez.com\/ca\/2025\/01\/14\/el-futur-del-coliving-a-espanya\/\" \/>\n<meta property=\"og:site_name\" content=\"Administraciones Hern\u00e1ndez\" \/>\n<meta property=\"article:published_time\" content=\"2025-01-14T14:38:26+00:00\" \/>\n<meta property=\"article:modified_time\" content=\"2025-01-14T14:38:27+00:00\" \/>\n<meta property=\"og:image\" content=\"https:\/\/adhernandez.com\/wp-content\/uploads\/2025\/01\/coliving.jpg\" \/>\n\t<meta property=\"og:image:width\" content=\"800\" \/>\n\t<meta property=\"og:image:height\" content=\"450\" \/>\n\t<meta property=\"og:image:type\" content=\"image\/jpeg\" \/>\n<meta name=\"author\" content=\"AdHern\u00e1ndez\" \/>\n<meta name=\"twitter:card\" content=\"summary_large_image\" \/>\n<meta name=\"twitter:label1\" content=\"Escrit per\" \/>\n\t<meta name=\"twitter:data1\" content=\"AdHern\u00e1ndez\" \/>\n\t<meta name=\"twitter:label2\" content=\"Temps estimat de lectura\" \/>\n\t<meta name=\"twitter:data2\" content=\"4 minuts\" \/>\n<script type=\"application\/ld+json\" class=\"yoast-schema-graph\">{\"@context\":\"https:\\\/\\\/schema.org\",\"@graph\":[{\"@type\":\"Article\",\"@id\":\"https:\\\/\\\/adhernandez.com\\\/ca\\\/2025\\\/01\\\/14\\\/el-futur-del-coliving-a-espanya\\\/#article\",\"isPartOf\":{\"@id\":\"https:\\\/\\\/adhernandez.com\\\/ca\\\/2025\\\/01\\\/14\\\/el-futur-del-coliving-a-espanya\\\/\"},\"author\":{\"name\":\"AdHern\u00e1ndez\",\"@id\":\"https:\\\/\\\/adhernandez.com\\\/ca\\\/#\\\/schema\\\/person\\\/330b9c8828ff3a80ee8053b5fff0e848\"},\"headline\":\"El Futur del Coliving a Espanya\",\"datePublished\":\"2025-01-14T14:38:26+00:00\",\"dateModified\":\"2025-01-14T14:38:27+00:00\",\"mainEntityOfPage\":{\"@id\":\"https:\\\/\\\/adhernandez.com\\\/ca\\\/2025\\\/01\\\/14\\\/el-futur-del-coliving-a-espanya\\\/\"},\"wordCount\":718,\"image\":{\"@id\":\"https:\\\/\\\/adhernandez.com\\\/ca\\\/2025\\\/01\\\/14\\\/el-futur-del-coliving-a-espanya\\\/#primaryimage\"},\"thumbnailUrl\":\"https:\\\/\\\/adhernandez.com\\\/wp-content\\\/uploads\\\/2025\\\/01\\\/coliving.jpg\",\"articleSection\":[\"blog\"],\"inLanguage\":\"ca\"},{\"@type\":\"WebPage\",\"@id\":\"https:\\\/\\\/adhernandez.com\\\/ca\\\/2025\\\/01\\\/14\\\/el-futur-del-coliving-a-espanya\\\/\",\"url\":\"https:\\\/\\\/adhernandez.com\\\/ca\\\/2025\\\/01\\\/14\\\/el-futur-del-coliving-a-espanya\\\/\",\"name\":\"El Futur del Coliving a Espanya - Administraciones Hern\u00e1ndez\",\"isPartOf\":{\"@id\":\"https:\\\/\\\/adhernandez.com\\\/ca\\\/#website\"},\"primaryImageOfPage\":{\"@id\":\"https:\\\/\\\/adhernandez.com\\\/ca\\\/2025\\\/01\\\/14\\\/el-futur-del-coliving-a-espanya\\\/#primaryimage\"},\"image\":{\"@id\":\"https:\\\/\\\/adhernandez.com\\\/ca\\\/2025\\\/01\\\/14\\\/el-futur-del-coliving-a-espanya\\\/#primaryimage\"},\"thumbnailUrl\":\"https:\\\/\\\/adhernandez.com\\\/wp-content\\\/uploads\\\/2025\\\/01\\\/coliving.jpg\",\"datePublished\":\"2025-01-14T14:38:26+00:00\",\"dateModified\":\"2025-01-14T14:38:27+00:00\",\"author\":{\"@id\":\"https:\\\/\\\/adhernandez.com\\\/ca\\\/#\\\/schema\\\/person\\\/330b9c8828ff3a80ee8053b5fff0e848\"},\"description\":\"El coliving a Espanya s'expandeix, oferint espais compartits i comunitat. Descobreix el seu futur.\",\"breadcrumb\":{\"@id\":\"https:\\\/\\\/adhernandez.com\\\/ca\\\/2025\\\/01\\\/14\\\/el-futur-del-coliving-a-espanya\\\/#breadcrumb\"},\"inLanguage\":\"ca\",\"potentialAction\":[{\"@type\":\"ReadAction\",\"target\":[\"https:\\\/\\\/adhernandez.com\\\/ca\\\/2025\\\/01\\\/14\\\/el-futur-del-coliving-a-espanya\\\/\"]}]},{\"@type\":\"ImageObject\",\"inLanguage\":\"ca\",\"@id\":\"https:\\\/\\\/adhernandez.com\\\/ca\\\/2025\\\/01\\\/14\\\/el-futur-del-coliving-a-espanya\\\/#primaryimage\",\"url\":\"https:\\\/\\\/adhernandez.com\\\/wp-content\\\/uploads\\\/2025\\\/01\\\/coliving.jpg\",\"contentUrl\":\"https:\\\/\\\/adhernandez.com\\\/wp-content\\\/uploads\\\/2025\\\/01\\\/coliving.jpg\",\"width\":800,\"height\":450},{\"@type\":\"BreadcrumbList\",\"@id\":\"https:\\\/\\\/adhernandez.com\\\/ca\\\/2025\\\/01\\\/14\\\/el-futur-del-coliving-a-espanya\\\/#breadcrumb\",\"itemListElement\":[{\"@type\":\"ListItem\",\"position\":1,\"name\":\"Portada\",\"item\":\"https:\\\/\\\/adhernandez.com\\\/ca\\\/adhernandez-inicio\\\/\"},{\"@type\":\"ListItem\",\"position\":2,\"name\":\"El Futur del Coliving a Espanya\"}]},{\"@type\":\"WebSite\",\"@id\":\"https:\\\/\\\/adhernandez.com\\\/ca\\\/#website\",\"url\":\"https:\\\/\\\/adhernandez.com\\\/ca\\\/\",\"name\":\"Administraciones Hern\u00e1ndez\",\"description\":\"Equipo de profesionales con amplia experiencia en la gesti\u00f3n del patrimonio inmobiliario\",\"potentialAction\":[{\"@type\":\"SearchAction\",\"target\":{\"@type\":\"EntryPoint\",\"urlTemplate\":\"https:\\\/\\\/adhernandez.com\\\/ca\\\/?s={search_term_string}\"},\"query-input\":{\"@type\":\"PropertyValueSpecification\",\"valueRequired\":true,\"valueName\":\"search_term_string\"}}],\"inLanguage\":\"ca\"},{\"@type\":\"Person\",\"@id\":\"https:\\\/\\\/adhernandez.com\\\/ca\\\/#\\\/schema\\\/person\\\/330b9c8828ff3a80ee8053b5fff0e848\",\"name\":\"AdHern\u00e1ndez\",\"image\":{\"@type\":\"ImageObject\",\"inLanguage\":\"ca\",\"@id\":\"https:\\\/\\\/adhernandez.com\\\/wp-content\\\/litespeed\\\/avatar\\\/6b84e2484050905299b010a711cff345.jpg?ver=1777323059\",\"url\":\"https:\\\/\\\/adhernandez.com\\\/wp-content\\\/litespeed\\\/avatar\\\/6b84e2484050905299b010a711cff345.jpg?ver=1777323059\",\"contentUrl\":\"https:\\\/\\\/adhernandez.com\\\/wp-content\\\/litespeed\\\/avatar\\\/6b84e2484050905299b010a711cff345.jpg?ver=1777323059\",\"caption\":\"AdHern\u00e1ndez\"},\"url\":\"https:\\\/\\\/adhernandez.com\\\/ca\\\/author\\\/veronica\\\/\"}]}<\/script>\n<!-- \/ Yoast SEO plugin. -->","yoast_head_json":{"title":"El Futur del Coliving a Espanya - Administraciones Hern\u00e1ndez","description":"El coliving a Espanya s'expandeix, oferint espais compartits i comunitat. Descobreix el seu futur.","robots":{"index":"index","follow":"follow","max-snippet":"max-snippet:-1","max-image-preview":"max-image-preview:large","max-video-preview":"max-video-preview:-1"},"canonical":"https:\/\/adhernandez.com\/ca\/2025\/01\/14\/el-futur-del-coliving-a-espanya\/","og_locale":"ca_ES","og_type":"article","og_title":"El Futur del Coliving a Espanya - Administraciones Hern\u00e1ndez","og_description":"El coliving a Espanya s'expandeix, oferint espais compartits i comunitat. Descobreix el seu futur.","og_url":"https:\/\/adhernandez.com\/ca\/2025\/01\/14\/el-futur-del-coliving-a-espanya\/","og_site_name":"Administraciones Hern\u00e1ndez","article_published_time":"2025-01-14T14:38:26+00:00","article_modified_time":"2025-01-14T14:38:27+00:00","og_image":[{"width":800,"height":450,"url":"https:\/\/adhernandez.com\/wp-content\/uploads\/2025\/01\/coliving.jpg","type":"image\/jpeg"}],"author":"AdHern\u00e1ndez","twitter_card":"summary_large_image","twitter_misc":{"Escrit per":"AdHern\u00e1ndez","Temps estimat de lectura":"4 minuts"},"schema":{"@context":"https:\/\/schema.org","@graph":[{"@type":"Article","@id":"https:\/\/adhernandez.com\/ca\/2025\/01\/14\/el-futur-del-coliving-a-espanya\/#article","isPartOf":{"@id":"https:\/\/adhernandez.com\/ca\/2025\/01\/14\/el-futur-del-coliving-a-espanya\/"},"author":{"name":"AdHern\u00e1ndez","@id":"https:\/\/adhernandez.com\/ca\/#\/schema\/person\/330b9c8828ff3a80ee8053b5fff0e848"},"headline":"El Futur del Coliving a Espanya","datePublished":"2025-01-14T14:38:26+00:00","dateModified":"2025-01-14T14:38:27+00:00","mainEntityOfPage":{"@id":"https:\/\/adhernandez.com\/ca\/2025\/01\/14\/el-futur-del-coliving-a-espanya\/"},"wordCount":718,"image":{"@id":"https:\/\/adhernandez.com\/ca\/2025\/01\/14\/el-futur-del-coliving-a-espanya\/#primaryimage"},"thumbnailUrl":"https:\/\/adhernandez.com\/wp-content\/uploads\/2025\/01\/coliving.jpg","articleSection":["blog"],"inLanguage":"ca"},{"@type":"WebPage","@id":"https:\/\/adhernandez.com\/ca\/2025\/01\/14\/el-futur-del-coliving-a-espanya\/","url":"https:\/\/adhernandez.com\/ca\/2025\/01\/14\/el-futur-del-coliving-a-espanya\/","name":"El Futur del Coliving a Espanya - Administraciones Hern\u00e1ndez","isPartOf":{"@id":"https:\/\/adhernandez.com\/ca\/#website"},"primaryImageOfPage":{"@id":"https:\/\/adhernandez.com\/ca\/2025\/01\/14\/el-futur-del-coliving-a-espanya\/#primaryimage"},"image":{"@id":"https:\/\/adhernandez.com\/ca\/2025\/01\/14\/el-futur-del-coliving-a-espanya\/#primaryimage"},"thumbnailUrl":"https:\/\/adhernandez.com\/wp-content\/uploads\/2025\/01\/coliving.jpg","datePublished":"2025-01-14T14:38:26+00:00","dateModified":"2025-01-14T14:38:27+00:00","author":{"@id":"https:\/\/adhernandez.com\/ca\/#\/schema\/person\/330b9c8828ff3a80ee8053b5fff0e848"},"description":"El coliving a Espanya s'expandeix, oferint espais compartits i comunitat. Descobreix el seu futur.","breadcrumb":{"@id":"https:\/\/adhernandez.com\/ca\/2025\/01\/14\/el-futur-del-coliving-a-espanya\/#breadcrumb"},"inLanguage":"ca","potentialAction":[{"@type":"ReadAction","target":["https:\/\/adhernandez.com\/ca\/2025\/01\/14\/el-futur-del-coliving-a-espanya\/"]}]},{"@type":"ImageObject","inLanguage":"ca","@id":"https:\/\/adhernandez.com\/ca\/2025\/01\/14\/el-futur-del-coliving-a-espanya\/#primaryimage","url":"https:\/\/adhernandez.com\/wp-content\/uploads\/2025\/01\/coliving.jpg","contentUrl":"https:\/\/adhernandez.com\/wp-content\/uploads\/2025\/01\/coliving.jpg","width":800,"height":450},{"@type":"BreadcrumbList","@id":"https:\/\/adhernandez.com\/ca\/2025\/01\/14\/el-futur-del-coliving-a-espanya\/#breadcrumb","itemListElement":[{"@type":"ListItem","position":1,"name":"Portada","item":"https:\/\/adhernandez.com\/ca\/adhernandez-inicio\/"},{"@type":"ListItem","position":2,"name":"El Futur del Coliving a Espanya"}]},{"@type":"WebSite","@id":"https:\/\/adhernandez.com\/ca\/#website","url":"https:\/\/adhernandez.com\/ca\/","name":"Administraciones Hern\u00e1ndez","description":"Equipo de profesionales con amplia experiencia en la gesti\u00f3n del patrimonio inmobiliario","potentialAction":[{"@type":"SearchAction","target":{"@type":"EntryPoint","urlTemplate":"https:\/\/adhernandez.com\/ca\/?s={search_term_string}"},"query-input":{"@type":"PropertyValueSpecification","valueRequired":true,"valueName":"search_term_string"}}],"inLanguage":"ca"},{"@type":"Person","@id":"https:\/\/adhernandez.com\/ca\/#\/schema\/person\/330b9c8828ff3a80ee8053b5fff0e848","name":"AdHern\u00e1ndez","image":{"@type":"ImageObject","inLanguage":"ca","@id":"https:\/\/adhernandez.com\/wp-content\/litespeed\/avatar\/6b84e2484050905299b010a711cff345.jpg?ver=1777323059","url":"https:\/\/adhernandez.com\/wp-content\/litespeed\/avatar\/6b84e2484050905299b010a711cff345.jpg?ver=1777323059","contentUrl":"https:\/\/adhernandez.com\/wp-content\/litespeed\/avatar\/6b84e2484050905299b010a711cff345.jpg?ver=1777323059","caption":"AdHern\u00e1ndez"},"url":"https:\/\/adhernandez.com\/ca\/author\/veronica\/"}]}},"_links":{"self":[{"href":"https:\/\/adhernandez.com\/ca\/wp-json\/wp\/v2\/posts\/31271","targetHints":{"allow":["GET"]}}],"collection":[{"href":"https:\/\/adhernandez.com\/ca\/wp-json\/wp\/v2\/posts"}],"about":[{"href":"https:\/\/adhernandez.com\/ca\/wp-json\/wp\/v2\/types\/post"}],"author":[{"embeddable":true,"href":"https:\/\/adhernandez.com\/ca\/wp-json\/wp\/v2\/users\/6"}],"replies":[{"embeddable":true,"href":"https:\/\/adhernandez.com\/ca\/wp-json\/wp\/v2\/comments?post=31271"}],"version-history":[{"count":1,"href":"https:\/\/adhernandez.com\/ca\/wp-json\/wp\/v2\/posts\/31271\/revisions"}],"predecessor-version":[{"id":31272,"href":"https:\/\/adhernandez.com\/ca\/wp-json\/wp\/v2\/posts\/31271\/revisions\/31272"}],"wp:featuredmedia":[{"embeddable":true,"href":"https:\/\/adhernandez.com\/ca\/wp-json\/wp\/v2\/media\/31261"}],"wp:attachment":[{"href":"https:\/\/adhernandez.com\/ca\/wp-json\/wp\/v2\/media?parent=31271"}],"wp:term":[{"taxonomy":"category","embeddable":true,"href":"https:\/\/adhernandez.com\/ca\/wp-json\/wp\/v2\/categories?post=31271"},{"taxonomy":"post_tag","embeddable":true,"href":"https:\/\/adhernandez.com\/ca\/wp-json\/wp\/v2\/tags?post=31271"}],"curies":[{"name":"wp","href":"https:\/\/api.w.org\/{rel}","templated":true}]}}