{"id":30864,"date":"2024-08-29T09:17:00","date_gmt":"2024-08-29T09:17:00","guid":{"rendered":"https:\/\/adhernandez.com\/2024\/10\/14\/ets-nou-en-una-comunitat-de-veins-que-has-de-fer\/"},"modified":"2024-10-14T09:58:10","modified_gmt":"2024-10-14T09:58:10","slug":"ets-nou-en-una-comunitat-de-veins-que-has-de-fer","status":"publish","type":"post","link":"https:\/\/adhernandez.com\/ca\/2024\/08\/29\/ets-nou-en-una-comunitat-de-veins-que-has-de-fer\/","title":{"rendered":"<strong>Ets nou en una comunitat de ve\u00efns? Qu\u00e8 has de fer?<\/strong>"},"content":{"rendered":"\t\t<div data-elementor-type=\"wp-post\" data-elementor-id=\"30864\" class=\"elementor elementor-30864 elementor-30384\">\n\t\t\t\t\t\t<section class=\"elementor-section elementor-top-section elementor-element elementor-element-582127d elementor-section-boxed elementor-section-height-default elementor-section-height-default\" data-id=\"582127d\" data-element_type=\"section\" data-e-type=\"section\">\n\t\t\t\t\t\t<div class=\"elementor-container elementor-column-gap-default\">\n\t\t\t\t\t<div class=\"elementor-column elementor-col-100 elementor-top-column elementor-element elementor-element-0632998\" data-id=\"0632998\" data-element_type=\"column\" data-e-type=\"column\">\n\t\t\t<div class=\"elementor-widget-wrap elementor-element-populated\">\n\t\t\t\t\t\t<div class=\"elementor-element elementor-element-ed45379 elementor-widget elementor-widget-text-editor\" data-id=\"ed45379\" data-element_type=\"widget\" data-e-type=\"widget\" data-widget_type=\"text-editor.default\">\n\t\t\t\t\t\t\t\t\t<p>Mudar-se a una nova comunitat de ve\u00efns pot ser una experi\u00e8ncia emocionant, per\u00f2 tamb\u00e9 pot generar incerteses i desafiaments. AdHern\u00e1ndez, una empresa d&#8217;Administraci\u00f3 de Finques a Barcelona, t&#8217;ofereix una guia pr\u00e0ctica per a facilitar la teva integraci\u00f3 en la comunitat i assegurar una conviv\u00e8ncia harmoniosa. A continuaci\u00f3, es detallen els passos i consideracions clau que has de tenir en compte.<\/p>\n\t\t\t\t\t\t\t\t<\/div>\n\t\t\t\t<div class=\"elementor-element elementor-element-f6b90b9 elementor-widget elementor-widget-text-editor\" data-id=\"f6b90b9\" data-element_type=\"widget\" data-e-type=\"widget\" data-widget_type=\"text-editor.default\">\n\t\t\t\t\t\t\t\t\t<h2>Coneix la Legislaci\u00f3 Local<\/h2>\n\t\t\t\t\t\t\t\t<\/div>\n\t\t\t\t<div class=\"elementor-element elementor-element-9f22671 elementor-widget elementor-widget-text-editor\" data-id=\"9f22671\" data-element_type=\"widget\" data-e-type=\"widget\" data-widget_type=\"text-editor.default\">\n\t\t\t\t\t\t\t\t\t<p>A Catalunya, i especialment a Barcelona, la conviv\u00e8ncia en comunitats de ve\u00efns est\u00e0 regulada per la Llei de Propietat Horitzontal i altres normatives auton\u00f2miques i municipals. \u00c9s fonamental familiaritzar-se amb aquestes lleis per a entendre els teus drets i obligacions com a propietari o inquil\u00ed.<\/p>\n\t\t\t\t\t\t\t\t<\/div>\n\t\t\t\t<div class=\"elementor-element elementor-element-f46fc34 elementor-icon-list--layout-traditional elementor-list-item-link-full_width elementor-widget elementor-widget-icon-list\" data-id=\"f46fc34\" data-element_type=\"widget\" data-e-type=\"widget\" data-widget_type=\"icon-list.default\">\n\t\t\t\t\t\t\t<ul class=\"elementor-icon-list-items\">\n\t\t\t\t\t\t\t<li class=\"elementor-icon-list-item\">\n\t\t\t\t\t\t\t\t\t\t\t<span class=\"elementor-icon-list-icon\">\n\t\t\t\t\t\t\t<svg aria-hidden=\"true\" class=\"e-font-icon-svg e-fas-check\" viewBox=\"0 0 512 512\" xmlns=\"http:\/\/www.w3.org\/2000\/svg\"><path d=\"M173.898 439.404l-166.4-166.4c-9.997-9.997-9.997-26.206 0-36.204l36.203-36.204c9.997-9.998 26.207-9.998 36.204 0L192 312.69 432.095 72.596c9.997-9.997 26.207-9.997 36.204 0l36.203 36.204c9.997 9.997 9.997 26.206 0 36.204l-294.4 294.401c-9.998 9.997-26.207 9.997-36.204-.001z\"><\/path><\/svg>\t\t\t\t\t\t<\/span>\n\t\t\t\t\t\t\t\t\t\t<span class=\"elementor-icon-list-text\"> Llei de Propietat Horitzontal: Regula aspectes com la constituci\u00f3 de la comunitat, els drets i deures dels propietaris, i l'administraci\u00f3 dels b\u00e9ns comuns.<\/span>\n\t\t\t\t\t\t\t\t\t<\/li>\n\t\t\t\t\t\t<\/ul>\n\t\t\t\t\t\t<\/div>\n\t\t\t\t<div class=\"elementor-element elementor-element-d52ccc9 elementor-icon-list--layout-traditional elementor-list-item-link-full_width elementor-widget elementor-widget-icon-list\" data-id=\"d52ccc9\" data-element_type=\"widget\" data-e-type=\"widget\" data-widget_type=\"icon-list.default\">\n\t\t\t\t\t\t\t<ul class=\"elementor-icon-list-items\">\n\t\t\t\t\t\t\t<li class=\"elementor-icon-list-item\">\n\t\t\t\t\t\t\t\t\t\t\t<span class=\"elementor-icon-list-icon\">\n\t\t\t\t\t\t\t<svg aria-hidden=\"true\" class=\"e-font-icon-svg e-fas-check\" viewBox=\"0 0 512 512\" xmlns=\"http:\/\/www.w3.org\/2000\/svg\"><path d=\"M173.898 439.404l-166.4-166.4c-9.997-9.997-9.997-26.206 0-36.204l36.203-36.204c9.997-9.998 26.207-9.998 36.204 0L192 312.69 432.095 72.596c9.997-9.997 26.207-9.997 36.204 0l36.203 36.204c9.997 9.997 9.997 26.206 0 36.204l-294.4 294.401c-9.998 9.997-26.207 9.997-36.204-.001z\"><\/path><\/svg>\t\t\t\t\t\t<\/span>\n\t\t\t\t\t\t\t\t\t\t<span class=\"elementor-icon-list-text\"> Normatives Municipals: A Barcelona, existeixen ordenances espec\u00edfiques que poden afectar la conviv\u00e8ncia, com les relacionades amb el soroll, la neteja, i l'\u00fas d'espais comuns.<\/span>\n\t\t\t\t\t\t\t\t\t<\/li>\n\t\t\t\t\t\t<\/ul>\n\t\t\t\t\t\t<\/div>\n\t\t\t\t<div class=\"elementor-element elementor-element-433ffed elementor-widget elementor-widget-text-editor\" data-id=\"433ffed\" data-element_type=\"widget\" data-e-type=\"widget\" data-widget_type=\"text-editor.default\">\n\t\t\t\t\t\t\t\t\t<h2>Participa en les Reunions de Comunitat<\/h2>\n\t\t\t\t\t\t\t\t<\/div>\n\t\t\t\t<div class=\"elementor-element elementor-element-dd2bc3f elementor-widget elementor-widget-text-editor\" data-id=\"dd2bc3f\" data-element_type=\"widget\" data-e-type=\"widget\" data-widget_type=\"text-editor.default\">\n\t\t\t\t\t\t\t\t\t<p>Les reunions de comunitat s\u00f3n l&#8217;espai on es prenen decisions importants que afecten a tots els ve\u00efns. Participar activament en aquestes reunions \u00e9s crucial per a estar al corrent de les decisions i expressar les teves opinions.<\/p>\n\t\t\t\t\t\t\t\t<\/div>\n\t\t\t\t<div class=\"elementor-element elementor-element-88f6d7f elementor-icon-list--layout-traditional elementor-list-item-link-full_width elementor-widget elementor-widget-icon-list\" data-id=\"88f6d7f\" data-element_type=\"widget\" data-e-type=\"widget\" data-widget_type=\"icon-list.default\">\n\t\t\t\t\t\t\t<ul class=\"elementor-icon-list-items\">\n\t\t\t\t\t\t\t<li class=\"elementor-icon-list-item\">\n\t\t\t\t\t\t\t\t\t\t\t<span class=\"elementor-icon-list-icon\">\n\t\t\t\t\t\t\t<svg aria-hidden=\"true\" class=\"e-font-icon-svg e-fas-check\" viewBox=\"0 0 512 512\" xmlns=\"http:\/\/www.w3.org\/2000\/svg\"><path d=\"M173.898 439.404l-166.4-166.4c-9.997-9.997-9.997-26.206 0-36.204l36.203-36.204c9.997-9.998 26.207-9.998 36.204 0L192 312.69 432.095 72.596c9.997-9.997 26.207-9.997 36.204 0l36.203 36.204c9.997 9.997 9.997 26.206 0 36.204l-294.4 294.401c-9.998 9.997-26.207 9.997-36.204-.001z\"><\/path><\/svg>\t\t\t\t\t\t<\/span>\n\t\t\t\t\t\t\t\t\t\t<span class=\"elementor-icon-list-text\">Convocat\u00f2ries: Les reunions han de ser convocades amb antelaci\u00f3 i amb un ordre del dia clar.<\/span>\n\t\t\t\t\t\t\t\t\t<\/li>\n\t\t\t\t\t\t<\/ul>\n\t\t\t\t\t\t<\/div>\n\t\t\t\t<div class=\"elementor-element elementor-element-e5b652e elementor-icon-list--layout-traditional elementor-list-item-link-full_width elementor-widget elementor-widget-icon-list\" data-id=\"e5b652e\" data-element_type=\"widget\" data-e-type=\"widget\" data-widget_type=\"icon-list.default\">\n\t\t\t\t\t\t\t<ul class=\"elementor-icon-list-items\">\n\t\t\t\t\t\t\t<li class=\"elementor-icon-list-item\">\n\t\t\t\t\t\t\t\t\t\t\t<span class=\"elementor-icon-list-icon\">\n\t\t\t\t\t\t\t<svg aria-hidden=\"true\" class=\"e-font-icon-svg e-fas-check\" viewBox=\"0 0 512 512\" xmlns=\"http:\/\/www.w3.org\/2000\/svg\"><path d=\"M173.898 439.404l-166.4-166.4c-9.997-9.997-9.997-26.206 0-36.204l36.203-36.204c9.997-9.998 26.207-9.998 36.204 0L192 312.69 432.095 72.596c9.997-9.997 26.207-9.997 36.204 0l36.203 36.204c9.997 9.997 9.997 26.206 0 36.204l-294.4 294.401c-9.998 9.997-26.207 9.997-36.204-.001z\"><\/path><\/svg>\t\t\t\t\t\t<\/span>\n\t\t\t\t\t\t\t\t\t\t<span class=\"elementor-icon-list-text\">Assist\u00e8ncia: L'assist\u00e8ncia \u00e9s fonamental perqu\u00e8 les decisions siguin representatives i s'aconsegueixi el qu\u00f2rum necessari.<\/span>\n\t\t\t\t\t\t\t\t\t<\/li>\n\t\t\t\t\t\t<\/ul>\n\t\t\t\t\t\t<\/div>\n\t\t\t\t<div class=\"elementor-element elementor-element-44da2ba elementor-icon-list--layout-traditional elementor-list-item-link-full_width elementor-widget elementor-widget-icon-list\" data-id=\"44da2ba\" data-element_type=\"widget\" data-e-type=\"widget\" data-widget_type=\"icon-list.default\">\n\t\t\t\t\t\t\t<ul class=\"elementor-icon-list-items\">\n\t\t\t\t\t\t\t<li class=\"elementor-icon-list-item\">\n\t\t\t\t\t\t\t\t\t\t\t<span class=\"elementor-icon-list-icon\">\n\t\t\t\t\t\t\t<svg aria-hidden=\"true\" class=\"e-font-icon-svg e-fas-check\" viewBox=\"0 0 512 512\" xmlns=\"http:\/\/www.w3.org\/2000\/svg\"><path d=\"M173.898 439.404l-166.4-166.4c-9.997-9.997-9.997-26.206 0-36.204l36.203-36.204c9.997-9.998 26.207-9.998 36.204 0L192 312.69 432.095 72.596c9.997-9.997 26.207-9.997 36.204 0l36.203 36.204c9.997 9.997 9.997 26.206 0 36.204l-294.4 294.401c-9.998 9.997-26.207 9.997-36.204-.001z\"><\/path><\/svg>\t\t\t\t\t\t<\/span>\n\t\t\t\t\t\t\t\t\t\t<span class=\"elementor-icon-list-text\">Votacions: Les decisions es prenen per majoria, i \u00e9s important entendre com es distribueixen els vots segons la quota de participaci\u00f3 de cada propietari.<\/span>\n\t\t\t\t\t\t\t\t\t<\/li>\n\t\t\t\t\t\t<\/ul>\n\t\t\t\t\t\t<\/div>\n\t\t\t\t<div class=\"elementor-element elementor-element-48a607f elementor-widget elementor-widget-text-editor\" data-id=\"48a607f\" data-element_type=\"widget\" data-e-type=\"widget\" data-widget_type=\"text-editor.default\">\n\t\t\t\t\t\t\t\t\t<h2>Respecta les Normes de Conviv\u00e8ncia<\/h2>\n\t\t\t\t\t\t\t\t<\/div>\n\t\t\t\t<div class=\"elementor-element elementor-element-24faa53 elementor-widget elementor-widget-text-editor\" data-id=\"24faa53\" data-element_type=\"widget\" data-e-type=\"widget\" data-widget_type=\"text-editor.default\">\n\t\t\t\t\t\t\t\t\t<p>Cada comunitat de ve\u00efns sol tenir un reglament intern que estableix normes de conviv\u00e8ncia. Aquestes normes poden incloure horaris de silenci, \u00fas de zones comunes, i manteniment d&#8217;\u00e0rees compartides.<\/p>\n\t\t\t\t\t\t\t\t<\/div>\n\t\t\t\t<div class=\"elementor-element elementor-element-df8e8ca elementor-icon-list--layout-traditional elementor-list-item-link-full_width elementor-widget elementor-widget-icon-list\" data-id=\"df8e8ca\" data-element_type=\"widget\" data-e-type=\"widget\" data-widget_type=\"icon-list.default\">\n\t\t\t\t\t\t\t<ul class=\"elementor-icon-list-items\">\n\t\t\t\t\t\t\t<li class=\"elementor-icon-list-item\">\n\t\t\t\t\t\t\t\t\t\t\t<span class=\"elementor-icon-list-icon\">\n\t\t\t\t\t\t\t<svg aria-hidden=\"true\" class=\"e-font-icon-svg e-fas-check\" viewBox=\"0 0 512 512\" xmlns=\"http:\/\/www.w3.org\/2000\/svg\"><path d=\"M173.898 439.404l-166.4-166.4c-9.997-9.997-9.997-26.206 0-36.204l36.203-36.204c9.997-9.998 26.207-9.998 36.204 0L192 312.69 432.095 72.596c9.997-9.997 26.207-9.997 36.204 0l36.203 36.204c9.997 9.997 9.997 26.206 0 36.204l-294.4 294.401c-9.998 9.997-26.207 9.997-36.204-.001z\"><\/path><\/svg>\t\t\t\t\t\t<\/span>\n\t\t\t\t\t\t\t\t\t\t<span class=\"elementor-icon-list-text\">Horaris de Silenci: Respectar els horaris de silenci \u00e9s essencial per a una conviv\u00e8ncia pac\u00edfica.<\/span>\n\t\t\t\t\t\t\t\t\t<\/li>\n\t\t\t\t\t\t<\/ul>\n\t\t\t\t\t\t<\/div>\n\t\t\t\t<div class=\"elementor-element elementor-element-6a86347 elementor-icon-list--layout-traditional elementor-list-item-link-full_width elementor-widget elementor-widget-icon-list\" data-id=\"6a86347\" data-element_type=\"widget\" data-e-type=\"widget\" data-widget_type=\"icon-list.default\">\n\t\t\t\t\t\t\t<ul class=\"elementor-icon-list-items\">\n\t\t\t\t\t\t\t<li class=\"elementor-icon-list-item\">\n\t\t\t\t\t\t\t\t\t\t\t<span class=\"elementor-icon-list-icon\">\n\t\t\t\t\t\t\t<svg aria-hidden=\"true\" class=\"e-font-icon-svg e-fas-check\" viewBox=\"0 0 512 512\" xmlns=\"http:\/\/www.w3.org\/2000\/svg\"><path d=\"M173.898 439.404l-166.4-166.4c-9.997-9.997-9.997-26.206 0-36.204l36.203-36.204c9.997-9.998 26.207-9.998 36.204 0L192 312.69 432.095 72.596c9.997-9.997 26.207-9.997 36.204 0l36.203 36.204c9.997 9.997 9.997 26.206 0 36.204l-294.4 294.401c-9.998 9.997-26.207 9.997-36.204-.001z\"><\/path><\/svg>\t\t\t\t\t\t<\/span>\n\t\t\t\t\t\t\t\t\t\t<span class=\"elementor-icon-list-text\">\u00das de Zones Comunes: Les zones comunes han de ser utilitzades de manera adequada i respectuosa, evitant la seva deterioraci\u00f3.<\/span>\n\t\t\t\t\t\t\t\t\t<\/li>\n\t\t\t\t\t\t<\/ul>\n\t\t\t\t\t\t<\/div>\n\t\t\t\t<div class=\"elementor-element elementor-element-ceb9dbd elementor-icon-list--layout-traditional elementor-list-item-link-full_width elementor-widget elementor-widget-icon-list\" data-id=\"ceb9dbd\" data-element_type=\"widget\" data-e-type=\"widget\" data-widget_type=\"icon-list.default\">\n\t\t\t\t\t\t\t<ul class=\"elementor-icon-list-items\">\n\t\t\t\t\t\t\t<li class=\"elementor-icon-list-item\">\n\t\t\t\t\t\t\t\t\t\t\t<span class=\"elementor-icon-list-icon\">\n\t\t\t\t\t\t\t<svg aria-hidden=\"true\" class=\"e-font-icon-svg e-fas-check\" viewBox=\"0 0 512 512\" xmlns=\"http:\/\/www.w3.org\/2000\/svg\"><path d=\"M173.898 439.404l-166.4-166.4c-9.997-9.997-9.997-26.206 0-36.204l36.203-36.204c9.997-9.998 26.207-9.998 36.204 0L192 312.69 432.095 72.596c9.997-9.997 26.207-9.997 36.204 0l36.203 36.204c9.997 9.997 9.997 26.206 0 36.204l-294.4 294.401c-9.998 9.997-26.207 9.997-36.204-.001z\"><\/path><\/svg>\t\t\t\t\t\t<\/span>\n\t\t\t\t\t\t\t\t\t\t<span class=\"elementor-icon-list-text\"> Manteniment: Contribuir al manteniment i neteja de les \u00e0rees comunes \u00e9s una responsabilitat compartida.<\/span>\n\t\t\t\t\t\t\t\t\t<\/li>\n\t\t\t\t\t\t<\/ul>\n\t\t\t\t\t\t<\/div>\n\t\t\t\t<div class=\"elementor-element elementor-element-cc92921 elementor-widget elementor-widget-text-editor\" data-id=\"cc92921\" data-element_type=\"widget\" data-e-type=\"widget\" data-widget_type=\"text-editor.default\">\n\t\t\t\t\t\t\t\t\t<h2>Comunicaci\u00f3 i Resoluci\u00f3 de Conflictes<\/h2>\n\t\t\t\t\t\t\t\t<\/div>\n\t\t\t\t<div class=\"elementor-element elementor-element-be37f98 elementor-widget elementor-widget-text-editor\" data-id=\"be37f98\" data-element_type=\"widget\" data-e-type=\"widget\" data-widget_type=\"text-editor.default\">\n\t\t\t\t\t\t\t\t\t<p>La comunicaci\u00f3 efectiva \u00e9s clau per a resoldre conflictes i evitar malentesos. Si sorgeix un problema amb un ve\u00ed, \u00e9s recomanable abordar-lo de manera directa i respectuosa.<\/p>\n\t\t\t\t\t\t\t\t<\/div>\n\t\t\t\t<div class=\"elementor-element elementor-element-bb89cf9 elementor-icon-list--layout-traditional elementor-list-item-link-full_width elementor-widget elementor-widget-icon-list\" data-id=\"bb89cf9\" data-element_type=\"widget\" data-e-type=\"widget\" data-widget_type=\"icon-list.default\">\n\t\t\t\t\t\t\t<ul class=\"elementor-icon-list-items\">\n\t\t\t\t\t\t\t<li class=\"elementor-icon-list-item\">\n\t\t\t\t\t\t\t\t\t\t\t<span class=\"elementor-icon-list-icon\">\n\t\t\t\t\t\t\t<svg aria-hidden=\"true\" class=\"e-font-icon-svg e-fas-check\" viewBox=\"0 0 512 512\" xmlns=\"http:\/\/www.w3.org\/2000\/svg\"><path d=\"M173.898 439.404l-166.4-166.4c-9.997-9.997-9.997-26.206 0-36.204l36.203-36.204c9.997-9.998 26.207-9.998 36.204 0L192 312.69 432.095 72.596c9.997-9.997 26.207-9.997 36.204 0l36.203 36.204c9.997 9.997 9.997 26.206 0 36.204l-294.4 294.401c-9.998 9.997-26.207 9.997-36.204-.001z\"><\/path><\/svg>\t\t\t\t\t\t<\/span>\n\t\t\t\t\t\t\t\t\t\t<span class=\"elementor-icon-list-text\">Di\u00e0leg Directe: Intentar resoldre els conflictes mitjan\u00e7ant el di\u00e0leg directe amb la persona implicada.<\/span>\n\t\t\t\t\t\t\t\t\t<\/li>\n\t\t\t\t\t\t<\/ul>\n\t\t\t\t\t\t<\/div>\n\t\t\t\t<div class=\"elementor-element elementor-element-c201c5f elementor-icon-list--layout-traditional elementor-list-item-link-full_width elementor-widget elementor-widget-icon-list\" data-id=\"c201c5f\" data-element_type=\"widget\" data-e-type=\"widget\" data-widget_type=\"icon-list.default\">\n\t\t\t\t\t\t\t<ul class=\"elementor-icon-list-items\">\n\t\t\t\t\t\t\t<li class=\"elementor-icon-list-item\">\n\t\t\t\t\t\t\t\t\t\t\t<span class=\"elementor-icon-list-icon\">\n\t\t\t\t\t\t\t<svg aria-hidden=\"true\" class=\"e-font-icon-svg e-fas-check\" viewBox=\"0 0 512 512\" xmlns=\"http:\/\/www.w3.org\/2000\/svg\"><path d=\"M173.898 439.404l-166.4-166.4c-9.997-9.997-9.997-26.206 0-36.204l36.203-36.204c9.997-9.998 26.207-9.998 36.204 0L192 312.69 432.095 72.596c9.997-9.997 26.207-9.997 36.204 0l36.203 36.204c9.997 9.997 9.997 26.206 0 36.204l-294.4 294.401c-9.998 9.997-26.207 9.997-36.204-.001z\"><\/path><\/svg>\t\t\t\t\t\t<\/span>\n\t\t\t\t\t\t\t\t\t\t<span class=\"elementor-icon-list-text\">Mediaci\u00f3: Si el conflicte persisteix, es pot rec\u00f3rrer a la mediaci\u00f3 a trav\u00e9s de l'administrador de finques.<\/span>\n\t\t\t\t\t\t\t\t\t<\/li>\n\t\t\t\t\t\t<\/ul>\n\t\t\t\t\t\t<\/div>\n\t\t\t\t<div class=\"elementor-element elementor-element-c40961c elementor-icon-list--layout-traditional elementor-list-item-link-full_width elementor-widget elementor-widget-icon-list\" data-id=\"c40961c\" data-element_type=\"widget\" data-e-type=\"widget\" data-widget_type=\"icon-list.default\">\n\t\t\t\t\t\t\t<ul class=\"elementor-icon-list-items\">\n\t\t\t\t\t\t\t<li class=\"elementor-icon-list-item\">\n\t\t\t\t\t\t\t\t\t\t\t<span class=\"elementor-icon-list-icon\">\n\t\t\t\t\t\t\t<svg aria-hidden=\"true\" class=\"e-font-icon-svg e-fas-check\" viewBox=\"0 0 512 512\" xmlns=\"http:\/\/www.w3.org\/2000\/svg\"><path d=\"M173.898 439.404l-166.4-166.4c-9.997-9.997-9.997-26.206 0-36.204l36.203-36.204c9.997-9.998 26.207-9.998 36.204 0L192 312.69 432.095 72.596c9.997-9.997 26.207-9.997 36.204 0l36.203 36.204c9.997 9.997 9.997 26.206 0 36.204l-294.4 294.401c-9.998 9.997-26.207 9.997-36.204-.001z\"><\/path><\/svg>\t\t\t\t\t\t<\/span>\n\t\t\t\t\t\t\t\t\t\t<span class=\"elementor-icon-list-text\"> Accions Legals: En casos extrems, pot ser necessari rec\u00f3rrer a accions legals, sempre com a \u00faltim recurs.<\/span>\n\t\t\t\t\t\t\t\t\t<\/li>\n\t\t\t\t\t\t<\/ul>\n\t\t\t\t\t\t<\/div>\n\t\t\t\t<div class=\"elementor-element elementor-element-0955922 elementor-widget elementor-widget-text-editor\" data-id=\"0955922\" data-element_type=\"widget\" data-e-type=\"widget\" data-widget_type=\"text-editor.default\">\n\t\t\t\t\t\t\t\t\t<h2>Contribueix al Fons Com\u00fa<\/h2>\n\t\t\t\t\t\t\t\t<\/div>\n\t\t\t\t<div class=\"elementor-element elementor-element-e7044f1 elementor-widget elementor-widget-text-editor\" data-id=\"e7044f1\" data-element_type=\"widget\" data-e-type=\"widget\" data-widget_type=\"text-editor.default\">\n\t\t\t\t\t\t\t\t\t<p>Les comunitats de ve\u00efns solen tenir un fons com\u00fa per a cobrir despeses de manteniment, reparacions i millores. \u00c9s important complir amb les quotes establertes per a evitar problemes financers en la comunitat.<\/p>\n\t\t\t\t\t\t\t\t<\/div>\n\t\t\t\t<div class=\"elementor-element elementor-element-2c97320 elementor-icon-list--layout-traditional elementor-list-item-link-full_width elementor-widget elementor-widget-icon-list\" data-id=\"2c97320\" data-element_type=\"widget\" data-e-type=\"widget\" data-widget_type=\"icon-list.default\">\n\t\t\t\t\t\t\t<ul class=\"elementor-icon-list-items\">\n\t\t\t\t\t\t\t<li class=\"elementor-icon-list-item\">\n\t\t\t\t\t\t\t\t\t\t\t<span class=\"elementor-icon-list-icon\">\n\t\t\t\t\t\t\t<svg aria-hidden=\"true\" class=\"e-font-icon-svg e-fas-check\" viewBox=\"0 0 512 512\" xmlns=\"http:\/\/www.w3.org\/2000\/svg\"><path d=\"M173.898 439.404l-166.4-166.4c-9.997-9.997-9.997-26.206 0-36.204l36.203-36.204c9.997-9.998 26.207-9.998 36.204 0L192 312.69 432.095 72.596c9.997-9.997 26.207-9.997 36.204 0l36.203 36.204c9.997 9.997 9.997 26.206 0 36.204l-294.4 294.401c-9.998 9.997-26.207 9.997-36.204-.001z\"><\/path><\/svg>\t\t\t\t\t\t<\/span>\n\t\t\t\t\t\t\t\t\t\t<span class=\"elementor-icon-list-text\"> Quotes: Les quotes han de ser pagades puntualment segons els acords en les reunions de comunitat.<\/span>\n\t\t\t\t\t\t\t\t\t<\/li>\n\t\t\t\t\t\t<\/ul>\n\t\t\t\t\t\t<\/div>\n\t\t\t\t<div class=\"elementor-element elementor-element-51a6d6a elementor-icon-list--layout-traditional elementor-list-item-link-full_width elementor-widget elementor-widget-icon-list\" data-id=\"51a6d6a\" data-element_type=\"widget\" data-e-type=\"widget\" data-widget_type=\"icon-list.default\">\n\t\t\t\t\t\t\t<ul class=\"elementor-icon-list-items\">\n\t\t\t\t\t\t\t<li class=\"elementor-icon-list-item\">\n\t\t\t\t\t\t\t\t\t\t\t<span class=\"elementor-icon-list-icon\">\n\t\t\t\t\t\t\t<svg aria-hidden=\"true\" class=\"e-font-icon-svg e-fas-check\" viewBox=\"0 0 512 512\" xmlns=\"http:\/\/www.w3.org\/2000\/svg\"><path d=\"M173.898 439.404l-166.4-166.4c-9.997-9.997-9.997-26.206 0-36.204l36.203-36.204c9.997-9.998 26.207-9.998 36.204 0L192 312.69 432.095 72.596c9.997-9.997 26.207-9.997 36.204 0l36.203 36.204c9.997 9.997 9.997 26.206 0 36.204l-294.4 294.401c-9.998 9.997-26.207 9.997-36.204-.001z\"><\/path><\/svg>\t\t\t\t\t\t<\/span>\n\t\t\t\t\t\t\t\t\t\t<span class=\"elementor-icon-list-text\"> Transpar\u00e8ncia: Sol\u00b7licitar informes financers peri\u00f2dics per a assegurar que els fons s'estan gestionant correctament.<\/span>\n\t\t\t\t\t\t\t\t\t<\/li>\n\t\t\t\t\t\t<\/ul>\n\t\t\t\t\t\t<\/div>\n\t\t\t\t<div class=\"elementor-element elementor-element-6d64edc elementor-widget elementor-widget-text-editor\" data-id=\"6d64edc\" data-element_type=\"widget\" data-e-type=\"widget\" data-widget_type=\"text-editor.default\">\n\t\t\t\t\t\t\t\t\t<h2>Aprofita els Serveis de l&#8217;Administrador de Finques<\/h2>\n\t\t\t\t\t\t\t\t<\/div>\n\t\t\t\t<div class=\"elementor-element elementor-element-bed35b8 elementor-widget elementor-widget-text-editor\" data-id=\"bed35b8\" data-element_type=\"widget\" data-e-type=\"widget\" data-widget_type=\"text-editor.default\">\n\t\t\t\t\t\t\t\t\t<p>L&#8217;administrador de finques juga un paper crucial en la gesti\u00f3 de la comunitat. AdHern\u00e1ndez ofereix serveis integrals que inclouen la gesti\u00f3 econ\u00f2mica, el manteniment de les instal\u00b7lacions, i la mediaci\u00f3 en conflictes.<\/p>\n\t\t\t\t\t\t\t\t<\/div>\n\t\t\t\t<div class=\"elementor-element elementor-element-9afa750 elementor-icon-list--layout-traditional elementor-list-item-link-full_width elementor-widget elementor-widget-icon-list\" data-id=\"9afa750\" data-element_type=\"widget\" data-e-type=\"widget\" data-widget_type=\"icon-list.default\">\n\t\t\t\t\t\t\t<ul class=\"elementor-icon-list-items\">\n\t\t\t\t\t\t\t<li class=\"elementor-icon-list-item\">\n\t\t\t\t\t\t\t\t\t\t\t<span class=\"elementor-icon-list-icon\">\n\t\t\t\t\t\t\t<svg aria-hidden=\"true\" class=\"e-font-icon-svg e-fas-check\" viewBox=\"0 0 512 512\" xmlns=\"http:\/\/www.w3.org\/2000\/svg\"><path d=\"M173.898 439.404l-166.4-166.4c-9.997-9.997-9.997-26.206 0-36.204l36.203-36.204c9.997-9.998 26.207-9.998 36.204 0L192 312.69 432.095 72.596c9.997-9.997 26.207-9.997 36.204 0l36.203 36.204c9.997 9.997 9.997 26.206 0 36.204l-294.4 294.401c-9.998 9.997-26.207 9.997-36.204-.001z\"><\/path><\/svg>\t\t\t\t\t\t<\/span>\n\t\t\t\t\t\t\t\t\t\t<span class=\"elementor-icon-list-text\">Gesti\u00f3 Econ\u00f2mica: Control i transpar\u00e8ncia en els comptes de la comunitat.<\/span>\n\t\t\t\t\t\t\t\t\t<\/li>\n\t\t\t\t\t\t<\/ul>\n\t\t\t\t\t\t<\/div>\n\t\t\t\t<div class=\"elementor-element elementor-element-fd901b6 elementor-icon-list--layout-traditional elementor-list-item-link-full_width elementor-widget elementor-widget-icon-list\" data-id=\"fd901b6\" data-element_type=\"widget\" data-e-type=\"widget\" data-widget_type=\"icon-list.default\">\n\t\t\t\t\t\t\t<ul class=\"elementor-icon-list-items\">\n\t\t\t\t\t\t\t<li class=\"elementor-icon-list-item\">\n\t\t\t\t\t\t\t\t\t\t\t<span class=\"elementor-icon-list-icon\">\n\t\t\t\t\t\t\t<svg aria-hidden=\"true\" class=\"e-font-icon-svg e-fas-check\" viewBox=\"0 0 512 512\" xmlns=\"http:\/\/www.w3.org\/2000\/svg\"><path d=\"M173.898 439.404l-166.4-166.4c-9.997-9.997-9.997-26.206 0-36.204l36.203-36.204c9.997-9.998 26.207-9.998 36.204 0L192 312.69 432.095 72.596c9.997-9.997 26.207-9.997 36.204 0l36.203 36.204c9.997 9.997 9.997 26.206 0 36.204l-294.4 294.401c-9.998 9.997-26.207 9.997-36.204-.001z\"><\/path><\/svg>\t\t\t\t\t\t<\/span>\n\t\t\t\t\t\t\t\t\t\t<span class=\"elementor-icon-list-text\">Manteniment: Coordinaci\u00f3 de reparacions i manteniment preventiu<\/span>\n\t\t\t\t\t\t\t\t\t<\/li>\n\t\t\t\t\t\t<\/ul>\n\t\t\t\t\t\t<\/div>\n\t\t\t\t<div class=\"elementor-element elementor-element-44b3ecb elementor-icon-list--layout-traditional elementor-list-item-link-full_width elementor-widget elementor-widget-icon-list\" data-id=\"44b3ecb\" data-element_type=\"widget\" data-e-type=\"widget\" data-widget_type=\"icon-list.default\">\n\t\t\t\t\t\t\t<ul class=\"elementor-icon-list-items\">\n\t\t\t\t\t\t\t<li class=\"elementor-icon-list-item\">\n\t\t\t\t\t\t\t\t\t\t\t<span class=\"elementor-icon-list-icon\">\n\t\t\t\t\t\t\t<svg aria-hidden=\"true\" class=\"e-font-icon-svg e-fas-check\" viewBox=\"0 0 512 512\" xmlns=\"http:\/\/www.w3.org\/2000\/svg\"><path d=\"M173.898 439.404l-166.4-166.4c-9.997-9.997-9.997-26.206 0-36.204l36.203-36.204c9.997-9.998 26.207-9.998 36.204 0L192 312.69 432.095 72.596c9.997-9.997 26.207-9.997 36.204 0l36.203 36.204c9.997 9.997 9.997 26.206 0 36.204l-294.4 294.401c-9.998 9.997-26.207 9.997-36.204-.001z\"><\/path><\/svg>\t\t\t\t\t\t<\/span>\n\t\t\t\t\t\t\t\t\t\t<span class=\"elementor-icon-list-text\"> Assessorament Legal: Assessorament en q\u00fcestions legals i normatives.<\/span>\n\t\t\t\t\t\t\t\t\t<\/li>\n\t\t\t\t\t\t<\/ul>\n\t\t\t\t\t\t<\/div>\n\t\t\t\t<div class=\"elementor-element elementor-element-a621b0e elementor-widget elementor-widget-text-editor\" data-id=\"a621b0e\" data-element_type=\"widget\" data-e-type=\"widget\" data-widget_type=\"text-editor.default\">\n\t\t\t\t\t\t\t\t\t<h2>Involucra&#8217;t en la Comunitat<\/h2>\n\t\t\t\t\t\t\t\t<\/div>\n\t\t\t\t<div class=\"elementor-element elementor-element-ab01ca9 elementor-widget elementor-widget-text-editor\" data-id=\"ab01ca9\" data-element_type=\"widget\" data-e-type=\"widget\" data-widget_type=\"text-editor.default\">\n\t\t\t\t\t\t\t\t\t<p>Finalment, involucrar-se en la comunitat i fomentar el bon ambient \u00e9s essencial per a una conviv\u00e8ncia harmoniosa. Participar en activitats comunit\u00e0ries i con\u00e8ixer als teus ve\u00efns pot fer que et sentis m\u00e9s integrat i c\u00f2mode en la teva nova llar.<\/p>\n\t\t\t\t\t\t\t\t<\/div>\n\t\t\t\t<div class=\"elementor-element elementor-element-91bc876 elementor-icon-list--layout-traditional elementor-list-item-link-full_width elementor-widget elementor-widget-icon-list\" data-id=\"91bc876\" data-element_type=\"widget\" data-e-type=\"widget\" data-widget_type=\"icon-list.default\">\n\t\t\t\t\t\t\t<ul class=\"elementor-icon-list-items\">\n\t\t\t\t\t\t\t<li class=\"elementor-icon-list-item\">\n\t\t\t\t\t\t\t\t\t\t\t<span class=\"elementor-icon-list-icon\">\n\t\t\t\t\t\t\t<svg aria-hidden=\"true\" class=\"e-font-icon-svg e-fas-check\" viewBox=\"0 0 512 512\" xmlns=\"http:\/\/www.w3.org\/2000\/svg\"><path d=\"M173.898 439.404l-166.4-166.4c-9.997-9.997-9.997-26.206 0-36.204l36.203-36.204c9.997-9.998 26.207-9.998 36.204 0L192 312.69 432.095 72.596c9.997-9.997 26.207-9.997 36.204 0l36.203 36.204c9.997 9.997 9.997 26.206 0 36.204l-294.4 294.401c-9.998 9.997-26.207 9.997-36.204-.001z\"><\/path><\/svg>\t\t\t\t\t\t<\/span>\n\t\t\t\t\t\t\t\t\t\t<span class=\"elementor-icon-list-text\"> Activitats Comunit\u00e0ries: Participar en esdeveniments i activitats organitzades per la comunitat.<\/span>\n\t\t\t\t\t\t\t\t\t<\/li>\n\t\t\t\t\t\t<\/ul>\n\t\t\t\t\t\t<\/div>\n\t\t\t\t<div class=\"elementor-element elementor-element-824dca9 elementor-icon-list--layout-traditional elementor-list-item-link-full_width elementor-widget elementor-widget-icon-list\" data-id=\"824dca9\" data-element_type=\"widget\" data-e-type=\"widget\" data-widget_type=\"icon-list.default\">\n\t\t\t\t\t\t\t<ul class=\"elementor-icon-list-items\">\n\t\t\t\t\t\t\t<li class=\"elementor-icon-list-item\">\n\t\t\t\t\t\t\t\t\t\t\t<span class=\"elementor-icon-list-icon\">\n\t\t\t\t\t\t\t<svg aria-hidden=\"true\" class=\"e-font-icon-svg e-fas-check\" viewBox=\"0 0 512 512\" xmlns=\"http:\/\/www.w3.org\/2000\/svg\"><path d=\"M173.898 439.404l-166.4-166.4c-9.997-9.997-9.997-26.206 0-36.204l36.203-36.204c9.997-9.998 26.207-9.998 36.204 0L192 312.69 432.095 72.596c9.997-9.997 26.207-9.997 36.204 0l36.203 36.204c9.997 9.997 9.997 26.206 0 36.204l-294.4 294.401c-9.998 9.997-26.207 9.997-36.204-.001z\"><\/path><\/svg>\t\t\t\t\t\t<\/span>\n\t\t\t\t\t\t\t\t\t\t<span class=\"elementor-icon-list-text\">Xarxa de Suport: Crear una xarxa de suport amb els teus ve\u00efns pot ser molt benefici\u00f3s en situacions d'emerg\u00e8ncia o necessitat.<\/span>\n\t\t\t\t\t\t\t\t\t<\/li>\n\t\t\t\t\t\t<\/ul>\n\t\t\t\t\t\t<\/div>\n\t\t\t\t<div class=\"elementor-element elementor-element-6b7ceb8 elementor-widget elementor-widget-image\" data-id=\"6b7ceb8\" data-element_type=\"widget\" data-e-type=\"widget\" data-widget_type=\"image.default\">\n\t\t\t\t\t\t\t\t\t\t\t\t\t\t\t<img fetchpriority=\"high\" decoding=\"async\" width=\"800\" height=\"450\" src=\"https:\/\/adhernandez.com\/wp-content\/uploads\/2024\/07\/hablar-vecinos.jpg\" class=\"attachment-large size-large wp-image-30406\" alt=\"comunidad de vecinos\" srcset=\"https:\/\/adhernandez.com\/wp-content\/uploads\/2024\/07\/hablar-vecinos.jpg 800w, https:\/\/adhernandez.com\/wp-content\/uploads\/2024\/07\/hablar-vecinos-300x169.jpg 300w, https:\/\/adhernandez.com\/wp-content\/uploads\/2024\/07\/hablar-vecinos-768x432.jpg 768w, https:\/\/adhernandez.com\/wp-content\/uploads\/2024\/07\/hablar-vecinos-496x279.jpg 496w\" sizes=\"(max-width: 800px) 100vw, 800px\" \/>\t\t\t\t\t\t\t\t\t\t\t\t\t\t\t<\/div>\n\t\t\t\t<div class=\"elementor-element elementor-element-4c87d49 elementor-widget elementor-widget-text-editor\" data-id=\"4c87d49\" data-element_type=\"widget\" data-e-type=\"widget\" data-widget_type=\"text-editor.default\">\n\t\t\t\t\t\t\t\t\t<h2>Conclusi\u00f3<\/h2>\n\t\t\t\t\t\t\t\t<\/div>\n\t\t\t\t<div class=\"elementor-element elementor-element-3b49d2f elementor-widget elementor-widget-text-editor\" data-id=\"3b49d2f\" data-element_type=\"widget\" data-e-type=\"widget\" data-widget_type=\"text-editor.default\">\n\t\t\t\t\t\t\t\t\t<p>Integrar-se en una nova comunitat de ve\u00efns a Barcelona pot ser un proc\u00e9s senzill i gratificant si se segueixen aquests passos i es t\u00e9 una actitud proactiva i respectuosa. AdHern\u00e1ndez \u00e9s aqu\u00ed per a ajudar-te en cada pas del cam\u00ed, assegurant una gesti\u00f3 eficient i una conviv\u00e8ncia harmoniosa en la teva nova comunitat.<\/p>\n\t\t\t\t\t\t\t\t<\/div>\n\t\t\t\t\t<\/div>\n\t\t<\/div>\n\t\t\t\t\t<\/div>\n\t\t<\/section>\n\t\t\t\t<section class=\"elementor-section elementor-top-section elementor-element elementor-element-150e15c elementor-section-boxed elementor-section-height-default elementor-section-height-default\" data-id=\"150e15c\" data-element_type=\"section\" data-e-type=\"section\">\n\t\t\t\t\t\t<div class=\"elementor-container elementor-column-gap-default\">\n\t\t\t\t\t<div class=\"elementor-column elementor-col-100 elementor-top-column elementor-element elementor-element-098760f\" data-id=\"098760f\" data-element_type=\"column\" data-e-type=\"column\">\n\t\t\t<div class=\"elementor-widget-wrap\">\n\t\t\t\t\t\t\t<\/div>\n\t\t<\/div>\n\t\t\t\t\t<\/div>\n\t\t<\/section>\n\t\t\t\t<\/div>\n\t\t","protected":false},"excerpt":{"rendered":"<p>Consells pr\u00e0ctics per a integrar-te en la teva nova comunitat de ve\u00efns i construir relacions positives des del primer dia.<\/p>\n","protected":false},"author":6,"featured_media":30391,"comment_status":"closed","ping_status":"closed","sticky":false,"template":"","format":"standard","meta":{"footnotes":""},"categories":[365],"tags":[],"class_list":["post-30864","post","type-post","status-publish","format-standard","has-post-thumbnail","hentry","category-propiedad-horizontal-ca"],"yoast_head":"<!-- This site is optimized with the Yoast SEO plugin v27.4 - https:\/\/yoast.com\/product\/yoast-seo-wordpress\/ -->\n<title>Ets nou en una comunitat de ve\u00efns? Qu\u00e8 has de fer? - Administraciones Hern\u00e1ndez<\/title>\n<meta name=\"description\" content=\"Consells pr\u00e0ctics per a integrar-te en la teva nova comunitat de ve\u00efns i construir relacions positives des del primer dia.\" \/>\n<meta name=\"robots\" content=\"index, follow, max-snippet:-1, max-image-preview:large, max-video-preview:-1\" \/>\n<link rel=\"canonical\" href=\"https:\/\/adhernandez.com\/ca\/2024\/08\/29\/ets-nou-en-una-comunitat-de-veins-que-has-de-fer\/\" \/>\n<meta property=\"og:locale\" content=\"ca_ES\" \/>\n<meta property=\"og:type\" content=\"article\" \/>\n<meta property=\"og:title\" content=\"Ets nou en una comunitat de ve\u00efns? Qu\u00e8 has de fer? - Administraciones Hern\u00e1ndez\" \/>\n<meta property=\"og:description\" content=\"Consells pr\u00e0ctics per a integrar-te en la teva nova comunitat de ve\u00efns i construir relacions positives des del primer dia.\" \/>\n<meta property=\"og:url\" content=\"https:\/\/adhernandez.com\/ca\/2024\/08\/29\/ets-nou-en-una-comunitat-de-veins-que-has-de-fer\/\" \/>\n<meta property=\"og:site_name\" content=\"Administraciones Hern\u00e1ndez\" \/>\n<meta property=\"article:published_time\" content=\"2024-08-29T09:17:00+00:00\" \/>\n<meta property=\"article:modified_time\" content=\"2024-10-14T09:58:10+00:00\" \/>\n<meta property=\"og:image\" content=\"https:\/\/adhernandez.com\/wp-content\/uploads\/2024\/07\/inquilino-nuevo.jpg\" \/>\n\t<meta property=\"og:image:width\" content=\"1000\" \/>\n\t<meta property=\"og:image:height\" content=\"430\" \/>\n\t<meta property=\"og:image:type\" content=\"image\/jpeg\" \/>\n<meta name=\"author\" content=\"AdHern\u00e1ndez\" \/>\n<meta name=\"twitter:card\" content=\"summary_large_image\" \/>\n<meta name=\"twitter:label1\" content=\"Escrit per\" \/>\n\t<meta name=\"twitter:data1\" content=\"AdHern\u00e1ndez\" \/>\n\t<meta name=\"twitter:label2\" content=\"Temps estimat de lectura\" \/>\n\t<meta name=\"twitter:data2\" content=\"4 minuts\" \/>\n<script type=\"application\/ld+json\" class=\"yoast-schema-graph\">{\"@context\":\"https:\\\/\\\/schema.org\",\"@graph\":[{\"@type\":\"Article\",\"@id\":\"https:\\\/\\\/adhernandez.com\\\/ca\\\/2024\\\/08\\\/29\\\/ets-nou-en-una-comunitat-de-veins-que-has-de-fer\\\/#article\",\"isPartOf\":{\"@id\":\"https:\\\/\\\/adhernandez.com\\\/ca\\\/2024\\\/08\\\/29\\\/ets-nou-en-una-comunitat-de-veins-que-has-de-fer\\\/\"},\"author\":{\"name\":\"AdHern\u00e1ndez\",\"@id\":\"https:\\\/\\\/adhernandez.com\\\/ca\\\/#\\\/schema\\\/person\\\/330b9c8828ff3a80ee8053b5fff0e848\"},\"headline\":\"Ets nou en una comunitat de ve\u00efns? Qu\u00e8 has de fer?\",\"datePublished\":\"2024-08-29T09:17:00+00:00\",\"dateModified\":\"2024-10-14T09:58:10+00:00\",\"mainEntityOfPage\":{\"@id\":\"https:\\\/\\\/adhernandez.com\\\/ca\\\/2024\\\/08\\\/29\\\/ets-nou-en-una-comunitat-de-veins-que-has-de-fer\\\/\"},\"wordCount\":744,\"image\":{\"@id\":\"https:\\\/\\\/adhernandez.com\\\/ca\\\/2024\\\/08\\\/29\\\/ets-nou-en-una-comunitat-de-veins-que-has-de-fer\\\/#primaryimage\"},\"thumbnailUrl\":\"https:\\\/\\\/adhernandez.com\\\/wp-content\\\/uploads\\\/2024\\\/07\\\/inquilino-nuevo.jpg\",\"articleSection\":[\"Propiedad Horizontal\"],\"inLanguage\":\"ca\"},{\"@type\":\"WebPage\",\"@id\":\"https:\\\/\\\/adhernandez.com\\\/ca\\\/2024\\\/08\\\/29\\\/ets-nou-en-una-comunitat-de-veins-que-has-de-fer\\\/\",\"url\":\"https:\\\/\\\/adhernandez.com\\\/ca\\\/2024\\\/08\\\/29\\\/ets-nou-en-una-comunitat-de-veins-que-has-de-fer\\\/\",\"name\":\"Ets nou en una comunitat de ve\u00efns? Qu\u00e8 has de fer? - Administraciones Hern\u00e1ndez\",\"isPartOf\":{\"@id\":\"https:\\\/\\\/adhernandez.com\\\/ca\\\/#website\"},\"primaryImageOfPage\":{\"@id\":\"https:\\\/\\\/adhernandez.com\\\/ca\\\/2024\\\/08\\\/29\\\/ets-nou-en-una-comunitat-de-veins-que-has-de-fer\\\/#primaryimage\"},\"image\":{\"@id\":\"https:\\\/\\\/adhernandez.com\\\/ca\\\/2024\\\/08\\\/29\\\/ets-nou-en-una-comunitat-de-veins-que-has-de-fer\\\/#primaryimage\"},\"thumbnailUrl\":\"https:\\\/\\\/adhernandez.com\\\/wp-content\\\/uploads\\\/2024\\\/07\\\/inquilino-nuevo.jpg\",\"datePublished\":\"2024-08-29T09:17:00+00:00\",\"dateModified\":\"2024-10-14T09:58:10+00:00\",\"author\":{\"@id\":\"https:\\\/\\\/adhernandez.com\\\/ca\\\/#\\\/schema\\\/person\\\/330b9c8828ff3a80ee8053b5fff0e848\"},\"description\":\"Consells pr\u00e0ctics per a integrar-te en la teva nova comunitat de ve\u00efns i construir relacions positives des del primer dia.\",\"breadcrumb\":{\"@id\":\"https:\\\/\\\/adhernandez.com\\\/ca\\\/2024\\\/08\\\/29\\\/ets-nou-en-una-comunitat-de-veins-que-has-de-fer\\\/#breadcrumb\"},\"inLanguage\":\"ca\",\"potentialAction\":[{\"@type\":\"ReadAction\",\"target\":[\"https:\\\/\\\/adhernandez.com\\\/ca\\\/2024\\\/08\\\/29\\\/ets-nou-en-una-comunitat-de-veins-que-has-de-fer\\\/\"]}]},{\"@type\":\"ImageObject\",\"inLanguage\":\"ca\",\"@id\":\"https:\\\/\\\/adhernandez.com\\\/ca\\\/2024\\\/08\\\/29\\\/ets-nou-en-una-comunitat-de-veins-que-has-de-fer\\\/#primaryimage\",\"url\":\"https:\\\/\\\/adhernandez.com\\\/wp-content\\\/uploads\\\/2024\\\/07\\\/inquilino-nuevo.jpg\",\"contentUrl\":\"https:\\\/\\\/adhernandez.com\\\/wp-content\\\/uploads\\\/2024\\\/07\\\/inquilino-nuevo.jpg\",\"width\":1000,\"height\":430},{\"@type\":\"BreadcrumbList\",\"@id\":\"https:\\\/\\\/adhernandez.com\\\/ca\\\/2024\\\/08\\\/29\\\/ets-nou-en-una-comunitat-de-veins-que-has-de-fer\\\/#breadcrumb\",\"itemListElement\":[{\"@type\":\"ListItem\",\"position\":1,\"name\":\"Portada\",\"item\":\"https:\\\/\\\/adhernandez.com\\\/ca\\\/adhernandez-inicio\\\/\"},{\"@type\":\"ListItem\",\"position\":2,\"name\":\"Ets nou en una comunitat de ve\u00efns? Qu\u00e8 has de fer?\"}]},{\"@type\":\"WebSite\",\"@id\":\"https:\\\/\\\/adhernandez.com\\\/ca\\\/#website\",\"url\":\"https:\\\/\\\/adhernandez.com\\\/ca\\\/\",\"name\":\"Administraciones Hern\u00e1ndez\",\"description\":\"Equipo de profesionales con amplia experiencia en la gesti\u00f3n del patrimonio inmobiliario\",\"potentialAction\":[{\"@type\":\"SearchAction\",\"target\":{\"@type\":\"EntryPoint\",\"urlTemplate\":\"https:\\\/\\\/adhernandez.com\\\/ca\\\/?s={search_term_string}\"},\"query-input\":{\"@type\":\"PropertyValueSpecification\",\"valueRequired\":true,\"valueName\":\"search_term_string\"}}],\"inLanguage\":\"ca\"},{\"@type\":\"Person\",\"@id\":\"https:\\\/\\\/adhernandez.com\\\/ca\\\/#\\\/schema\\\/person\\\/330b9c8828ff3a80ee8053b5fff0e848\",\"name\":\"AdHern\u00e1ndez\",\"image\":{\"@type\":\"ImageObject\",\"inLanguage\":\"ca\",\"@id\":\"https:\\\/\\\/adhernandez.com\\\/wp-content\\\/litespeed\\\/avatar\\\/6b84e2484050905299b010a711cff345.jpg?ver=1777323059\",\"url\":\"https:\\\/\\\/adhernandez.com\\\/wp-content\\\/litespeed\\\/avatar\\\/6b84e2484050905299b010a711cff345.jpg?ver=1777323059\",\"contentUrl\":\"https:\\\/\\\/adhernandez.com\\\/wp-content\\\/litespeed\\\/avatar\\\/6b84e2484050905299b010a711cff345.jpg?ver=1777323059\",\"caption\":\"AdHern\u00e1ndez\"},\"url\":\"https:\\\/\\\/adhernandez.com\\\/ca\\\/author\\\/veronica\\\/\"}]}<\/script>\n<!-- \/ Yoast SEO plugin. -->","yoast_head_json":{"title":"Ets nou en una comunitat de ve\u00efns? Qu\u00e8 has de fer? - Administraciones Hern\u00e1ndez","description":"Consells pr\u00e0ctics per a integrar-te en la teva nova comunitat de ve\u00efns i construir relacions positives des del primer dia.","robots":{"index":"index","follow":"follow","max-snippet":"max-snippet:-1","max-image-preview":"max-image-preview:large","max-video-preview":"max-video-preview:-1"},"canonical":"https:\/\/adhernandez.com\/ca\/2024\/08\/29\/ets-nou-en-una-comunitat-de-veins-que-has-de-fer\/","og_locale":"ca_ES","og_type":"article","og_title":"Ets nou en una comunitat de ve\u00efns? Qu\u00e8 has de fer? - Administraciones Hern\u00e1ndez","og_description":"Consells pr\u00e0ctics per a integrar-te en la teva nova comunitat de ve\u00efns i construir relacions positives des del primer dia.","og_url":"https:\/\/adhernandez.com\/ca\/2024\/08\/29\/ets-nou-en-una-comunitat-de-veins-que-has-de-fer\/","og_site_name":"Administraciones Hern\u00e1ndez","article_published_time":"2024-08-29T09:17:00+00:00","article_modified_time":"2024-10-14T09:58:10+00:00","og_image":[{"width":1000,"height":430,"url":"https:\/\/adhernandez.com\/wp-content\/uploads\/2024\/07\/inquilino-nuevo.jpg","type":"image\/jpeg"}],"author":"AdHern\u00e1ndez","twitter_card":"summary_large_image","twitter_misc":{"Escrit per":"AdHern\u00e1ndez","Temps estimat de lectura":"4 minuts"},"schema":{"@context":"https:\/\/schema.org","@graph":[{"@type":"Article","@id":"https:\/\/adhernandez.com\/ca\/2024\/08\/29\/ets-nou-en-una-comunitat-de-veins-que-has-de-fer\/#article","isPartOf":{"@id":"https:\/\/adhernandez.com\/ca\/2024\/08\/29\/ets-nou-en-una-comunitat-de-veins-que-has-de-fer\/"},"author":{"name":"AdHern\u00e1ndez","@id":"https:\/\/adhernandez.com\/ca\/#\/schema\/person\/330b9c8828ff3a80ee8053b5fff0e848"},"headline":"Ets nou en una comunitat de ve\u00efns? Qu\u00e8 has de fer?","datePublished":"2024-08-29T09:17:00+00:00","dateModified":"2024-10-14T09:58:10+00:00","mainEntityOfPage":{"@id":"https:\/\/adhernandez.com\/ca\/2024\/08\/29\/ets-nou-en-una-comunitat-de-veins-que-has-de-fer\/"},"wordCount":744,"image":{"@id":"https:\/\/adhernandez.com\/ca\/2024\/08\/29\/ets-nou-en-una-comunitat-de-veins-que-has-de-fer\/#primaryimage"},"thumbnailUrl":"https:\/\/adhernandez.com\/wp-content\/uploads\/2024\/07\/inquilino-nuevo.jpg","articleSection":["Propiedad Horizontal"],"inLanguage":"ca"},{"@type":"WebPage","@id":"https:\/\/adhernandez.com\/ca\/2024\/08\/29\/ets-nou-en-una-comunitat-de-veins-que-has-de-fer\/","url":"https:\/\/adhernandez.com\/ca\/2024\/08\/29\/ets-nou-en-una-comunitat-de-veins-que-has-de-fer\/","name":"Ets nou en una comunitat de ve\u00efns? Qu\u00e8 has de fer? - Administraciones Hern\u00e1ndez","isPartOf":{"@id":"https:\/\/adhernandez.com\/ca\/#website"},"primaryImageOfPage":{"@id":"https:\/\/adhernandez.com\/ca\/2024\/08\/29\/ets-nou-en-una-comunitat-de-veins-que-has-de-fer\/#primaryimage"},"image":{"@id":"https:\/\/adhernandez.com\/ca\/2024\/08\/29\/ets-nou-en-una-comunitat-de-veins-que-has-de-fer\/#primaryimage"},"thumbnailUrl":"https:\/\/adhernandez.com\/wp-content\/uploads\/2024\/07\/inquilino-nuevo.jpg","datePublished":"2024-08-29T09:17:00+00:00","dateModified":"2024-10-14T09:58:10+00:00","author":{"@id":"https:\/\/adhernandez.com\/ca\/#\/schema\/person\/330b9c8828ff3a80ee8053b5fff0e848"},"description":"Consells pr\u00e0ctics per a integrar-te en la teva nova comunitat de ve\u00efns i construir relacions positives des del primer dia.","breadcrumb":{"@id":"https:\/\/adhernandez.com\/ca\/2024\/08\/29\/ets-nou-en-una-comunitat-de-veins-que-has-de-fer\/#breadcrumb"},"inLanguage":"ca","potentialAction":[{"@type":"ReadAction","target":["https:\/\/adhernandez.com\/ca\/2024\/08\/29\/ets-nou-en-una-comunitat-de-veins-que-has-de-fer\/"]}]},{"@type":"ImageObject","inLanguage":"ca","@id":"https:\/\/adhernandez.com\/ca\/2024\/08\/29\/ets-nou-en-una-comunitat-de-veins-que-has-de-fer\/#primaryimage","url":"https:\/\/adhernandez.com\/wp-content\/uploads\/2024\/07\/inquilino-nuevo.jpg","contentUrl":"https:\/\/adhernandez.com\/wp-content\/uploads\/2024\/07\/inquilino-nuevo.jpg","width":1000,"height":430},{"@type":"BreadcrumbList","@id":"https:\/\/adhernandez.com\/ca\/2024\/08\/29\/ets-nou-en-una-comunitat-de-veins-que-has-de-fer\/#breadcrumb","itemListElement":[{"@type":"ListItem","position":1,"name":"Portada","item":"https:\/\/adhernandez.com\/ca\/adhernandez-inicio\/"},{"@type":"ListItem","position":2,"name":"Ets nou en una comunitat de ve\u00efns? Qu\u00e8 has de fer?"}]},{"@type":"WebSite","@id":"https:\/\/adhernandez.com\/ca\/#website","url":"https:\/\/adhernandez.com\/ca\/","name":"Administraciones Hern\u00e1ndez","description":"Equipo de profesionales con amplia experiencia en la gesti\u00f3n del patrimonio inmobiliario","potentialAction":[{"@type":"SearchAction","target":{"@type":"EntryPoint","urlTemplate":"https:\/\/adhernandez.com\/ca\/?s={search_term_string}"},"query-input":{"@type":"PropertyValueSpecification","valueRequired":true,"valueName":"search_term_string"}}],"inLanguage":"ca"},{"@type":"Person","@id":"https:\/\/adhernandez.com\/ca\/#\/schema\/person\/330b9c8828ff3a80ee8053b5fff0e848","name":"AdHern\u00e1ndez","image":{"@type":"ImageObject","inLanguage":"ca","@id":"https:\/\/adhernandez.com\/wp-content\/litespeed\/avatar\/6b84e2484050905299b010a711cff345.jpg?ver=1777323059","url":"https:\/\/adhernandez.com\/wp-content\/litespeed\/avatar\/6b84e2484050905299b010a711cff345.jpg?ver=1777323059","contentUrl":"https:\/\/adhernandez.com\/wp-content\/litespeed\/avatar\/6b84e2484050905299b010a711cff345.jpg?ver=1777323059","caption":"AdHern\u00e1ndez"},"url":"https:\/\/adhernandez.com\/ca\/author\/veronica\/"}]}},"_links":{"self":[{"href":"https:\/\/adhernandez.com\/ca\/wp-json\/wp\/v2\/posts\/30864","targetHints":{"allow":["GET"]}}],"collection":[{"href":"https:\/\/adhernandez.com\/ca\/wp-json\/wp\/v2\/posts"}],"about":[{"href":"https:\/\/adhernandez.com\/ca\/wp-json\/wp\/v2\/types\/post"}],"author":[{"embeddable":true,"href":"https:\/\/adhernandez.com\/ca\/wp-json\/wp\/v2\/users\/6"}],"replies":[{"embeddable":true,"href":"https:\/\/adhernandez.com\/ca\/wp-json\/wp\/v2\/comments?post=30864"}],"version-history":[{"count":1,"href":"https:\/\/adhernandez.com\/ca\/wp-json\/wp\/v2\/posts\/30864\/revisions"}],"predecessor-version":[{"id":30865,"href":"https:\/\/adhernandez.com\/ca\/wp-json\/wp\/v2\/posts\/30864\/revisions\/30865"}],"wp:featuredmedia":[{"embeddable":true,"href":"https:\/\/adhernandez.com\/ca\/wp-json\/wp\/v2\/media\/30391"}],"wp:attachment":[{"href":"https:\/\/adhernandez.com\/ca\/wp-json\/wp\/v2\/media?parent=30864"}],"wp:term":[{"taxonomy":"category","embeddable":true,"href":"https:\/\/adhernandez.com\/ca\/wp-json\/wp\/v2\/categories?post=30864"},{"taxonomy":"post_tag","embeddable":true,"href":"https:\/\/adhernandez.com\/ca\/wp-json\/wp\/v2\/tags?post=30864"}],"curies":[{"name":"wp","href":"https:\/\/api.w.org\/{rel}","templated":true}]}}