{"id":30357,"date":"2024-07-16T09:23:07","date_gmt":"2024-07-16T09:23:07","guid":{"rendered":"https:\/\/adhernandez.com\/2024\/07\/16\/puc-canviar-lempresa-dascensors-de-la-meva-comunitat-i-contractar-una-altra\/"},"modified":"2024-07-16T09:23:08","modified_gmt":"2024-07-16T09:23:08","slug":"puc-canviar-lempresa-dascensors-de-la-meva-comunitat-i-contractar-una-altra","status":"publish","type":"post","link":"https:\/\/adhernandez.com\/ca\/2024\/07\/16\/puc-canviar-lempresa-dascensors-de-la-meva-comunitat-i-contractar-una-altra\/","title":{"rendered":"Puc canviar l&#8217;empresa d&#8217;ascensors de la meva comunitat i contractar una altra?"},"content":{"rendered":"\t\t<div data-elementor-type=\"wp-post\" data-elementor-id=\"30357\" class=\"elementor elementor-30357 elementor-30338\">\n\t\t\t\t\t\t<section class=\"elementor-section elementor-top-section elementor-element elementor-element-1e9a2dc elementor-section-boxed elementor-section-height-default elementor-section-height-default\" data-id=\"1e9a2dc\" data-element_type=\"section\" data-e-type=\"section\">\n\t\t\t\t\t\t<div class=\"elementor-container elementor-column-gap-default\">\n\t\t\t\t\t<div class=\"elementor-column elementor-col-100 elementor-top-column elementor-element elementor-element-631e766\" data-id=\"631e766\" data-element_type=\"column\" data-e-type=\"column\">\n\t\t\t<div class=\"elementor-widget-wrap elementor-element-populated\">\n\t\t\t\t\t\t<div class=\"elementor-element elementor-element-1149b4d elementor-widget elementor-widget-text-editor\" data-id=\"1149b4d\" data-element_type=\"widget\" data-e-type=\"widget\" data-widget_type=\"text-editor.default\">\n\t\t\t\t\t\t\t\t\t<p>En l&#8217;\u00e0mbit de l&#8217;administraci\u00f3 de finques a Barcelona, una de les preguntes m\u00e9s freq\u00fcents que sorgeixen entre els propietaris \u00e9s si poden canviar lliurement l&#8217;empresa encarregada del manteniment dels ascensors de la seva comunitat. La resposta a aquesta q\u00fcesti\u00f3 dep\u00e8n de diversos factors legals i pr\u00e0ctics que \u00e9s important tenir en compte.<\/p>\n\t\t\t\t\t\t\t\t<\/div>\n\t\t\t\t<div class=\"elementor-element elementor-element-b41c98f elementor-widget elementor-widget-text-editor\" data-id=\"b41c98f\" data-element_type=\"widget\" data-e-type=\"widget\" data-widget_type=\"text-editor.default\">\n\t\t\t\t\t\t\t\t\t<h2>Consideracions legals<\/h2>\n\t\t\t\t\t\t\t\t<\/div>\n\t\t\t\t<div class=\"elementor-element elementor-element-d51e995 elementor-widget elementor-widget-text-editor\" data-id=\"d51e995\" data-element_type=\"widget\" data-e-type=\"widget\" data-widget_type=\"text-editor.default\">\n\t\t\t\t\t\t\t\t\t<p>Segons la legislaci\u00f3 vigent a Catalunya, la contractaci\u00f3 i gesti\u00f3 del servei de manteniment d&#8217;ascensors en una comunitat de propietaris \u00e9s una compet\u00e8ncia exclusiva de la junta de propietaris. Aix\u00f2 significa que qualsevol canvi en l&#8217;empresa encarregada d&#8217;aquesta tasca ha de ser aprovat per la majoria dels membres de la comunitat en una reuni\u00f3 degudament convocada.<\/p>\n<p>La Llei de Propietat Horitzontal estableix que les decisions relatives als serveis comuns, com el manteniment d&#8217;ascensors, han d&#8217;adoptar-se per acord de la junta de propietaris. Per tant, un propietari individual no pot unilateralment rescindir el contracte amb l&#8217;empresa actual i contractar una altra sense el consentiment de la comunitat.<\/p>\n\t\t\t\t\t\t\t\t<\/div>\n\t\t\t\t<div class=\"elementor-element elementor-element-c6d4e54 elementor-widget elementor-widget-text-editor\" data-id=\"c6d4e54\" data-element_type=\"widget\" data-e-type=\"widget\" data-widget_type=\"text-editor.default\">\n\t\t\t\t\t\t\t\t\t<h2>Procediment per al canvi<\/h2>\n\t\t\t\t\t\t\t\t<\/div>\n\t\t\t\t<div class=\"elementor-element elementor-element-66eb70e elementor-widget elementor-widget-text-editor\" data-id=\"66eb70e\" data-element_type=\"widget\" data-e-type=\"widget\" data-widget_type=\"text-editor.default\">\n\t\t\t\t\t\t\t\t\t<p>Si la comunitat decideix canviar l&#8217;empresa d&#8217;ascensors, el proc\u00e9s a seguir seria el seg\u00fcent:<\/p>\n\t\t\t\t\t\t\t\t<\/div>\n\t\t\t\t<div class=\"elementor-element elementor-element-b5ddd22 elementor-icon-list--layout-traditional elementor-list-item-link-full_width elementor-widget elementor-widget-icon-list\" data-id=\"b5ddd22\" data-element_type=\"widget\" data-e-type=\"widget\" data-widget_type=\"icon-list.default\">\n\t\t\t\t\t\t\t<ul class=\"elementor-icon-list-items\">\n\t\t\t\t\t\t\t<li class=\"elementor-icon-list-item\">\n\t\t\t\t\t\t\t\t\t\t\t<span class=\"elementor-icon-list-icon\">\n\t\t\t\t\t\t\t<svg aria-hidden=\"true\" class=\"e-font-icon-svg e-fas-check\" viewBox=\"0 0 512 512\" xmlns=\"http:\/\/www.w3.org\/2000\/svg\"><path d=\"M173.898 439.404l-166.4-166.4c-9.997-9.997-9.997-26.206 0-36.204l36.203-36.204c9.997-9.998 26.207-9.998 36.204 0L192 312.69 432.095 72.596c9.997-9.997 26.207-9.997 36.204 0l36.203 36.204c9.997 9.997 9.997 26.206 0 36.204l-294.4 294.401c-9.998 9.997-26.207 9.997-36.204-.001z\"><\/path><\/svg>\t\t\t\t\t\t<\/span>\n\t\t\t\t\t\t\t\t\t\t<span class=\"elementor-icon-list-text\"> Convocar una junta de propietaris per a discutir i votar la proposta de canvi. Aquesta decisi\u00f3 ha de prendre's per majoria, d'acord amb els percentatges de participaci\u00f3 en les despeses comunes.<\/span>\n\t\t\t\t\t\t\t\t\t<\/li>\n\t\t\t\t\t\t<\/ul>\n\t\t\t\t\t\t<\/div>\n\t\t\t\t<div class=\"elementor-element elementor-element-efcd7e7 elementor-icon-list--layout-traditional elementor-list-item-link-full_width elementor-widget elementor-widget-icon-list\" data-id=\"efcd7e7\" data-element_type=\"widget\" data-e-type=\"widget\" data-widget_type=\"icon-list.default\">\n\t\t\t\t\t\t\t<ul class=\"elementor-icon-list-items\">\n\t\t\t\t\t\t\t<li class=\"elementor-icon-list-item\">\n\t\t\t\t\t\t\t\t\t\t\t<span class=\"elementor-icon-list-icon\">\n\t\t\t\t\t\t\t<svg aria-hidden=\"true\" class=\"e-font-icon-svg e-fas-check\" viewBox=\"0 0 512 512\" xmlns=\"http:\/\/www.w3.org\/2000\/svg\"><path d=\"M173.898 439.404l-166.4-166.4c-9.997-9.997-9.997-26.206 0-36.204l36.203-36.204c9.997-9.998 26.207-9.998 36.204 0L192 312.69 432.095 72.596c9.997-9.997 26.207-9.997 36.204 0l36.203 36.204c9.997 9.997 9.997 26.206 0 36.204l-294.4 294.401c-9.998 9.997-26.207 9.997-36.204-.001z\"><\/path><\/svg>\t\t\t\t\t\t<\/span>\n\t\t\t\t\t\t\t\t\t\t<span class=\"elementor-icon-list-text\">Una vegada aprovat el canvi, s'ha de notificar a l'empresa actual la rescissi\u00f3 del contracte, respectant els terminis i condicions establerts.<\/span>\n\t\t\t\t\t\t\t\t\t<\/li>\n\t\t\t\t\t\t<\/ul>\n\t\t\t\t\t\t<\/div>\n\t\t\t\t<div class=\"elementor-element elementor-element-7e52d44 elementor-icon-list--layout-traditional elementor-list-item-link-full_width elementor-widget elementor-widget-icon-list\" data-id=\"7e52d44\" data-element_type=\"widget\" data-e-type=\"widget\" data-widget_type=\"icon-list.default\">\n\t\t\t\t\t\t\t<ul class=\"elementor-icon-list-items\">\n\t\t\t\t\t\t\t<li class=\"elementor-icon-list-item\">\n\t\t\t\t\t\t\t\t\t\t\t<span class=\"elementor-icon-list-icon\">\n\t\t\t\t\t\t\t<svg aria-hidden=\"true\" class=\"e-font-icon-svg e-fas-check\" viewBox=\"0 0 512 512\" xmlns=\"http:\/\/www.w3.org\/2000\/svg\"><path d=\"M173.898 439.404l-166.4-166.4c-9.997-9.997-9.997-26.206 0-36.204l36.203-36.204c9.997-9.998 26.207-9.998 36.204 0L192 312.69 432.095 72.596c9.997-9.997 26.207-9.997 36.204 0l36.203 36.204c9.997 9.997 9.997 26.206 0 36.204l-294.4 294.401c-9.998 9.997-26.207 9.997-36.204-.001z\"><\/path><\/svg>\t\t\t\t\t\t<\/span>\n\t\t\t\t\t\t\t\t\t\t<span class=\"elementor-icon-list-text\">Posteriorment, s'ha d'iniciar un proc\u00e9s de selecci\u00f3 i contractaci\u00f3 d'una nova empresa de manteniment d'ascensors, seguint els procediments habituals de la comunitat.<\/span>\n\t\t\t\t\t\t\t\t\t<\/li>\n\t\t\t\t\t\t<\/ul>\n\t\t\t\t\t\t<\/div>\n\t\t\t\t<div class=\"elementor-element elementor-element-6ccc9ce elementor-widget elementor-widget-image\" data-id=\"6ccc9ce\" data-element_type=\"widget\" data-e-type=\"widget\" data-widget_type=\"image.default\">\n\t\t\t\t\t\t\t\t\t\t\t\t\t\t\t<img fetchpriority=\"high\" decoding=\"async\" width=\"640\" height=\"432\" src=\"https:\/\/adhernandez.com\/wp-content\/uploads\/2024\/07\/cambiar-gestion-ascensor.jpg\" class=\"attachment-large size-large wp-image-30340\" alt=\"cambiar gestion ascensor\" srcset=\"https:\/\/adhernandez.com\/wp-content\/uploads\/2024\/07\/cambiar-gestion-ascensor.jpg 640w, https:\/\/adhernandez.com\/wp-content\/uploads\/2024\/07\/cambiar-gestion-ascensor-300x203.jpg 300w, https:\/\/adhernandez.com\/wp-content\/uploads\/2024\/07\/cambiar-gestion-ascensor-496x335.jpg 496w\" sizes=\"(max-width: 640px) 100vw, 640px\" \/>\t\t\t\t\t\t\t\t\t\t\t\t\t\t\t<\/div>\n\t\t\t\t<div class=\"elementor-element elementor-element-682c8de elementor-widget elementor-widget-text-editor\" data-id=\"682c8de\" data-element_type=\"widget\" data-e-type=\"widget\" data-widget_type=\"text-editor.default\">\n\t\t\t\t\t\t\t\t\t<h2>Consideracions pr\u00e0ctiques<\/h2>\n\t\t\t\t\t\t\t\t<\/div>\n\t\t\t\t<div class=\"elementor-element elementor-element-7f11524 elementor-widget elementor-widget-text-editor\" data-id=\"7f11524\" data-element_type=\"widget\" data-e-type=\"widget\" data-widget_type=\"text-editor.default\">\n\t\t\t\t\t\t\t\t\t<p>A m\u00e9s dels aspectes legals, existeixen altres q\u00fcestions pr\u00e0ctiques a tenir en compte en canviar l&#8217;empresa d&#8217;ascensors:<\/p>\n\t\t\t\t\t\t\t\t<\/div>\n\t\t\t\t<div class=\"elementor-element elementor-element-a7a0a36 elementor-icon-list--layout-traditional elementor-list-item-link-full_width elementor-widget elementor-widget-icon-list\" data-id=\"a7a0a36\" data-element_type=\"widget\" data-e-type=\"widget\" data-widget_type=\"icon-list.default\">\n\t\t\t\t\t\t\t<ul class=\"elementor-icon-list-items\">\n\t\t\t\t\t\t\t<li class=\"elementor-icon-list-item\">\n\t\t\t\t\t\t\t\t\t\t\t<span class=\"elementor-icon-list-icon\">\n\t\t\t\t\t\t\t<svg aria-hidden=\"true\" class=\"e-font-icon-svg e-fas-check\" viewBox=\"0 0 512 512\" xmlns=\"http:\/\/www.w3.org\/2000\/svg\"><path d=\"M173.898 439.404l-166.4-166.4c-9.997-9.997-9.997-26.206 0-36.204l36.203-36.204c9.997-9.998 26.207-9.998 36.204 0L192 312.69 432.095 72.596c9.997-9.997 26.207-9.997 36.204 0l36.203 36.204c9.997 9.997 9.997 26.206 0 36.204l-294.4 294.401c-9.998 9.997-26.207 9.997-36.204-.001z\"><\/path><\/svg>\t\t\t\t\t\t<\/span>\n\t\t\t\t\t\t\t\t\t\t<span class=\"elementor-icon-list-text\">Revisi\u00f3 de l'estat actual dels equips: \u00c9s important avaluar l'estat de conservaci\u00f3 i funcionament dels ascensors abans de contractar una nova empresa, per a poder negociar adequadament els termes del nou contracte.<\/span>\n\t\t\t\t\t\t\t\t\t<\/li>\n\t\t\t\t\t\t<\/ul>\n\t\t\t\t\t\t<\/div>\n\t\t\t\t<div class=\"elementor-element elementor-element-f7c4425 elementor-icon-list--layout-traditional elementor-list-item-link-full_width elementor-widget elementor-widget-icon-list\" data-id=\"f7c4425\" data-element_type=\"widget\" data-e-type=\"widget\" data-widget_type=\"icon-list.default\">\n\t\t\t\t\t\t\t<ul class=\"elementor-icon-list-items\">\n\t\t\t\t\t\t\t<li class=\"elementor-icon-list-item\">\n\t\t\t\t\t\t\t\t\t\t\t<span class=\"elementor-icon-list-icon\">\n\t\t\t\t\t\t\t<svg aria-hidden=\"true\" class=\"e-font-icon-svg e-fas-check\" viewBox=\"0 0 512 512\" xmlns=\"http:\/\/www.w3.org\/2000\/svg\"><path d=\"M173.898 439.404l-166.4-166.4c-9.997-9.997-9.997-26.206 0-36.204l36.203-36.204c9.997-9.998 26.207-9.998 36.204 0L192 312.69 432.095 72.596c9.997-9.997 26.207-9.997 36.204 0l36.203 36.204c9.997 9.997 9.997 26.206 0 36.204l-294.4 294.401c-9.998 9.997-26.207 9.997-36.204-.001z\"><\/path><\/svg>\t\t\t\t\t\t<\/span>\n\t\t\t\t\t\t\t\t\t\t<span class=\"elementor-icon-list-text\">Continu\u00eftat del servei: Durant el proc\u00e9s de canvi, s'ha de garantir la continu\u00eftat del servei de manteniment dels ascensors, evitant interrupcions que puguin causar inconvenients als ve\u00efns.<\/span>\n\t\t\t\t\t\t\t\t\t<\/li>\n\t\t\t\t\t\t<\/ul>\n\t\t\t\t\t\t<\/div>\n\t\t\t\t<div class=\"elementor-element elementor-element-c5c4e52 elementor-icon-list--layout-traditional elementor-list-item-link-full_width elementor-widget elementor-widget-icon-list\" data-id=\"c5c4e52\" data-element_type=\"widget\" data-e-type=\"widget\" data-widget_type=\"icon-list.default\">\n\t\t\t\t\t\t\t<ul class=\"elementor-icon-list-items\">\n\t\t\t\t\t\t\t<li class=\"elementor-icon-list-item\">\n\t\t\t\t\t\t\t\t\t\t\t<span class=\"elementor-icon-list-icon\">\n\t\t\t\t\t\t\t<svg aria-hidden=\"true\" class=\"e-font-icon-svg e-fas-check\" viewBox=\"0 0 512 512\" xmlns=\"http:\/\/www.w3.org\/2000\/svg\"><path d=\"M173.898 439.404l-166.4-166.4c-9.997-9.997-9.997-26.206 0-36.204l36.203-36.204c9.997-9.998 26.207-9.998 36.204 0L192 312.69 432.095 72.596c9.997-9.997 26.207-9.997 36.204 0l36.203 36.204c9.997 9.997 9.997 26.206 0 36.204l-294.4 294.401c-9.998 9.997-26.207 9.997-36.204-.001z\"><\/path><\/svg>\t\t\t\t\t\t<\/span>\n\t\t\t\t\t\t\t\t\t\t<span class=\"elementor-icon-list-text\">Condicions econ\u00f2miques: En seleccionar una nova empresa, s'ha de parar esment a les tarifes i condicions econ\u00f2miques ofertes, buscant un equilibri entre qualitat del servei i costos raonables per a la comunitat.<\/span>\n\t\t\t\t\t\t\t\t\t<\/li>\n\t\t\t\t\t\t<\/ul>\n\t\t\t\t\t\t<\/div>\n\t\t\t\t<div class=\"elementor-element elementor-element-08c9843 elementor-widget elementor-widget-text-editor\" data-id=\"08c9843\" data-element_type=\"widget\" data-e-type=\"widget\" data-widget_type=\"text-editor.default\">\n\t\t\t\t\t\t\t\t\t<h2>Conclusi\u00f3<\/h2>\n\t\t\t\t\t\t\t\t<\/div>\n\t\t\t\t<div class=\"elementor-element elementor-element-3d45e3d elementor-widget elementor-widget-text-editor\" data-id=\"3d45e3d\" data-element_type=\"widget\" data-e-type=\"widget\" data-widget_type=\"text-editor.default\">\n\t\t\t\t\t\t\t\t\t<p>En resum, si b\u00e9 els propietaris d&#8217;una comunitat tenen la possibilitat de canviar l&#8217;empresa encarregada del manteniment dels ascensors, aquest proc\u00e9s ha de dur-se a terme de manera consensuada i seguint els procediments legals establerts. \u00c9s important tenir en compte tant els aspectes jur\u00eddics com les consideracions pr\u00e0ctiques per a assegurar una transici\u00f3 fluida i garantir un servei de qualitat per a tots els ve\u00efns.<\/p>\n\t\t\t\t\t\t\t\t<\/div>\n\t\t\t\t\t<\/div>\n\t\t<\/div>\n\t\t\t\t\t<\/div>\n\t\t<\/section>\n\t\t\t\t<\/div>\n\t\t","protected":false},"excerpt":{"rendered":"<p>S\u00ed, pots canviar l&#8217;empresa d&#8217;ascensors de la teva comunitat i contractar a una altra. Aqu\u00ed t&#8217;expliquem els passos a seguir<\/p>\n","protected":false},"author":6,"featured_media":30341,"comment_status":"closed","ping_status":"closed","sticky":false,"template":"","format":"standard","meta":{"footnotes":""},"categories":[378,365],"tags":[],"class_list":["post-30357","post","type-post","status-publish","format-standard","has-post-thumbnail","hentry","category-blog-ca","category-propiedad-horizontal-ca"],"yoast_head":"<!-- This site is optimized with the Yoast SEO plugin v27.4 - https:\/\/yoast.com\/product\/yoast-seo-wordpress\/ -->\n<title>Canviar empresa ascensors<\/title>\n<meta name=\"description\" content=\"S\u00ed, pots canviar l&#039;empresa d&#039;ascensors de la teva comunitat i contractar a una altra. Aqu\u00ed t&#039;expliquem els passos a seguir\" \/>\n<meta name=\"robots\" content=\"index, follow, max-snippet:-1, max-image-preview:large, max-video-preview:-1\" \/>\n<link rel=\"canonical\" href=\"https:\/\/adhernandez.com\/ca\/2024\/07\/16\/puc-canviar-lempresa-dascensors-de-la-meva-comunitat-i-contractar-una-altra\/\" \/>\n<meta property=\"og:locale\" content=\"ca_ES\" \/>\n<meta property=\"og:type\" content=\"article\" \/>\n<meta property=\"og:title\" content=\"Canviar empresa ascensors\" \/>\n<meta property=\"og:description\" content=\"S\u00ed, pots canviar l&#039;empresa d&#039;ascensors de la teva comunitat i contractar a una altra. Aqu\u00ed t&#039;expliquem els passos a seguir\" \/>\n<meta property=\"og:url\" content=\"https:\/\/adhernandez.com\/ca\/2024\/07\/16\/puc-canviar-lempresa-dascensors-de-la-meva-comunitat-i-contractar-una-altra\/\" \/>\n<meta property=\"og:site_name\" content=\"Administraciones Hern\u00e1ndez\" \/>\n<meta property=\"article:published_time\" content=\"2024-07-16T09:23:07+00:00\" \/>\n<meta property=\"article:modified_time\" content=\"2024-07-16T09:23:08+00:00\" \/>\n<meta property=\"og:image\" content=\"https:\/\/adhernandez.com\/wp-content\/uploads\/2024\/07\/ascensor-.jpg\" \/>\n\t<meta property=\"og:image:width\" content=\"1000\" \/>\n\t<meta property=\"og:image:height\" content=\"430\" \/>\n\t<meta property=\"og:image:type\" content=\"image\/jpeg\" \/>\n<meta name=\"author\" content=\"AdHern\u00e1ndez\" \/>\n<meta name=\"twitter:card\" content=\"summary_large_image\" \/>\n<meta name=\"twitter:label1\" content=\"Escrit per\" \/>\n\t<meta name=\"twitter:data1\" content=\"AdHern\u00e1ndez\" \/>\n\t<meta name=\"twitter:label2\" content=\"Temps estimat de lectura\" \/>\n\t<meta name=\"twitter:data2\" content=\"2 minuts\" \/>\n<script type=\"application\/ld+json\" class=\"yoast-schema-graph\">{\"@context\":\"https:\\\/\\\/schema.org\",\"@graph\":[{\"@type\":\"Article\",\"@id\":\"https:\\\/\\\/adhernandez.com\\\/ca\\\/2024\\\/07\\\/16\\\/puc-canviar-lempresa-dascensors-de-la-meva-comunitat-i-contractar-una-altra\\\/#article\",\"isPartOf\":{\"@id\":\"https:\\\/\\\/adhernandez.com\\\/ca\\\/2024\\\/07\\\/16\\\/puc-canviar-lempresa-dascensors-de-la-meva-comunitat-i-contractar-una-altra\\\/\"},\"author\":{\"name\":\"AdHern\u00e1ndez\",\"@id\":\"https:\\\/\\\/adhernandez.com\\\/ca\\\/#\\\/schema\\\/person\\\/330b9c8828ff3a80ee8053b5fff0e848\"},\"headline\":\"Puc canviar l&#8217;empresa d&#8217;ascensors de la meva comunitat i contractar una altra?\",\"datePublished\":\"2024-07-16T09:23:07+00:00\",\"dateModified\":\"2024-07-16T09:23:08+00:00\",\"mainEntityOfPage\":{\"@id\":\"https:\\\/\\\/adhernandez.com\\\/ca\\\/2024\\\/07\\\/16\\\/puc-canviar-lempresa-dascensors-de-la-meva-comunitat-i-contractar-una-altra\\\/\"},\"wordCount\":470,\"image\":{\"@id\":\"https:\\\/\\\/adhernandez.com\\\/ca\\\/2024\\\/07\\\/16\\\/puc-canviar-lempresa-dascensors-de-la-meva-comunitat-i-contractar-una-altra\\\/#primaryimage\"},\"thumbnailUrl\":\"https:\\\/\\\/adhernandez.com\\\/wp-content\\\/uploads\\\/2024\\\/07\\\/ascensor-.jpg\",\"articleSection\":[\"blog\",\"Propiedad Horizontal\"],\"inLanguage\":\"ca\"},{\"@type\":\"WebPage\",\"@id\":\"https:\\\/\\\/adhernandez.com\\\/ca\\\/2024\\\/07\\\/16\\\/puc-canviar-lempresa-dascensors-de-la-meva-comunitat-i-contractar-una-altra\\\/\",\"url\":\"https:\\\/\\\/adhernandez.com\\\/ca\\\/2024\\\/07\\\/16\\\/puc-canviar-lempresa-dascensors-de-la-meva-comunitat-i-contractar-una-altra\\\/\",\"name\":\"Canviar empresa ascensors\",\"isPartOf\":{\"@id\":\"https:\\\/\\\/adhernandez.com\\\/ca\\\/#website\"},\"primaryImageOfPage\":{\"@id\":\"https:\\\/\\\/adhernandez.com\\\/ca\\\/2024\\\/07\\\/16\\\/puc-canviar-lempresa-dascensors-de-la-meva-comunitat-i-contractar-una-altra\\\/#primaryimage\"},\"image\":{\"@id\":\"https:\\\/\\\/adhernandez.com\\\/ca\\\/2024\\\/07\\\/16\\\/puc-canviar-lempresa-dascensors-de-la-meva-comunitat-i-contractar-una-altra\\\/#primaryimage\"},\"thumbnailUrl\":\"https:\\\/\\\/adhernandez.com\\\/wp-content\\\/uploads\\\/2024\\\/07\\\/ascensor-.jpg\",\"datePublished\":\"2024-07-16T09:23:07+00:00\",\"dateModified\":\"2024-07-16T09:23:08+00:00\",\"author\":{\"@id\":\"https:\\\/\\\/adhernandez.com\\\/ca\\\/#\\\/schema\\\/person\\\/330b9c8828ff3a80ee8053b5fff0e848\"},\"description\":\"S\u00ed, pots canviar l'empresa d'ascensors de la teva comunitat i contractar a una altra. Aqu\u00ed t'expliquem els passos a seguir\",\"breadcrumb\":{\"@id\":\"https:\\\/\\\/adhernandez.com\\\/ca\\\/2024\\\/07\\\/16\\\/puc-canviar-lempresa-dascensors-de-la-meva-comunitat-i-contractar-una-altra\\\/#breadcrumb\"},\"inLanguage\":\"ca\",\"potentialAction\":[{\"@type\":\"ReadAction\",\"target\":[\"https:\\\/\\\/adhernandez.com\\\/ca\\\/2024\\\/07\\\/16\\\/puc-canviar-lempresa-dascensors-de-la-meva-comunitat-i-contractar-una-altra\\\/\"]}]},{\"@type\":\"ImageObject\",\"inLanguage\":\"ca\",\"@id\":\"https:\\\/\\\/adhernandez.com\\\/ca\\\/2024\\\/07\\\/16\\\/puc-canviar-lempresa-dascensors-de-la-meva-comunitat-i-contractar-una-altra\\\/#primaryimage\",\"url\":\"https:\\\/\\\/adhernandez.com\\\/wp-content\\\/uploads\\\/2024\\\/07\\\/ascensor-.jpg\",\"contentUrl\":\"https:\\\/\\\/adhernandez.com\\\/wp-content\\\/uploads\\\/2024\\\/07\\\/ascensor-.jpg\",\"width\":1000,\"height\":430},{\"@type\":\"BreadcrumbList\",\"@id\":\"https:\\\/\\\/adhernandez.com\\\/ca\\\/2024\\\/07\\\/16\\\/puc-canviar-lempresa-dascensors-de-la-meva-comunitat-i-contractar-una-altra\\\/#breadcrumb\",\"itemListElement\":[{\"@type\":\"ListItem\",\"position\":1,\"name\":\"Portada\",\"item\":\"https:\\\/\\\/adhernandez.com\\\/ca\\\/adhernandez-inicio\\\/\"},{\"@type\":\"ListItem\",\"position\":2,\"name\":\"Puc canviar l&#8217;empresa d&#8217;ascensors de la meva comunitat i contractar una altra?\"}]},{\"@type\":\"WebSite\",\"@id\":\"https:\\\/\\\/adhernandez.com\\\/ca\\\/#website\",\"url\":\"https:\\\/\\\/adhernandez.com\\\/ca\\\/\",\"name\":\"Administraciones Hern\u00e1ndez\",\"description\":\"Equipo de profesionales con amplia experiencia en la gesti\u00f3n del patrimonio inmobiliario\",\"potentialAction\":[{\"@type\":\"SearchAction\",\"target\":{\"@type\":\"EntryPoint\",\"urlTemplate\":\"https:\\\/\\\/adhernandez.com\\\/ca\\\/?s={search_term_string}\"},\"query-input\":{\"@type\":\"PropertyValueSpecification\",\"valueRequired\":true,\"valueName\":\"search_term_string\"}}],\"inLanguage\":\"ca\"},{\"@type\":\"Person\",\"@id\":\"https:\\\/\\\/adhernandez.com\\\/ca\\\/#\\\/schema\\\/person\\\/330b9c8828ff3a80ee8053b5fff0e848\",\"name\":\"AdHern\u00e1ndez\",\"image\":{\"@type\":\"ImageObject\",\"inLanguage\":\"ca\",\"@id\":\"https:\\\/\\\/adhernandez.com\\\/wp-content\\\/litespeed\\\/avatar\\\/6b84e2484050905299b010a711cff345.jpg?ver=1777323059\",\"url\":\"https:\\\/\\\/adhernandez.com\\\/wp-content\\\/litespeed\\\/avatar\\\/6b84e2484050905299b010a711cff345.jpg?ver=1777323059\",\"contentUrl\":\"https:\\\/\\\/adhernandez.com\\\/wp-content\\\/litespeed\\\/avatar\\\/6b84e2484050905299b010a711cff345.jpg?ver=1777323059\",\"caption\":\"AdHern\u00e1ndez\"},\"url\":\"https:\\\/\\\/adhernandez.com\\\/ca\\\/author\\\/veronica\\\/\"}]}<\/script>\n<!-- \/ Yoast SEO plugin. -->","yoast_head_json":{"title":"Canviar empresa ascensors","description":"S\u00ed, pots canviar l'empresa d'ascensors de la teva comunitat i contractar a una altra. Aqu\u00ed t'expliquem els passos a seguir","robots":{"index":"index","follow":"follow","max-snippet":"max-snippet:-1","max-image-preview":"max-image-preview:large","max-video-preview":"max-video-preview:-1"},"canonical":"https:\/\/adhernandez.com\/ca\/2024\/07\/16\/puc-canviar-lempresa-dascensors-de-la-meva-comunitat-i-contractar-una-altra\/","og_locale":"ca_ES","og_type":"article","og_title":"Canviar empresa ascensors","og_description":"S\u00ed, pots canviar l'empresa d'ascensors de la teva comunitat i contractar a una altra. Aqu\u00ed t'expliquem els passos a seguir","og_url":"https:\/\/adhernandez.com\/ca\/2024\/07\/16\/puc-canviar-lempresa-dascensors-de-la-meva-comunitat-i-contractar-una-altra\/","og_site_name":"Administraciones Hern\u00e1ndez","article_published_time":"2024-07-16T09:23:07+00:00","article_modified_time":"2024-07-16T09:23:08+00:00","og_image":[{"width":1000,"height":430,"url":"https:\/\/adhernandez.com\/wp-content\/uploads\/2024\/07\/ascensor-.jpg","type":"image\/jpeg"}],"author":"AdHern\u00e1ndez","twitter_card":"summary_large_image","twitter_misc":{"Escrit per":"AdHern\u00e1ndez","Temps estimat de lectura":"2 minuts"},"schema":{"@context":"https:\/\/schema.org","@graph":[{"@type":"Article","@id":"https:\/\/adhernandez.com\/ca\/2024\/07\/16\/puc-canviar-lempresa-dascensors-de-la-meva-comunitat-i-contractar-una-altra\/#article","isPartOf":{"@id":"https:\/\/adhernandez.com\/ca\/2024\/07\/16\/puc-canviar-lempresa-dascensors-de-la-meva-comunitat-i-contractar-una-altra\/"},"author":{"name":"AdHern\u00e1ndez","@id":"https:\/\/adhernandez.com\/ca\/#\/schema\/person\/330b9c8828ff3a80ee8053b5fff0e848"},"headline":"Puc canviar l&#8217;empresa d&#8217;ascensors de la meva comunitat i contractar una altra?","datePublished":"2024-07-16T09:23:07+00:00","dateModified":"2024-07-16T09:23:08+00:00","mainEntityOfPage":{"@id":"https:\/\/adhernandez.com\/ca\/2024\/07\/16\/puc-canviar-lempresa-dascensors-de-la-meva-comunitat-i-contractar-una-altra\/"},"wordCount":470,"image":{"@id":"https:\/\/adhernandez.com\/ca\/2024\/07\/16\/puc-canviar-lempresa-dascensors-de-la-meva-comunitat-i-contractar-una-altra\/#primaryimage"},"thumbnailUrl":"https:\/\/adhernandez.com\/wp-content\/uploads\/2024\/07\/ascensor-.jpg","articleSection":["blog","Propiedad Horizontal"],"inLanguage":"ca"},{"@type":"WebPage","@id":"https:\/\/adhernandez.com\/ca\/2024\/07\/16\/puc-canviar-lempresa-dascensors-de-la-meva-comunitat-i-contractar-una-altra\/","url":"https:\/\/adhernandez.com\/ca\/2024\/07\/16\/puc-canviar-lempresa-dascensors-de-la-meva-comunitat-i-contractar-una-altra\/","name":"Canviar empresa ascensors","isPartOf":{"@id":"https:\/\/adhernandez.com\/ca\/#website"},"primaryImageOfPage":{"@id":"https:\/\/adhernandez.com\/ca\/2024\/07\/16\/puc-canviar-lempresa-dascensors-de-la-meva-comunitat-i-contractar-una-altra\/#primaryimage"},"image":{"@id":"https:\/\/adhernandez.com\/ca\/2024\/07\/16\/puc-canviar-lempresa-dascensors-de-la-meva-comunitat-i-contractar-una-altra\/#primaryimage"},"thumbnailUrl":"https:\/\/adhernandez.com\/wp-content\/uploads\/2024\/07\/ascensor-.jpg","datePublished":"2024-07-16T09:23:07+00:00","dateModified":"2024-07-16T09:23:08+00:00","author":{"@id":"https:\/\/adhernandez.com\/ca\/#\/schema\/person\/330b9c8828ff3a80ee8053b5fff0e848"},"description":"S\u00ed, pots canviar l'empresa d'ascensors de la teva comunitat i contractar a una altra. Aqu\u00ed t'expliquem els passos a seguir","breadcrumb":{"@id":"https:\/\/adhernandez.com\/ca\/2024\/07\/16\/puc-canviar-lempresa-dascensors-de-la-meva-comunitat-i-contractar-una-altra\/#breadcrumb"},"inLanguage":"ca","potentialAction":[{"@type":"ReadAction","target":["https:\/\/adhernandez.com\/ca\/2024\/07\/16\/puc-canviar-lempresa-dascensors-de-la-meva-comunitat-i-contractar-una-altra\/"]}]},{"@type":"ImageObject","inLanguage":"ca","@id":"https:\/\/adhernandez.com\/ca\/2024\/07\/16\/puc-canviar-lempresa-dascensors-de-la-meva-comunitat-i-contractar-una-altra\/#primaryimage","url":"https:\/\/adhernandez.com\/wp-content\/uploads\/2024\/07\/ascensor-.jpg","contentUrl":"https:\/\/adhernandez.com\/wp-content\/uploads\/2024\/07\/ascensor-.jpg","width":1000,"height":430},{"@type":"BreadcrumbList","@id":"https:\/\/adhernandez.com\/ca\/2024\/07\/16\/puc-canviar-lempresa-dascensors-de-la-meva-comunitat-i-contractar-una-altra\/#breadcrumb","itemListElement":[{"@type":"ListItem","position":1,"name":"Portada","item":"https:\/\/adhernandez.com\/ca\/adhernandez-inicio\/"},{"@type":"ListItem","position":2,"name":"Puc canviar l&#8217;empresa d&#8217;ascensors de la meva comunitat i contractar una altra?"}]},{"@type":"WebSite","@id":"https:\/\/adhernandez.com\/ca\/#website","url":"https:\/\/adhernandez.com\/ca\/","name":"Administraciones Hern\u00e1ndez","description":"Equipo de profesionales con amplia experiencia en la gesti\u00f3n del patrimonio inmobiliario","potentialAction":[{"@type":"SearchAction","target":{"@type":"EntryPoint","urlTemplate":"https:\/\/adhernandez.com\/ca\/?s={search_term_string}"},"query-input":{"@type":"PropertyValueSpecification","valueRequired":true,"valueName":"search_term_string"}}],"inLanguage":"ca"},{"@type":"Person","@id":"https:\/\/adhernandez.com\/ca\/#\/schema\/person\/330b9c8828ff3a80ee8053b5fff0e848","name":"AdHern\u00e1ndez","image":{"@type":"ImageObject","inLanguage":"ca","@id":"https:\/\/adhernandez.com\/wp-content\/litespeed\/avatar\/6b84e2484050905299b010a711cff345.jpg?ver=1777323059","url":"https:\/\/adhernandez.com\/wp-content\/litespeed\/avatar\/6b84e2484050905299b010a711cff345.jpg?ver=1777323059","contentUrl":"https:\/\/adhernandez.com\/wp-content\/litespeed\/avatar\/6b84e2484050905299b010a711cff345.jpg?ver=1777323059","caption":"AdHern\u00e1ndez"},"url":"https:\/\/adhernandez.com\/ca\/author\/veronica\/"}]}},"_links":{"self":[{"href":"https:\/\/adhernandez.com\/ca\/wp-json\/wp\/v2\/posts\/30357","targetHints":{"allow":["GET"]}}],"collection":[{"href":"https:\/\/adhernandez.com\/ca\/wp-json\/wp\/v2\/posts"}],"about":[{"href":"https:\/\/adhernandez.com\/ca\/wp-json\/wp\/v2\/types\/post"}],"author":[{"embeddable":true,"href":"https:\/\/adhernandez.com\/ca\/wp-json\/wp\/v2\/users\/6"}],"replies":[{"embeddable":true,"href":"https:\/\/adhernandez.com\/ca\/wp-json\/wp\/v2\/comments?post=30357"}],"version-history":[{"count":1,"href":"https:\/\/adhernandez.com\/ca\/wp-json\/wp\/v2\/posts\/30357\/revisions"}],"predecessor-version":[{"id":30358,"href":"https:\/\/adhernandez.com\/ca\/wp-json\/wp\/v2\/posts\/30357\/revisions\/30358"}],"wp:featuredmedia":[{"embeddable":true,"href":"https:\/\/adhernandez.com\/ca\/wp-json\/wp\/v2\/media\/30341"}],"wp:attachment":[{"href":"https:\/\/adhernandez.com\/ca\/wp-json\/wp\/v2\/media?parent=30357"}],"wp:term":[{"taxonomy":"category","embeddable":true,"href":"https:\/\/adhernandez.com\/ca\/wp-json\/wp\/v2\/categories?post=30357"},{"taxonomy":"post_tag","embeddable":true,"href":"https:\/\/adhernandez.com\/ca\/wp-json\/wp\/v2\/tags?post=30357"}],"curies":[{"name":"wp","href":"https:\/\/api.w.org\/{rel}","templated":true}]}}