{"id":30355,"date":"2024-07-09T09:16:00","date_gmt":"2024-07-09T09:16:00","guid":{"rendered":"https:\/\/adhernandez.com\/2024\/07\/16\/es-pot-emmagatzemar-mobles-en-la-meva-placa-de-garatge\/"},"modified":"2024-07-16T09:24:15","modified_gmt":"2024-07-16T09:24:15","slug":"es-pot-emmagatzemar-mobles-en-la-meva-placa-de-garatge","status":"publish","type":"post","link":"https:\/\/adhernandez.com\/ca\/2024\/07\/09\/es-pot-emmagatzemar-mobles-en-la-meva-placa-de-garatge\/","title":{"rendered":"<strong>Es pot emmagatzemar mobles en la meva pla\u00e7a de garatge?<\/strong>"},"content":{"rendered":"\t\t<div data-elementor-type=\"wp-post\" data-elementor-id=\"30355\" class=\"elementor elementor-30355 elementor-30312\">\n\t\t\t\t\t\t<section class=\"elementor-section elementor-top-section elementor-element elementor-element-3990469 elementor-section-boxed elementor-section-height-default elementor-section-height-default\" data-id=\"3990469\" data-element_type=\"section\" data-e-type=\"section\">\n\t\t\t\t\t\t<div class=\"elementor-container elementor-column-gap-default\">\n\t\t\t\t\t<div class=\"elementor-column elementor-col-100 elementor-top-column elementor-element elementor-element-5415a47\" data-id=\"5415a47\" data-element_type=\"column\" data-e-type=\"column\">\n\t\t\t<div class=\"elementor-widget-wrap elementor-element-populated\">\n\t\t\t\t\t\t<div class=\"elementor-element elementor-element-9cfb5de elementor-widget elementor-widget-text-editor\" data-id=\"9cfb5de\" data-element_type=\"widget\" data-e-type=\"widget\" data-widget_type=\"text-editor.default\">\n\t\t\t\t\t\t\t\t\t<p>Les places de garatge en una comunitat de propietaris s\u00f3n zones comunes d&#8217;\u00fas privatiu, cosa que significa que la seva propietat pertany a la comunitat, per\u00f2 el seu \u00fas correspon a un propietari en particular. Quan s&#8217;adquireix un habitatge, sovint ve acompanyada d&#8217;una pla\u00e7a de garatge, i \u00e9s com\u00fa que els propietaris es preguntin si poden utilitzar-la per a emmagatzemar mobles o altres estris.<\/p>\n\t\t\t\t\t\t\t\t<\/div>\n\t\t\t\t<div class=\"elementor-element elementor-element-d91cf00 elementor-widget elementor-widget-text-editor\" data-id=\"d91cf00\" data-element_type=\"widget\" data-e-type=\"widget\" data-widget_type=\"text-editor.default\">\n\t\t\t\t\t\t\t\t\t<h2>Regulaci\u00f3 legal a Catalunya<\/h2>\n\t\t\t\t\t\t\t\t<\/div>\n\t\t\t\t<div class=\"elementor-element elementor-element-73a0cdc elementor-widget elementor-widget-text-editor\" data-id=\"73a0cdc\" data-element_type=\"widget\" data-e-type=\"widget\" data-widget_type=\"text-editor.default\">\n\t\t\t\t\t\t\t\t\t<p>A Catalunya, la Llei de Propietat Horitzontal (LPH) regula l&#8217;\u00fas de les places de garatge en comunitats de propietaris. Aquesta llei no prohibeix de manera expl\u00edcita col\u00b7locar mobles d&#8217;emmagatzematge en les places de garatge.<\/p>\n<p>Segons l&#8217;article 7 de la LPH, cada propietari pot utilitzar la seva pla\u00e7a de garatge com consideri oport\u00fa, sempre que &#8220;no menyscabi o alteri la seguretat de l&#8217;edifici, la seva estructura general, la seva configuraci\u00f3 o estat exteriors, o perjudiqui els drets d&#8217;un altre propietari&#8221;.<\/p>\n<p>No obstant aix\u00f2, l&#8217;article 7.2 de la mateixa llei s\u00ed que prohibeix l&#8217;\u00fas de les places de garatge per a activitats &#8220;prohibides en els estatuts, que resultin danyoses per a la finca o que contravinguin les disposicions generals sobre activitats molestes, insalubres, nocives, perilloses o il\u00b7l\u00edcites&#8221;.<\/p>\n\t\t\t\t\t\t\t\t<\/div>\n\t\t\t\t<div class=\"elementor-element elementor-element-3ee734b elementor-widget elementor-widget-image\" data-id=\"3ee734b\" data-element_type=\"widget\" data-e-type=\"widget\" data-widget_type=\"image.default\">\n\t\t\t\t\t\t\t\t\t\t\t\t\t\t\t<img fetchpriority=\"high\" decoding=\"async\" width=\"640\" height=\"359\" src=\"https:\/\/adhernandez.com\/wp-content\/uploads\/2024\/07\/muebles-viejos.jpg\" class=\"attachment-large size-large wp-image-30318\" alt=\"plaza garaje coche\" srcset=\"https:\/\/adhernandez.com\/wp-content\/uploads\/2024\/07\/muebles-viejos.jpg 640w, https:\/\/adhernandez.com\/wp-content\/uploads\/2024\/07\/muebles-viejos-300x168.jpg 300w, https:\/\/adhernandez.com\/wp-content\/uploads\/2024\/07\/muebles-viejos-496x278.jpg 496w\" sizes=\"(max-width: 640px) 100vw, 640px\" \/>\t\t\t\t\t\t\t\t\t\t\t\t\t\t\t<\/div>\n\t\t\t\t<div class=\"elementor-element elementor-element-6a28c98 elementor-widget elementor-widget-text-editor\" data-id=\"6a28c98\" data-element_type=\"widget\" data-e-type=\"widget\" data-widget_type=\"text-editor.default\">\n\t\t\t\t\t\t\t\t\t<h2>Estatuts de la comunitat<\/h2>\n\t\t\t\t\t\t\t\t<\/div>\n\t\t\t\t<div class=\"elementor-element elementor-element-91baa71 elementor-widget elementor-widget-text-editor\" data-id=\"91baa71\" data-element_type=\"widget\" data-e-type=\"widget\" data-widget_type=\"text-editor.default\">\n\t\t\t\t\t\t\t\t\t<p>Encara que la LPH no prohibeix expl\u00edcitament emmagatzemar mobles en les places de garatge, \u00e9s important consultar els estatuts de la comunitat de propietaris, ja que aquests s\u00ed que podrien prohibir aquest \u00fas. En molts casos, els estatuts restringeixen l&#8217;\u00fas de les places de garatge \u00fanicament per a l&#8217;estacionament de vehicles.<\/p>\n<p>La ra\u00f3 principal \u00e9s que, en cas que ocorri algun incident, com un incendi, el segur podria no cobrir els danys i desperfectes si es considera que la pla\u00e7a de garatge s&#8217;estava utilitzant per a emmagatzemar objectes en lloc de per a aparcar el vehicle.<\/p>\n\t\t\t\t\t\t\t\t<\/div>\n\t\t\t\t<div class=\"elementor-element elementor-element-497f95d elementor-widget elementor-widget-text-editor\" data-id=\"497f95d\" data-element_type=\"widget\" data-e-type=\"widget\" data-widget_type=\"text-editor.default\">\n\t\t\t\t\t\t\t\t\t<h2>Recomanacions pr\u00e0ctiques<\/h2>\n\t\t\t\t\t\t\t\t<\/div>\n\t\t\t\t<div class=\"elementor-element elementor-element-1f1309e elementor-widget elementor-widget-text-editor\" data-id=\"1f1309e\" data-element_type=\"widget\" data-e-type=\"widget\" data-widget_type=\"text-editor.default\">\n\t\t\t\t\t\t\t\t\t<p>Abans de col\u00b7locar qualsevol moble o estris en la pla\u00e7a de garatge, es recomana parlar amb el president de la comunitat de propietaris per a assegurar-se que est\u00e0 perm\u00e8s. Si els estatuts ho prohibeixen, sempre es pot plantejar la possibilitat de modificar-los amb l&#8217;acord de la majoria dels propietaris.<\/p>\n<p>A m\u00e9s, \u00e9s important tenir en compte que, encara que es permeti emmagatzemar mobles, aquests no han d&#8217;obstaculitzar la maniobrabilitat dels vehicles ni dificultar l&#8217;acc\u00e9s a les places adjacents. Tampoc s&#8217;han de col\u00b7locar elements fixos, com a prestatgeries ancorades a les parets, ja que aix\u00f2 implicaria una alteraci\u00f3 dels elements comuns i requeriria l&#8217;acord d&#8217;almenys el 60% dels propietaris i els seus coeficients de participaci\u00f3.<\/p>\n\t\t\t\t\t\t\t\t<\/div>\n\t\t\t\t<div class=\"elementor-element elementor-element-29b233f elementor-widget elementor-widget-text-editor\" data-id=\"29b233f\" data-element_type=\"widget\" data-e-type=\"widget\" data-widget_type=\"text-editor.default\">\n\t\t\t\t\t\t\t\t\t<h2>Responsabilitat i assegurances<\/h2>\n\t\t\t\t\t\t\t\t<\/div>\n\t\t\t\t<div class=\"elementor-element elementor-element-4058c53 elementor-widget elementor-widget-text-editor\" data-id=\"4058c53\" data-element_type=\"widget\" data-e-type=\"widget\" data-widget_type=\"text-editor.default\">\n\t\t\t\t\t\t\t\t\t<p>Un altre aspecte a considerar \u00e9s la responsabilitat en la qual es pot inc\u00f3rrer pels danys que puguin ocasionar els objectes emmagatzemats en la pla\u00e7a de garatge. At\u00e8s que els vehicles de motor tenen dip\u00f2sits de combustible inflamable, en cas d&#8217;incendi, els estris podrien actuar com a elements propagadors del foc, agreujant la responsabilitat del propietari.<br \/>Per aix\u00f2, es recomana consultar amb les companyies d&#8217;assegurances, tant de la comunitat de propietaris com de l&#8217;asseguran\u00e7a de la llar, per a con\u00e8ixer quines conting\u00e8ncies i riscos estarien coberts en cas que ocorri algun incident relacionat amb els objectes emmagatzemats en la pla\u00e7a de garatge.<\/p>\n<p>En resum, la legislaci\u00f3 a Catalunya, i espec\u00edficament a Barcelona, no prohibeix de manera expl\u00edcita emmagatzemar mobles en les places de garatge d&#8217;una comunitat de propietaris. No obstant aix\u00f2, \u00e9s important consultar els estatuts de la comunitat, ja que aquests s\u00ed que podrien restringir aquest \u00fas. A m\u00e9s, s&#8217;ha de tenir en compte la responsabilitat i les assegurances que podrien cobrir els possibles danys ocasionats pels objectes emmagatzemats.<\/p>\n\t\t\t\t\t\t\t\t<\/div>\n\t\t\t\t\t<\/div>\n\t\t<\/div>\n\t\t\t\t\t<\/div>\n\t\t<\/section>\n\t\t\t\t<\/div>\n\t\t","protected":false},"excerpt":{"rendered":"<p>S\u00ed, \u00e9s possible emmagatzemar mobles en la teva pla\u00e7a de garatge, per\u00f2 amb unes condicions. Llegeix el seg\u00fcent article i informa&#8217;t<\/p>\n","protected":false},"author":6,"featured_media":30322,"comment_status":"closed","ping_status":"closed","sticky":false,"template":"","format":"standard","meta":{"footnotes":""},"categories":[378,365],"tags":[],"class_list":["post-30355","post","type-post","status-publish","format-standard","has-post-thumbnail","hentry","category-blog-ca","category-propiedad-horizontal-ca"],"yoast_head":"<!-- This site is optimized with the Yoast SEO plugin v27.4 - https:\/\/yoast.com\/product\/yoast-seo-wordpress\/ -->\n<title>Es pot emmagatzemar mobles en la meva pla\u00e7a de garatge? - Administraciones Hern\u00e1ndez<\/title>\n<meta name=\"description\" content=\"S\u00ed, \u00e9s possible emmagatzemar mobles en la teva pla\u00e7a de garatge, per\u00f2 amb unes condicions. Llegeix el seg\u00fcent article i informa&#039;t\" \/>\n<meta name=\"robots\" content=\"index, follow, max-snippet:-1, max-image-preview:large, max-video-preview:-1\" \/>\n<link rel=\"canonical\" href=\"https:\/\/adhernandez.com\/ca\/2024\/07\/09\/es-pot-emmagatzemar-mobles-en-la-meva-placa-de-garatge\/\" \/>\n<meta property=\"og:locale\" content=\"ca_ES\" \/>\n<meta property=\"og:type\" content=\"article\" \/>\n<meta property=\"og:title\" content=\"Es pot emmagatzemar mobles en la meva pla\u00e7a de garatge? - Administraciones Hern\u00e1ndez\" \/>\n<meta property=\"og:description\" content=\"S\u00ed, \u00e9s possible emmagatzemar mobles en la teva pla\u00e7a de garatge, per\u00f2 amb unes condicions. Llegeix el seg\u00fcent article i informa&#039;t\" \/>\n<meta property=\"og:url\" content=\"https:\/\/adhernandez.com\/ca\/2024\/07\/09\/es-pot-emmagatzemar-mobles-en-la-meva-placa-de-garatge\/\" \/>\n<meta property=\"og:site_name\" content=\"Administraciones Hern\u00e1ndez\" \/>\n<meta property=\"article:published_time\" content=\"2024-07-09T09:16:00+00:00\" \/>\n<meta property=\"article:modified_time\" content=\"2024-07-16T09:24:15+00:00\" \/>\n<meta property=\"og:image\" content=\"https:\/\/adhernandez.com\/wp-content\/uploads\/2024\/07\/plaza-garaje-coche.jpg\" \/>\n\t<meta property=\"og:image:width\" content=\"1000\" \/>\n\t<meta property=\"og:image:height\" content=\"430\" \/>\n\t<meta property=\"og:image:type\" content=\"image\/jpeg\" \/>\n<meta name=\"author\" content=\"AdHern\u00e1ndez\" \/>\n<meta name=\"twitter:card\" content=\"summary_large_image\" \/>\n<meta name=\"twitter:label1\" content=\"Escrit per\" \/>\n\t<meta name=\"twitter:data1\" content=\"AdHern\u00e1ndez\" \/>\n\t<meta name=\"twitter:label2\" content=\"Temps estimat de lectura\" \/>\n\t<meta name=\"twitter:data2\" content=\"3 minuts\" \/>\n<script type=\"application\/ld+json\" class=\"yoast-schema-graph\">{\"@context\":\"https:\\\/\\\/schema.org\",\"@graph\":[{\"@type\":\"Article\",\"@id\":\"https:\\\/\\\/adhernandez.com\\\/ca\\\/2024\\\/07\\\/09\\\/es-pot-emmagatzemar-mobles-en-la-meva-placa-de-garatge\\\/#article\",\"isPartOf\":{\"@id\":\"https:\\\/\\\/adhernandez.com\\\/ca\\\/2024\\\/07\\\/09\\\/es-pot-emmagatzemar-mobles-en-la-meva-placa-de-garatge\\\/\"},\"author\":{\"name\":\"AdHern\u00e1ndez\",\"@id\":\"https:\\\/\\\/adhernandez.com\\\/ca\\\/#\\\/schema\\\/person\\\/330b9c8828ff3a80ee8053b5fff0e848\"},\"headline\":\"Es pot emmagatzemar mobles en la meva pla\u00e7a de garatge?\",\"datePublished\":\"2024-07-09T09:16:00+00:00\",\"dateModified\":\"2024-07-16T09:24:15+00:00\",\"mainEntityOfPage\":{\"@id\":\"https:\\\/\\\/adhernandez.com\\\/ca\\\/2024\\\/07\\\/09\\\/es-pot-emmagatzemar-mobles-en-la-meva-placa-de-garatge\\\/\"},\"wordCount\":627,\"image\":{\"@id\":\"https:\\\/\\\/adhernandez.com\\\/ca\\\/2024\\\/07\\\/09\\\/es-pot-emmagatzemar-mobles-en-la-meva-placa-de-garatge\\\/#primaryimage\"},\"thumbnailUrl\":\"https:\\\/\\\/adhernandez.com\\\/wp-content\\\/uploads\\\/2024\\\/07\\\/plaza-garaje-coche.jpg\",\"articleSection\":[\"blog\",\"Propiedad Horizontal\"],\"inLanguage\":\"ca\"},{\"@type\":\"WebPage\",\"@id\":\"https:\\\/\\\/adhernandez.com\\\/ca\\\/2024\\\/07\\\/09\\\/es-pot-emmagatzemar-mobles-en-la-meva-placa-de-garatge\\\/\",\"url\":\"https:\\\/\\\/adhernandez.com\\\/ca\\\/2024\\\/07\\\/09\\\/es-pot-emmagatzemar-mobles-en-la-meva-placa-de-garatge\\\/\",\"name\":\"Es pot emmagatzemar mobles en la meva pla\u00e7a de garatge? - Administraciones Hern\u00e1ndez\",\"isPartOf\":{\"@id\":\"https:\\\/\\\/adhernandez.com\\\/ca\\\/#website\"},\"primaryImageOfPage\":{\"@id\":\"https:\\\/\\\/adhernandez.com\\\/ca\\\/2024\\\/07\\\/09\\\/es-pot-emmagatzemar-mobles-en-la-meva-placa-de-garatge\\\/#primaryimage\"},\"image\":{\"@id\":\"https:\\\/\\\/adhernandez.com\\\/ca\\\/2024\\\/07\\\/09\\\/es-pot-emmagatzemar-mobles-en-la-meva-placa-de-garatge\\\/#primaryimage\"},\"thumbnailUrl\":\"https:\\\/\\\/adhernandez.com\\\/wp-content\\\/uploads\\\/2024\\\/07\\\/plaza-garaje-coche.jpg\",\"datePublished\":\"2024-07-09T09:16:00+00:00\",\"dateModified\":\"2024-07-16T09:24:15+00:00\",\"author\":{\"@id\":\"https:\\\/\\\/adhernandez.com\\\/ca\\\/#\\\/schema\\\/person\\\/330b9c8828ff3a80ee8053b5fff0e848\"},\"description\":\"S\u00ed, \u00e9s possible emmagatzemar mobles en la teva pla\u00e7a de garatge, per\u00f2 amb unes condicions. Llegeix el seg\u00fcent article i informa't\",\"breadcrumb\":{\"@id\":\"https:\\\/\\\/adhernandez.com\\\/ca\\\/2024\\\/07\\\/09\\\/es-pot-emmagatzemar-mobles-en-la-meva-placa-de-garatge\\\/#breadcrumb\"},\"inLanguage\":\"ca\",\"potentialAction\":[{\"@type\":\"ReadAction\",\"target\":[\"https:\\\/\\\/adhernandez.com\\\/ca\\\/2024\\\/07\\\/09\\\/es-pot-emmagatzemar-mobles-en-la-meva-placa-de-garatge\\\/\"]}]},{\"@type\":\"ImageObject\",\"inLanguage\":\"ca\",\"@id\":\"https:\\\/\\\/adhernandez.com\\\/ca\\\/2024\\\/07\\\/09\\\/es-pot-emmagatzemar-mobles-en-la-meva-placa-de-garatge\\\/#primaryimage\",\"url\":\"https:\\\/\\\/adhernandez.com\\\/wp-content\\\/uploads\\\/2024\\\/07\\\/plaza-garaje-coche.jpg\",\"contentUrl\":\"https:\\\/\\\/adhernandez.com\\\/wp-content\\\/uploads\\\/2024\\\/07\\\/plaza-garaje-coche.jpg\",\"width\":1000,\"height\":430,\"caption\":\"plaza garaje coche\"},{\"@type\":\"BreadcrumbList\",\"@id\":\"https:\\\/\\\/adhernandez.com\\\/ca\\\/2024\\\/07\\\/09\\\/es-pot-emmagatzemar-mobles-en-la-meva-placa-de-garatge\\\/#breadcrumb\",\"itemListElement\":[{\"@type\":\"ListItem\",\"position\":1,\"name\":\"Portada\",\"item\":\"https:\\\/\\\/adhernandez.com\\\/ca\\\/adhernandez-inicio\\\/\"},{\"@type\":\"ListItem\",\"position\":2,\"name\":\"Es pot emmagatzemar mobles en la meva pla\u00e7a de garatge?\"}]},{\"@type\":\"WebSite\",\"@id\":\"https:\\\/\\\/adhernandez.com\\\/ca\\\/#website\",\"url\":\"https:\\\/\\\/adhernandez.com\\\/ca\\\/\",\"name\":\"Administraciones Hern\u00e1ndez\",\"description\":\"Equipo de profesionales con amplia experiencia en la gesti\u00f3n del patrimonio inmobiliario\",\"potentialAction\":[{\"@type\":\"SearchAction\",\"target\":{\"@type\":\"EntryPoint\",\"urlTemplate\":\"https:\\\/\\\/adhernandez.com\\\/ca\\\/?s={search_term_string}\"},\"query-input\":{\"@type\":\"PropertyValueSpecification\",\"valueRequired\":true,\"valueName\":\"search_term_string\"}}],\"inLanguage\":\"ca\"},{\"@type\":\"Person\",\"@id\":\"https:\\\/\\\/adhernandez.com\\\/ca\\\/#\\\/schema\\\/person\\\/330b9c8828ff3a80ee8053b5fff0e848\",\"name\":\"AdHern\u00e1ndez\",\"image\":{\"@type\":\"ImageObject\",\"inLanguage\":\"ca\",\"@id\":\"https:\\\/\\\/adhernandez.com\\\/wp-content\\\/litespeed\\\/avatar\\\/6b84e2484050905299b010a711cff345.jpg?ver=1777323059\",\"url\":\"https:\\\/\\\/adhernandez.com\\\/wp-content\\\/litespeed\\\/avatar\\\/6b84e2484050905299b010a711cff345.jpg?ver=1777323059\",\"contentUrl\":\"https:\\\/\\\/adhernandez.com\\\/wp-content\\\/litespeed\\\/avatar\\\/6b84e2484050905299b010a711cff345.jpg?ver=1777323059\",\"caption\":\"AdHern\u00e1ndez\"},\"url\":\"https:\\\/\\\/adhernandez.com\\\/ca\\\/author\\\/veronica\\\/\"}]}<\/script>\n<!-- \/ Yoast SEO plugin. -->","yoast_head_json":{"title":"Es pot emmagatzemar mobles en la meva pla\u00e7a de garatge? - Administraciones Hern\u00e1ndez","description":"S\u00ed, \u00e9s possible emmagatzemar mobles en la teva pla\u00e7a de garatge, per\u00f2 amb unes condicions. Llegeix el seg\u00fcent article i informa't","robots":{"index":"index","follow":"follow","max-snippet":"max-snippet:-1","max-image-preview":"max-image-preview:large","max-video-preview":"max-video-preview:-1"},"canonical":"https:\/\/adhernandez.com\/ca\/2024\/07\/09\/es-pot-emmagatzemar-mobles-en-la-meva-placa-de-garatge\/","og_locale":"ca_ES","og_type":"article","og_title":"Es pot emmagatzemar mobles en la meva pla\u00e7a de garatge? - Administraciones Hern\u00e1ndez","og_description":"S\u00ed, \u00e9s possible emmagatzemar mobles en la teva pla\u00e7a de garatge, per\u00f2 amb unes condicions. Llegeix el seg\u00fcent article i informa't","og_url":"https:\/\/adhernandez.com\/ca\/2024\/07\/09\/es-pot-emmagatzemar-mobles-en-la-meva-placa-de-garatge\/","og_site_name":"Administraciones Hern\u00e1ndez","article_published_time":"2024-07-09T09:16:00+00:00","article_modified_time":"2024-07-16T09:24:15+00:00","og_image":[{"width":1000,"height":430,"url":"https:\/\/adhernandez.com\/wp-content\/uploads\/2024\/07\/plaza-garaje-coche.jpg","type":"image\/jpeg"}],"author":"AdHern\u00e1ndez","twitter_card":"summary_large_image","twitter_misc":{"Escrit per":"AdHern\u00e1ndez","Temps estimat de lectura":"3 minuts"},"schema":{"@context":"https:\/\/schema.org","@graph":[{"@type":"Article","@id":"https:\/\/adhernandez.com\/ca\/2024\/07\/09\/es-pot-emmagatzemar-mobles-en-la-meva-placa-de-garatge\/#article","isPartOf":{"@id":"https:\/\/adhernandez.com\/ca\/2024\/07\/09\/es-pot-emmagatzemar-mobles-en-la-meva-placa-de-garatge\/"},"author":{"name":"AdHern\u00e1ndez","@id":"https:\/\/adhernandez.com\/ca\/#\/schema\/person\/330b9c8828ff3a80ee8053b5fff0e848"},"headline":"Es pot emmagatzemar mobles en la meva pla\u00e7a de garatge?","datePublished":"2024-07-09T09:16:00+00:00","dateModified":"2024-07-16T09:24:15+00:00","mainEntityOfPage":{"@id":"https:\/\/adhernandez.com\/ca\/2024\/07\/09\/es-pot-emmagatzemar-mobles-en-la-meva-placa-de-garatge\/"},"wordCount":627,"image":{"@id":"https:\/\/adhernandez.com\/ca\/2024\/07\/09\/es-pot-emmagatzemar-mobles-en-la-meva-placa-de-garatge\/#primaryimage"},"thumbnailUrl":"https:\/\/adhernandez.com\/wp-content\/uploads\/2024\/07\/plaza-garaje-coche.jpg","articleSection":["blog","Propiedad Horizontal"],"inLanguage":"ca"},{"@type":"WebPage","@id":"https:\/\/adhernandez.com\/ca\/2024\/07\/09\/es-pot-emmagatzemar-mobles-en-la-meva-placa-de-garatge\/","url":"https:\/\/adhernandez.com\/ca\/2024\/07\/09\/es-pot-emmagatzemar-mobles-en-la-meva-placa-de-garatge\/","name":"Es pot emmagatzemar mobles en la meva pla\u00e7a de garatge? - Administraciones Hern\u00e1ndez","isPartOf":{"@id":"https:\/\/adhernandez.com\/ca\/#website"},"primaryImageOfPage":{"@id":"https:\/\/adhernandez.com\/ca\/2024\/07\/09\/es-pot-emmagatzemar-mobles-en-la-meva-placa-de-garatge\/#primaryimage"},"image":{"@id":"https:\/\/adhernandez.com\/ca\/2024\/07\/09\/es-pot-emmagatzemar-mobles-en-la-meva-placa-de-garatge\/#primaryimage"},"thumbnailUrl":"https:\/\/adhernandez.com\/wp-content\/uploads\/2024\/07\/plaza-garaje-coche.jpg","datePublished":"2024-07-09T09:16:00+00:00","dateModified":"2024-07-16T09:24:15+00:00","author":{"@id":"https:\/\/adhernandez.com\/ca\/#\/schema\/person\/330b9c8828ff3a80ee8053b5fff0e848"},"description":"S\u00ed, \u00e9s possible emmagatzemar mobles en la teva pla\u00e7a de garatge, per\u00f2 amb unes condicions. Llegeix el seg\u00fcent article i informa't","breadcrumb":{"@id":"https:\/\/adhernandez.com\/ca\/2024\/07\/09\/es-pot-emmagatzemar-mobles-en-la-meva-placa-de-garatge\/#breadcrumb"},"inLanguage":"ca","potentialAction":[{"@type":"ReadAction","target":["https:\/\/adhernandez.com\/ca\/2024\/07\/09\/es-pot-emmagatzemar-mobles-en-la-meva-placa-de-garatge\/"]}]},{"@type":"ImageObject","inLanguage":"ca","@id":"https:\/\/adhernandez.com\/ca\/2024\/07\/09\/es-pot-emmagatzemar-mobles-en-la-meva-placa-de-garatge\/#primaryimage","url":"https:\/\/adhernandez.com\/wp-content\/uploads\/2024\/07\/plaza-garaje-coche.jpg","contentUrl":"https:\/\/adhernandez.com\/wp-content\/uploads\/2024\/07\/plaza-garaje-coche.jpg","width":1000,"height":430,"caption":"plaza garaje coche"},{"@type":"BreadcrumbList","@id":"https:\/\/adhernandez.com\/ca\/2024\/07\/09\/es-pot-emmagatzemar-mobles-en-la-meva-placa-de-garatge\/#breadcrumb","itemListElement":[{"@type":"ListItem","position":1,"name":"Portada","item":"https:\/\/adhernandez.com\/ca\/adhernandez-inicio\/"},{"@type":"ListItem","position":2,"name":"Es pot emmagatzemar mobles en la meva pla\u00e7a de garatge?"}]},{"@type":"WebSite","@id":"https:\/\/adhernandez.com\/ca\/#website","url":"https:\/\/adhernandez.com\/ca\/","name":"Administraciones Hern\u00e1ndez","description":"Equipo de profesionales con amplia experiencia en la gesti\u00f3n del patrimonio inmobiliario","potentialAction":[{"@type":"SearchAction","target":{"@type":"EntryPoint","urlTemplate":"https:\/\/adhernandez.com\/ca\/?s={search_term_string}"},"query-input":{"@type":"PropertyValueSpecification","valueRequired":true,"valueName":"search_term_string"}}],"inLanguage":"ca"},{"@type":"Person","@id":"https:\/\/adhernandez.com\/ca\/#\/schema\/person\/330b9c8828ff3a80ee8053b5fff0e848","name":"AdHern\u00e1ndez","image":{"@type":"ImageObject","inLanguage":"ca","@id":"https:\/\/adhernandez.com\/wp-content\/litespeed\/avatar\/6b84e2484050905299b010a711cff345.jpg?ver=1777323059","url":"https:\/\/adhernandez.com\/wp-content\/litespeed\/avatar\/6b84e2484050905299b010a711cff345.jpg?ver=1777323059","contentUrl":"https:\/\/adhernandez.com\/wp-content\/litespeed\/avatar\/6b84e2484050905299b010a711cff345.jpg?ver=1777323059","caption":"AdHern\u00e1ndez"},"url":"https:\/\/adhernandez.com\/ca\/author\/veronica\/"}]}},"_links":{"self":[{"href":"https:\/\/adhernandez.com\/ca\/wp-json\/wp\/v2\/posts\/30355","targetHints":{"allow":["GET"]}}],"collection":[{"href":"https:\/\/adhernandez.com\/ca\/wp-json\/wp\/v2\/posts"}],"about":[{"href":"https:\/\/adhernandez.com\/ca\/wp-json\/wp\/v2\/types\/post"}],"author":[{"embeddable":true,"href":"https:\/\/adhernandez.com\/ca\/wp-json\/wp\/v2\/users\/6"}],"replies":[{"embeddable":true,"href":"https:\/\/adhernandez.com\/ca\/wp-json\/wp\/v2\/comments?post=30355"}],"version-history":[{"count":2,"href":"https:\/\/adhernandez.com\/ca\/wp-json\/wp\/v2\/posts\/30355\/revisions"}],"predecessor-version":[{"id":30360,"href":"https:\/\/adhernandez.com\/ca\/wp-json\/wp\/v2\/posts\/30355\/revisions\/30360"}],"wp:featuredmedia":[{"embeddable":true,"href":"https:\/\/adhernandez.com\/ca\/wp-json\/wp\/v2\/media\/30322"}],"wp:attachment":[{"href":"https:\/\/adhernandez.com\/ca\/wp-json\/wp\/v2\/media?parent=30355"}],"wp:term":[{"taxonomy":"category","embeddable":true,"href":"https:\/\/adhernandez.com\/ca\/wp-json\/wp\/v2\/categories?post=30355"},{"taxonomy":"post_tag","embeddable":true,"href":"https:\/\/adhernandez.com\/ca\/wp-json\/wp\/v2\/tags?post=30355"}],"curies":[{"name":"wp","href":"https:\/\/api.w.org\/{rel}","templated":true}]}}