{"id":29999,"date":"2024-05-22T14:45:37","date_gmt":"2024-05-22T14:45:37","guid":{"rendered":"https:\/\/adhernandez.com\/2024\/05\/22\/ens-mudem-a-una-nova-oficina-mes-gran-i-moderna\/"},"modified":"2024-05-23T09:00:30","modified_gmt":"2024-05-23T09:00:30","slug":"ens-mudem-a-una-nova-oficina-mes-gran-i-moderna","status":"publish","type":"post","link":"https:\/\/adhernandez.com\/ca\/2024\/05\/22\/ens-mudem-a-una-nova-oficina-mes-gran-i-moderna\/","title":{"rendered":"<strong>Ens mudem a una nova oficina m\u00e9s gran i moderna!<\/strong>"},"content":{"rendered":"\t\t<div data-elementor-type=\"wp-post\" data-elementor-id=\"29999\" class=\"elementor elementor-29999 elementor-29991\">\n\t\t\t\t\t\t<section class=\"elementor-section elementor-top-section elementor-element elementor-element-9c0e898 elementor-section-boxed elementor-section-height-default elementor-section-height-default\" data-id=\"9c0e898\" data-element_type=\"section\" data-e-type=\"section\">\n\t\t\t\t\t\t<div class=\"elementor-container elementor-column-gap-default\">\n\t\t\t\t\t<div class=\"elementor-column elementor-col-100 elementor-top-column elementor-element elementor-element-0048b7a\" data-id=\"0048b7a\" data-element_type=\"column\" data-e-type=\"column\">\n\t\t\t<div class=\"elementor-widget-wrap elementor-element-populated\">\n\t\t\t\t\t\t<div class=\"elementor-element elementor-element-4a906c3 elementor-widget elementor-widget-text-editor\" data-id=\"4a906c3\" data-element_type=\"widget\" data-e-type=\"widget\" data-widget_type=\"text-editor.default\">\n\t\t\t\t\t\t\t\t\t<p>Ens complau informar-vos que estem millorant els nostres serveis i atenci\u00f3 al client amb un canvi d&#8217;ubicaci\u00f3. A partir del dilluns 27 de maig, ens traslladem a la nostra nova oficina al C\/Balmes 177, Principal 2a, 08006 Barcelona, a nom\u00e9s cinc minuts de l&#8217;actual.<\/p>\n<p>Aquest trasllat respon al nostre comprom\u00eds d&#8217;oferir un millor servei i un entorn m\u00e9s c\u00f2mode i eficient on disposarem de m\u00e9s sales de reunions.<\/p><p>Durant el dia de la mudan\u00e7a, prevista per al divendres 24 de maig, no hi haur\u00e0 atenci\u00f3 presencial, no obstant, seguirem atenent les trucades amb normalitat. <\/p>\t\t\t\t\t\t\t\t<\/div>\n\t\t\t\t<div class=\"elementor-element elementor-element-dc8427e elementor-widget elementor-widget-text-editor\" data-id=\"dc8427e\" data-element_type=\"widget\" data-e-type=\"widget\" data-widget_type=\"text-editor.default\">\n\t\t\t\t\t\t\t\t\tAgra\u00efm la seva comprensi\u00f3 i confian\u00e7a i esperem rebre&#8217;ls aviat a la nostra nova oficina a partir del dilluns 27 de maig.\t\t\t\t\t\t\t\t<\/div>\n\t\t\t\t\t<\/div>\n\t\t<\/div>\n\t\t\t\t\t<\/div>\n\t\t<\/section>\n\t\t\t\t<\/div>\n\t\t","protected":false},"excerpt":{"rendered":"<p>Divendres que ve 24 de maig, estarem mudant-nos a la nostra nova instal\u00b7laci\u00f3 situades en C\/Balmes 177 entresol 2a, 08006 Barcelona<\/p>\n","protected":false},"author":6,"featured_media":29996,"comment_status":"closed","ping_status":"closed","sticky":false,"template":"","format":"standard","meta":{"footnotes":""},"categories":[378],"tags":[],"class_list":["post-29999","post","type-post","status-publish","format-standard","has-post-thumbnail","hentry","category-blog-ca"],"yoast_head":"<!-- This site is optimized with the Yoast SEO plugin v27.4 - https:\/\/yoast.com\/product\/yoast-seo-wordpress\/ -->\n<title>Ens mudem a una nova oficina m\u00e9s gran i moderna! - Administraciones Hern\u00e1ndez<\/title>\n<meta name=\"description\" content=\"Divendres que ve 24 de maig, estarem mudant-nos a la nostra nova instal\u00b7laci\u00f3 situades en C\/Balmes 177 entresol 2a, 08006 Barcelona\" \/>\n<meta name=\"robots\" content=\"index, follow, max-snippet:-1, max-image-preview:large, max-video-preview:-1\" \/>\n<link rel=\"canonical\" href=\"https:\/\/adhernandez.com\/ca\/2024\/05\/22\/ens-mudem-a-una-nova-oficina-mes-gran-i-moderna\/\" \/>\n<meta property=\"og:locale\" content=\"ca_ES\" \/>\n<meta property=\"og:type\" content=\"article\" \/>\n<meta property=\"og:title\" content=\"Ens mudem a una nova oficina m\u00e9s gran i moderna! - Administraciones Hern\u00e1ndez\" \/>\n<meta property=\"og:description\" content=\"Divendres que ve 24 de maig, estarem mudant-nos a la nostra nova instal\u00b7laci\u00f3 situades en C\/Balmes 177 entresol 2a, 08006 Barcelona\" \/>\n<meta property=\"og:url\" content=\"https:\/\/adhernandez.com\/ca\/2024\/05\/22\/ens-mudem-a-una-nova-oficina-mes-gran-i-moderna\/\" \/>\n<meta property=\"og:site_name\" content=\"Administraciones Hern\u00e1ndez\" \/>\n<meta property=\"article:published_time\" content=\"2024-05-22T14:45:37+00:00\" \/>\n<meta property=\"article:modified_time\" content=\"2024-05-23T09:00:30+00:00\" \/>\n<meta property=\"og:image\" content=\"https:\/\/adhernandez.com\/wp-content\/uploads\/2024\/05\/traslado-oficina.jpg\" \/>\n\t<meta property=\"og:image:width\" content=\"1000\" \/>\n\t<meta property=\"og:image:height\" content=\"430\" \/>\n\t<meta property=\"og:image:type\" content=\"image\/jpeg\" \/>\n<meta name=\"author\" content=\"AdHern\u00e1ndez\" \/>\n<meta name=\"twitter:card\" content=\"summary_large_image\" \/>\n<meta name=\"twitter:label1\" content=\"Escrit per\" \/>\n\t<meta name=\"twitter:data1\" content=\"AdHern\u00e1ndez\" \/>\n\t<meta name=\"twitter:label2\" content=\"Temps estimat de lectura\" \/>\n\t<meta name=\"twitter:data2\" content=\"1 minut\" \/>\n<script type=\"application\/ld+json\" class=\"yoast-schema-graph\">{\"@context\":\"https:\\\/\\\/schema.org\",\"@graph\":[{\"@type\":\"Article\",\"@id\":\"https:\\\/\\\/adhernandez.com\\\/ca\\\/2024\\\/05\\\/22\\\/ens-mudem-a-una-nova-oficina-mes-gran-i-moderna\\\/#article\",\"isPartOf\":{\"@id\":\"https:\\\/\\\/adhernandez.com\\\/ca\\\/2024\\\/05\\\/22\\\/ens-mudem-a-una-nova-oficina-mes-gran-i-moderna\\\/\"},\"author\":{\"name\":\"AdHern\u00e1ndez\",\"@id\":\"https:\\\/\\\/adhernandez.com\\\/ca\\\/#\\\/schema\\\/person\\\/330b9c8828ff3a80ee8053b5fff0e848\"},\"headline\":\"Ens mudem a una nova oficina m\u00e9s gran i moderna!\",\"datePublished\":\"2024-05-22T14:45:37+00:00\",\"dateModified\":\"2024-05-23T09:00:30+00:00\",\"mainEntityOfPage\":{\"@id\":\"https:\\\/\\\/adhernandez.com\\\/ca\\\/2024\\\/05\\\/22\\\/ens-mudem-a-una-nova-oficina-mes-gran-i-moderna\\\/\"},\"wordCount\":137,\"image\":{\"@id\":\"https:\\\/\\\/adhernandez.com\\\/ca\\\/2024\\\/05\\\/22\\\/ens-mudem-a-una-nova-oficina-mes-gran-i-moderna\\\/#primaryimage\"},\"thumbnailUrl\":\"https:\\\/\\\/adhernandez.com\\\/wp-content\\\/uploads\\\/2024\\\/05\\\/traslado-oficina.jpg\",\"articleSection\":[\"blog\"],\"inLanguage\":\"ca\"},{\"@type\":\"WebPage\",\"@id\":\"https:\\\/\\\/adhernandez.com\\\/ca\\\/2024\\\/05\\\/22\\\/ens-mudem-a-una-nova-oficina-mes-gran-i-moderna\\\/\",\"url\":\"https:\\\/\\\/adhernandez.com\\\/ca\\\/2024\\\/05\\\/22\\\/ens-mudem-a-una-nova-oficina-mes-gran-i-moderna\\\/\",\"name\":\"Ens mudem a una nova oficina m\u00e9s gran i moderna! - Administraciones Hern\u00e1ndez\",\"isPartOf\":{\"@id\":\"https:\\\/\\\/adhernandez.com\\\/ca\\\/#website\"},\"primaryImageOfPage\":{\"@id\":\"https:\\\/\\\/adhernandez.com\\\/ca\\\/2024\\\/05\\\/22\\\/ens-mudem-a-una-nova-oficina-mes-gran-i-moderna\\\/#primaryimage\"},\"image\":{\"@id\":\"https:\\\/\\\/adhernandez.com\\\/ca\\\/2024\\\/05\\\/22\\\/ens-mudem-a-una-nova-oficina-mes-gran-i-moderna\\\/#primaryimage\"},\"thumbnailUrl\":\"https:\\\/\\\/adhernandez.com\\\/wp-content\\\/uploads\\\/2024\\\/05\\\/traslado-oficina.jpg\",\"datePublished\":\"2024-05-22T14:45:37+00:00\",\"dateModified\":\"2024-05-23T09:00:30+00:00\",\"author\":{\"@id\":\"https:\\\/\\\/adhernandez.com\\\/ca\\\/#\\\/schema\\\/person\\\/330b9c8828ff3a80ee8053b5fff0e848\"},\"description\":\"Divendres que ve 24 de maig, estarem mudant-nos a la nostra nova instal\u00b7laci\u00f3 situades en C\\\/Balmes 177 entresol 2a, 08006 Barcelona\",\"breadcrumb\":{\"@id\":\"https:\\\/\\\/adhernandez.com\\\/ca\\\/2024\\\/05\\\/22\\\/ens-mudem-a-una-nova-oficina-mes-gran-i-moderna\\\/#breadcrumb\"},\"inLanguage\":\"ca\",\"potentialAction\":[{\"@type\":\"ReadAction\",\"target\":[\"https:\\\/\\\/adhernandez.com\\\/ca\\\/2024\\\/05\\\/22\\\/ens-mudem-a-una-nova-oficina-mes-gran-i-moderna\\\/\"]}]},{\"@type\":\"ImageObject\",\"inLanguage\":\"ca\",\"@id\":\"https:\\\/\\\/adhernandez.com\\\/ca\\\/2024\\\/05\\\/22\\\/ens-mudem-a-una-nova-oficina-mes-gran-i-moderna\\\/#primaryimage\",\"url\":\"https:\\\/\\\/adhernandez.com\\\/wp-content\\\/uploads\\\/2024\\\/05\\\/traslado-oficina.jpg\",\"contentUrl\":\"https:\\\/\\\/adhernandez.com\\\/wp-content\\\/uploads\\\/2024\\\/05\\\/traslado-oficina.jpg\",\"width\":1000,\"height\":430,\"caption\":\"traslado oficina\"},{\"@type\":\"BreadcrumbList\",\"@id\":\"https:\\\/\\\/adhernandez.com\\\/ca\\\/2024\\\/05\\\/22\\\/ens-mudem-a-una-nova-oficina-mes-gran-i-moderna\\\/#breadcrumb\",\"itemListElement\":[{\"@type\":\"ListItem\",\"position\":1,\"name\":\"Portada\",\"item\":\"https:\\\/\\\/adhernandez.com\\\/ca\\\/adhernandez-inicio\\\/\"},{\"@type\":\"ListItem\",\"position\":2,\"name\":\"Ens mudem a una nova oficina m\u00e9s gran i moderna!\"}]},{\"@type\":\"WebSite\",\"@id\":\"https:\\\/\\\/adhernandez.com\\\/ca\\\/#website\",\"url\":\"https:\\\/\\\/adhernandez.com\\\/ca\\\/\",\"name\":\"Administraciones Hern\u00e1ndez\",\"description\":\"Equipo de profesionales con amplia experiencia en la gesti\u00f3n del patrimonio inmobiliario\",\"potentialAction\":[{\"@type\":\"SearchAction\",\"target\":{\"@type\":\"EntryPoint\",\"urlTemplate\":\"https:\\\/\\\/adhernandez.com\\\/ca\\\/?s={search_term_string}\"},\"query-input\":{\"@type\":\"PropertyValueSpecification\",\"valueRequired\":true,\"valueName\":\"search_term_string\"}}],\"inLanguage\":\"ca\"},{\"@type\":\"Person\",\"@id\":\"https:\\\/\\\/adhernandez.com\\\/ca\\\/#\\\/schema\\\/person\\\/330b9c8828ff3a80ee8053b5fff0e848\",\"name\":\"AdHern\u00e1ndez\",\"image\":{\"@type\":\"ImageObject\",\"inLanguage\":\"ca\",\"@id\":\"https:\\\/\\\/adhernandez.com\\\/wp-content\\\/litespeed\\\/avatar\\\/6b84e2484050905299b010a711cff345.jpg?ver=1777323059\",\"url\":\"https:\\\/\\\/adhernandez.com\\\/wp-content\\\/litespeed\\\/avatar\\\/6b84e2484050905299b010a711cff345.jpg?ver=1777323059\",\"contentUrl\":\"https:\\\/\\\/adhernandez.com\\\/wp-content\\\/litespeed\\\/avatar\\\/6b84e2484050905299b010a711cff345.jpg?ver=1777323059\",\"caption\":\"AdHern\u00e1ndez\"},\"url\":\"https:\\\/\\\/adhernandez.com\\\/ca\\\/author\\\/veronica\\\/\"}]}<\/script>\n<!-- \/ Yoast SEO plugin. -->","yoast_head_json":{"title":"Ens mudem a una nova oficina m\u00e9s gran i moderna! - Administraciones Hern\u00e1ndez","description":"Divendres que ve 24 de maig, estarem mudant-nos a la nostra nova instal\u00b7laci\u00f3 situades en C\/Balmes 177 entresol 2a, 08006 Barcelona","robots":{"index":"index","follow":"follow","max-snippet":"max-snippet:-1","max-image-preview":"max-image-preview:large","max-video-preview":"max-video-preview:-1"},"canonical":"https:\/\/adhernandez.com\/ca\/2024\/05\/22\/ens-mudem-a-una-nova-oficina-mes-gran-i-moderna\/","og_locale":"ca_ES","og_type":"article","og_title":"Ens mudem a una nova oficina m\u00e9s gran i moderna! - Administraciones Hern\u00e1ndez","og_description":"Divendres que ve 24 de maig, estarem mudant-nos a la nostra nova instal\u00b7laci\u00f3 situades en C\/Balmes 177 entresol 2a, 08006 Barcelona","og_url":"https:\/\/adhernandez.com\/ca\/2024\/05\/22\/ens-mudem-a-una-nova-oficina-mes-gran-i-moderna\/","og_site_name":"Administraciones Hern\u00e1ndez","article_published_time":"2024-05-22T14:45:37+00:00","article_modified_time":"2024-05-23T09:00:30+00:00","og_image":[{"width":1000,"height":430,"url":"https:\/\/adhernandez.com\/wp-content\/uploads\/2024\/05\/traslado-oficina.jpg","type":"image\/jpeg"}],"author":"AdHern\u00e1ndez","twitter_card":"summary_large_image","twitter_misc":{"Escrit per":"AdHern\u00e1ndez","Temps estimat de lectura":"1 minut"},"schema":{"@context":"https:\/\/schema.org","@graph":[{"@type":"Article","@id":"https:\/\/adhernandez.com\/ca\/2024\/05\/22\/ens-mudem-a-una-nova-oficina-mes-gran-i-moderna\/#article","isPartOf":{"@id":"https:\/\/adhernandez.com\/ca\/2024\/05\/22\/ens-mudem-a-una-nova-oficina-mes-gran-i-moderna\/"},"author":{"name":"AdHern\u00e1ndez","@id":"https:\/\/adhernandez.com\/ca\/#\/schema\/person\/330b9c8828ff3a80ee8053b5fff0e848"},"headline":"Ens mudem a una nova oficina m\u00e9s gran i moderna!","datePublished":"2024-05-22T14:45:37+00:00","dateModified":"2024-05-23T09:00:30+00:00","mainEntityOfPage":{"@id":"https:\/\/adhernandez.com\/ca\/2024\/05\/22\/ens-mudem-a-una-nova-oficina-mes-gran-i-moderna\/"},"wordCount":137,"image":{"@id":"https:\/\/adhernandez.com\/ca\/2024\/05\/22\/ens-mudem-a-una-nova-oficina-mes-gran-i-moderna\/#primaryimage"},"thumbnailUrl":"https:\/\/adhernandez.com\/wp-content\/uploads\/2024\/05\/traslado-oficina.jpg","articleSection":["blog"],"inLanguage":"ca"},{"@type":"WebPage","@id":"https:\/\/adhernandez.com\/ca\/2024\/05\/22\/ens-mudem-a-una-nova-oficina-mes-gran-i-moderna\/","url":"https:\/\/adhernandez.com\/ca\/2024\/05\/22\/ens-mudem-a-una-nova-oficina-mes-gran-i-moderna\/","name":"Ens mudem a una nova oficina m\u00e9s gran i moderna! - Administraciones Hern\u00e1ndez","isPartOf":{"@id":"https:\/\/adhernandez.com\/ca\/#website"},"primaryImageOfPage":{"@id":"https:\/\/adhernandez.com\/ca\/2024\/05\/22\/ens-mudem-a-una-nova-oficina-mes-gran-i-moderna\/#primaryimage"},"image":{"@id":"https:\/\/adhernandez.com\/ca\/2024\/05\/22\/ens-mudem-a-una-nova-oficina-mes-gran-i-moderna\/#primaryimage"},"thumbnailUrl":"https:\/\/adhernandez.com\/wp-content\/uploads\/2024\/05\/traslado-oficina.jpg","datePublished":"2024-05-22T14:45:37+00:00","dateModified":"2024-05-23T09:00:30+00:00","author":{"@id":"https:\/\/adhernandez.com\/ca\/#\/schema\/person\/330b9c8828ff3a80ee8053b5fff0e848"},"description":"Divendres que ve 24 de maig, estarem mudant-nos a la nostra nova instal\u00b7laci\u00f3 situades en C\/Balmes 177 entresol 2a, 08006 Barcelona","breadcrumb":{"@id":"https:\/\/adhernandez.com\/ca\/2024\/05\/22\/ens-mudem-a-una-nova-oficina-mes-gran-i-moderna\/#breadcrumb"},"inLanguage":"ca","potentialAction":[{"@type":"ReadAction","target":["https:\/\/adhernandez.com\/ca\/2024\/05\/22\/ens-mudem-a-una-nova-oficina-mes-gran-i-moderna\/"]}]},{"@type":"ImageObject","inLanguage":"ca","@id":"https:\/\/adhernandez.com\/ca\/2024\/05\/22\/ens-mudem-a-una-nova-oficina-mes-gran-i-moderna\/#primaryimage","url":"https:\/\/adhernandez.com\/wp-content\/uploads\/2024\/05\/traslado-oficina.jpg","contentUrl":"https:\/\/adhernandez.com\/wp-content\/uploads\/2024\/05\/traslado-oficina.jpg","width":1000,"height":430,"caption":"traslado oficina"},{"@type":"BreadcrumbList","@id":"https:\/\/adhernandez.com\/ca\/2024\/05\/22\/ens-mudem-a-una-nova-oficina-mes-gran-i-moderna\/#breadcrumb","itemListElement":[{"@type":"ListItem","position":1,"name":"Portada","item":"https:\/\/adhernandez.com\/ca\/adhernandez-inicio\/"},{"@type":"ListItem","position":2,"name":"Ens mudem a una nova oficina m\u00e9s gran i moderna!"}]},{"@type":"WebSite","@id":"https:\/\/adhernandez.com\/ca\/#website","url":"https:\/\/adhernandez.com\/ca\/","name":"Administraciones Hern\u00e1ndez","description":"Equipo de profesionales con amplia experiencia en la gesti\u00f3n del patrimonio inmobiliario","potentialAction":[{"@type":"SearchAction","target":{"@type":"EntryPoint","urlTemplate":"https:\/\/adhernandez.com\/ca\/?s={search_term_string}"},"query-input":{"@type":"PropertyValueSpecification","valueRequired":true,"valueName":"search_term_string"}}],"inLanguage":"ca"},{"@type":"Person","@id":"https:\/\/adhernandez.com\/ca\/#\/schema\/person\/330b9c8828ff3a80ee8053b5fff0e848","name":"AdHern\u00e1ndez","image":{"@type":"ImageObject","inLanguage":"ca","@id":"https:\/\/adhernandez.com\/wp-content\/litespeed\/avatar\/6b84e2484050905299b010a711cff345.jpg?ver=1777323059","url":"https:\/\/adhernandez.com\/wp-content\/litespeed\/avatar\/6b84e2484050905299b010a711cff345.jpg?ver=1777323059","contentUrl":"https:\/\/adhernandez.com\/wp-content\/litespeed\/avatar\/6b84e2484050905299b010a711cff345.jpg?ver=1777323059","caption":"AdHern\u00e1ndez"},"url":"https:\/\/adhernandez.com\/ca\/author\/veronica\/"}]}},"_links":{"self":[{"href":"https:\/\/adhernandez.com\/ca\/wp-json\/wp\/v2\/posts\/29999","targetHints":{"allow":["GET"]}}],"collection":[{"href":"https:\/\/adhernandez.com\/ca\/wp-json\/wp\/v2\/posts"}],"about":[{"href":"https:\/\/adhernandez.com\/ca\/wp-json\/wp\/v2\/types\/post"}],"author":[{"embeddable":true,"href":"https:\/\/adhernandez.com\/ca\/wp-json\/wp\/v2\/users\/6"}],"replies":[{"embeddable":true,"href":"https:\/\/adhernandez.com\/ca\/wp-json\/wp\/v2\/comments?post=29999"}],"version-history":[{"count":22,"href":"https:\/\/adhernandez.com\/ca\/wp-json\/wp\/v2\/posts\/29999\/revisions"}],"predecessor-version":[{"id":30052,"href":"https:\/\/adhernandez.com\/ca\/wp-json\/wp\/v2\/posts\/29999\/revisions\/30052"}],"wp:featuredmedia":[{"embeddable":true,"href":"https:\/\/adhernandez.com\/ca\/wp-json\/wp\/v2\/media\/29996"}],"wp:attachment":[{"href":"https:\/\/adhernandez.com\/ca\/wp-json\/wp\/v2\/media?parent=29999"}],"wp:term":[{"taxonomy":"category","embeddable":true,"href":"https:\/\/adhernandez.com\/ca\/wp-json\/wp\/v2\/categories?post=29999"},{"taxonomy":"post_tag","embeddable":true,"href":"https:\/\/adhernandez.com\/ca\/wp-json\/wp\/v2\/tags?post=29999"}],"curies":[{"name":"wp","href":"https:\/\/api.w.org\/{rel}","templated":true}]}}