{"id":29923,"date":"2024-03-05T12:00:00","date_gmt":"2024-03-05T12:00:00","guid":{"rendered":"https:\/\/adhernandez.com\/2024\/05\/08\/implementacio-dun-programa-de-reciclatge-en-comunitats-de-veins-guia-per-a-una-gestio-sostenible\/"},"modified":"2024-05-22T14:16:23","modified_gmt":"2024-05-22T14:16:23","slug":"implementacio-dun-programa-de-reciclatge-en-comunitats-de-veins-guia-per-a-una-gestio-sostenible","status":"publish","type":"post","link":"https:\/\/adhernandez.com\/ca\/2024\/03\/05\/implementacio-dun-programa-de-reciclatge-en-comunitats-de-veins-guia-per-a-una-gestio-sostenible\/","title":{"rendered":"<strong>Implementaci\u00f3 d&#8217;un Programa de Reciclatge en Comunitats de Ve\u00efns: Guia per a una Gesti\u00f3 Sostenible<\/strong>"},"content":{"rendered":"\t\t<div data-elementor-type=\"wp-post\" data-elementor-id=\"29923\" class=\"elementor elementor-29923 elementor-29702\">\n\t\t\t\t\t\t<section class=\"elementor-section elementor-top-section elementor-element elementor-element-da741c7 elementor-section-boxed elementor-section-height-default elementor-section-height-default\" data-id=\"da741c7\" data-element_type=\"section\" data-e-type=\"section\">\n\t\t\t\t\t\t<div class=\"elementor-container elementor-column-gap-default\">\n\t\t\t\t\t<div class=\"elementor-column elementor-col-100 elementor-top-column elementor-element elementor-element-08765bd\" data-id=\"08765bd\" data-element_type=\"column\" data-e-type=\"column\">\n\t\t\t<div class=\"elementor-widget-wrap elementor-element-populated\">\n\t\t\t\t\t\t<div class=\"elementor-element elementor-element-eea6807 elementor-widget elementor-widget-text-editor\" data-id=\"eea6807\" data-element_type=\"widget\" data-e-type=\"widget\" data-widget_type=\"text-editor.default\">\n\t\t\t\t\t\t\t\t\t<p>En l&#8217;actualitat, la consci\u00e8ncia ambiental i la responsabilitat social s\u00f3n aspectes fonamentals en la gesti\u00f3 de comunitats de ve\u00efns. La implementaci\u00f3 d&#8217;un programa de reciclatge eficient no sols contribueix a cura del medi ambient, sin\u00f3 que tamb\u00e9 promou una conviv\u00e8ncia m\u00e9s sostenible i harmoniosa entre els residents. En aquest article, s&#8217;abordar\u00e0 detalladament com dur a terme un programa de reciclatge en una comunitat de ve\u00efns, amb especial \u00e8mfasi en les pautes a seguir i les possibles legislacions vigents a Catalunya.<\/p>\n\t\t\t\t\t\t\t\t<\/div>\n\t\t\t\t<div class=\"elementor-element elementor-element-7f524c0 elementor-widget elementor-widget-text-editor\" data-id=\"7f524c0\" data-element_type=\"widget\" data-e-type=\"widget\" data-widget_type=\"text-editor.default\">\n\t\t\t\t\t\t\t\t\t<h2>Import\u00e0ncia del Reciclatge en Comunitats Residencials<\/h2>\n\t\t\t\t\t\t\t\t<\/div>\n\t\t\t\t<div class=\"elementor-element elementor-element-6a9c36c elementor-widget elementor-widget-text-editor\" data-id=\"6a9c36c\" data-element_type=\"widget\" data-e-type=\"widget\" data-widget_type=\"text-editor.default\">\n\t\t\t\t\t\t\t\t\t<p>El reciclatge \u00e9s una pr\u00e0ctica essencial per a reduir la quantitat de residus generats i promoure la reutilitzaci\u00f3 de materials, contribuint aix\u00ed a la preservaci\u00f3 de l&#8217;entorn natural. En el context d&#8217;una comunitat de ve\u00efns, la implementaci\u00f3 d&#8217;un programa de reciclatge adequat no sols implica separar els residus correctament, sin\u00f3 tamb\u00e9 educar als residents sobre la import\u00e0ncia d&#8217;aquesta acci\u00f3 per al benestar col\u00b7lectiu i el futur del planeta.<\/p>\n\t\t\t\t\t\t\t\t<\/div>\n\t\t\t\t<div class=\"elementor-element elementor-element-98c0671 elementor-widget elementor-widget-text-editor\" data-id=\"98c0671\" data-element_type=\"widget\" data-e-type=\"widget\" data-widget_type=\"text-editor.default\">\n\t\t\t\t\t\t\t\t\t<h2>Passos per a Implementar un Programa de Reciclatge Efectiu<\/h2>\n\t\t\t\t\t\t\t\t<\/div>\n\t\t\t\t<div class=\"elementor-element elementor-element-b110f2c elementor-icon-list--layout-traditional elementor-list-item-link-full_width elementor-widget elementor-widget-icon-list\" data-id=\"b110f2c\" data-element_type=\"widget\" data-e-type=\"widget\" data-widget_type=\"icon-list.default\">\n\t\t\t\t\t\t\t<ul class=\"elementor-icon-list-items\">\n\t\t\t\t\t\t\t<li class=\"elementor-icon-list-item\">\n\t\t\t\t\t\t\t\t\t\t\t<span class=\"elementor-icon-list-icon\">\n\t\t\t\t\t\t\t<svg aria-hidden=\"true\" class=\"e-font-icon-svg e-fas-check\" viewBox=\"0 0 512 512\" xmlns=\"http:\/\/www.w3.org\/2000\/svg\"><path d=\"M173.898 439.404l-166.4-166.4c-9.997-9.997-9.997-26.206 0-36.204l36.203-36.204c9.997-9.998 26.207-9.998 36.204 0L192 312.69 432.095 72.596c9.997-9.997 26.207-9.997 36.204 0l36.203 36.204c9.997 9.997 9.997 26.206 0 36.204l-294.4 294.401c-9.998 9.997-26.207 9.997-36.204-.001z\"><\/path><\/svg>\t\t\t\t\t\t<\/span>\n\t\t\t\t\t\t\t\t\t\t<span class=\"elementor-icon-list-text\">Diagn\u00f2stic Inicial: Realitzar una an\u00e0lisi detallada dels residus generats en la comunitat per a identificar les \u00e0rees de millora i les necessitats espec\u00edfiques.<\/span>\n\t\t\t\t\t\t\t\t\t<\/li>\n\t\t\t\t\t\t<\/ul>\n\t\t\t\t\t\t<\/div>\n\t\t\t\t<div class=\"elementor-element elementor-element-b1069c6 elementor-icon-list--layout-traditional elementor-list-item-link-full_width elementor-widget elementor-widget-icon-list\" data-id=\"b1069c6\" data-element_type=\"widget\" data-e-type=\"widget\" data-widget_type=\"icon-list.default\">\n\t\t\t\t\t\t\t<ul class=\"elementor-icon-list-items\">\n\t\t\t\t\t\t\t<li class=\"elementor-icon-list-item\">\n\t\t\t\t\t\t\t\t\t\t\t<span class=\"elementor-icon-list-icon\">\n\t\t\t\t\t\t\t<svg aria-hidden=\"true\" class=\"e-font-icon-svg e-fas-check\" viewBox=\"0 0 512 512\" xmlns=\"http:\/\/www.w3.org\/2000\/svg\"><path d=\"M173.898 439.404l-166.4-166.4c-9.997-9.997-9.997-26.206 0-36.204l36.203-36.204c9.997-9.998 26.207-9.998 36.204 0L192 312.69 432.095 72.596c9.997-9.997 26.207-9.997 36.204 0l36.203 36.204c9.997 9.997 9.997 26.206 0 36.204l-294.4 294.401c-9.998 9.997-26.207 9.997-36.204-.001z\"><\/path><\/svg>\t\t\t\t\t\t<\/span>\n\t\t\t\t\t\t\t\t\t\t<span class=\"elementor-icon-list-text\">Disseny del Pla: Establir un pla detallat que inclogui la ubicaci\u00f3 dels contenidors, els horaris de recollida, i les instruccions clares sobre com separar els diferents tipus de residus.<\/span>\n\t\t\t\t\t\t\t\t\t<\/li>\n\t\t\t\t\t\t<\/ul>\n\t\t\t\t\t\t<\/div>\n\t\t\t\t<div class=\"elementor-element elementor-element-9ae0909 elementor-icon-list--layout-traditional elementor-list-item-link-full_width elementor-widget elementor-widget-icon-list\" data-id=\"9ae0909\" data-element_type=\"widget\" data-e-type=\"widget\" data-widget_type=\"icon-list.default\">\n\t\t\t\t\t\t\t<ul class=\"elementor-icon-list-items\">\n\t\t\t\t\t\t\t<li class=\"elementor-icon-list-item\">\n\t\t\t\t\t\t\t\t\t\t\t<span class=\"elementor-icon-list-icon\">\n\t\t\t\t\t\t\t<svg aria-hidden=\"true\" class=\"e-font-icon-svg e-fas-check\" viewBox=\"0 0 512 512\" xmlns=\"http:\/\/www.w3.org\/2000\/svg\"><path d=\"M173.898 439.404l-166.4-166.4c-9.997-9.997-9.997-26.206 0-36.204l36.203-36.204c9.997-9.998 26.207-9.998 36.204 0L192 312.69 432.095 72.596c9.997-9.997 26.207-9.997 36.204 0l36.203 36.204c9.997 9.997 9.997 26.206 0 36.204l-294.4 294.401c-9.998 9.997-26.207 9.997-36.204-.001z\"><\/path><\/svg>\t\t\t\t\t\t<\/span>\n\t\t\t\t\t\t\t\t\t\t<span class=\"elementor-icon-list-text\"> Sensibilitzaci\u00f3 i Formaci\u00f3: Organitzar sessions informatives per a conscienciar als ve\u00efns sobre la import\u00e0ncia del reciclatge i brindar-los les eines necess\u00e0ries per a participar activament en el programa.<\/span>\n\t\t\t\t\t\t\t\t\t<\/li>\n\t\t\t\t\t\t<\/ul>\n\t\t\t\t\t\t<\/div>\n\t\t\t\t<div class=\"elementor-element elementor-element-e0799e4 elementor-icon-list--layout-traditional elementor-list-item-link-full_width elementor-widget elementor-widget-icon-list\" data-id=\"e0799e4\" data-element_type=\"widget\" data-e-type=\"widget\" data-widget_type=\"icon-list.default\">\n\t\t\t\t\t\t\t<ul class=\"elementor-icon-list-items\">\n\t\t\t\t\t\t\t<li class=\"elementor-icon-list-item\">\n\t\t\t\t\t\t\t\t\t\t\t<span class=\"elementor-icon-list-icon\">\n\t\t\t\t\t\t\t<svg aria-hidden=\"true\" class=\"e-font-icon-svg e-fas-check\" viewBox=\"0 0 512 512\" xmlns=\"http:\/\/www.w3.org\/2000\/svg\"><path d=\"M173.898 439.404l-166.4-166.4c-9.997-9.997-9.997-26.206 0-36.204l36.203-36.204c9.997-9.998 26.207-9.998 36.204 0L192 312.69 432.095 72.596c9.997-9.997 26.207-9.997 36.204 0l36.203 36.204c9.997 9.997 9.997 26.206 0 36.204l-294.4 294.401c-9.998 9.997-26.207 9.997-36.204-.001z\"><\/path><\/svg>\t\t\t\t\t\t<\/span>\n\t\t\t\t\t\t\t\t\t\t<span class=\"elementor-icon-list-text\"> Seguiment i Avaluaci\u00f3: Realitzar un seguiment constant del programa per a identificar possibles millores i avaluar el seu impacte en la reducci\u00f3 de residus.<\/span>\n\t\t\t\t\t\t\t\t\t<\/li>\n\t\t\t\t\t\t<\/ul>\n\t\t\t\t\t\t<\/div>\n\t\t\t\t<div class=\"elementor-element elementor-element-0b9dc70 elementor-widget elementor-widget-text-editor\" data-id=\"0b9dc70\" data-element_type=\"widget\" data-e-type=\"widget\" data-widget_type=\"text-editor.default\">\n\t\t\t\t\t\t\t\t\t<h2>Legislaci\u00f3 Ambiental a Catalunya<\/h2>\n\t\t\t\t\t\t\t\t<\/div>\n\t\t\t\t<div class=\"elementor-element elementor-element-fd66afc elementor-widget elementor-widget-text-editor\" data-id=\"fd66afc\" data-element_type=\"widget\" data-e-type=\"widget\" data-widget_type=\"text-editor.default\">\n\t\t\t\t\t\t\t\t\t<p>A Catalunya, existeixen normatives espec\u00edfiques relacionades amb la gesti\u00f3 de residus que han de ser considerades en implementar un programa de reciclatge en una comunitat de ve\u00efns. Per exemple, la Llei 6\/1993, de 15 de juliol, del Parlament de Catalunya, sobre Residus, estableix les directrius generals per a la gesti\u00f3 sostenible dels residus a la regi\u00f3.<\/p>\n\t\t\t\t\t\t\t\t<\/div>\n\t\t\t\t<div class=\"elementor-element elementor-element-4733e56 elementor-widget elementor-widget-text-editor\" data-id=\"4733e56\" data-element_type=\"widget\" data-e-type=\"widget\" data-widget_type=\"text-editor.default\">\n\t\t\t\t\t\t\t\t\t<h2>Conclusi\u00f3: Cap a una Comunitat m\u00e9s Sostenible<\/h2>\n\t\t\t\t\t\t\t\t<\/div>\n\t\t\t\t<div class=\"elementor-element elementor-element-9603fe5 elementor-widget elementor-widget-text-editor\" data-id=\"9603fe5\" data-element_type=\"widget\" data-e-type=\"widget\" data-widget_type=\"text-editor.default\">\n\t\t\t\t\t\t\t\t\t\r\nEn conclusi\u00f3, la implementaci\u00f3 d&#8217;un programa de reciclatge en una comunitat de ve\u00efns no sols \u00e9s una acci\u00f3 necess\u00e0ria des del punt de vista ambiental, sin\u00f3 que tamb\u00e9 fomenta la cohesi\u00f3 social i el comprom\u00eds col\u00b7lectiu cap a un futur m\u00e9s sostenible. \u00c9s responsabilitat de tots els residents participar activament en aquestes iniciatives per a garantir un entorn net i saludable per a les generacions futures.\r\n\r\nActua ara! Implementa un programa de reciclatge en la teva comunitat i s\u00e9 part del canvi cap a un m\u00f3n m\u00e9s sostenible!\t\t\t\t\t\t\t\t<\/div>\n\t\t\t\t\t<\/div>\n\t\t<\/div>\n\t\t\t\t\t<\/div>\n\t\t<\/section>\n\t\t\t\t<\/div>\n\t\t","protected":false},"excerpt":{"rendered":"<p>Descobreix com dur a terme un programa de reciclatge reeixit en la teva comunitat de ve\u00efns amb aquesta guia detallada que t&#8217;ajudar\u00e0 a gestionar de manera sostenible els residus i promoure pr\u00e0ctiques ecoamigables<\/p>\n","protected":false},"author":6,"featured_media":29707,"comment_status":"closed","ping_status":"closed","sticky":false,"template":"","format":"standard","meta":{"footnotes":""},"categories":[378,365],"tags":[],"class_list":["post-29923","post","type-post","status-publish","format-standard","has-post-thumbnail","hentry","category-blog-ca","category-propiedad-horizontal-ca"],"yoast_head":"<!-- This site is optimized with the Yoast SEO plugin v27.4 - https:\/\/yoast.com\/product\/yoast-seo-wordpress\/ -->\n<title>Implementaci\u00f3 d&#039;un Programa de Reciclatge en Comunitats de Ve\u00efns: Guia per a una Gesti\u00f3 Sostenible - Administraciones Hern\u00e1ndez<\/title>\n<meta name=\"description\" content=\"Descobreix com dur a terme un programa de reciclatge reeixit en la teva comunitat de ve\u00efns amb aquesta guia detallada que t&#039;ajudar\u00e0 a gestionar de manera sostenible els residus i promoure pr\u00e0ctiques ecoamigables\" \/>\n<meta name=\"robots\" content=\"index, follow, max-snippet:-1, max-image-preview:large, max-video-preview:-1\" \/>\n<link rel=\"canonical\" href=\"https:\/\/adhernandez.com\/ca\/2024\/03\/05\/implementacio-dun-programa-de-reciclatge-en-comunitats-de-veins-guia-per-a-una-gestio-sostenible\/\" \/>\n<meta property=\"og:locale\" content=\"ca_ES\" \/>\n<meta property=\"og:type\" content=\"article\" \/>\n<meta property=\"og:title\" content=\"Implementaci\u00f3 d&#039;un Programa de Reciclatge en Comunitats de Ve\u00efns: Guia per a una Gesti\u00f3 Sostenible - Administraciones Hern\u00e1ndez\" \/>\n<meta property=\"og:description\" content=\"Descobreix com dur a terme un programa de reciclatge reeixit en la teva comunitat de ve\u00efns amb aquesta guia detallada que t&#039;ajudar\u00e0 a gestionar de manera sostenible els residus i promoure pr\u00e0ctiques ecoamigables\" \/>\n<meta property=\"og:url\" content=\"https:\/\/adhernandez.com\/ca\/2024\/03\/05\/implementacio-dun-programa-de-reciclatge-en-comunitats-de-veins-guia-per-a-una-gestio-sostenible\/\" \/>\n<meta property=\"og:site_name\" content=\"Administraciones Hern\u00e1ndez\" \/>\n<meta property=\"article:published_time\" content=\"2024-03-05T12:00:00+00:00\" \/>\n<meta property=\"article:modified_time\" content=\"2024-05-22T14:16:23+00:00\" \/>\n<meta property=\"og:image\" content=\"https:\/\/adhernandez.com\/wp-content\/uploads\/2024\/03\/reciclaje-comunidad-vecinos.jpg\" \/>\n\t<meta property=\"og:image:width\" content=\"1000\" \/>\n\t<meta property=\"og:image:height\" content=\"430\" \/>\n\t<meta property=\"og:image:type\" content=\"image\/jpeg\" \/>\n<meta name=\"author\" content=\"AdHern\u00e1ndez\" \/>\n<meta name=\"twitter:card\" content=\"summary_large_image\" \/>\n<meta name=\"twitter:label1\" content=\"Escrit per\" \/>\n\t<meta name=\"twitter:data1\" content=\"AdHern\u00e1ndez\" \/>\n\t<meta name=\"twitter:label2\" content=\"Temps estimat de lectura\" \/>\n\t<meta name=\"twitter:data2\" content=\"2 minuts\" \/>\n<script type=\"application\/ld+json\" class=\"yoast-schema-graph\">{\"@context\":\"https:\\\/\\\/schema.org\",\"@graph\":[{\"@type\":\"Article\",\"@id\":\"https:\\\/\\\/adhernandez.com\\\/ca\\\/2024\\\/03\\\/05\\\/implementacio-dun-programa-de-reciclatge-en-comunitats-de-veins-guia-per-a-una-gestio-sostenible\\\/#article\",\"isPartOf\":{\"@id\":\"https:\\\/\\\/adhernandez.com\\\/ca\\\/2024\\\/03\\\/05\\\/implementacio-dun-programa-de-reciclatge-en-comunitats-de-veins-guia-per-a-una-gestio-sostenible\\\/\"},\"author\":{\"name\":\"AdHern\u00e1ndez\",\"@id\":\"https:\\\/\\\/adhernandez.com\\\/ca\\\/#\\\/schema\\\/person\\\/330b9c8828ff3a80ee8053b5fff0e848\"},\"headline\":\"Implementaci\u00f3 d&#8217;un Programa de Reciclatge en Comunitats de Ve\u00efns: Guia per a una Gesti\u00f3 Sostenible\",\"datePublished\":\"2024-03-05T12:00:00+00:00\",\"dateModified\":\"2024-05-22T14:16:23+00:00\",\"mainEntityOfPage\":{\"@id\":\"https:\\\/\\\/adhernandez.com\\\/ca\\\/2024\\\/03\\\/05\\\/implementacio-dun-programa-de-reciclatge-en-comunitats-de-veins-guia-per-a-una-gestio-sostenible\\\/\"},\"wordCount\":469,\"image\":{\"@id\":\"https:\\\/\\\/adhernandez.com\\\/ca\\\/2024\\\/03\\\/05\\\/implementacio-dun-programa-de-reciclatge-en-comunitats-de-veins-guia-per-a-una-gestio-sostenible\\\/#primaryimage\"},\"thumbnailUrl\":\"https:\\\/\\\/adhernandez.com\\\/wp-content\\\/uploads\\\/2024\\\/03\\\/reciclaje-comunidad-vecinos.jpg\",\"articleSection\":[\"blog\",\"Propiedad Horizontal\"],\"inLanguage\":\"ca\"},{\"@type\":\"WebPage\",\"@id\":\"https:\\\/\\\/adhernandez.com\\\/ca\\\/2024\\\/03\\\/05\\\/implementacio-dun-programa-de-reciclatge-en-comunitats-de-veins-guia-per-a-una-gestio-sostenible\\\/\",\"url\":\"https:\\\/\\\/adhernandez.com\\\/ca\\\/2024\\\/03\\\/05\\\/implementacio-dun-programa-de-reciclatge-en-comunitats-de-veins-guia-per-a-una-gestio-sostenible\\\/\",\"name\":\"Implementaci\u00f3 d'un Programa de Reciclatge en Comunitats de Ve\u00efns: Guia per a una Gesti\u00f3 Sostenible - Administraciones Hern\u00e1ndez\",\"isPartOf\":{\"@id\":\"https:\\\/\\\/adhernandez.com\\\/ca\\\/#website\"},\"primaryImageOfPage\":{\"@id\":\"https:\\\/\\\/adhernandez.com\\\/ca\\\/2024\\\/03\\\/05\\\/implementacio-dun-programa-de-reciclatge-en-comunitats-de-veins-guia-per-a-una-gestio-sostenible\\\/#primaryimage\"},\"image\":{\"@id\":\"https:\\\/\\\/adhernandez.com\\\/ca\\\/2024\\\/03\\\/05\\\/implementacio-dun-programa-de-reciclatge-en-comunitats-de-veins-guia-per-a-una-gestio-sostenible\\\/#primaryimage\"},\"thumbnailUrl\":\"https:\\\/\\\/adhernandez.com\\\/wp-content\\\/uploads\\\/2024\\\/03\\\/reciclaje-comunidad-vecinos.jpg\",\"datePublished\":\"2024-03-05T12:00:00+00:00\",\"dateModified\":\"2024-05-22T14:16:23+00:00\",\"author\":{\"@id\":\"https:\\\/\\\/adhernandez.com\\\/ca\\\/#\\\/schema\\\/person\\\/330b9c8828ff3a80ee8053b5fff0e848\"},\"description\":\"Descobreix com dur a terme un programa de reciclatge reeixit en la teva comunitat de ve\u00efns amb aquesta guia detallada que t'ajudar\u00e0 a gestionar de manera sostenible els residus i promoure pr\u00e0ctiques ecoamigables\",\"breadcrumb\":{\"@id\":\"https:\\\/\\\/adhernandez.com\\\/ca\\\/2024\\\/03\\\/05\\\/implementacio-dun-programa-de-reciclatge-en-comunitats-de-veins-guia-per-a-una-gestio-sostenible\\\/#breadcrumb\"},\"inLanguage\":\"ca\",\"potentialAction\":[{\"@type\":\"ReadAction\",\"target\":[\"https:\\\/\\\/adhernandez.com\\\/ca\\\/2024\\\/03\\\/05\\\/implementacio-dun-programa-de-reciclatge-en-comunitats-de-veins-guia-per-a-una-gestio-sostenible\\\/\"]}]},{\"@type\":\"ImageObject\",\"inLanguage\":\"ca\",\"@id\":\"https:\\\/\\\/adhernandez.com\\\/ca\\\/2024\\\/03\\\/05\\\/implementacio-dun-programa-de-reciclatge-en-comunitats-de-veins-guia-per-a-una-gestio-sostenible\\\/#primaryimage\",\"url\":\"https:\\\/\\\/adhernandez.com\\\/wp-content\\\/uploads\\\/2024\\\/03\\\/reciclaje-comunidad-vecinos.jpg\",\"contentUrl\":\"https:\\\/\\\/adhernandez.com\\\/wp-content\\\/uploads\\\/2024\\\/03\\\/reciclaje-comunidad-vecinos.jpg\",\"width\":1000,\"height\":430,\"caption\":\"reciclaje comunidad vecinos\"},{\"@type\":\"BreadcrumbList\",\"@id\":\"https:\\\/\\\/adhernandez.com\\\/ca\\\/2024\\\/03\\\/05\\\/implementacio-dun-programa-de-reciclatge-en-comunitats-de-veins-guia-per-a-una-gestio-sostenible\\\/#breadcrumb\",\"itemListElement\":[{\"@type\":\"ListItem\",\"position\":1,\"name\":\"Portada\",\"item\":\"https:\\\/\\\/adhernandez.com\\\/ca\\\/adhernandez-inicio\\\/\"},{\"@type\":\"ListItem\",\"position\":2,\"name\":\"Implementaci\u00f3 d&#8217;un Programa de Reciclatge en Comunitats de Ve\u00efns: Guia per a una Gesti\u00f3 Sostenible\"}]},{\"@type\":\"WebSite\",\"@id\":\"https:\\\/\\\/adhernandez.com\\\/ca\\\/#website\",\"url\":\"https:\\\/\\\/adhernandez.com\\\/ca\\\/\",\"name\":\"Administraciones Hern\u00e1ndez\",\"description\":\"Equipo de profesionales con amplia experiencia en la gesti\u00f3n del patrimonio inmobiliario\",\"potentialAction\":[{\"@type\":\"SearchAction\",\"target\":{\"@type\":\"EntryPoint\",\"urlTemplate\":\"https:\\\/\\\/adhernandez.com\\\/ca\\\/?s={search_term_string}\"},\"query-input\":{\"@type\":\"PropertyValueSpecification\",\"valueRequired\":true,\"valueName\":\"search_term_string\"}}],\"inLanguage\":\"ca\"},{\"@type\":\"Person\",\"@id\":\"https:\\\/\\\/adhernandez.com\\\/ca\\\/#\\\/schema\\\/person\\\/330b9c8828ff3a80ee8053b5fff0e848\",\"name\":\"AdHern\u00e1ndez\",\"image\":{\"@type\":\"ImageObject\",\"inLanguage\":\"ca\",\"@id\":\"https:\\\/\\\/adhernandez.com\\\/wp-content\\\/litespeed\\\/avatar\\\/6b84e2484050905299b010a711cff345.jpg?ver=1777323059\",\"url\":\"https:\\\/\\\/adhernandez.com\\\/wp-content\\\/litespeed\\\/avatar\\\/6b84e2484050905299b010a711cff345.jpg?ver=1777323059\",\"contentUrl\":\"https:\\\/\\\/adhernandez.com\\\/wp-content\\\/litespeed\\\/avatar\\\/6b84e2484050905299b010a711cff345.jpg?ver=1777323059\",\"caption\":\"AdHern\u00e1ndez\"},\"url\":\"https:\\\/\\\/adhernandez.com\\\/ca\\\/author\\\/veronica\\\/\"}]}<\/script>\n<!-- \/ Yoast SEO plugin. -->","yoast_head_json":{"title":"Implementaci\u00f3 d'un Programa de Reciclatge en Comunitats de Ve\u00efns: Guia per a una Gesti\u00f3 Sostenible - Administraciones Hern\u00e1ndez","description":"Descobreix com dur a terme un programa de reciclatge reeixit en la teva comunitat de ve\u00efns amb aquesta guia detallada que t'ajudar\u00e0 a gestionar de manera sostenible els residus i promoure pr\u00e0ctiques ecoamigables","robots":{"index":"index","follow":"follow","max-snippet":"max-snippet:-1","max-image-preview":"max-image-preview:large","max-video-preview":"max-video-preview:-1"},"canonical":"https:\/\/adhernandez.com\/ca\/2024\/03\/05\/implementacio-dun-programa-de-reciclatge-en-comunitats-de-veins-guia-per-a-una-gestio-sostenible\/","og_locale":"ca_ES","og_type":"article","og_title":"Implementaci\u00f3 d'un Programa de Reciclatge en Comunitats de Ve\u00efns: Guia per a una Gesti\u00f3 Sostenible - Administraciones Hern\u00e1ndez","og_description":"Descobreix com dur a terme un programa de reciclatge reeixit en la teva comunitat de ve\u00efns amb aquesta guia detallada que t'ajudar\u00e0 a gestionar de manera sostenible els residus i promoure pr\u00e0ctiques ecoamigables","og_url":"https:\/\/adhernandez.com\/ca\/2024\/03\/05\/implementacio-dun-programa-de-reciclatge-en-comunitats-de-veins-guia-per-a-una-gestio-sostenible\/","og_site_name":"Administraciones Hern\u00e1ndez","article_published_time":"2024-03-05T12:00:00+00:00","article_modified_time":"2024-05-22T14:16:23+00:00","og_image":[{"width":1000,"height":430,"url":"https:\/\/adhernandez.com\/wp-content\/uploads\/2024\/03\/reciclaje-comunidad-vecinos.jpg","type":"image\/jpeg"}],"author":"AdHern\u00e1ndez","twitter_card":"summary_large_image","twitter_misc":{"Escrit per":"AdHern\u00e1ndez","Temps estimat de lectura":"2 minuts"},"schema":{"@context":"https:\/\/schema.org","@graph":[{"@type":"Article","@id":"https:\/\/adhernandez.com\/ca\/2024\/03\/05\/implementacio-dun-programa-de-reciclatge-en-comunitats-de-veins-guia-per-a-una-gestio-sostenible\/#article","isPartOf":{"@id":"https:\/\/adhernandez.com\/ca\/2024\/03\/05\/implementacio-dun-programa-de-reciclatge-en-comunitats-de-veins-guia-per-a-una-gestio-sostenible\/"},"author":{"name":"AdHern\u00e1ndez","@id":"https:\/\/adhernandez.com\/ca\/#\/schema\/person\/330b9c8828ff3a80ee8053b5fff0e848"},"headline":"Implementaci\u00f3 d&#8217;un Programa de Reciclatge en Comunitats de Ve\u00efns: Guia per a una Gesti\u00f3 Sostenible","datePublished":"2024-03-05T12:00:00+00:00","dateModified":"2024-05-22T14:16:23+00:00","mainEntityOfPage":{"@id":"https:\/\/adhernandez.com\/ca\/2024\/03\/05\/implementacio-dun-programa-de-reciclatge-en-comunitats-de-veins-guia-per-a-una-gestio-sostenible\/"},"wordCount":469,"image":{"@id":"https:\/\/adhernandez.com\/ca\/2024\/03\/05\/implementacio-dun-programa-de-reciclatge-en-comunitats-de-veins-guia-per-a-una-gestio-sostenible\/#primaryimage"},"thumbnailUrl":"https:\/\/adhernandez.com\/wp-content\/uploads\/2024\/03\/reciclaje-comunidad-vecinos.jpg","articleSection":["blog","Propiedad Horizontal"],"inLanguage":"ca"},{"@type":"WebPage","@id":"https:\/\/adhernandez.com\/ca\/2024\/03\/05\/implementacio-dun-programa-de-reciclatge-en-comunitats-de-veins-guia-per-a-una-gestio-sostenible\/","url":"https:\/\/adhernandez.com\/ca\/2024\/03\/05\/implementacio-dun-programa-de-reciclatge-en-comunitats-de-veins-guia-per-a-una-gestio-sostenible\/","name":"Implementaci\u00f3 d'un Programa de Reciclatge en Comunitats de Ve\u00efns: Guia per a una Gesti\u00f3 Sostenible - Administraciones Hern\u00e1ndez","isPartOf":{"@id":"https:\/\/adhernandez.com\/ca\/#website"},"primaryImageOfPage":{"@id":"https:\/\/adhernandez.com\/ca\/2024\/03\/05\/implementacio-dun-programa-de-reciclatge-en-comunitats-de-veins-guia-per-a-una-gestio-sostenible\/#primaryimage"},"image":{"@id":"https:\/\/adhernandez.com\/ca\/2024\/03\/05\/implementacio-dun-programa-de-reciclatge-en-comunitats-de-veins-guia-per-a-una-gestio-sostenible\/#primaryimage"},"thumbnailUrl":"https:\/\/adhernandez.com\/wp-content\/uploads\/2024\/03\/reciclaje-comunidad-vecinos.jpg","datePublished":"2024-03-05T12:00:00+00:00","dateModified":"2024-05-22T14:16:23+00:00","author":{"@id":"https:\/\/adhernandez.com\/ca\/#\/schema\/person\/330b9c8828ff3a80ee8053b5fff0e848"},"description":"Descobreix com dur a terme un programa de reciclatge reeixit en la teva comunitat de ve\u00efns amb aquesta guia detallada que t'ajudar\u00e0 a gestionar de manera sostenible els residus i promoure pr\u00e0ctiques ecoamigables","breadcrumb":{"@id":"https:\/\/adhernandez.com\/ca\/2024\/03\/05\/implementacio-dun-programa-de-reciclatge-en-comunitats-de-veins-guia-per-a-una-gestio-sostenible\/#breadcrumb"},"inLanguage":"ca","potentialAction":[{"@type":"ReadAction","target":["https:\/\/adhernandez.com\/ca\/2024\/03\/05\/implementacio-dun-programa-de-reciclatge-en-comunitats-de-veins-guia-per-a-una-gestio-sostenible\/"]}]},{"@type":"ImageObject","inLanguage":"ca","@id":"https:\/\/adhernandez.com\/ca\/2024\/03\/05\/implementacio-dun-programa-de-reciclatge-en-comunitats-de-veins-guia-per-a-una-gestio-sostenible\/#primaryimage","url":"https:\/\/adhernandez.com\/wp-content\/uploads\/2024\/03\/reciclaje-comunidad-vecinos.jpg","contentUrl":"https:\/\/adhernandez.com\/wp-content\/uploads\/2024\/03\/reciclaje-comunidad-vecinos.jpg","width":1000,"height":430,"caption":"reciclaje comunidad vecinos"},{"@type":"BreadcrumbList","@id":"https:\/\/adhernandez.com\/ca\/2024\/03\/05\/implementacio-dun-programa-de-reciclatge-en-comunitats-de-veins-guia-per-a-una-gestio-sostenible\/#breadcrumb","itemListElement":[{"@type":"ListItem","position":1,"name":"Portada","item":"https:\/\/adhernandez.com\/ca\/adhernandez-inicio\/"},{"@type":"ListItem","position":2,"name":"Implementaci\u00f3 d&#8217;un Programa de Reciclatge en Comunitats de Ve\u00efns: Guia per a una Gesti\u00f3 Sostenible"}]},{"@type":"WebSite","@id":"https:\/\/adhernandez.com\/ca\/#website","url":"https:\/\/adhernandez.com\/ca\/","name":"Administraciones Hern\u00e1ndez","description":"Equipo de profesionales con amplia experiencia en la gesti\u00f3n del patrimonio inmobiliario","potentialAction":[{"@type":"SearchAction","target":{"@type":"EntryPoint","urlTemplate":"https:\/\/adhernandez.com\/ca\/?s={search_term_string}"},"query-input":{"@type":"PropertyValueSpecification","valueRequired":true,"valueName":"search_term_string"}}],"inLanguage":"ca"},{"@type":"Person","@id":"https:\/\/adhernandez.com\/ca\/#\/schema\/person\/330b9c8828ff3a80ee8053b5fff0e848","name":"AdHern\u00e1ndez","image":{"@type":"ImageObject","inLanguage":"ca","@id":"https:\/\/adhernandez.com\/wp-content\/litespeed\/avatar\/6b84e2484050905299b010a711cff345.jpg?ver=1777323059","url":"https:\/\/adhernandez.com\/wp-content\/litespeed\/avatar\/6b84e2484050905299b010a711cff345.jpg?ver=1777323059","contentUrl":"https:\/\/adhernandez.com\/wp-content\/litespeed\/avatar\/6b84e2484050905299b010a711cff345.jpg?ver=1777323059","caption":"AdHern\u00e1ndez"},"url":"https:\/\/adhernandez.com\/ca\/author\/veronica\/"}]}},"_links":{"self":[{"href":"https:\/\/adhernandez.com\/ca\/wp-json\/wp\/v2\/posts\/29923","targetHints":{"allow":["GET"]}}],"collection":[{"href":"https:\/\/adhernandez.com\/ca\/wp-json\/wp\/v2\/posts"}],"about":[{"href":"https:\/\/adhernandez.com\/ca\/wp-json\/wp\/v2\/types\/post"}],"author":[{"embeddable":true,"href":"https:\/\/adhernandez.com\/ca\/wp-json\/wp\/v2\/users\/6"}],"replies":[{"embeddable":true,"href":"https:\/\/adhernandez.com\/ca\/wp-json\/wp\/v2\/comments?post=29923"}],"version-history":[{"count":2,"href":"https:\/\/adhernandez.com\/ca\/wp-json\/wp\/v2\/posts\/29923\/revisions"}],"predecessor-version":[{"id":29985,"href":"https:\/\/adhernandez.com\/ca\/wp-json\/wp\/v2\/posts\/29923\/revisions\/29985"}],"wp:featuredmedia":[{"embeddable":true,"href":"https:\/\/adhernandez.com\/ca\/wp-json\/wp\/v2\/media\/29707"}],"wp:attachment":[{"href":"https:\/\/adhernandez.com\/ca\/wp-json\/wp\/v2\/media?parent=29923"}],"wp:term":[{"taxonomy":"category","embeddable":true,"href":"https:\/\/adhernandez.com\/ca\/wp-json\/wp\/v2\/categories?post=29923"},{"taxonomy":"post_tag","embeddable":true,"href":"https:\/\/adhernandez.com\/ca\/wp-json\/wp\/v2\/tags?post=29923"}],"curies":[{"name":"wp","href":"https:\/\/api.w.org\/{rel}","templated":true}]}}