{"id":29921,"date":"2024-04-03T11:51:00","date_gmt":"2024-04-03T11:51:00","guid":{"rendered":"https:\/\/adhernandez.com\/2024\/05\/08\/installar-un-punt-de-recarrega-per-al-cotxe-en-comunitat-de-veins\/"},"modified":"2024-05-22T14:17:14","modified_gmt":"2024-05-22T14:17:14","slug":"installar-un-punt-de-recarrega-per-al-cotxe-en-comunitat-de-veins","status":"publish","type":"post","link":"https:\/\/adhernandez.com\/ca\/2024\/04\/03\/installar-un-punt-de-recarrega-per-al-cotxe-en-comunitat-de-veins\/","title":{"rendered":"Instal\u00b7lar un punt de rec\u00e0rrega per al cotxe en comunitat de ve\u00efns"},"content":{"rendered":"\t\t<div data-elementor-type=\"wp-post\" data-elementor-id=\"29921\" class=\"elementor elementor-29921 elementor-29827\">\n\t\t\t\t\t\t<section class=\"elementor-section elementor-top-section elementor-element elementor-element-62351a3 elementor-section-boxed elementor-section-height-default elementor-section-height-default\" data-id=\"62351a3\" data-element_type=\"section\" data-e-type=\"section\">\n\t\t\t\t\t\t<div class=\"elementor-container elementor-column-gap-default\">\n\t\t\t\t\t<div class=\"elementor-column elementor-col-100 elementor-top-column elementor-element elementor-element-08ba063\" data-id=\"08ba063\" data-element_type=\"column\" data-e-type=\"column\">\n\t\t\t<div class=\"elementor-widget-wrap elementor-element-populated\">\n\t\t\t\t\t\t<div class=\"elementor-element elementor-element-805201d elementor-widget elementor-widget-text-editor\" data-id=\"805201d\" data-element_type=\"widget\" data-e-type=\"widget\" data-widget_type=\"text-editor.default\">\n\t\t\t\t\t\t\t\t\t<p>En l&#8217;actualitat, la instal\u00b7laci\u00f3 de punts de rec\u00e0rrega per a vehicles el\u00e8ctrics en comunitats de ve\u00efns s&#8217;ha convertit en una necessitat creixent. A Catalunya, com en altres regions, existeixen normatives espec\u00edfiques que regulen aquest tipus d&#8217;instal\u00b7lacions en espais comunitaris. En aquest article, explorarem els aspectes clau a considerar en instal\u00b7lar un punt de rec\u00e0rrega en una comunitat de ve\u00efns a Catalunya.<\/p>\n\t\t\t\t\t\t\t\t<\/div>\n\t\t\t\t<div class=\"elementor-element elementor-element-968c942 elementor-widget elementor-widget-text-editor\" data-id=\"968c942\" data-element_type=\"widget\" data-e-type=\"widget\" data-widget_type=\"text-editor.default\">\n\t\t\t\t\t\t\t\t\t<h2>Normativa vigent a Catalunya<\/h2>\n\t\t\t\t\t\t\t\t<\/div>\n\t\t\t\t<div class=\"elementor-element elementor-element-7d5ca8d elementor-widget elementor-widget-text-editor\" data-id=\"7d5ca8d\" data-element_type=\"widget\" data-e-type=\"widget\" data-widget_type=\"text-editor.default\">\n\t\t\t\t\t\t\t\t\t<p>A Catalunya, la normativa que regula la instal\u00b7laci\u00f3 de punts de rec\u00e0rrega en comunitats de ve\u00efns es troba principalment en el Decret 176\/2016, de 14 de juny, sobre la infraestructura de rec\u00e0rrega de vehicles el\u00e8ctrics. Aquest decret estableix els requisits t\u00e8cnics i administratius que han de complir les instal\u00b7lacions de rec\u00e0rrega, incloent-hi aquelles situades en espais comunitaris<\/p>\n\t\t\t\t\t\t\t\t<\/div>\n\t\t\t\t<div class=\"elementor-element elementor-element-630b9f2 elementor-widget elementor-widget-text-editor\" data-id=\"630b9f2\" data-element_type=\"widget\" data-e-type=\"widget\" data-widget_type=\"text-editor.default\">\n\t\t\t\t\t\t\t\t\t<h2>Autoritzaci\u00f3 de la comunitat de ve\u00efns<\/h2>\n\t\t\t\t\t\t\t\t<\/div>\n\t\t\t\t<div class=\"elementor-element elementor-element-9b89ab6 elementor-widget elementor-widget-text-editor\" data-id=\"9b89ab6\" data-element_type=\"widget\" data-e-type=\"widget\" data-widget_type=\"text-editor.default\">\n\t\t\t\t\t\t\t\t\t<p>Abans de conducta amb la instal\u00b7laci\u00f3 d&#8217;un punt de rec\u00e0rrega en una comunitat de ve\u00efns a Catalunya, \u00e9s fonamental obtenir l&#8217;autoritzaci\u00f3 de la comunitat. Segons la Llei de Propietat Horitzontal, la instal\u00b7laci\u00f3 d&#8217;elements comuns que afectin la seguretat de l&#8217;edifici o alterin la seva configuraci\u00f3 arquitect\u00f2nica requereix l&#8217;aprovaci\u00f3 de la majoria dels propietaris.<\/p>\n\t\t\t\t\t\t\t\t<\/div>\n\t\t\t\t<div class=\"elementor-element elementor-element-b005fe8 elementor-widget elementor-widget-text-editor\" data-id=\"b005fe8\" data-element_type=\"widget\" data-e-type=\"widget\" data-widget_type=\"text-editor.default\">\n\t\t\t\t\t\t\t\t\t<h2>Avaluaci\u00f3 de la infraestructura el\u00e8ctrica existent<\/h2>\n\t\t\t\t\t\t\t\t<\/div>\n\t\t\t\t<div class=\"elementor-element elementor-element-e2a2793 elementor-widget elementor-widget-text-editor\" data-id=\"e2a2793\" data-element_type=\"widget\" data-e-type=\"widget\" data-widget_type=\"text-editor.default\">\n\t\t\t\t\t\t\t\t\t<p>\u00c9s crucial realitzar una avaluaci\u00f3 de la infraestructura el\u00e8ctrica existent en la comunitat de ve\u00efns per a determinar si \u00e9s capa\u00e7 de suportar la instal\u00b7laci\u00f3 d&#8217;un punt de rec\u00e0rrega. A Catalunya, \u00e9s possible que es requereixin modificacions en la xarxa el\u00e8ctrica de l&#8217;edifici per a garantir un subministrament adequat d&#8217;energia al punt de rec\u00e0rrega.<\/p>\n\t\t\t\t\t\t\t\t<\/div>\n\t\t\t\t<div class=\"elementor-element elementor-element-95b7416 elementor-widget elementor-widget-text-editor\" data-id=\"95b7416\" data-element_type=\"widget\" data-e-type=\"widget\" data-widget_type=\"text-editor.default\">\n\t\t\t\t\t\t\t\t\t<h2>Selecci\u00f3 del tipus de punt de rec\u00e0rrega<\/h2>\n\t\t\t\t\t\t\t\t<\/div>\n\t\t\t\t<div class=\"elementor-element elementor-element-5f775c7 elementor-widget elementor-widget-text-editor\" data-id=\"5f775c7\" data-element_type=\"widget\" data-e-type=\"widget\" data-widget_type=\"text-editor.default\">\n\t\t\t\t\t\t\t\t\t<p>Existeixen diferents tipus de punts de rec\u00e0rrega per a vehicles el\u00e8ctrics, des dels m\u00e9s senzills fins als m\u00e9s avan\u00e7ats amb funcions de control i gesti\u00f3 de la c\u00e0rrega. A Catalunya, \u00e9s important triar un punt de rec\u00e0rrega que compleixi amb els est\u00e0ndards de seguretat i efici\u00e8ncia energ\u00e8tica establerts en la normativa vigent.<\/p>\n\t\t\t\t\t\t\t\t<\/div>\n\t\t\t\t<div class=\"elementor-element elementor-element-a77210a elementor-widget elementor-widget-text-editor\" data-id=\"a77210a\" data-element_type=\"widget\" data-e-type=\"widget\" data-widget_type=\"text-editor.default\">\n\t\t\t\t\t\t\t\t\t<h2>Contractaci\u00f3 d&#8217;una empresa instal\u00b7ladora autoritzada<\/h2>\n\t\t\t\t\t\t\t\t<\/div>\n\t\t\t\t<div class=\"elementor-element elementor-element-2632ce8 elementor-widget elementor-widget-text-editor\" data-id=\"2632ce8\" data-element_type=\"widget\" data-e-type=\"widget\" data-widget_type=\"text-editor.default\">\n\t\t\t\t\t\t\t\t\t<p>Per a garantir una instal\u00b7laci\u00f3 segura i conforme a la normativa a Catalunya, \u00e9s recomanable contractar els serveis d&#8217;una empresa instal\u00b7ladora autoritzada en sistemes de rec\u00e0rrega de vehicles el\u00e8ctrics. Aquestes empreses compten amb l&#8217;experi\u00e8ncia i el coneixement necessari per a dur a terme la instal\u00b7laci\u00f3 de manera adequada.<\/p>\n\t\t\t\t\t\t\t\t<\/div>\n\t\t\t\t<div class=\"elementor-element elementor-element-8c728ae elementor-widget elementor-widget-text-editor\" data-id=\"8c728ae\" data-element_type=\"widget\" data-e-type=\"widget\" data-widget_type=\"text-editor.default\">\n\t\t\t\t\t\t\t\t\t<h2>Beneficis d&#8217;instal\u00b7lar un punt de rec\u00e0rrega en una comunitat de ve\u00efns<\/h2>\n\t\t\t\t\t\t\t\t<\/div>\n\t\t\t\t<div class=\"elementor-element elementor-element-d7641e4 elementor-widget elementor-widget-text-editor\" data-id=\"d7641e4\" data-element_type=\"widget\" data-e-type=\"widget\" data-widget_type=\"text-editor.default\">\n\t\t\t\t\t\t\t\t\t<p>La instal\u00b7laci\u00f3 de punts de rec\u00e0rrega per a vehicles el\u00e8ctrics en comunitats de ve\u00efns a Catalunya no sols contribueix a la promoci\u00f3 de la mobilitat sostenible, sin\u00f3 que tamb\u00e9 pot augmentar el valor de les propietats i millorar la imatge de la comunitat davant possibles compradors o inquilins.<\/p>\n\t\t\t\t\t\t\t\t<\/div>\n\t\t\t\t<div class=\"elementor-element elementor-element-28185d4 elementor-widget elementor-widget-text-editor\" data-id=\"28185d4\" data-element_type=\"widget\" data-e-type=\"widget\" data-widget_type=\"text-editor.default\">\n\t\t\t\t\t\t\t\t\t<h2>Conclusi\u00f3 final<\/h2>\n\t\t\t\t\t\t\t\t<\/div>\n\t\t\t\t<div class=\"elementor-element elementor-element-87200cc elementor-widget elementor-widget-text-editor\" data-id=\"87200cc\" data-element_type=\"widget\" data-e-type=\"widget\" data-widget_type=\"text-editor.default\">\n\t\t\t\t\t\t\t\t\t<p>En resum, la instal\u00b7laci\u00f3 d&#8217;un punt de rec\u00e0rrega per a vehicles el\u00e8ctrics en una comunitat de ve\u00efns a Catalunya requereix complir amb la normativa vigent, obtenir l&#8217;autoritzaci\u00f3 de la comunitat, avaluar la infraestructura el\u00e8ctrica, seleccionar el tipus adequat de punt de rec\u00e0rrega i contractar una empresa instal\u00b7ladora autoritzada. En seguir aquests passos, es pot facilitar la transici\u00f3 cap a una mobilitat m\u00e9s sostenible i eficient en l&#8217;entorn comunitari.<\/p>\n\t\t\t\t\t\t\t\t<\/div>\n\t\t\t\t\t<\/div>\n\t\t<\/div>\n\t\t\t\t\t<\/div>\n\t\t<\/section>\n\t\t\t\t<\/div>\n\t\t","protected":false},"excerpt":{"rendered":"<p>Instal\u00b7lar un punt de rec\u00e0rrega per a cotxes el\u00e8ctrics en una comunitat de ve\u00efns \u00e9s una decisi\u00f3 sostenible i convenient que promou la mobilitat el\u00e8ctrica i beneficia a tots els residents.<\/p>\n","protected":false},"author":6,"featured_media":29836,"comment_status":"closed","ping_status":"closed","sticky":false,"template":"","format":"standard","meta":{"footnotes":""},"categories":[378,365],"tags":[],"class_list":["post-29921","post","type-post","status-publish","format-standard","has-post-thumbnail","hentry","category-blog-ca","category-propiedad-horizontal-ca"],"yoast_head":"<!-- This site is optimized with the Yoast SEO plugin v27.4 - https:\/\/yoast.com\/product\/yoast-seo-wordpress\/ -->\n<title>Instal\u00b7lar un punt de rec\u00e0rrega per al cotxe en comunitat de ve\u00efns - Administraciones Hern\u00e1ndez<\/title>\n<meta name=\"robots\" content=\"index, follow, max-snippet:-1, max-image-preview:large, max-video-preview:-1\" \/>\n<link rel=\"canonical\" href=\"https:\/\/adhernandez.com\/ca\/2024\/04\/03\/installar-un-punt-de-recarrega-per-al-cotxe-en-comunitat-de-veins\/\" \/>\n<meta property=\"og:locale\" content=\"ca_ES\" \/>\n<meta property=\"og:type\" content=\"article\" \/>\n<meta property=\"og:title\" content=\"Instal\u00b7lar un punt de rec\u00e0rrega per al cotxe en comunitat de ve\u00efns - Administraciones Hern\u00e1ndez\" \/>\n<meta property=\"og:description\" content=\"Instal\u00b7lar un punt de rec\u00e0rrega per a cotxes el\u00e8ctrics en una comunitat de ve\u00efns \u00e9s una decisi\u00f3 sostenible i convenient que promou la mobilitat el\u00e8ctrica i beneficia a tots els residents.\" \/>\n<meta property=\"og:url\" content=\"https:\/\/adhernandez.com\/ca\/2024\/04\/03\/installar-un-punt-de-recarrega-per-al-cotxe-en-comunitat-de-veins\/\" \/>\n<meta property=\"og:site_name\" content=\"Administraciones Hern\u00e1ndez\" \/>\n<meta property=\"article:published_time\" content=\"2024-04-03T11:51:00+00:00\" \/>\n<meta property=\"article:modified_time\" content=\"2024-05-22T14:17:14+00:00\" \/>\n<meta property=\"og:image\" content=\"https:\/\/adhernandez.com\/wp-content\/uploads\/2024\/04\/punto-de-carga-de-coches.jpg\" \/>\n\t<meta property=\"og:image:width\" content=\"1000\" \/>\n\t<meta property=\"og:image:height\" content=\"430\" \/>\n\t<meta property=\"og:image:type\" content=\"image\/jpeg\" \/>\n<meta name=\"author\" content=\"AdHern\u00e1ndez\" \/>\n<meta name=\"twitter:card\" content=\"summary_large_image\" \/>\n<meta name=\"twitter:label1\" content=\"Escrit per\" \/>\n\t<meta name=\"twitter:data1\" content=\"AdHern\u00e1ndez\" \/>\n\t<meta name=\"twitter:label2\" content=\"Temps estimat de lectura\" \/>\n\t<meta name=\"twitter:data2\" content=\"3 minuts\" \/>\n<script type=\"application\/ld+json\" class=\"yoast-schema-graph\">{\"@context\":\"https:\\\/\\\/schema.org\",\"@graph\":[{\"@type\":\"Article\",\"@id\":\"https:\\\/\\\/adhernandez.com\\\/ca\\\/2024\\\/04\\\/03\\\/installar-un-punt-de-recarrega-per-al-cotxe-en-comunitat-de-veins\\\/#article\",\"isPartOf\":{\"@id\":\"https:\\\/\\\/adhernandez.com\\\/ca\\\/2024\\\/04\\\/03\\\/installar-un-punt-de-recarrega-per-al-cotxe-en-comunitat-de-veins\\\/\"},\"author\":{\"name\":\"AdHern\u00e1ndez\",\"@id\":\"https:\\\/\\\/adhernandez.com\\\/ca\\\/#\\\/schema\\\/person\\\/330b9c8828ff3a80ee8053b5fff0e848\"},\"headline\":\"Instal\u00b7lar un punt de rec\u00e0rrega per al cotxe en comunitat de ve\u00efns\",\"datePublished\":\"2024-04-03T11:51:00+00:00\",\"dateModified\":\"2024-05-22T14:17:14+00:00\",\"mainEntityOfPage\":{\"@id\":\"https:\\\/\\\/adhernandez.com\\\/ca\\\/2024\\\/04\\\/03\\\/installar-un-punt-de-recarrega-per-al-cotxe-en-comunitat-de-veins\\\/\"},\"wordCount\":558,\"image\":{\"@id\":\"https:\\\/\\\/adhernandez.com\\\/ca\\\/2024\\\/04\\\/03\\\/installar-un-punt-de-recarrega-per-al-cotxe-en-comunitat-de-veins\\\/#primaryimage\"},\"thumbnailUrl\":\"https:\\\/\\\/adhernandez.com\\\/wp-content\\\/uploads\\\/2024\\\/04\\\/punto-de-carga-de-coches.jpg\",\"articleSection\":[\"blog\",\"Propiedad Horizontal\"],\"inLanguage\":\"ca\"},{\"@type\":\"WebPage\",\"@id\":\"https:\\\/\\\/adhernandez.com\\\/ca\\\/2024\\\/04\\\/03\\\/installar-un-punt-de-recarrega-per-al-cotxe-en-comunitat-de-veins\\\/\",\"url\":\"https:\\\/\\\/adhernandez.com\\\/ca\\\/2024\\\/04\\\/03\\\/installar-un-punt-de-recarrega-per-al-cotxe-en-comunitat-de-veins\\\/\",\"name\":\"Instal\u00b7lar un punt de rec\u00e0rrega per al cotxe en comunitat de ve\u00efns - Administraciones Hern\u00e1ndez\",\"isPartOf\":{\"@id\":\"https:\\\/\\\/adhernandez.com\\\/ca\\\/#website\"},\"primaryImageOfPage\":{\"@id\":\"https:\\\/\\\/adhernandez.com\\\/ca\\\/2024\\\/04\\\/03\\\/installar-un-punt-de-recarrega-per-al-cotxe-en-comunitat-de-veins\\\/#primaryimage\"},\"image\":{\"@id\":\"https:\\\/\\\/adhernandez.com\\\/ca\\\/2024\\\/04\\\/03\\\/installar-un-punt-de-recarrega-per-al-cotxe-en-comunitat-de-veins\\\/#primaryimage\"},\"thumbnailUrl\":\"https:\\\/\\\/adhernandez.com\\\/wp-content\\\/uploads\\\/2024\\\/04\\\/punto-de-carga-de-coches.jpg\",\"datePublished\":\"2024-04-03T11:51:00+00:00\",\"dateModified\":\"2024-05-22T14:17:14+00:00\",\"author\":{\"@id\":\"https:\\\/\\\/adhernandez.com\\\/ca\\\/#\\\/schema\\\/person\\\/330b9c8828ff3a80ee8053b5fff0e848\"},\"breadcrumb\":{\"@id\":\"https:\\\/\\\/adhernandez.com\\\/ca\\\/2024\\\/04\\\/03\\\/installar-un-punt-de-recarrega-per-al-cotxe-en-comunitat-de-veins\\\/#breadcrumb\"},\"inLanguage\":\"ca\",\"potentialAction\":[{\"@type\":\"ReadAction\",\"target\":[\"https:\\\/\\\/adhernandez.com\\\/ca\\\/2024\\\/04\\\/03\\\/installar-un-punt-de-recarrega-per-al-cotxe-en-comunitat-de-veins\\\/\"]}]},{\"@type\":\"ImageObject\",\"inLanguage\":\"ca\",\"@id\":\"https:\\\/\\\/adhernandez.com\\\/ca\\\/2024\\\/04\\\/03\\\/installar-un-punt-de-recarrega-per-al-cotxe-en-comunitat-de-veins\\\/#primaryimage\",\"url\":\"https:\\\/\\\/adhernandez.com\\\/wp-content\\\/uploads\\\/2024\\\/04\\\/punto-de-carga-de-coches.jpg\",\"contentUrl\":\"https:\\\/\\\/adhernandez.com\\\/wp-content\\\/uploads\\\/2024\\\/04\\\/punto-de-carga-de-coches.jpg\",\"width\":1000,\"height\":430,\"caption\":\"punto de carga de coches\"},{\"@type\":\"BreadcrumbList\",\"@id\":\"https:\\\/\\\/adhernandez.com\\\/ca\\\/2024\\\/04\\\/03\\\/installar-un-punt-de-recarrega-per-al-cotxe-en-comunitat-de-veins\\\/#breadcrumb\",\"itemListElement\":[{\"@type\":\"ListItem\",\"position\":1,\"name\":\"Portada\",\"item\":\"https:\\\/\\\/adhernandez.com\\\/ca\\\/adhernandez-inicio\\\/\"},{\"@type\":\"ListItem\",\"position\":2,\"name\":\"Instal\u00b7lar un punt de rec\u00e0rrega per al cotxe en comunitat de ve\u00efns\"}]},{\"@type\":\"WebSite\",\"@id\":\"https:\\\/\\\/adhernandez.com\\\/ca\\\/#website\",\"url\":\"https:\\\/\\\/adhernandez.com\\\/ca\\\/\",\"name\":\"Administraciones Hern\u00e1ndez\",\"description\":\"Equipo de profesionales con amplia experiencia en la gesti\u00f3n del patrimonio inmobiliario\",\"potentialAction\":[{\"@type\":\"SearchAction\",\"target\":{\"@type\":\"EntryPoint\",\"urlTemplate\":\"https:\\\/\\\/adhernandez.com\\\/ca\\\/?s={search_term_string}\"},\"query-input\":{\"@type\":\"PropertyValueSpecification\",\"valueRequired\":true,\"valueName\":\"search_term_string\"}}],\"inLanguage\":\"ca\"},{\"@type\":\"Person\",\"@id\":\"https:\\\/\\\/adhernandez.com\\\/ca\\\/#\\\/schema\\\/person\\\/330b9c8828ff3a80ee8053b5fff0e848\",\"name\":\"AdHern\u00e1ndez\",\"image\":{\"@type\":\"ImageObject\",\"inLanguage\":\"ca\",\"@id\":\"https:\\\/\\\/adhernandez.com\\\/wp-content\\\/litespeed\\\/avatar\\\/6b84e2484050905299b010a711cff345.jpg?ver=1777323059\",\"url\":\"https:\\\/\\\/adhernandez.com\\\/wp-content\\\/litespeed\\\/avatar\\\/6b84e2484050905299b010a711cff345.jpg?ver=1777323059\",\"contentUrl\":\"https:\\\/\\\/adhernandez.com\\\/wp-content\\\/litespeed\\\/avatar\\\/6b84e2484050905299b010a711cff345.jpg?ver=1777323059\",\"caption\":\"AdHern\u00e1ndez\"},\"url\":\"https:\\\/\\\/adhernandez.com\\\/ca\\\/author\\\/veronica\\\/\"}]}<\/script>\n<!-- \/ Yoast SEO plugin. -->","yoast_head_json":{"title":"Instal\u00b7lar un punt de rec\u00e0rrega per al cotxe en comunitat de ve\u00efns - Administraciones Hern\u00e1ndez","robots":{"index":"index","follow":"follow","max-snippet":"max-snippet:-1","max-image-preview":"max-image-preview:large","max-video-preview":"max-video-preview:-1"},"canonical":"https:\/\/adhernandez.com\/ca\/2024\/04\/03\/installar-un-punt-de-recarrega-per-al-cotxe-en-comunitat-de-veins\/","og_locale":"ca_ES","og_type":"article","og_title":"Instal\u00b7lar un punt de rec\u00e0rrega per al cotxe en comunitat de ve\u00efns - Administraciones Hern\u00e1ndez","og_description":"Instal\u00b7lar un punt de rec\u00e0rrega per a cotxes el\u00e8ctrics en una comunitat de ve\u00efns \u00e9s una decisi\u00f3 sostenible i convenient que promou la mobilitat el\u00e8ctrica i beneficia a tots els residents.","og_url":"https:\/\/adhernandez.com\/ca\/2024\/04\/03\/installar-un-punt-de-recarrega-per-al-cotxe-en-comunitat-de-veins\/","og_site_name":"Administraciones Hern\u00e1ndez","article_published_time":"2024-04-03T11:51:00+00:00","article_modified_time":"2024-05-22T14:17:14+00:00","og_image":[{"width":1000,"height":430,"url":"https:\/\/adhernandez.com\/wp-content\/uploads\/2024\/04\/punto-de-carga-de-coches.jpg","type":"image\/jpeg"}],"author":"AdHern\u00e1ndez","twitter_card":"summary_large_image","twitter_misc":{"Escrit per":"AdHern\u00e1ndez","Temps estimat de lectura":"3 minuts"},"schema":{"@context":"https:\/\/schema.org","@graph":[{"@type":"Article","@id":"https:\/\/adhernandez.com\/ca\/2024\/04\/03\/installar-un-punt-de-recarrega-per-al-cotxe-en-comunitat-de-veins\/#article","isPartOf":{"@id":"https:\/\/adhernandez.com\/ca\/2024\/04\/03\/installar-un-punt-de-recarrega-per-al-cotxe-en-comunitat-de-veins\/"},"author":{"name":"AdHern\u00e1ndez","@id":"https:\/\/adhernandez.com\/ca\/#\/schema\/person\/330b9c8828ff3a80ee8053b5fff0e848"},"headline":"Instal\u00b7lar un punt de rec\u00e0rrega per al cotxe en comunitat de ve\u00efns","datePublished":"2024-04-03T11:51:00+00:00","dateModified":"2024-05-22T14:17:14+00:00","mainEntityOfPage":{"@id":"https:\/\/adhernandez.com\/ca\/2024\/04\/03\/installar-un-punt-de-recarrega-per-al-cotxe-en-comunitat-de-veins\/"},"wordCount":558,"image":{"@id":"https:\/\/adhernandez.com\/ca\/2024\/04\/03\/installar-un-punt-de-recarrega-per-al-cotxe-en-comunitat-de-veins\/#primaryimage"},"thumbnailUrl":"https:\/\/adhernandez.com\/wp-content\/uploads\/2024\/04\/punto-de-carga-de-coches.jpg","articleSection":["blog","Propiedad Horizontal"],"inLanguage":"ca"},{"@type":"WebPage","@id":"https:\/\/adhernandez.com\/ca\/2024\/04\/03\/installar-un-punt-de-recarrega-per-al-cotxe-en-comunitat-de-veins\/","url":"https:\/\/adhernandez.com\/ca\/2024\/04\/03\/installar-un-punt-de-recarrega-per-al-cotxe-en-comunitat-de-veins\/","name":"Instal\u00b7lar un punt de rec\u00e0rrega per al cotxe en comunitat de ve\u00efns - Administraciones Hern\u00e1ndez","isPartOf":{"@id":"https:\/\/adhernandez.com\/ca\/#website"},"primaryImageOfPage":{"@id":"https:\/\/adhernandez.com\/ca\/2024\/04\/03\/installar-un-punt-de-recarrega-per-al-cotxe-en-comunitat-de-veins\/#primaryimage"},"image":{"@id":"https:\/\/adhernandez.com\/ca\/2024\/04\/03\/installar-un-punt-de-recarrega-per-al-cotxe-en-comunitat-de-veins\/#primaryimage"},"thumbnailUrl":"https:\/\/adhernandez.com\/wp-content\/uploads\/2024\/04\/punto-de-carga-de-coches.jpg","datePublished":"2024-04-03T11:51:00+00:00","dateModified":"2024-05-22T14:17:14+00:00","author":{"@id":"https:\/\/adhernandez.com\/ca\/#\/schema\/person\/330b9c8828ff3a80ee8053b5fff0e848"},"breadcrumb":{"@id":"https:\/\/adhernandez.com\/ca\/2024\/04\/03\/installar-un-punt-de-recarrega-per-al-cotxe-en-comunitat-de-veins\/#breadcrumb"},"inLanguage":"ca","potentialAction":[{"@type":"ReadAction","target":["https:\/\/adhernandez.com\/ca\/2024\/04\/03\/installar-un-punt-de-recarrega-per-al-cotxe-en-comunitat-de-veins\/"]}]},{"@type":"ImageObject","inLanguage":"ca","@id":"https:\/\/adhernandez.com\/ca\/2024\/04\/03\/installar-un-punt-de-recarrega-per-al-cotxe-en-comunitat-de-veins\/#primaryimage","url":"https:\/\/adhernandez.com\/wp-content\/uploads\/2024\/04\/punto-de-carga-de-coches.jpg","contentUrl":"https:\/\/adhernandez.com\/wp-content\/uploads\/2024\/04\/punto-de-carga-de-coches.jpg","width":1000,"height":430,"caption":"punto de carga de coches"},{"@type":"BreadcrumbList","@id":"https:\/\/adhernandez.com\/ca\/2024\/04\/03\/installar-un-punt-de-recarrega-per-al-cotxe-en-comunitat-de-veins\/#breadcrumb","itemListElement":[{"@type":"ListItem","position":1,"name":"Portada","item":"https:\/\/adhernandez.com\/ca\/adhernandez-inicio\/"},{"@type":"ListItem","position":2,"name":"Instal\u00b7lar un punt de rec\u00e0rrega per al cotxe en comunitat de ve\u00efns"}]},{"@type":"WebSite","@id":"https:\/\/adhernandez.com\/ca\/#website","url":"https:\/\/adhernandez.com\/ca\/","name":"Administraciones Hern\u00e1ndez","description":"Equipo de profesionales con amplia experiencia en la gesti\u00f3n del patrimonio inmobiliario","potentialAction":[{"@type":"SearchAction","target":{"@type":"EntryPoint","urlTemplate":"https:\/\/adhernandez.com\/ca\/?s={search_term_string}"},"query-input":{"@type":"PropertyValueSpecification","valueRequired":true,"valueName":"search_term_string"}}],"inLanguage":"ca"},{"@type":"Person","@id":"https:\/\/adhernandez.com\/ca\/#\/schema\/person\/330b9c8828ff3a80ee8053b5fff0e848","name":"AdHern\u00e1ndez","image":{"@type":"ImageObject","inLanguage":"ca","@id":"https:\/\/adhernandez.com\/wp-content\/litespeed\/avatar\/6b84e2484050905299b010a711cff345.jpg?ver=1777323059","url":"https:\/\/adhernandez.com\/wp-content\/litespeed\/avatar\/6b84e2484050905299b010a711cff345.jpg?ver=1777323059","contentUrl":"https:\/\/adhernandez.com\/wp-content\/litespeed\/avatar\/6b84e2484050905299b010a711cff345.jpg?ver=1777323059","caption":"AdHern\u00e1ndez"},"url":"https:\/\/adhernandez.com\/ca\/author\/veronica\/"}]}},"_links":{"self":[{"href":"https:\/\/adhernandez.com\/ca\/wp-json\/wp\/v2\/posts\/29921","targetHints":{"allow":["GET"]}}],"collection":[{"href":"https:\/\/adhernandez.com\/ca\/wp-json\/wp\/v2\/posts"}],"about":[{"href":"https:\/\/adhernandez.com\/ca\/wp-json\/wp\/v2\/types\/post"}],"author":[{"embeddable":true,"href":"https:\/\/adhernandez.com\/ca\/wp-json\/wp\/v2\/users\/6"}],"replies":[{"embeddable":true,"href":"https:\/\/adhernandez.com\/ca\/wp-json\/wp\/v2\/comments?post=29921"}],"version-history":[{"count":2,"href":"https:\/\/adhernandez.com\/ca\/wp-json\/wp\/v2\/posts\/29921\/revisions"}],"predecessor-version":[{"id":29986,"href":"https:\/\/adhernandez.com\/ca\/wp-json\/wp\/v2\/posts\/29921\/revisions\/29986"}],"wp:featuredmedia":[{"embeddable":true,"href":"https:\/\/adhernandez.com\/ca\/wp-json\/wp\/v2\/media\/29836"}],"wp:attachment":[{"href":"https:\/\/adhernandez.com\/ca\/wp-json\/wp\/v2\/media?parent=29921"}],"wp:term":[{"taxonomy":"category","embeddable":true,"href":"https:\/\/adhernandez.com\/ca\/wp-json\/wp\/v2\/categories?post=29921"},{"taxonomy":"post_tag","embeddable":true,"href":"https:\/\/adhernandez.com\/ca\/wp-json\/wp\/v2\/tags?post=29921"}],"curies":[{"name":"wp","href":"https:\/\/api.w.org\/{rel}","templated":true}]}}