{"id":29817,"date":"2024-03-19T09:49:00","date_gmt":"2024-03-19T09:49:00","guid":{"rendered":"https:\/\/adhernandez.com\/2024\/03\/19\/reparacions-obligatories-en-una-comunitat-de-veins-normatives-i-responsabilitats\/"},"modified":"2024-03-19T09:49:01","modified_gmt":"2024-03-19T09:49:01","slug":"reparacions-obligatories-en-una-comunitat-de-veins-normatives-i-responsabilitats","status":"publish","type":"post","link":"https:\/\/adhernandez.com\/ca\/2024\/03\/19\/reparacions-obligatories-en-una-comunitat-de-veins-normatives-i-responsabilitats\/","title":{"rendered":"Reparacions Obligat\u00f2ries en una Comunitat de Ve\u00efns: Normatives i Responsabilitats"},"content":{"rendered":"\t\t<div data-elementor-type=\"wp-post\" data-elementor-id=\"29817\" class=\"elementor elementor-29817 elementor-29806\">\n\t\t\t\t\t\t<section class=\"elementor-section elementor-top-section elementor-element elementor-element-7364f7a elementor-section-boxed elementor-section-height-default elementor-section-height-default\" data-id=\"7364f7a\" data-element_type=\"section\" data-e-type=\"section\">\n\t\t\t\t\t\t<div class=\"elementor-container elementor-column-gap-default\">\n\t\t\t\t\t<div class=\"elementor-column elementor-col-100 elementor-top-column elementor-element elementor-element-a9b1f5b\" data-id=\"a9b1f5b\" data-element_type=\"column\" data-e-type=\"column\">\n\t\t\t<div class=\"elementor-widget-wrap\">\n\t\t\t\t\t\t\t<\/div>\n\t\t<\/div>\n\t\t\t\t\t<\/div>\n\t\t<\/section>\n\t\t\t\t<section class=\"elementor-section elementor-top-section elementor-element elementor-element-c734885 elementor-section-boxed elementor-section-height-default elementor-section-height-default\" data-id=\"c734885\" data-element_type=\"section\" data-e-type=\"section\">\n\t\t\t\t\t\t<div class=\"elementor-container elementor-column-gap-default\">\n\t\t\t\t\t<div class=\"elementor-column elementor-col-100 elementor-top-column elementor-element elementor-element-11ac8a1\" data-id=\"11ac8a1\" data-element_type=\"column\" data-e-type=\"column\">\n\t\t\t<div class=\"elementor-widget-wrap elementor-element-populated\">\n\t\t\t\t\t\t<div class=\"elementor-element elementor-element-30a601c elementor-widget elementor-widget-text-editor\" data-id=\"30a601c\" data-element_type=\"widget\" data-e-type=\"widget\" data-widget_type=\"text-editor.default\">\n\t\t\t\t\t\t\t\t\t<p>En l&#8217;\u00e0mbit de l&#8217;administraci\u00f3 de finques, \u00e9s fonamental comprendre les normatives i responsabilitats relacionades amb les reparacions obligat\u00f2ries en una comunitat de ve\u00efns. En aquest article, s&#8217;abordaran els aspectes clau que regeixen aquestes obligacions.<\/p>\n\t\t\t\t\t\t\t\t<\/div>\n\t\t\t\t<div class=\"elementor-element elementor-element-73e110a elementor-widget elementor-widget-text-editor\" data-id=\"73e110a\" data-element_type=\"widget\" data-e-type=\"widget\" data-widget_type=\"text-editor.default\">\n\t\t\t\t\t\t\t\t\t<h2>Normatives Vigents a Catalunya<\/h2>\n\t\t\t\t\t\t\t\t<\/div>\n\t\t\t\t<div class=\"elementor-element elementor-element-677bc44 elementor-widget elementor-widget-text-editor\" data-id=\"677bc44\" data-element_type=\"widget\" data-e-type=\"widget\" data-widget_type=\"text-editor.default\">\n\t\t\t\t\t\t\t\t\t<p>A Catalunya, les reparacions obligat\u00f2ries en comunitats de ve\u00efns es regeixen per la Llei de Propietat Horitzontal, espec\u00edficament per l&#8217;article 10.1.e, que estableix que \u00e9s obligaci\u00f3 de la comunitat realitzar &#8220;les reparacions necess\u00e0ries per a l&#8217;adequat sosteniment i conservaci\u00f3 de l&#8217;immoble&#8221;. Aquesta normativa \u00e9s crucial per a garantir el manteniment adequat dels espais comuns i la seguretat dels residents.<\/p>\n\t\t\t\t\t\t\t\t<\/div>\n\t\t\t\t<div class=\"elementor-element elementor-element-9d04771 elementor-widget elementor-widget-text-editor\" data-id=\"9d04771\" data-element_type=\"widget\" data-e-type=\"widget\" data-widget_type=\"text-editor.default\">\n\t\t\t\t\t\t\t\t\t<h2>Responsabilitats de la Comunitat<\/h2>\n\t\t\t\t\t\t\t\t<\/div>\n\t\t\t\t<div class=\"elementor-element elementor-element-fcececc elementor-widget elementor-widget-text-editor\" data-id=\"fcececc\" data-element_type=\"widget\" data-e-type=\"widget\" data-widget_type=\"text-editor.default\">\n\t\t\t\t\t\t\t\t\t<p>La responsabilitat de dur a terme les reparacions obligat\u00f2ries recau en la comunitat de propietaris en el seu conjunt. \u00c9s important que existeixi un fons com\u00fa per a fer front a aquestes despeses i que s&#8217;estableixin els procediments adequats per a la seva execuci\u00f3. A m\u00e9s, \u00e9s essencial comptar amb un administrador de finques professional que coordini i supervisi aquestes tasques, assegurant la seva correcta realitzaci\u00f3.<\/p>\n\t\t\t\t\t\t\t\t<\/div>\n\t\t\t\t<div class=\"elementor-element elementor-element-360a857 elementor-widget elementor-widget-text-editor\" data-id=\"360a857\" data-element_type=\"widget\" data-e-type=\"widget\" data-widget_type=\"text-editor.default\">\n\t\t\t\t\t\t\t\t\t<h2>Responsabilitats dels Propietaris<\/h2>\n\t\t\t\t\t\t\t\t<\/div>\n\t\t\t\t<div class=\"elementor-element elementor-element-72142bd elementor-widget elementor-widget-text-editor\" data-id=\"72142bd\" data-element_type=\"widget\" data-e-type=\"widget\" data-widget_type=\"text-editor.default\">\n\t\t\t\t\t\t\t\t\t<p>Els propietaris tenen l&#8217;obligaci\u00f3 de contribuir econ\u00f2micament a les reparacions necess\u00e0ries segons la seva quota de participaci\u00f3 en la comunitat. \u00c9s important destacar que aquestes reparacions no poden ser postergades injustificadament, ja que podrien derivar en problemes majors i encarir la seva soluci\u00f3.<\/p>\n\t\t\t\t\t\t\t\t<\/div>\n\t\t\t\t<div class=\"elementor-element elementor-element-785a8d6 elementor-widget elementor-widget-text-editor\" data-id=\"785a8d6\" data-element_type=\"widget\" data-e-type=\"widget\" data-widget_type=\"text-editor.default\">\n\t\t\t\t\t\t\t\t\t<h2>Tipus de Reparacions Obligat\u00f2ries<\/h2>\n\t\t\t\t\t\t\t\t<\/div>\n\t\t\t\t<div class=\"elementor-element elementor-element-4ca58d6 elementor-icon-list--layout-traditional elementor-list-item-link-full_width elementor-widget elementor-widget-icon-list\" data-id=\"4ca58d6\" data-element_type=\"widget\" data-e-type=\"widget\" data-widget_type=\"icon-list.default\">\n\t\t\t\t\t\t\t<ul class=\"elementor-icon-list-items\">\n\t\t\t\t\t\t\t<li class=\"elementor-icon-list-item\">\n\t\t\t\t\t\t\t\t\t\t\t<span class=\"elementor-icon-list-icon\">\n\t\t\t\t\t\t\t<svg aria-hidden=\"true\" class=\"e-font-icon-svg e-fas-check\" viewBox=\"0 0 512 512\" xmlns=\"http:\/\/www.w3.org\/2000\/svg\"><path d=\"M173.898 439.404l-166.4-166.4c-9.997-9.997-9.997-26.206 0-36.204l36.203-36.204c9.997-9.998 26.207-9.998 36.204 0L192 312.69 432.095 72.596c9.997-9.997 26.207-9.997 36.204 0l36.203 36.204c9.997 9.997 9.997 26.206 0 36.204l-294.4 294.401c-9.998 9.997-26.207 9.997-36.204-.001z\"><\/path><\/svg>\t\t\t\t\t\t<\/span>\n\t\t\t\t\t\t\t\t\t\t<span class=\"elementor-icon-list-text\"> Reparacions Estructurals: Aquelles que afecten l'estabilitat i seguretat de l'edifici, com a esquerdes en murs portants o problemes en la fonamentaci\u00f3.<\/span>\n\t\t\t\t\t\t\t\t\t<\/li>\n\t\t\t\t\t\t<\/ul>\n\t\t\t\t\t\t<\/div>\n\t\t\t\t<div class=\"elementor-element elementor-element-b6c926c elementor-icon-list--layout-traditional elementor-list-item-link-full_width elementor-widget elementor-widget-icon-list\" data-id=\"b6c926c\" data-element_type=\"widget\" data-e-type=\"widget\" data-widget_type=\"icon-list.default\">\n\t\t\t\t\t\t\t<ul class=\"elementor-icon-list-items\">\n\t\t\t\t\t\t\t<li class=\"elementor-icon-list-item\">\n\t\t\t\t\t\t\t\t\t\t\t<span class=\"elementor-icon-list-icon\">\n\t\t\t\t\t\t\t<svg aria-hidden=\"true\" class=\"e-font-icon-svg e-fas-check\" viewBox=\"0 0 512 512\" xmlns=\"http:\/\/www.w3.org\/2000\/svg\"><path d=\"M173.898 439.404l-166.4-166.4c-9.997-9.997-9.997-26.206 0-36.204l36.203-36.204c9.997-9.998 26.207-9.998 36.204 0L192 312.69 432.095 72.596c9.997-9.997 26.207-9.997 36.204 0l36.203 36.204c9.997 9.997 9.997 26.206 0 36.204l-294.4 294.401c-9.998 9.997-26.207 9.997-36.204-.001z\"><\/path><\/svg>\t\t\t\t\t\t<\/span>\n\t\t\t\t\t\t\t\t\t\t<span class=\"elementor-icon-list-text\">Reparacions de Cobertes i Fa\u00e7anes: Mantenir en bon estat aquests elements \u00e9s essencial per a prevenir filtracions i danys majors.<\/span>\n\t\t\t\t\t\t\t\t\t<\/li>\n\t\t\t\t\t\t<\/ul>\n\t\t\t\t\t\t<\/div>\n\t\t\t\t<div class=\"elementor-element elementor-element-73b7ab1 elementor-icon-list--layout-traditional elementor-list-item-link-full_width elementor-widget elementor-widget-icon-list\" data-id=\"73b7ab1\" data-element_type=\"widget\" data-e-type=\"widget\" data-widget_type=\"icon-list.default\">\n\t\t\t\t\t\t\t<ul class=\"elementor-icon-list-items\">\n\t\t\t\t\t\t\t<li class=\"elementor-icon-list-item\">\n\t\t\t\t\t\t\t\t\t\t\t<span class=\"elementor-icon-list-icon\">\n\t\t\t\t\t\t\t<svg aria-hidden=\"true\" class=\"e-font-icon-svg e-fas-check\" viewBox=\"0 0 512 512\" xmlns=\"http:\/\/www.w3.org\/2000\/svg\"><path d=\"M173.898 439.404l-166.4-166.4c-9.997-9.997-9.997-26.206 0-36.204l36.203-36.204c9.997-9.998 26.207-9.998 36.204 0L192 312.69 432.095 72.596c9.997-9.997 26.207-9.997 36.204 0l36.203 36.204c9.997 9.997 9.997 26.206 0 36.204l-294.4 294.401c-9.998 9.997-26.207 9.997-36.204-.001z\"><\/path><\/svg>\t\t\t\t\t\t<\/span>\n\t\t\t\t\t\t\t\t\t\t<span class=\"elementor-icon-list-text\">Reparacions en Instal\u00b7lacions Comunes: Inclouen el manteniment d'ascensors, sistemes el\u00e8ctrics, lampisteria, entre altres.<\/span>\n\t\t\t\t\t\t\t\t\t<\/li>\n\t\t\t\t\t\t<\/ul>\n\t\t\t\t\t\t<\/div>\n\t\t\t\t<div class=\"elementor-element elementor-element-f8dacc7 elementor-icon-list--layout-traditional elementor-list-item-link-full_width elementor-widget elementor-widget-icon-list\" data-id=\"f8dacc7\" data-element_type=\"widget\" data-e-type=\"widget\" data-widget_type=\"icon-list.default\">\n\t\t\t\t\t\t\t<ul class=\"elementor-icon-list-items\">\n\t\t\t\t\t\t\t<li class=\"elementor-icon-list-item\">\n\t\t\t\t\t\t\t\t\t\t\t<span class=\"elementor-icon-list-icon\">\n\t\t\t\t\t\t\t<svg aria-hidden=\"true\" class=\"e-font-icon-svg e-fas-check\" viewBox=\"0 0 512 512\" xmlns=\"http:\/\/www.w3.org\/2000\/svg\"><path d=\"M173.898 439.404l-166.4-166.4c-9.997-9.997-9.997-26.206 0-36.204l36.203-36.204c9.997-9.998 26.207-9.998 36.204 0L192 312.69 432.095 72.596c9.997-9.997 26.207-9.997 36.204 0l36.203 36.204c9.997 9.997 9.997 26.206 0 36.204l-294.4 294.401c-9.998 9.997-26.207 9.997-36.204-.001z\"><\/path><\/svg>\t\t\t\t\t\t<\/span>\n\t\t\t\t\t\t\t\t\t\t<span class=\"elementor-icon-list-text\"> Reparacions Urgents: Aquelles que requereixen atenci\u00f3 immediata per a evitar riscos greus o danys majors<\/span>\n\t\t\t\t\t\t\t\t\t<\/li>\n\t\t\t\t\t\t<\/ul>\n\t\t\t\t\t\t<\/div>\n\t\t\t\t<div class=\"elementor-element elementor-element-60851dd elementor-widget elementor-widget-text-editor\" data-id=\"60851dd\" data-element_type=\"widget\" data-e-type=\"widget\" data-widget_type=\"text-editor.default\">\n\t\t\t\t\t\t\t\t\t<h2>Procediments i Terminis<\/h2>\n\t\t\t\t\t\t\t\t<\/div>\n\t\t\t\t<div class=\"elementor-element elementor-element-ff7144c elementor-widget elementor-widget-text-editor\" data-id=\"ff7144c\" data-element_type=\"widget\" data-e-type=\"widget\" data-widget_type=\"text-editor.default\">\n\t\t\t\t\t\t\t\t\t<p>Per a dur a terme les reparacions obligat\u00f2ries, \u00e9s necessari seguir uns certs procediments i respectar els terminis establerts. La convocat\u00f2ria de juntes extraordin\u00e0ries, l&#8217;obtenci\u00f3 de pressupostos detallats i l&#8217;aprovaci\u00f3 per majoria s\u00f3n passos fonamentals en aquest proc\u00e9s. Aix\u00ed mateix, \u00e9s important complir amb els terminis legals per a evitar possibles sancions.<\/p>\n\t\t\t\t\t\t\t\t<\/div>\n\t\t\t\t<div class=\"elementor-element elementor-element-07336f3 elementor-widget elementor-widget-text-editor\" data-id=\"07336f3\" data-element_type=\"widget\" data-e-type=\"widget\" data-widget_type=\"text-editor.default\">\n\t\t\t\t\t\t\t\t\t<h2>Conclusi\u00f3<\/h2>\n\t\t\t\t\t\t\t\t<\/div>\n\t\t\t\t<div class=\"elementor-element elementor-element-5e312d4 elementor-widget elementor-widget-text-editor\" data-id=\"5e312d4\" data-element_type=\"widget\" data-e-type=\"widget\" data-widget_type=\"text-editor.default\">\n\t\t\t\t\t\t\t\t\t<p>En conclusi\u00f3, les reparacions obligat\u00f2ries en una comunitat de ve\u00efns s\u00f3n un aspecte crucial per a garantir el bon estat i la seguretat de l&#8217;immoble. Complir amb les normatives vigents i assumir les responsabilitats corresponents \u00e9s fonamental per a mantenir un ambient habitable i harmoni\u00f3s per a tots els residents. La correcta gesti\u00f3 d&#8217;aquestes tasques, secundada per un administrador de finques competent, \u00e9s clau per a assegurar el benestar i la qualitat de vida en la comunitat.<\/p>\n\t\t\t\t\t\t\t\t<\/div>\n\t\t\t\t\t<\/div>\n\t\t<\/div>\n\t\t\t\t\t<\/div>\n\t\t<\/section>\n\t\t\t\t<\/div>\n\t\t","protected":false},"excerpt":{"rendered":"<p>Apr\u00e8n com complir amb la llei i protegir els teus drets. Descobreix les normatives i responsabilitats entorn de les reparacions obligat\u00f2ries en comunitats de ve\u00efns.<\/p>\n","protected":false},"author":6,"featured_media":29812,"comment_status":"closed","ping_status":"closed","sticky":false,"template":"","format":"standard","meta":{"footnotes":""},"categories":[378,365],"tags":[],"class_list":["post-29817","post","type-post","status-publish","format-standard","has-post-thumbnail","hentry","category-blog-ca","category-propiedad-horizontal-ca"],"yoast_head":"<!-- This site is optimized with the Yoast SEO plugin v27.4 - https:\/\/yoast.com\/product\/yoast-seo-wordpress\/ -->\n<title>Reparacions Obligat\u00f2ries en una Comunitat de Ve\u00efns: Normatives i Responsabilitats - Administraciones Hern\u00e1ndez<\/title>\n<meta name=\"description\" content=\"Apr\u00e8n com complir amb la llei i protegir els teus drets. Descobreix les normatives i responsabilitats entorn de les reparacions obligat\u00f2ries en comunitats de ve\u00efns.\" \/>\n<meta name=\"robots\" content=\"index, follow, max-snippet:-1, max-image-preview:large, max-video-preview:-1\" \/>\n<link rel=\"canonical\" href=\"https:\/\/adhernandez.com\/ca\/2024\/03\/19\/reparacions-obligatories-en-una-comunitat-de-veins-normatives-i-responsabilitats\/\" \/>\n<meta property=\"og:locale\" content=\"ca_ES\" \/>\n<meta property=\"og:type\" content=\"article\" \/>\n<meta property=\"og:title\" content=\"Reparacions Obligat\u00f2ries en una Comunitat de Ve\u00efns: Normatives i Responsabilitats - Administraciones Hern\u00e1ndez\" \/>\n<meta property=\"og:description\" content=\"Apr\u00e8n com complir amb la llei i protegir els teus drets. Descobreix les normatives i responsabilitats entorn de les reparacions obligat\u00f2ries en comunitats de ve\u00efns.\" \/>\n<meta property=\"og:url\" content=\"https:\/\/adhernandez.com\/ca\/2024\/03\/19\/reparacions-obligatories-en-una-comunitat-de-veins-normatives-i-responsabilitats\/\" \/>\n<meta property=\"og:site_name\" content=\"Administraciones Hern\u00e1ndez\" \/>\n<meta property=\"article:published_time\" content=\"2024-03-19T09:49:00+00:00\" \/>\n<meta property=\"article:modified_time\" content=\"2024-03-19T09:49:01+00:00\" \/>\n<meta property=\"og:image\" content=\"https:\/\/adhernandez.com\/wp-content\/uploads\/2024\/03\/Reparaciones-Obligatorias-en-una-Comunidad-de-Vecinos.jpg\" \/>\n\t<meta property=\"og:image:width\" content=\"1000\" \/>\n\t<meta property=\"og:image:height\" content=\"430\" \/>\n\t<meta property=\"og:image:type\" content=\"image\/jpeg\" \/>\n<meta name=\"author\" content=\"AdHern\u00e1ndez\" \/>\n<meta name=\"twitter:card\" content=\"summary_large_image\" \/>\n<meta name=\"twitter:label1\" content=\"Escrit per\" \/>\n\t<meta name=\"twitter:data1\" content=\"AdHern\u00e1ndez\" \/>\n\t<meta name=\"twitter:label2\" content=\"Temps estimat de lectura\" \/>\n\t<meta name=\"twitter:data2\" content=\"2 minuts\" \/>\n<script type=\"application\/ld+json\" class=\"yoast-schema-graph\">{\"@context\":\"https:\\\/\\\/schema.org\",\"@graph\":[{\"@type\":\"Article\",\"@id\":\"https:\\\/\\\/adhernandez.com\\\/ca\\\/2024\\\/03\\\/19\\\/reparacions-obligatories-en-una-comunitat-de-veins-normatives-i-responsabilitats\\\/#article\",\"isPartOf\":{\"@id\":\"https:\\\/\\\/adhernandez.com\\\/ca\\\/2024\\\/03\\\/19\\\/reparacions-obligatories-en-una-comunitat-de-veins-normatives-i-responsabilitats\\\/\"},\"author\":{\"name\":\"AdHern\u00e1ndez\",\"@id\":\"https:\\\/\\\/adhernandez.com\\\/ca\\\/#\\\/schema\\\/person\\\/330b9c8828ff3a80ee8053b5fff0e848\"},\"headline\":\"Reparacions Obligat\u00f2ries en una Comunitat de Ve\u00efns: Normatives i Responsabilitats\",\"datePublished\":\"2024-03-19T09:49:00+00:00\",\"dateModified\":\"2024-03-19T09:49:01+00:00\",\"mainEntityOfPage\":{\"@id\":\"https:\\\/\\\/adhernandez.com\\\/ca\\\/2024\\\/03\\\/19\\\/reparacions-obligatories-en-una-comunitat-de-veins-normatives-i-responsabilitats\\\/\"},\"wordCount\":461,\"image\":{\"@id\":\"https:\\\/\\\/adhernandez.com\\\/ca\\\/2024\\\/03\\\/19\\\/reparacions-obligatories-en-una-comunitat-de-veins-normatives-i-responsabilitats\\\/#primaryimage\"},\"thumbnailUrl\":\"https:\\\/\\\/adhernandez.com\\\/wp-content\\\/uploads\\\/2024\\\/03\\\/Reparaciones-Obligatorias-en-una-Comunidad-de-Vecinos.jpg\",\"articleSection\":[\"blog\",\"Propiedad Horizontal\"],\"inLanguage\":\"ca\"},{\"@type\":\"WebPage\",\"@id\":\"https:\\\/\\\/adhernandez.com\\\/ca\\\/2024\\\/03\\\/19\\\/reparacions-obligatories-en-una-comunitat-de-veins-normatives-i-responsabilitats\\\/\",\"url\":\"https:\\\/\\\/adhernandez.com\\\/ca\\\/2024\\\/03\\\/19\\\/reparacions-obligatories-en-una-comunitat-de-veins-normatives-i-responsabilitats\\\/\",\"name\":\"Reparacions Obligat\u00f2ries en una Comunitat de Ve\u00efns: Normatives i Responsabilitats - Administraciones Hern\u00e1ndez\",\"isPartOf\":{\"@id\":\"https:\\\/\\\/adhernandez.com\\\/ca\\\/#website\"},\"primaryImageOfPage\":{\"@id\":\"https:\\\/\\\/adhernandez.com\\\/ca\\\/2024\\\/03\\\/19\\\/reparacions-obligatories-en-una-comunitat-de-veins-normatives-i-responsabilitats\\\/#primaryimage\"},\"image\":{\"@id\":\"https:\\\/\\\/adhernandez.com\\\/ca\\\/2024\\\/03\\\/19\\\/reparacions-obligatories-en-una-comunitat-de-veins-normatives-i-responsabilitats\\\/#primaryimage\"},\"thumbnailUrl\":\"https:\\\/\\\/adhernandez.com\\\/wp-content\\\/uploads\\\/2024\\\/03\\\/Reparaciones-Obligatorias-en-una-Comunidad-de-Vecinos.jpg\",\"datePublished\":\"2024-03-19T09:49:00+00:00\",\"dateModified\":\"2024-03-19T09:49:01+00:00\",\"author\":{\"@id\":\"https:\\\/\\\/adhernandez.com\\\/ca\\\/#\\\/schema\\\/person\\\/330b9c8828ff3a80ee8053b5fff0e848\"},\"description\":\"Apr\u00e8n com complir amb la llei i protegir els teus drets. Descobreix les normatives i responsabilitats entorn de les reparacions obligat\u00f2ries en comunitats de ve\u00efns.\",\"breadcrumb\":{\"@id\":\"https:\\\/\\\/adhernandez.com\\\/ca\\\/2024\\\/03\\\/19\\\/reparacions-obligatories-en-una-comunitat-de-veins-normatives-i-responsabilitats\\\/#breadcrumb\"},\"inLanguage\":\"ca\",\"potentialAction\":[{\"@type\":\"ReadAction\",\"target\":[\"https:\\\/\\\/adhernandez.com\\\/ca\\\/2024\\\/03\\\/19\\\/reparacions-obligatories-en-una-comunitat-de-veins-normatives-i-responsabilitats\\\/\"]}]},{\"@type\":\"ImageObject\",\"inLanguage\":\"ca\",\"@id\":\"https:\\\/\\\/adhernandez.com\\\/ca\\\/2024\\\/03\\\/19\\\/reparacions-obligatories-en-una-comunitat-de-veins-normatives-i-responsabilitats\\\/#primaryimage\",\"url\":\"https:\\\/\\\/adhernandez.com\\\/wp-content\\\/uploads\\\/2024\\\/03\\\/Reparaciones-Obligatorias-en-una-Comunidad-de-Vecinos.jpg\",\"contentUrl\":\"https:\\\/\\\/adhernandez.com\\\/wp-content\\\/uploads\\\/2024\\\/03\\\/Reparaciones-Obligatorias-en-una-Comunidad-de-Vecinos.jpg\",\"width\":1000,\"height\":430,\"caption\":\"Reparaciones Obligatorias en una Comunidad de Vecinos\"},{\"@type\":\"BreadcrumbList\",\"@id\":\"https:\\\/\\\/adhernandez.com\\\/ca\\\/2024\\\/03\\\/19\\\/reparacions-obligatories-en-una-comunitat-de-veins-normatives-i-responsabilitats\\\/#breadcrumb\",\"itemListElement\":[{\"@type\":\"ListItem\",\"position\":1,\"name\":\"Portada\",\"item\":\"https:\\\/\\\/adhernandez.com\\\/ca\\\/adhernandez-inicio\\\/\"},{\"@type\":\"ListItem\",\"position\":2,\"name\":\"Reparacions Obligat\u00f2ries en una Comunitat de Ve\u00efns: Normatives i Responsabilitats\"}]},{\"@type\":\"WebSite\",\"@id\":\"https:\\\/\\\/adhernandez.com\\\/ca\\\/#website\",\"url\":\"https:\\\/\\\/adhernandez.com\\\/ca\\\/\",\"name\":\"Administraciones Hern\u00e1ndez\",\"description\":\"Equipo de profesionales con amplia experiencia en la gesti\u00f3n del patrimonio inmobiliario\",\"potentialAction\":[{\"@type\":\"SearchAction\",\"target\":{\"@type\":\"EntryPoint\",\"urlTemplate\":\"https:\\\/\\\/adhernandez.com\\\/ca\\\/?s={search_term_string}\"},\"query-input\":{\"@type\":\"PropertyValueSpecification\",\"valueRequired\":true,\"valueName\":\"search_term_string\"}}],\"inLanguage\":\"ca\"},{\"@type\":\"Person\",\"@id\":\"https:\\\/\\\/adhernandez.com\\\/ca\\\/#\\\/schema\\\/person\\\/330b9c8828ff3a80ee8053b5fff0e848\",\"name\":\"AdHern\u00e1ndez\",\"image\":{\"@type\":\"ImageObject\",\"inLanguage\":\"ca\",\"@id\":\"https:\\\/\\\/adhernandez.com\\\/wp-content\\\/litespeed\\\/avatar\\\/6b84e2484050905299b010a711cff345.jpg?ver=1777323059\",\"url\":\"https:\\\/\\\/adhernandez.com\\\/wp-content\\\/litespeed\\\/avatar\\\/6b84e2484050905299b010a711cff345.jpg?ver=1777323059\",\"contentUrl\":\"https:\\\/\\\/adhernandez.com\\\/wp-content\\\/litespeed\\\/avatar\\\/6b84e2484050905299b010a711cff345.jpg?ver=1777323059\",\"caption\":\"AdHern\u00e1ndez\"},\"url\":\"https:\\\/\\\/adhernandez.com\\\/ca\\\/author\\\/veronica\\\/\"}]}<\/script>\n<!-- \/ Yoast SEO plugin. -->","yoast_head_json":{"title":"Reparacions Obligat\u00f2ries en una Comunitat de Ve\u00efns: Normatives i Responsabilitats - Administraciones Hern\u00e1ndez","description":"Apr\u00e8n com complir amb la llei i protegir els teus drets. Descobreix les normatives i responsabilitats entorn de les reparacions obligat\u00f2ries en comunitats de ve\u00efns.","robots":{"index":"index","follow":"follow","max-snippet":"max-snippet:-1","max-image-preview":"max-image-preview:large","max-video-preview":"max-video-preview:-1"},"canonical":"https:\/\/adhernandez.com\/ca\/2024\/03\/19\/reparacions-obligatories-en-una-comunitat-de-veins-normatives-i-responsabilitats\/","og_locale":"ca_ES","og_type":"article","og_title":"Reparacions Obligat\u00f2ries en una Comunitat de Ve\u00efns: Normatives i Responsabilitats - Administraciones Hern\u00e1ndez","og_description":"Apr\u00e8n com complir amb la llei i protegir els teus drets. Descobreix les normatives i responsabilitats entorn de les reparacions obligat\u00f2ries en comunitats de ve\u00efns.","og_url":"https:\/\/adhernandez.com\/ca\/2024\/03\/19\/reparacions-obligatories-en-una-comunitat-de-veins-normatives-i-responsabilitats\/","og_site_name":"Administraciones Hern\u00e1ndez","article_published_time":"2024-03-19T09:49:00+00:00","article_modified_time":"2024-03-19T09:49:01+00:00","og_image":[{"width":1000,"height":430,"url":"https:\/\/adhernandez.com\/wp-content\/uploads\/2024\/03\/Reparaciones-Obligatorias-en-una-Comunidad-de-Vecinos.jpg","type":"image\/jpeg"}],"author":"AdHern\u00e1ndez","twitter_card":"summary_large_image","twitter_misc":{"Escrit per":"AdHern\u00e1ndez","Temps estimat de lectura":"2 minuts"},"schema":{"@context":"https:\/\/schema.org","@graph":[{"@type":"Article","@id":"https:\/\/adhernandez.com\/ca\/2024\/03\/19\/reparacions-obligatories-en-una-comunitat-de-veins-normatives-i-responsabilitats\/#article","isPartOf":{"@id":"https:\/\/adhernandez.com\/ca\/2024\/03\/19\/reparacions-obligatories-en-una-comunitat-de-veins-normatives-i-responsabilitats\/"},"author":{"name":"AdHern\u00e1ndez","@id":"https:\/\/adhernandez.com\/ca\/#\/schema\/person\/330b9c8828ff3a80ee8053b5fff0e848"},"headline":"Reparacions Obligat\u00f2ries en una Comunitat de Ve\u00efns: Normatives i Responsabilitats","datePublished":"2024-03-19T09:49:00+00:00","dateModified":"2024-03-19T09:49:01+00:00","mainEntityOfPage":{"@id":"https:\/\/adhernandez.com\/ca\/2024\/03\/19\/reparacions-obligatories-en-una-comunitat-de-veins-normatives-i-responsabilitats\/"},"wordCount":461,"image":{"@id":"https:\/\/adhernandez.com\/ca\/2024\/03\/19\/reparacions-obligatories-en-una-comunitat-de-veins-normatives-i-responsabilitats\/#primaryimage"},"thumbnailUrl":"https:\/\/adhernandez.com\/wp-content\/uploads\/2024\/03\/Reparaciones-Obligatorias-en-una-Comunidad-de-Vecinos.jpg","articleSection":["blog","Propiedad Horizontal"],"inLanguage":"ca"},{"@type":"WebPage","@id":"https:\/\/adhernandez.com\/ca\/2024\/03\/19\/reparacions-obligatories-en-una-comunitat-de-veins-normatives-i-responsabilitats\/","url":"https:\/\/adhernandez.com\/ca\/2024\/03\/19\/reparacions-obligatories-en-una-comunitat-de-veins-normatives-i-responsabilitats\/","name":"Reparacions Obligat\u00f2ries en una Comunitat de Ve\u00efns: Normatives i Responsabilitats - Administraciones Hern\u00e1ndez","isPartOf":{"@id":"https:\/\/adhernandez.com\/ca\/#website"},"primaryImageOfPage":{"@id":"https:\/\/adhernandez.com\/ca\/2024\/03\/19\/reparacions-obligatories-en-una-comunitat-de-veins-normatives-i-responsabilitats\/#primaryimage"},"image":{"@id":"https:\/\/adhernandez.com\/ca\/2024\/03\/19\/reparacions-obligatories-en-una-comunitat-de-veins-normatives-i-responsabilitats\/#primaryimage"},"thumbnailUrl":"https:\/\/adhernandez.com\/wp-content\/uploads\/2024\/03\/Reparaciones-Obligatorias-en-una-Comunidad-de-Vecinos.jpg","datePublished":"2024-03-19T09:49:00+00:00","dateModified":"2024-03-19T09:49:01+00:00","author":{"@id":"https:\/\/adhernandez.com\/ca\/#\/schema\/person\/330b9c8828ff3a80ee8053b5fff0e848"},"description":"Apr\u00e8n com complir amb la llei i protegir els teus drets. Descobreix les normatives i responsabilitats entorn de les reparacions obligat\u00f2ries en comunitats de ve\u00efns.","breadcrumb":{"@id":"https:\/\/adhernandez.com\/ca\/2024\/03\/19\/reparacions-obligatories-en-una-comunitat-de-veins-normatives-i-responsabilitats\/#breadcrumb"},"inLanguage":"ca","potentialAction":[{"@type":"ReadAction","target":["https:\/\/adhernandez.com\/ca\/2024\/03\/19\/reparacions-obligatories-en-una-comunitat-de-veins-normatives-i-responsabilitats\/"]}]},{"@type":"ImageObject","inLanguage":"ca","@id":"https:\/\/adhernandez.com\/ca\/2024\/03\/19\/reparacions-obligatories-en-una-comunitat-de-veins-normatives-i-responsabilitats\/#primaryimage","url":"https:\/\/adhernandez.com\/wp-content\/uploads\/2024\/03\/Reparaciones-Obligatorias-en-una-Comunidad-de-Vecinos.jpg","contentUrl":"https:\/\/adhernandez.com\/wp-content\/uploads\/2024\/03\/Reparaciones-Obligatorias-en-una-Comunidad-de-Vecinos.jpg","width":1000,"height":430,"caption":"Reparaciones Obligatorias en una Comunidad de Vecinos"},{"@type":"BreadcrumbList","@id":"https:\/\/adhernandez.com\/ca\/2024\/03\/19\/reparacions-obligatories-en-una-comunitat-de-veins-normatives-i-responsabilitats\/#breadcrumb","itemListElement":[{"@type":"ListItem","position":1,"name":"Portada","item":"https:\/\/adhernandez.com\/ca\/adhernandez-inicio\/"},{"@type":"ListItem","position":2,"name":"Reparacions Obligat\u00f2ries en una Comunitat de Ve\u00efns: Normatives i Responsabilitats"}]},{"@type":"WebSite","@id":"https:\/\/adhernandez.com\/ca\/#website","url":"https:\/\/adhernandez.com\/ca\/","name":"Administraciones Hern\u00e1ndez","description":"Equipo de profesionales con amplia experiencia en la gesti\u00f3n del patrimonio inmobiliario","potentialAction":[{"@type":"SearchAction","target":{"@type":"EntryPoint","urlTemplate":"https:\/\/adhernandez.com\/ca\/?s={search_term_string}"},"query-input":{"@type":"PropertyValueSpecification","valueRequired":true,"valueName":"search_term_string"}}],"inLanguage":"ca"},{"@type":"Person","@id":"https:\/\/adhernandez.com\/ca\/#\/schema\/person\/330b9c8828ff3a80ee8053b5fff0e848","name":"AdHern\u00e1ndez","image":{"@type":"ImageObject","inLanguage":"ca","@id":"https:\/\/adhernandez.com\/wp-content\/litespeed\/avatar\/6b84e2484050905299b010a711cff345.jpg?ver=1777323059","url":"https:\/\/adhernandez.com\/wp-content\/litespeed\/avatar\/6b84e2484050905299b010a711cff345.jpg?ver=1777323059","contentUrl":"https:\/\/adhernandez.com\/wp-content\/litespeed\/avatar\/6b84e2484050905299b010a711cff345.jpg?ver=1777323059","caption":"AdHern\u00e1ndez"},"url":"https:\/\/adhernandez.com\/ca\/author\/veronica\/"}]}},"_links":{"self":[{"href":"https:\/\/adhernandez.com\/ca\/wp-json\/wp\/v2\/posts\/29817","targetHints":{"allow":["GET"]}}],"collection":[{"href":"https:\/\/adhernandez.com\/ca\/wp-json\/wp\/v2\/posts"}],"about":[{"href":"https:\/\/adhernandez.com\/ca\/wp-json\/wp\/v2\/types\/post"}],"author":[{"embeddable":true,"href":"https:\/\/adhernandez.com\/ca\/wp-json\/wp\/v2\/users\/6"}],"replies":[{"embeddable":true,"href":"https:\/\/adhernandez.com\/ca\/wp-json\/wp\/v2\/comments?post=29817"}],"version-history":[{"count":1,"href":"https:\/\/adhernandez.com\/ca\/wp-json\/wp\/v2\/posts\/29817\/revisions"}],"predecessor-version":[{"id":29818,"href":"https:\/\/adhernandez.com\/ca\/wp-json\/wp\/v2\/posts\/29817\/revisions\/29818"}],"wp:featuredmedia":[{"embeddable":true,"href":"https:\/\/adhernandez.com\/ca\/wp-json\/wp\/v2\/media\/29812"}],"wp:attachment":[{"href":"https:\/\/adhernandez.com\/ca\/wp-json\/wp\/v2\/media?parent=29817"}],"wp:term":[{"taxonomy":"category","embeddable":true,"href":"https:\/\/adhernandez.com\/ca\/wp-json\/wp\/v2\/categories?post=29817"},{"taxonomy":"post_tag","embeddable":true,"href":"https:\/\/adhernandez.com\/ca\/wp-json\/wp\/v2\/tags?post=29817"}],"curies":[{"name":"wp","href":"https:\/\/api.w.org\/{rel}","templated":true}]}}