{"id":28869,"date":"2023-09-19T08:24:57","date_gmt":"2023-09-19T08:24:57","guid":{"rendered":"https:\/\/adhernandez.com\/2023\/09\/19\/has-de-contractar-una-asseguranca-per-a-la-teva-comunitat-de-veins\/"},"modified":"2023-09-19T08:53:42","modified_gmt":"2023-09-19T08:53:42","slug":"has-de-contractar-una-asseguranca-per-a-la-teva-comunitat-de-veins","status":"publish","type":"post","link":"https:\/\/adhernandez.com\/ca\/2023\/09\/19\/has-de-contractar-una-asseguranca-per-a-la-teva-comunitat-de-veins\/","title":{"rendered":"<strong>Has de contractar una asseguran\u00e7a per a la teva comunitat de ve\u00efns?<\/strong>"},"content":{"rendered":"\t\t<div data-elementor-type=\"wp-post\" data-elementor-id=\"28869\" class=\"elementor elementor-28869 elementor-28784\">\n\t\t\t\t\t\t<section class=\"elementor-section elementor-top-section elementor-element elementor-element-4e3d26f elementor-section-boxed elementor-section-height-default elementor-section-height-default\" data-id=\"4e3d26f\" data-element_type=\"section\" data-e-type=\"section\">\n\t\t\t\t\t\t<div class=\"elementor-container elementor-column-gap-default\">\n\t\t\t\t\t<div class=\"elementor-column elementor-col-100 elementor-top-column elementor-element elementor-element-b9dc698\" data-id=\"b9dc698\" data-element_type=\"column\" data-e-type=\"column\">\n\t\t\t<div class=\"elementor-widget-wrap elementor-element-populated\">\n\t\t\t\t\t\t<div class=\"elementor-element elementor-element-7d47312 elementor-widget elementor-widget-text-editor\" data-id=\"7d47312\" data-element_type=\"widget\" data-e-type=\"widget\" data-widget_type=\"text-editor.default\">\n\t\t\t\t\t\t\t\t\t<p>La gesti\u00f3 d&#8217;una comunitat de ve\u00efns implica la presa de decisions que afecten el benestar i seguretat dels seus residents. Una de les q\u00fcestions que sol sorgir \u00e9s la conveni\u00e8ncia i necessitat de contractar una <b>asseguran\u00e7a per a la comunitat<\/b>.<\/p>\n<p>En aquest article, abordarem qu\u00e8 \u00e9s aquest tipus d&#8217;asseguran\u00e7a, si \u00e9s obligatori a Barcelona, quines cobertures pot oferir i quins s\u00f3n els seus beneficis.<\/p>\n\t\t\t\t\t\t\t\t<\/div>\n\t\t\t\t<div class=\"elementor-element elementor-element-a3d305e elementor-widget elementor-widget-text-editor\" data-id=\"a3d305e\" data-element_type=\"widget\" data-e-type=\"widget\" data-widget_type=\"text-editor.default\">\n\t\t\t\t\t\t\t\t\t<h2><strong>Qu\u00e8 \u00e9s una asseguran\u00e7a per a la comunitat de ve\u00efns?<\/strong><\/h2>\n\t\t\t\t\t\t\t\t<\/div>\n\t\t\t\t<div class=\"elementor-element elementor-element-8623f81 elementor-widget elementor-widget-text-editor\" data-id=\"8623f81\" data-element_type=\"widget\" data-e-type=\"widget\" data-widget_type=\"text-editor.default\">\n\t\t\t\t\t\t\t\t\t<p>Una asseguran\u00e7a per a la comunitat de ve\u00efns \u00e9s una<b> p\u00f2lissa que t\u00e9 com a objectiu protegir el patrimoni com\u00fa de la comunitat enfront de possibles riscos o danys<\/b> que puguin sorgir.<\/p>\n<p>Aquestes assegurances cobreixen, generalment, les zones i elements comuns de l&#8217;edifici com el vest\u00edbul, les escales, l&#8217;ascensor, el sostre, entre altres. El seu abast pot variar segons la p\u00f2lissa i les necessitats espec\u00edfiques de la comunitat.<\/p>\n\t\t\t\t\t\t\t\t<\/div>\n\t\t\t\t<div class=\"elementor-element elementor-element-3584346 elementor-widget elementor-widget-text-editor\" data-id=\"3584346\" data-element_type=\"widget\" data-e-type=\"widget\" data-widget_type=\"text-editor.default\">\n\t\t\t\t\t\t\t\t\t<h2><strong>\u00c9s obligatori tenir una asseguran\u00e7a en la comunitat de ve\u00efns?<\/strong><\/h2>\n\t\t\t\t\t\t\t\t<\/div>\n\t\t\t\t<div class=\"elementor-element elementor-element-418ebaf elementor-widget elementor-widget-text-editor\" data-id=\"418ebaf\" data-element_type=\"widget\" data-e-type=\"widget\" data-widget_type=\"text-editor.default\">\n\t\t\t\t\t\t\t\t\t<p>A Catalunya no existeix una legislaci\u00f3 que obligui expl\u00edcitament a les comunitats de ve\u00efns a comptar amb una asseguran\u00e7a comunit\u00e0ria.<\/p>\n<p>No obstant aix\u00f2, la Llei de Propietat Horitzontal estableix que la comunitat ha de realitzar un manteniment adequat i reparar danys en \u00e0rees comunes.<\/p>\n<p>Per tant, <b>encara que no sigui obligatori, tenir una asseguran\u00e7a pot facilitar el compliment d&#8217;aquestes responsabilitats<\/b> i oferir protecci\u00f3 financera davant incidents imprevistos.<\/p>\n\t\t\t\t\t\t\t\t<\/div>\n\t\t\t\t<div class=\"elementor-element elementor-element-93f246f elementor-widget elementor-widget-text-editor\" data-id=\"93f246f\" data-element_type=\"widget\" data-e-type=\"widget\" data-widget_type=\"text-editor.default\">\n\t\t\t\t\t\t\t\t\t<h2><strong>Qu\u00e8 ha d&#8217;incloure una asseguran\u00e7a per a la comunitat de ve\u00efns?<\/strong><\/h2>\n\t\t\t\t\t\t\t\t<\/div>\n\t\t\t\t<div class=\"elementor-element elementor-element-dbc56fb elementor-widget elementor-widget-text-editor\" data-id=\"dbc56fb\" data-element_type=\"widget\" data-e-type=\"widget\" data-widget_type=\"text-editor.default\">\n\t\t\t\t\t\t\t\t\t<p>Si b\u00e9 les cobertures poden variar depenent de la p\u00f2lissa i l&#8217;asseguradora, aqu\u00ed es destaquen algunes de les m\u00e9s comunes que hauria de considerar una comunitat de ve\u00efns a Barcelona:<\/p>\n\t\t\t\t\t\t\t\t<\/div>\n\t\t\t\t<div class=\"elementor-element elementor-element-3c3ba90 elementor-icon-list--layout-traditional elementor-list-item-link-full_width elementor-widget elementor-widget-icon-list\" data-id=\"3c3ba90\" data-element_type=\"widget\" data-e-type=\"widget\" data-widget_type=\"icon-list.default\">\n\t\t\t\t\t\t\t<ul class=\"elementor-icon-list-items\">\n\t\t\t\t\t\t\t<li class=\"elementor-icon-list-item\">\n\t\t\t\t\t\t\t\t\t\t\t<span class=\"elementor-icon-list-icon\">\n\t\t\t\t\t\t\t<svg aria-hidden=\"true\" class=\"e-font-icon-svg e-fas-check\" viewBox=\"0 0 512 512\" xmlns=\"http:\/\/www.w3.org\/2000\/svg\"><path d=\"M173.898 439.404l-166.4-166.4c-9.997-9.997-9.997-26.206 0-36.204l36.203-36.204c9.997-9.998 26.207-9.998 36.204 0L192 312.69 432.095 72.596c9.997-9.997 26.207-9.997 36.204 0l36.203 36.204c9.997 9.997 9.997 26.206 0 36.204l-294.4 294.401c-9.998 9.997-26.207 9.997-36.204-.001z\"><\/path><\/svg>\t\t\t\t\t\t<\/span>\n\t\t\t\t\t\t\t\t\t\t<span class=\"elementor-icon-list-text\"><b>Danys estructurals<\/b>: cobertura per a reparacions en cas de danys en l'estructura de l'edifici, com a filtracions o problemes en la fonamentaci\u00f3.<\/span>\n\t\t\t\t\t\t\t\t\t<\/li>\n\t\t\t\t\t\t<\/ul>\n\t\t\t\t\t\t<\/div>\n\t\t\t\t<div class=\"elementor-element elementor-element-a094eaf elementor-icon-list--layout-traditional elementor-list-item-link-full_width elementor-widget elementor-widget-icon-list\" data-id=\"a094eaf\" data-element_type=\"widget\" data-e-type=\"widget\" data-widget_type=\"icon-list.default\">\n\t\t\t\t\t\t\t<ul class=\"elementor-icon-list-items\">\n\t\t\t\t\t\t\t<li class=\"elementor-icon-list-item\">\n\t\t\t\t\t\t\t\t\t\t\t<span class=\"elementor-icon-list-icon\">\n\t\t\t\t\t\t\t<svg aria-hidden=\"true\" class=\"e-font-icon-svg e-fas-check\" viewBox=\"0 0 512 512\" xmlns=\"http:\/\/www.w3.org\/2000\/svg\"><path d=\"M173.898 439.404l-166.4-166.4c-9.997-9.997-9.997-26.206 0-36.204l36.203-36.204c9.997-9.998 26.207-9.998 36.204 0L192 312.69 432.095 72.596c9.997-9.997 26.207-9.997 36.204 0l36.203 36.204c9.997 9.997 9.997 26.206 0 36.204l-294.4 294.401c-9.998 9.997-26.207 9.997-36.204-.001z\"><\/path><\/svg>\t\t\t\t\t\t<\/span>\n\t\t\t\t\t\t\t\t\t\t<span class=\"elementor-icon-list-text\"><b>Responsabilitat civil<\/b>: protegeix la comunitat en cas que un tercer sofreixi danys o lesions en les zones comunes de l'edifici i decideixi emprendre accions legals.<\/span>\n\t\t\t\t\t\t\t\t\t<\/li>\n\t\t\t\t\t\t<\/ul>\n\t\t\t\t\t\t<\/div>\n\t\t\t\t<div class=\"elementor-element elementor-element-efc5767 elementor-icon-list--layout-traditional elementor-list-item-link-full_width elementor-widget elementor-widget-icon-list\" data-id=\"efc5767\" data-element_type=\"widget\" data-e-type=\"widget\" data-widget_type=\"icon-list.default\">\n\t\t\t\t\t\t\t<ul class=\"elementor-icon-list-items\">\n\t\t\t\t\t\t\t<li class=\"elementor-icon-list-item\">\n\t\t\t\t\t\t\t\t\t\t\t<span class=\"elementor-icon-list-icon\">\n\t\t\t\t\t\t\t<svg aria-hidden=\"true\" class=\"e-font-icon-svg e-fas-check\" viewBox=\"0 0 512 512\" xmlns=\"http:\/\/www.w3.org\/2000\/svg\"><path d=\"M173.898 439.404l-166.4-166.4c-9.997-9.997-9.997-26.206 0-36.204l36.203-36.204c9.997-9.998 26.207-9.998 36.204 0L192 312.69 432.095 72.596c9.997-9.997 26.207-9.997 36.204 0l36.203 36.204c9.997 9.997 9.997 26.206 0 36.204l-294.4 294.401c-9.998 9.997-26.207 9.997-36.204-.001z\"><\/path><\/svg>\t\t\t\t\t\t<\/span>\n\t\t\t\t\t\t\t\t\t\t<span class=\"elementor-icon-list-text\"><b>Danys per aigua<\/b>: cobreix danys produ\u00efts per possibles fugides o trencaments en les instal\u00b7lacions comunes.<\/span>\n\t\t\t\t\t\t\t\t\t<\/li>\n\t\t\t\t\t\t<\/ul>\n\t\t\t\t\t\t<\/div>\n\t\t\t\t<div class=\"elementor-element elementor-element-e84d7ac elementor-icon-list--layout-traditional elementor-list-item-link-full_width elementor-widget elementor-widget-icon-list\" data-id=\"e84d7ac\" data-element_type=\"widget\" data-e-type=\"widget\" data-widget_type=\"icon-list.default\">\n\t\t\t\t\t\t\t<ul class=\"elementor-icon-list-items\">\n\t\t\t\t\t\t\t<li class=\"elementor-icon-list-item\">\n\t\t\t\t\t\t\t\t\t\t\t<span class=\"elementor-icon-list-icon\">\n\t\t\t\t\t\t\t<svg aria-hidden=\"true\" class=\"e-font-icon-svg e-fas-check\" viewBox=\"0 0 512 512\" xmlns=\"http:\/\/www.w3.org\/2000\/svg\"><path d=\"M173.898 439.404l-166.4-166.4c-9.997-9.997-9.997-26.206 0-36.204l36.203-36.204c9.997-9.998 26.207-9.998 36.204 0L192 312.69 432.095 72.596c9.997-9.997 26.207-9.997 36.204 0l36.203 36.204c9.997 9.997 9.997 26.206 0 36.204l-294.4 294.401c-9.998 9.997-26.207 9.997-36.204-.001z\"><\/path><\/svg>\t\t\t\t\t\t<\/span>\n\t\t\t\t\t\t\t\t\t\t<span class=\"elementor-icon-list-text\"><b>Incendi i robatori<\/b>: protegeix contra danys causats per incendis o intents de robatori en \u00e0rees comunes.<\/span>\n\t\t\t\t\t\t\t\t\t<\/li>\n\t\t\t\t\t\t<\/ul>\n\t\t\t\t\t\t<\/div>\n\t\t\t\t<div class=\"elementor-element elementor-element-fcb9b56 elementor-icon-list--layout-traditional elementor-list-item-link-full_width elementor-widget elementor-widget-icon-list\" data-id=\"fcb9b56\" data-element_type=\"widget\" data-e-type=\"widget\" data-widget_type=\"icon-list.default\">\n\t\t\t\t\t\t\t<ul class=\"elementor-icon-list-items\">\n\t\t\t\t\t\t\t<li class=\"elementor-icon-list-item\">\n\t\t\t\t\t\t\t\t\t\t\t<span class=\"elementor-icon-list-icon\">\n\t\t\t\t\t\t\t<svg aria-hidden=\"true\" class=\"e-font-icon-svg e-fas-check\" viewBox=\"0 0 512 512\" xmlns=\"http:\/\/www.w3.org\/2000\/svg\"><path d=\"M173.898 439.404l-166.4-166.4c-9.997-9.997-9.997-26.206 0-36.204l36.203-36.204c9.997-9.998 26.207-9.998 36.204 0L192 312.69 432.095 72.596c9.997-9.997 26.207-9.997 36.204 0l36.203 36.204c9.997 9.997 9.997 26.206 0 36.204l-294.4 294.401c-9.998 9.997-26.207 9.997-36.204-.001z\"><\/path><\/svg>\t\t\t\t\t\t<\/span>\n\t\t\t\t\t\t\t\t\t\t<span class=\"elementor-icon-list-text\"><b>Vandalisme<\/b>: cobreix els costos de reparaci\u00f3 per actes de vandalisme en l'edifici.<\/span>\n\t\t\t\t\t\t\t\t\t<\/li>\n\t\t\t\t\t\t<\/ul>\n\t\t\t\t\t\t<\/div>\n\t\t\t\t<div class=\"elementor-element elementor-element-6e24aba elementor-icon-list--layout-traditional elementor-list-item-link-full_width elementor-widget elementor-widget-icon-list\" data-id=\"6e24aba\" data-element_type=\"widget\" data-e-type=\"widget\" data-widget_type=\"icon-list.default\">\n\t\t\t\t\t\t\t<ul class=\"elementor-icon-list-items\">\n\t\t\t\t\t\t\t<li class=\"elementor-icon-list-item\">\n\t\t\t\t\t\t\t\t\t\t\t<span class=\"elementor-icon-list-icon\">\n\t\t\t\t\t\t\t<svg aria-hidden=\"true\" class=\"e-font-icon-svg e-fas-check\" viewBox=\"0 0 512 512\" xmlns=\"http:\/\/www.w3.org\/2000\/svg\"><path d=\"M173.898 439.404l-166.4-166.4c-9.997-9.997-9.997-26.206 0-36.204l36.203-36.204c9.997-9.998 26.207-9.998 36.204 0L192 312.69 432.095 72.596c9.997-9.997 26.207-9.997 36.204 0l36.203 36.204c9.997 9.997 9.997 26.206 0 36.204l-294.4 294.401c-9.998 9.997-26.207 9.997-36.204-.001z\"><\/path><\/svg>\t\t\t\t\t\t<\/span>\n\t\t\t\t\t\t\t\t\t\t<span class=\"elementor-icon-list-text\"><b>Despeses de reubicaci\u00f3<\/b>: en cas que un incident faci que parts de l'edifici no siguin habitables, aquesta cobertura podria ajudar a pagar la reubicaci\u00f3 temporal dels residents.<\/span>\n\t\t\t\t\t\t\t\t\t<\/li>\n\t\t\t\t\t\t<\/ul>\n\t\t\t\t\t\t<\/div>\n\t\t\t\t<div class=\"elementor-element elementor-element-aac1b63 elementor-widget elementor-widget-text-editor\" data-id=\"aac1b63\" data-element_type=\"widget\" data-e-type=\"widget\" data-widget_type=\"text-editor.default\">\n\t\t\t\t\t\t\t\t\t<p>\u00c9s essencial revisar detalladament qualsevol p\u00f2lissa abans de contractar-la per a assegurar-se que s&#8217;ajusta a les necessitats espec\u00edfiques de la comunitat.<\/p>\n\t\t\t\t\t\t\t\t<\/div>\n\t\t\t\t<div class=\"elementor-element elementor-element-35fa2ae elementor-widget elementor-widget-image\" data-id=\"35fa2ae\" data-element_type=\"widget\" data-e-type=\"widget\" data-widget_type=\"image.default\">\n\t\t\t\t\t\t\t\t\t\t\t\t\t\t\t<img fetchpriority=\"high\" decoding=\"async\" width=\"800\" height=\"533\" src=\"https:\/\/adhernandez.com\/wp-content\/uploads\/2023\/09\/seguro-comunidad-vecinos2.jpg\" class=\"attachment-large size-large wp-image-28787\" alt=\"seguro-comunidad-vecinos\" srcset=\"https:\/\/adhernandez.com\/wp-content\/uploads\/2023\/09\/seguro-comunidad-vecinos2.jpg 800w, https:\/\/adhernandez.com\/wp-content\/uploads\/2023\/09\/seguro-comunidad-vecinos2-300x200.jpg.webp 300w, https:\/\/adhernandez.com\/wp-content\/uploads\/2023\/09\/seguro-comunidad-vecinos2-768x512.jpg.webp 768w, https:\/\/adhernandez.com\/wp-content\/uploads\/2023\/09\/seguro-comunidad-vecinos2-496x330.jpg.webp 496w\" sizes=\"(max-width: 800px) 100vw, 800px\" \/>\t\t\t\t\t\t\t\t\t\t\t\t\t\t\t<\/div>\n\t\t\t\t<div class=\"elementor-element elementor-element-60eac49 elementor-widget elementor-widget-text-editor\" data-id=\"60eac49\" data-element_type=\"widget\" data-e-type=\"widget\" data-widget_type=\"text-editor.default\">\n\t\t\t\t\t\t\t\t\t<h2><strong>Beneficis de tenir una asseguran\u00e7a en la comunitat de ve\u00efns<\/strong><\/h2>\n\t\t\t\t\t\t\t\t<\/div>\n\t\t\t\t<div class=\"elementor-element elementor-element-bd46db6 elementor-widget elementor-widget-text-editor\" data-id=\"bd46db6\" data-element_type=\"widget\" data-e-type=\"widget\" data-widget_type=\"text-editor.default\">\n\t\t\t\t\t\t\t\t\t<p>Encara que no sigui un requisit legal a Catalunya, les assegurances per a comunitats de ve\u00efns ofereixen avantatges significatius:<\/p>\n\t\t\t\t\t\t\t\t<\/div>\n\t\t\t\t<div class=\"elementor-element elementor-element-a7c2849 elementor-icon-list--layout-traditional elementor-list-item-link-full_width elementor-widget elementor-widget-icon-list\" data-id=\"a7c2849\" data-element_type=\"widget\" data-e-type=\"widget\" data-widget_type=\"icon-list.default\">\n\t\t\t\t\t\t\t<ul class=\"elementor-icon-list-items\">\n\t\t\t\t\t\t\t<li class=\"elementor-icon-list-item\">\n\t\t\t\t\t\t\t\t\t\t\t<span class=\"elementor-icon-list-icon\">\n\t\t\t\t\t\t\t<svg aria-hidden=\"true\" class=\"e-font-icon-svg e-fas-check\" viewBox=\"0 0 512 512\" xmlns=\"http:\/\/www.w3.org\/2000\/svg\"><path d=\"M173.898 439.404l-166.4-166.4c-9.997-9.997-9.997-26.206 0-36.204l36.203-36.204c9.997-9.998 26.207-9.998 36.204 0L192 312.69 432.095 72.596c9.997-9.997 26.207-9.997 36.204 0l36.203 36.204c9.997 9.997 9.997 26.206 0 36.204l-294.4 294.401c-9.998 9.997-26.207 9.997-36.204-.001z\"><\/path><\/svg>\t\t\t\t\t\t<\/span>\n\t\t\t\t\t\t\t\t\t\t<span class=\"elementor-icon-list-text\"><b>Protecci\u00f3 financera<\/b>: en cas de danys o accidents, la comunitat no hauria d'assumir grans despeses imprevistes, ja que aquests serien coberts per l'asseguran\u00e7a.<\/span>\n\t\t\t\t\t\t\t\t\t<\/li>\n\t\t\t\t\t\t<\/ul>\n\t\t\t\t\t\t<\/div>\n\t\t\t\t<div class=\"elementor-element elementor-element-fb5a036 elementor-icon-list--layout-traditional elementor-list-item-link-full_width elementor-widget elementor-widget-icon-list\" data-id=\"fb5a036\" data-element_type=\"widget\" data-e-type=\"widget\" data-widget_type=\"icon-list.default\">\n\t\t\t\t\t\t\t<ul class=\"elementor-icon-list-items\">\n\t\t\t\t\t\t\t<li class=\"elementor-icon-list-item\">\n\t\t\t\t\t\t\t\t\t\t\t<span class=\"elementor-icon-list-icon\">\n\t\t\t\t\t\t\t<svg aria-hidden=\"true\" class=\"e-font-icon-svg e-fas-check\" viewBox=\"0 0 512 512\" xmlns=\"http:\/\/www.w3.org\/2000\/svg\"><path d=\"M173.898 439.404l-166.4-166.4c-9.997-9.997-9.997-26.206 0-36.204l36.203-36.204c9.997-9.998 26.207-9.998 36.204 0L192 312.69 432.095 72.596c9.997-9.997 26.207-9.997 36.204 0l36.203 36.204c9.997 9.997 9.997 26.206 0 36.204l-294.4 294.401c-9.998 9.997-26.207 9.997-36.204-.001z\"><\/path><\/svg>\t\t\t\t\t\t<\/span>\n\t\t\t\t\t\t\t\t\t\t<span class=\"elementor-icon-list-text\"><b>Tranquil\u00b7litat per als ve\u00efns<\/b>: saber que la comunitat est\u00e0 protegida enfront de possibles incidents proporciona una sensaci\u00f3 de seguretat i tranquil\u00b7litat als residents.<\/span>\n\t\t\t\t\t\t\t\t\t<\/li>\n\t\t\t\t\t\t<\/ul>\n\t\t\t\t\t\t<\/div>\n\t\t\t\t<div class=\"elementor-element elementor-element-2499994 elementor-icon-list--layout-traditional elementor-list-item-link-full_width elementor-widget elementor-widget-icon-list\" data-id=\"2499994\" data-element_type=\"widget\" data-e-type=\"widget\" data-widget_type=\"icon-list.default\">\n\t\t\t\t\t\t\t<ul class=\"elementor-icon-list-items\">\n\t\t\t\t\t\t\t<li class=\"elementor-icon-list-item\">\n\t\t\t\t\t\t\t\t\t\t\t<span class=\"elementor-icon-list-icon\">\n\t\t\t\t\t\t\t<svg aria-hidden=\"true\" class=\"e-font-icon-svg e-fas-check\" viewBox=\"0 0 512 512\" xmlns=\"http:\/\/www.w3.org\/2000\/svg\"><path d=\"M173.898 439.404l-166.4-166.4c-9.997-9.997-9.997-26.206 0-36.204l36.203-36.204c9.997-9.998 26.207-9.998 36.204 0L192 312.69 432.095 72.596c9.997-9.997 26.207-9.997 36.204 0l36.203 36.204c9.997 9.997 9.997 26.206 0 36.204l-294.4 294.401c-9.998 9.997-26.207 9.997-36.204-.001z\"><\/path><\/svg>\t\t\t\t\t\t<\/span>\n\t\t\t\t\t\t\t\t\t\t<span class=\"elementor-icon-list-text\"><b>Manteniment del valor de l'immoble<\/b>: una r\u00e0pida intervenci\u00f3 i reparaci\u00f3 de danys contribueix a mantenir el valor de l'edifici, beneficiant a tots els propietaris.<\/span>\n\t\t\t\t\t\t\t\t\t<\/li>\n\t\t\t\t\t\t<\/ul>\n\t\t\t\t\t\t<\/div>\n\t\t\t\t<div class=\"elementor-element elementor-element-c710823 elementor-icon-list--layout-traditional elementor-list-item-link-full_width elementor-widget elementor-widget-icon-list\" data-id=\"c710823\" data-element_type=\"widget\" data-e-type=\"widget\" data-widget_type=\"icon-list.default\">\n\t\t\t\t\t\t\t<ul class=\"elementor-icon-list-items\">\n\t\t\t\t\t\t\t<li class=\"elementor-icon-list-item\">\n\t\t\t\t\t\t\t\t\t\t\t<span class=\"elementor-icon-list-icon\">\n\t\t\t\t\t\t\t<svg aria-hidden=\"true\" class=\"e-font-icon-svg e-fas-check\" viewBox=\"0 0 512 512\" xmlns=\"http:\/\/www.w3.org\/2000\/svg\"><path d=\"M173.898 439.404l-166.4-166.4c-9.997-9.997-9.997-26.206 0-36.204l36.203-36.204c9.997-9.998 26.207-9.998 36.204 0L192 312.69 432.095 72.596c9.997-9.997 26.207-9.997 36.204 0l36.203 36.204c9.997 9.997 9.997 26.206 0 36.204l-294.4 294.401c-9.998 9.997-26.207 9.997-36.204-.001z\"><\/path><\/svg>\t\t\t\t\t\t<\/span>\n\t\t\t\t\t\t\t\t\t\t<span class=\"elementor-icon-list-text\"><b>Compliment de responsabilitats<\/b>: facilita el compliment de les obligacions de la comunitat en termes de manteniment i reparaci\u00f3 d'\u00e0rees comunes.<\/span>\n\t\t\t\t\t\t\t\t\t<\/li>\n\t\t\t\t\t\t<\/ul>\n\t\t\t\t\t\t<\/div>\n\t\t\t\t<div class=\"elementor-element elementor-element-d5aa87b elementor-widget elementor-widget-text-editor\" data-id=\"d5aa87b\" data-element_type=\"widget\" data-e-type=\"widget\" data-widget_type=\"text-editor.default\">\n\t\t\t\t\t\t\t\t\t<p>En conclusi\u00f3, <b>la contractaci\u00f3 d&#8217;una asseguran\u00e7a per a una comunitat de ve\u00efns a Barcelona, encara que no \u00e9s obligat\u00f2ria, ofereix protecci\u00f3 i tranquil\u00b7litat<\/b> enfront d&#8217;una varietat de riscos i situacions imprevistes. \u00c9s una eina que contribueix a la gesti\u00f3 adequada de l&#8217;edifici i al benestar de tots els residents.<\/p>\n<p>En considerar un segur, \u00e9s vital avaluar les necessitats espec\u00edfiques de la comunitat i triar una p\u00f2lissa que ofereixi les cobertures m\u00e9s adequades.<\/p>\n\t\t\t\t\t\t\t\t<\/div>\n\t\t\t\t\t<\/div>\n\t\t<\/div>\n\t\t\t\t\t<\/div>\n\t\t<\/section>\n\t\t\t\t<\/div>\n\t\t","protected":false},"excerpt":{"rendered":"<p>Si est\u00e0s buscant contractar una asseguran\u00e7a per a la teva comunitat de ve\u00efns, has arribat al lloc correcte! En aquest article t&#8217;expliquem tot el que necessites saber per a triar l&#8217;asseguran\u00e7a adequada<\/p>\n","protected":false},"author":6,"featured_media":28788,"comment_status":"closed","ping_status":"open","sticky":false,"template":"","format":"standard","meta":{"footnotes":""},"categories":[365],"tags":[],"class_list":["post-28869","post","type-post","status-publish","format-standard","has-post-thumbnail","hentry","category-propiedad-horizontal-ca"],"yoast_head":"<!-- This site is optimized with the Yoast SEO plugin v27.4 - https:\/\/yoast.com\/product\/yoast-seo-wordpress\/ -->\n<title>Has de contractar una asseguran\u00e7a per a la teva comunitat de ve\u00efns? - Administraciones Hern\u00e1ndez<\/title>\n<meta name=\"description\" content=\"Si est\u00e0s buscant contractar una asseguran\u00e7a per a la teva comunitat de ve\u00efns, has arribat al lloc correcte! En aquest article t&#039;expliquem tot el que necessites saber per a triar l&#039;asseguran\u00e7a adequada\" \/>\n<meta name=\"robots\" content=\"index, follow, max-snippet:-1, max-image-preview:large, max-video-preview:-1\" \/>\n<link rel=\"canonical\" href=\"https:\/\/adhernandez.com\/ca\/2023\/09\/19\/has-de-contractar-una-asseguranca-per-a-la-teva-comunitat-de-veins\/\" \/>\n<meta property=\"og:locale\" content=\"ca_ES\" \/>\n<meta property=\"og:type\" content=\"article\" \/>\n<meta property=\"og:title\" content=\"Has de contractar una asseguran\u00e7a per a la teva comunitat de ve\u00efns? - Administraciones Hern\u00e1ndez\" \/>\n<meta property=\"og:description\" content=\"Si est\u00e0s buscant contractar una asseguran\u00e7a per a la teva comunitat de ve\u00efns, has arribat al lloc correcte! En aquest article t&#039;expliquem tot el que necessites saber per a triar l&#039;asseguran\u00e7a adequada\" \/>\n<meta property=\"og:url\" content=\"https:\/\/adhernandez.com\/ca\/2023\/09\/19\/has-de-contractar-una-asseguranca-per-a-la-teva-comunitat-de-veins\/\" \/>\n<meta property=\"og:site_name\" content=\"Administraciones Hern\u00e1ndez\" \/>\n<meta property=\"article:published_time\" content=\"2023-09-19T08:24:57+00:00\" \/>\n<meta property=\"article:modified_time\" content=\"2023-09-19T08:53:42+00:00\" \/>\n<meta property=\"og:image\" content=\"https:\/\/adhernandez.com\/wp-content\/uploads\/2023\/09\/seguro-comunidad-vecinos.jpg\" \/>\n\t<meta property=\"og:image:width\" content=\"1000\" \/>\n\t<meta property=\"og:image:height\" content=\"431\" \/>\n\t<meta property=\"og:image:type\" content=\"image\/jpeg\" \/>\n<meta name=\"author\" content=\"AdHern\u00e1ndez\" \/>\n<meta name=\"twitter:card\" content=\"summary_large_image\" \/>\n<meta name=\"twitter:label1\" content=\"Escrit per\" \/>\n\t<meta name=\"twitter:data1\" content=\"AdHern\u00e1ndez\" \/>\n\t<meta name=\"twitter:label2\" content=\"Temps estimat de lectura\" \/>\n\t<meta name=\"twitter:data2\" content=\"4 minuts\" \/>\n<script type=\"application\/ld+json\" class=\"yoast-schema-graph\">{\"@context\":\"https:\\\/\\\/schema.org\",\"@graph\":[{\"@type\":\"Article\",\"@id\":\"https:\\\/\\\/adhernandez.com\\\/ca\\\/2023\\\/09\\\/19\\\/has-de-contractar-una-asseguranca-per-a-la-teva-comunitat-de-veins\\\/#article\",\"isPartOf\":{\"@id\":\"https:\\\/\\\/adhernandez.com\\\/ca\\\/2023\\\/09\\\/19\\\/has-de-contractar-una-asseguranca-per-a-la-teva-comunitat-de-veins\\\/\"},\"author\":{\"name\":\"AdHern\u00e1ndez\",\"@id\":\"https:\\\/\\\/adhernandez.com\\\/ca\\\/#\\\/schema\\\/person\\\/330b9c8828ff3a80ee8053b5fff0e848\"},\"headline\":\"Has de contractar una asseguran\u00e7a per a la teva comunitat de ve\u00efns?\",\"datePublished\":\"2023-09-19T08:24:57+00:00\",\"dateModified\":\"2023-09-19T08:53:42+00:00\",\"mainEntityOfPage\":{\"@id\":\"https:\\\/\\\/adhernandez.com\\\/ca\\\/2023\\\/09\\\/19\\\/has-de-contractar-una-asseguranca-per-a-la-teva-comunitat-de-veins\\\/\"},\"wordCount\":661,\"image\":{\"@id\":\"https:\\\/\\\/adhernandez.com\\\/ca\\\/2023\\\/09\\\/19\\\/has-de-contractar-una-asseguranca-per-a-la-teva-comunitat-de-veins\\\/#primaryimage\"},\"thumbnailUrl\":\"https:\\\/\\\/adhernandez.com\\\/wp-content\\\/uploads\\\/2023\\\/09\\\/seguro-comunidad-vecinos.jpg\",\"articleSection\":[\"Propiedad Horizontal\"],\"inLanguage\":\"ca\"},{\"@type\":\"WebPage\",\"@id\":\"https:\\\/\\\/adhernandez.com\\\/ca\\\/2023\\\/09\\\/19\\\/has-de-contractar-una-asseguranca-per-a-la-teva-comunitat-de-veins\\\/\",\"url\":\"https:\\\/\\\/adhernandez.com\\\/ca\\\/2023\\\/09\\\/19\\\/has-de-contractar-una-asseguranca-per-a-la-teva-comunitat-de-veins\\\/\",\"name\":\"Has de contractar una asseguran\u00e7a per a la teva comunitat de ve\u00efns? - Administraciones Hern\u00e1ndez\",\"isPartOf\":{\"@id\":\"https:\\\/\\\/adhernandez.com\\\/ca\\\/#website\"},\"primaryImageOfPage\":{\"@id\":\"https:\\\/\\\/adhernandez.com\\\/ca\\\/2023\\\/09\\\/19\\\/has-de-contractar-una-asseguranca-per-a-la-teva-comunitat-de-veins\\\/#primaryimage\"},\"image\":{\"@id\":\"https:\\\/\\\/adhernandez.com\\\/ca\\\/2023\\\/09\\\/19\\\/has-de-contractar-una-asseguranca-per-a-la-teva-comunitat-de-veins\\\/#primaryimage\"},\"thumbnailUrl\":\"https:\\\/\\\/adhernandez.com\\\/wp-content\\\/uploads\\\/2023\\\/09\\\/seguro-comunidad-vecinos.jpg\",\"datePublished\":\"2023-09-19T08:24:57+00:00\",\"dateModified\":\"2023-09-19T08:53:42+00:00\",\"author\":{\"@id\":\"https:\\\/\\\/adhernandez.com\\\/ca\\\/#\\\/schema\\\/person\\\/330b9c8828ff3a80ee8053b5fff0e848\"},\"description\":\"Si est\u00e0s buscant contractar una asseguran\u00e7a per a la teva comunitat de ve\u00efns, has arribat al lloc correcte! En aquest article t'expliquem tot el que necessites saber per a triar l'asseguran\u00e7a adequada\",\"breadcrumb\":{\"@id\":\"https:\\\/\\\/adhernandez.com\\\/ca\\\/2023\\\/09\\\/19\\\/has-de-contractar-una-asseguranca-per-a-la-teva-comunitat-de-veins\\\/#breadcrumb\"},\"inLanguage\":\"ca\",\"potentialAction\":[{\"@type\":\"ReadAction\",\"target\":[\"https:\\\/\\\/adhernandez.com\\\/ca\\\/2023\\\/09\\\/19\\\/has-de-contractar-una-asseguranca-per-a-la-teva-comunitat-de-veins\\\/\"]}]},{\"@type\":\"ImageObject\",\"inLanguage\":\"ca\",\"@id\":\"https:\\\/\\\/adhernandez.com\\\/ca\\\/2023\\\/09\\\/19\\\/has-de-contractar-una-asseguranca-per-a-la-teva-comunitat-de-veins\\\/#primaryimage\",\"url\":\"https:\\\/\\\/adhernandez.com\\\/wp-content\\\/uploads\\\/2023\\\/09\\\/seguro-comunidad-vecinos.jpg\",\"contentUrl\":\"https:\\\/\\\/adhernandez.com\\\/wp-content\\\/uploads\\\/2023\\\/09\\\/seguro-comunidad-vecinos.jpg\",\"width\":1000,\"height\":431,\"caption\":\"seguro-comunidad-vecinos\"},{\"@type\":\"BreadcrumbList\",\"@id\":\"https:\\\/\\\/adhernandez.com\\\/ca\\\/2023\\\/09\\\/19\\\/has-de-contractar-una-asseguranca-per-a-la-teva-comunitat-de-veins\\\/#breadcrumb\",\"itemListElement\":[{\"@type\":\"ListItem\",\"position\":1,\"name\":\"Portada\",\"item\":\"https:\\\/\\\/adhernandez.com\\\/ca\\\/adhernandez-inicio\\\/\"},{\"@type\":\"ListItem\",\"position\":2,\"name\":\"Has de contractar una asseguran\u00e7a per a la teva comunitat de ve\u00efns?\"}]},{\"@type\":\"WebSite\",\"@id\":\"https:\\\/\\\/adhernandez.com\\\/ca\\\/#website\",\"url\":\"https:\\\/\\\/adhernandez.com\\\/ca\\\/\",\"name\":\"Administraciones Hern\u00e1ndez\",\"description\":\"Equipo de profesionales con amplia experiencia en la gesti\u00f3n del patrimonio inmobiliario\",\"potentialAction\":[{\"@type\":\"SearchAction\",\"target\":{\"@type\":\"EntryPoint\",\"urlTemplate\":\"https:\\\/\\\/adhernandez.com\\\/ca\\\/?s={search_term_string}\"},\"query-input\":{\"@type\":\"PropertyValueSpecification\",\"valueRequired\":true,\"valueName\":\"search_term_string\"}}],\"inLanguage\":\"ca\"},{\"@type\":\"Person\",\"@id\":\"https:\\\/\\\/adhernandez.com\\\/ca\\\/#\\\/schema\\\/person\\\/330b9c8828ff3a80ee8053b5fff0e848\",\"name\":\"AdHern\u00e1ndez\",\"image\":{\"@type\":\"ImageObject\",\"inLanguage\":\"ca\",\"@id\":\"https:\\\/\\\/adhernandez.com\\\/wp-content\\\/litespeed\\\/avatar\\\/6b84e2484050905299b010a711cff345.jpg?ver=1777323059\",\"url\":\"https:\\\/\\\/adhernandez.com\\\/wp-content\\\/litespeed\\\/avatar\\\/6b84e2484050905299b010a711cff345.jpg?ver=1777323059\",\"contentUrl\":\"https:\\\/\\\/adhernandez.com\\\/wp-content\\\/litespeed\\\/avatar\\\/6b84e2484050905299b010a711cff345.jpg?ver=1777323059\",\"caption\":\"AdHern\u00e1ndez\"},\"url\":\"https:\\\/\\\/adhernandez.com\\\/ca\\\/author\\\/veronica\\\/\"}]}<\/script>\n<!-- \/ Yoast SEO plugin. -->","yoast_head_json":{"title":"Has de contractar una asseguran\u00e7a per a la teva comunitat de ve\u00efns? - Administraciones Hern\u00e1ndez","description":"Si est\u00e0s buscant contractar una asseguran\u00e7a per a la teva comunitat de ve\u00efns, has arribat al lloc correcte! En aquest article t'expliquem tot el que necessites saber per a triar l'asseguran\u00e7a adequada","robots":{"index":"index","follow":"follow","max-snippet":"max-snippet:-1","max-image-preview":"max-image-preview:large","max-video-preview":"max-video-preview:-1"},"canonical":"https:\/\/adhernandez.com\/ca\/2023\/09\/19\/has-de-contractar-una-asseguranca-per-a-la-teva-comunitat-de-veins\/","og_locale":"ca_ES","og_type":"article","og_title":"Has de contractar una asseguran\u00e7a per a la teva comunitat de ve\u00efns? - Administraciones Hern\u00e1ndez","og_description":"Si est\u00e0s buscant contractar una asseguran\u00e7a per a la teva comunitat de ve\u00efns, has arribat al lloc correcte! En aquest article t'expliquem tot el que necessites saber per a triar l'asseguran\u00e7a adequada","og_url":"https:\/\/adhernandez.com\/ca\/2023\/09\/19\/has-de-contractar-una-asseguranca-per-a-la-teva-comunitat-de-veins\/","og_site_name":"Administraciones Hern\u00e1ndez","article_published_time":"2023-09-19T08:24:57+00:00","article_modified_time":"2023-09-19T08:53:42+00:00","og_image":[{"width":1000,"height":431,"url":"https:\/\/adhernandez.com\/wp-content\/uploads\/2023\/09\/seguro-comunidad-vecinos.jpg","type":"image\/jpeg"}],"author":"AdHern\u00e1ndez","twitter_card":"summary_large_image","twitter_misc":{"Escrit per":"AdHern\u00e1ndez","Temps estimat de lectura":"4 minuts"},"schema":{"@context":"https:\/\/schema.org","@graph":[{"@type":"Article","@id":"https:\/\/adhernandez.com\/ca\/2023\/09\/19\/has-de-contractar-una-asseguranca-per-a-la-teva-comunitat-de-veins\/#article","isPartOf":{"@id":"https:\/\/adhernandez.com\/ca\/2023\/09\/19\/has-de-contractar-una-asseguranca-per-a-la-teva-comunitat-de-veins\/"},"author":{"name":"AdHern\u00e1ndez","@id":"https:\/\/adhernandez.com\/ca\/#\/schema\/person\/330b9c8828ff3a80ee8053b5fff0e848"},"headline":"Has de contractar una asseguran\u00e7a per a la teva comunitat de ve\u00efns?","datePublished":"2023-09-19T08:24:57+00:00","dateModified":"2023-09-19T08:53:42+00:00","mainEntityOfPage":{"@id":"https:\/\/adhernandez.com\/ca\/2023\/09\/19\/has-de-contractar-una-asseguranca-per-a-la-teva-comunitat-de-veins\/"},"wordCount":661,"image":{"@id":"https:\/\/adhernandez.com\/ca\/2023\/09\/19\/has-de-contractar-una-asseguranca-per-a-la-teva-comunitat-de-veins\/#primaryimage"},"thumbnailUrl":"https:\/\/adhernandez.com\/wp-content\/uploads\/2023\/09\/seguro-comunidad-vecinos.jpg","articleSection":["Propiedad Horizontal"],"inLanguage":"ca"},{"@type":"WebPage","@id":"https:\/\/adhernandez.com\/ca\/2023\/09\/19\/has-de-contractar-una-asseguranca-per-a-la-teva-comunitat-de-veins\/","url":"https:\/\/adhernandez.com\/ca\/2023\/09\/19\/has-de-contractar-una-asseguranca-per-a-la-teva-comunitat-de-veins\/","name":"Has de contractar una asseguran\u00e7a per a la teva comunitat de ve\u00efns? - Administraciones Hern\u00e1ndez","isPartOf":{"@id":"https:\/\/adhernandez.com\/ca\/#website"},"primaryImageOfPage":{"@id":"https:\/\/adhernandez.com\/ca\/2023\/09\/19\/has-de-contractar-una-asseguranca-per-a-la-teva-comunitat-de-veins\/#primaryimage"},"image":{"@id":"https:\/\/adhernandez.com\/ca\/2023\/09\/19\/has-de-contractar-una-asseguranca-per-a-la-teva-comunitat-de-veins\/#primaryimage"},"thumbnailUrl":"https:\/\/adhernandez.com\/wp-content\/uploads\/2023\/09\/seguro-comunidad-vecinos.jpg","datePublished":"2023-09-19T08:24:57+00:00","dateModified":"2023-09-19T08:53:42+00:00","author":{"@id":"https:\/\/adhernandez.com\/ca\/#\/schema\/person\/330b9c8828ff3a80ee8053b5fff0e848"},"description":"Si est\u00e0s buscant contractar una asseguran\u00e7a per a la teva comunitat de ve\u00efns, has arribat al lloc correcte! En aquest article t'expliquem tot el que necessites saber per a triar l'asseguran\u00e7a adequada","breadcrumb":{"@id":"https:\/\/adhernandez.com\/ca\/2023\/09\/19\/has-de-contractar-una-asseguranca-per-a-la-teva-comunitat-de-veins\/#breadcrumb"},"inLanguage":"ca","potentialAction":[{"@type":"ReadAction","target":["https:\/\/adhernandez.com\/ca\/2023\/09\/19\/has-de-contractar-una-asseguranca-per-a-la-teva-comunitat-de-veins\/"]}]},{"@type":"ImageObject","inLanguage":"ca","@id":"https:\/\/adhernandez.com\/ca\/2023\/09\/19\/has-de-contractar-una-asseguranca-per-a-la-teva-comunitat-de-veins\/#primaryimage","url":"https:\/\/adhernandez.com\/wp-content\/uploads\/2023\/09\/seguro-comunidad-vecinos.jpg","contentUrl":"https:\/\/adhernandez.com\/wp-content\/uploads\/2023\/09\/seguro-comunidad-vecinos.jpg","width":1000,"height":431,"caption":"seguro-comunidad-vecinos"},{"@type":"BreadcrumbList","@id":"https:\/\/adhernandez.com\/ca\/2023\/09\/19\/has-de-contractar-una-asseguranca-per-a-la-teva-comunitat-de-veins\/#breadcrumb","itemListElement":[{"@type":"ListItem","position":1,"name":"Portada","item":"https:\/\/adhernandez.com\/ca\/adhernandez-inicio\/"},{"@type":"ListItem","position":2,"name":"Has de contractar una asseguran\u00e7a per a la teva comunitat de ve\u00efns?"}]},{"@type":"WebSite","@id":"https:\/\/adhernandez.com\/ca\/#website","url":"https:\/\/adhernandez.com\/ca\/","name":"Administraciones Hern\u00e1ndez","description":"Equipo de profesionales con amplia experiencia en la gesti\u00f3n del patrimonio inmobiliario","potentialAction":[{"@type":"SearchAction","target":{"@type":"EntryPoint","urlTemplate":"https:\/\/adhernandez.com\/ca\/?s={search_term_string}"},"query-input":{"@type":"PropertyValueSpecification","valueRequired":true,"valueName":"search_term_string"}}],"inLanguage":"ca"},{"@type":"Person","@id":"https:\/\/adhernandez.com\/ca\/#\/schema\/person\/330b9c8828ff3a80ee8053b5fff0e848","name":"AdHern\u00e1ndez","image":{"@type":"ImageObject","inLanguage":"ca","@id":"https:\/\/adhernandez.com\/wp-content\/litespeed\/avatar\/6b84e2484050905299b010a711cff345.jpg?ver=1777323059","url":"https:\/\/adhernandez.com\/wp-content\/litespeed\/avatar\/6b84e2484050905299b010a711cff345.jpg?ver=1777323059","contentUrl":"https:\/\/adhernandez.com\/wp-content\/litespeed\/avatar\/6b84e2484050905299b010a711cff345.jpg?ver=1777323059","caption":"AdHern\u00e1ndez"},"url":"https:\/\/adhernandez.com\/ca\/author\/veronica\/"}]}},"_links":{"self":[{"href":"https:\/\/adhernandez.com\/ca\/wp-json\/wp\/v2\/posts\/28869","targetHints":{"allow":["GET"]}}],"collection":[{"href":"https:\/\/adhernandez.com\/ca\/wp-json\/wp\/v2\/posts"}],"about":[{"href":"https:\/\/adhernandez.com\/ca\/wp-json\/wp\/v2\/types\/post"}],"author":[{"embeddable":true,"href":"https:\/\/adhernandez.com\/ca\/wp-json\/wp\/v2\/users\/6"}],"replies":[{"embeddable":true,"href":"https:\/\/adhernandez.com\/ca\/wp-json\/wp\/v2\/comments?post=28869"}],"version-history":[{"count":4,"href":"https:\/\/adhernandez.com\/ca\/wp-json\/wp\/v2\/posts\/28869\/revisions"}],"predecessor-version":[{"id":28885,"href":"https:\/\/adhernandez.com\/ca\/wp-json\/wp\/v2\/posts\/28869\/revisions\/28885"}],"wp:featuredmedia":[{"embeddable":true,"href":"https:\/\/adhernandez.com\/ca\/wp-json\/wp\/v2\/media\/28788"}],"wp:attachment":[{"href":"https:\/\/adhernandez.com\/ca\/wp-json\/wp\/v2\/media?parent=28869"}],"wp:term":[{"taxonomy":"category","embeddable":true,"href":"https:\/\/adhernandez.com\/ca\/wp-json\/wp\/v2\/categories?post=28869"},{"taxonomy":"post_tag","embeddable":true,"href":"https:\/\/adhernandez.com\/ca\/wp-json\/wp\/v2\/tags?post=28869"}],"curies":[{"name":"wp","href":"https:\/\/api.w.org\/{rel}","templated":true}]}}