{"id":28866,"date":"2023-09-13T08:13:13","date_gmt":"2023-09-13T08:13:13","guid":{"rendered":"https:\/\/adhernandez.com\/2023\/09\/19\/els-desfibrilladors-en-les-comunitats-de-veins\/"},"modified":"2023-09-19T08:29:59","modified_gmt":"2023-09-19T08:29:59","slug":"els-desfibrilladors-en-les-comunitats-de-veins","status":"publish","type":"post","link":"https:\/\/adhernandez.com\/ca\/2023\/09\/13\/els-desfibrilladors-en-les-comunitats-de-veins\/","title":{"rendered":"<strong>Els desfibril\u00b7ladors en les comunitats de ve\u00efns<\/strong>"},"content":{"rendered":"\t\t<div data-elementor-type=\"wp-post\" data-elementor-id=\"28866\" class=\"elementor elementor-28866 elementor-28769\">\n\t\t\t\t\t\t<section class=\"elementor-section elementor-top-section elementor-element elementor-element-a7e14f0 elementor-section-boxed elementor-section-height-default elementor-section-height-default\" data-id=\"a7e14f0\" data-element_type=\"section\" data-e-type=\"section\">\n\t\t\t\t\t\t<div class=\"elementor-container elementor-column-gap-default\">\n\t\t\t\t\t<div class=\"elementor-column elementor-col-100 elementor-top-column elementor-element elementor-element-ebbeebd\" data-id=\"ebbeebd\" data-element_type=\"column\" data-e-type=\"column\">\n\t\t\t<div class=\"elementor-widget-wrap elementor-element-populated\">\n\t\t\t\t\t\t<div class=\"elementor-element elementor-element-07aa3db elementor-widget elementor-widget-text-editor\" data-id=\"07aa3db\" data-element_type=\"widget\" data-e-type=\"widget\" data-widget_type=\"text-editor.default\">\n\t\t\t\t\t\t\t\t\tLa prevenci\u00f3 i atenci\u00f3 en situacions d&#8217;emerg\u00e8ncia \u00e9s essencial per a garantir la seguretat i el benestar dels residents d&#8217;una comunitat.\r\n\r\nEn aquest context, la pres\u00e8ncia de desfibril\u00b7ladors en comunitats de ve\u00efns ha sorgit com un tema rellevant a Barcelona. Per\u00f2, s\u00f3n realment obligatoris? Qu\u00e8 es necessita per a instal\u00b7lar un? Aquestes i altres preguntes seran abordades a continuaci\u00f3.\t\t\t\t\t\t\t\t<\/div>\n\t\t\t\t<div class=\"elementor-element elementor-element-b0022a4 elementor-widget elementor-widget-text-editor\" data-id=\"b0022a4\" data-element_type=\"widget\" data-e-type=\"widget\" data-widget_type=\"text-editor.default\">\n\t\t\t\t\t\t\t\t\t<h2><strong>S\u00f3n obligatoris els desfibril\u00b7ladors en les comunitats de ve\u00efns?<\/strong><\/h2>\n\t\t\t\t\t\t\t\t<\/div>\n\t\t\t\t<div class=\"elementor-element elementor-element-085bae5 elementor-widget elementor-widget-text-editor\" data-id=\"085bae5\" data-element_type=\"widget\" data-e-type=\"widget\" data-widget_type=\"text-editor.default\">\n\t\t\t\t\t\t\t\t\tA Catalunya, segons la legislaci\u00f3 vigent, no \u00e9s obligatori que totes les comunitats de ve\u00efns comptin amb un desfibril\u00b7lador. No obstant aix\u00f2, existeixen regulacions que estableixen la necessitat d&#8217;aquests dispositius en llocs amb alta aflu\u00e8ncia de persones o en instal\u00b7lacions on es realitzin activitats que puguin causar riscos card\u00edacs.\r\n\r\nPer tant, encara que les comunitats residencials no estan expl\u00edcitament esmentades, \u00e9s recomanable considerar la pres\u00e8ncia d&#8217;un desfibril\u00b7lador en comunitats de ve\u00efns, sobretot en comunitats grans o amb residents d&#8217;edat avan\u00e7ada.\t\t\t\t\t\t\t\t<\/div>\n\t\t\t\t<div class=\"elementor-element elementor-element-9d4caa2 elementor-widget elementor-widget-text-editor\" data-id=\"9d4caa2\" data-element_type=\"widget\" data-e-type=\"widget\" data-widget_type=\"text-editor.default\">\n\t\t\t\t\t\t\t\t\t<h2><strong>Quins s\u00f3n els requisits per a poder instal\u00b7lar un desfibril\u00b7lador en la comunitat?<\/strong><\/h2>\n\t\t\t\t\t\t\t\t<\/div>\n\t\t\t\t<div class=\"elementor-element elementor-element-f1b6e16 elementor-widget elementor-widget-text-editor\" data-id=\"f1b6e16\" data-element_type=\"widget\" data-e-type=\"widget\" data-widget_type=\"text-editor.default\">\n\t\t\t\t\t\t\t\t\t<p>Si una comunitat de ve\u00efns a Barcelona decideix instal\u00b7lar un desfibril\u00b7lador, ha de tenir en compte els seg\u00fcents requisits:<\/p>\n\t\t\t\t\t\t\t\t<\/div>\n\t\t\t\t<div class=\"elementor-element elementor-element-6a55af7 elementor-icon-list--layout-traditional elementor-list-item-link-full_width elementor-widget elementor-widget-icon-list\" data-id=\"6a55af7\" data-element_type=\"widget\" data-e-type=\"widget\" data-widget_type=\"icon-list.default\">\n\t\t\t\t\t\t\t<ul class=\"elementor-icon-list-items\">\n\t\t\t\t\t\t\t<li class=\"elementor-icon-list-item\">\n\t\t\t\t\t\t\t\t\t\t\t<span class=\"elementor-icon-list-icon\">\n\t\t\t\t\t\t\t<svg aria-hidden=\"true\" class=\"e-font-icon-svg e-fas-check\" viewBox=\"0 0 512 512\" xmlns=\"http:\/\/www.w3.org\/2000\/svg\"><path d=\"M173.898 439.404l-166.4-166.4c-9.997-9.997-9.997-26.206 0-36.204l36.203-36.204c9.997-9.998 26.207-9.998 36.204 0L192 312.69 432.095 72.596c9.997-9.997 26.207-9.997 36.204 0l36.203 36.204c9.997 9.997 9.997 26.206 0 36.204l-294.4 294.401c-9.998 9.997-26.207 9.997-36.204-.001z\"><\/path><\/svg>\t\t\t\t\t\t<\/span>\n\t\t\t\t\t\t\t\t\t\t<span class=\"elementor-icon-list-text\"> Ubicaci\u00f3 accessible: el desfibril\u00b7lador ha d'estar situat en un lloc de f\u00e0cil acc\u00e9s per a tots els residents i clarament senyalitzat.<\/span>\n\t\t\t\t\t\t\t\t\t<\/li>\n\t\t\t\t\t\t<\/ul>\n\t\t\t\t\t\t<\/div>\n\t\t\t\t<div class=\"elementor-element elementor-element-e3f2d99 elementor-icon-list--layout-traditional elementor-list-item-link-full_width elementor-widget elementor-widget-icon-list\" data-id=\"e3f2d99\" data-element_type=\"widget\" data-e-type=\"widget\" data-widget_type=\"icon-list.default\">\n\t\t\t\t\t\t\t<ul class=\"elementor-icon-list-items\">\n\t\t\t\t\t\t\t<li class=\"elementor-icon-list-item\">\n\t\t\t\t\t\t\t\t\t\t\t<span class=\"elementor-icon-list-icon\">\n\t\t\t\t\t\t\t<svg aria-hidden=\"true\" class=\"e-font-icon-svg e-fas-check\" viewBox=\"0 0 512 512\" xmlns=\"http:\/\/www.w3.org\/2000\/svg\"><path d=\"M173.898 439.404l-166.4-166.4c-9.997-9.997-9.997-26.206 0-36.204l36.203-36.204c9.997-9.998 26.207-9.998 36.204 0L192 312.69 432.095 72.596c9.997-9.997 26.207-9.997 36.204 0l36.203 36.204c9.997 9.997 9.997 26.206 0 36.204l-294.4 294.401c-9.998 9.997-26.207 9.997-36.204-.001z\"><\/path><\/svg>\t\t\t\t\t\t<\/span>\n\t\t\t\t\t\t\t\t\t\t<span class=\"elementor-icon-list-text\"> Formaci\u00f3: \u00e9s essencial que, almenys, algunes persones de la comunitat (com a conserges o administradors) rebin formaci\u00f3 espec\u00edfica per a l'\u00fas del desfibril\u00b7lador. A Catalunya, existeixen cursos certificats que capaciten a les persones en el seu maneig.<\/span>\n\t\t\t\t\t\t\t\t\t<\/li>\n\t\t\t\t\t\t<\/ul>\n\t\t\t\t\t\t<\/div>\n\t\t\t\t<div class=\"elementor-element elementor-element-e6e7fd4 elementor-icon-list--layout-traditional elementor-list-item-link-full_width elementor-widget elementor-widget-icon-list\" data-id=\"e6e7fd4\" data-element_type=\"widget\" data-e-type=\"widget\" data-widget_type=\"icon-list.default\">\n\t\t\t\t\t\t\t<ul class=\"elementor-icon-list-items\">\n\t\t\t\t\t\t\t<li class=\"elementor-icon-list-item\">\n\t\t\t\t\t\t\t\t\t\t\t<span class=\"elementor-icon-list-icon\">\n\t\t\t\t\t\t\t<svg aria-hidden=\"true\" class=\"e-font-icon-svg e-fas-check\" viewBox=\"0 0 512 512\" xmlns=\"http:\/\/www.w3.org\/2000\/svg\"><path d=\"M173.898 439.404l-166.4-166.4c-9.997-9.997-9.997-26.206 0-36.204l36.203-36.204c9.997-9.998 26.207-9.998 36.204 0L192 312.69 432.095 72.596c9.997-9.997 26.207-9.997 36.204 0l36.203 36.204c9.997 9.997 9.997 26.206 0 36.204l-294.4 294.401c-9.998 9.997-26.207 9.997-36.204-.001z\"><\/path><\/svg>\t\t\t\t\t\t<\/span>\n\t\t\t\t\t\t\t\t\t\t<span class=\"elementor-icon-list-text\"> Registre: \u00e9s necessari registrar el desfibril\u00b7lador davant les autoritats sanit\u00e0ries competents de la Generalitat de Catalunya.<\/span>\n\t\t\t\t\t\t\t\t\t<\/li>\n\t\t\t\t\t\t<\/ul>\n\t\t\t\t\t\t<\/div>\n\t\t\t\t<div class=\"elementor-element elementor-element-5af73e8 elementor-widget elementor-widget-text-editor\" data-id=\"5af73e8\" data-element_type=\"widget\" data-e-type=\"widget\" data-widget_type=\"text-editor.default\">\n\t\t\t\t\t\t\t\t\t<h2><strong>En cas d&#8217;incident, qui pot utilitzar el desfibril\u00b7lador en la comunitat?<\/strong><\/h2>\n\t\t\t\t\t\t\t\t<\/div>\n\t\t\t\t<div class=\"elementor-element elementor-element-acd1f4a elementor-widget elementor-widget-text-editor\" data-id=\"acd1f4a\" data-element_type=\"widget\" data-e-type=\"widget\" data-widget_type=\"text-editor.default\">\n\t\t\t\t\t\t\t\t\t<p>Els desfibril\u00b7ladors disponibles per a l&#8217;\u00fas p\u00fablic (coneguts com a DESA) estan dissenyats per a ser utilitzats fins i tot per persones sense formaci\u00f3 m\u00e8dica pr\u00e8via. Aquests dispositius inclouen instruccions clares i solen tenir un sistema de veu que guia a l&#8217;usuari pas a pas.<\/p>\n<p>No obstant aix\u00f2, \u00e9s recomanable que en cada comunitat de ve\u00efns hi hagi persones que hagin rebut formaci\u00f3 espec\u00edfica sobre l&#8217;\u00fas del desfibril\u00b7lador. No obstant aix\u00f2, en una situaci\u00f3 d&#8217;emerg\u00e8ncia on la vida d&#8217;una persona est\u00e0 en perill, qualsevol resident pot i ha d&#8217;utilitzar el desfibril\u00b7lador seguint les instruccions del dispositiu.<\/p>\n\t\t\t\t\t\t\t\t<\/div>\n\t\t\t\t<div class=\"elementor-element elementor-element-2c7b260 elementor-widget elementor-widget-image\" data-id=\"2c7b260\" data-element_type=\"widget\" data-e-type=\"widget\" data-widget_type=\"image.default\">\n\t\t\t\t\t\t\t\t\t\t\t\t\t\t\t<img fetchpriority=\"high\" decoding=\"async\" width=\"800\" height=\"533\" src=\"https:\/\/adhernandez.com\/wp-content\/uploads\/2023\/09\/desfibrilador-en-comunidad-de-vecinos2.jpg\" class=\"attachment-large size-large wp-image-28778\" alt=\"desfibrilador comunidad vecinos\" srcset=\"https:\/\/adhernandez.com\/wp-content\/uploads\/2023\/09\/desfibrilador-en-comunidad-de-vecinos2.jpg 800w, https:\/\/adhernandez.com\/wp-content\/uploads\/2023\/09\/desfibrilador-en-comunidad-de-vecinos2-300x200.jpg.webp 300w, https:\/\/adhernandez.com\/wp-content\/uploads\/2023\/09\/desfibrilador-en-comunidad-de-vecinos2-768x512.jpg.webp 768w, https:\/\/adhernandez.com\/wp-content\/uploads\/2023\/09\/desfibrilador-en-comunidad-de-vecinos2-496x330.jpg.webp 496w\" sizes=\"(max-width: 800px) 100vw, 800px\" \/>\t\t\t\t\t\t\t\t\t\t\t\t\t\t\t<\/div>\n\t\t\t\t<div class=\"elementor-element elementor-element-71208a7 elementor-widget elementor-widget-text-editor\" data-id=\"71208a7\" data-element_type=\"widget\" data-e-type=\"widget\" data-widget_type=\"text-editor.default\">\n\t\t\t\t\t\t\t\t\t<h2><strong>\u00c9s molt car el desfibril\u00b7lador? Com \u00e9s el seu manteniment?<\/strong><\/h2>\n\t\t\t\t\t\t\t\t<\/div>\n\t\t\t\t<div class=\"elementor-element elementor-element-0676b25 elementor-widget elementor-widget-text-editor\" data-id=\"0676b25\" data-element_type=\"widget\" data-e-type=\"widget\" data-widget_type=\"text-editor.default\">\n\t\t\t\t\t\t\t\t\tEl cost d&#8217;un desfibril\u00b7lador pot variar segons el model i les caracter\u00edstiques del dispositiu. En general, el preu inicial pot considerar-se una inversi\u00f3 significativa per a algunes comunitats de ve\u00efns. No obstant aix\u00f2, cal tenir en compte que es tracta d&#8217;una eina vital que pot salvar vides.\r\n\r\nQuant al manteniment:\t\t\t\t\t\t\t\t<\/div>\n\t\t\t\t<div class=\"elementor-element elementor-element-d3cf10d elementor-icon-list--layout-traditional elementor-list-item-link-full_width elementor-widget elementor-widget-icon-list\" data-id=\"d3cf10d\" data-element_type=\"widget\" data-e-type=\"widget\" data-widget_type=\"icon-list.default\">\n\t\t\t\t\t\t\t<ul class=\"elementor-icon-list-items\">\n\t\t\t\t\t\t\t<li class=\"elementor-icon-list-item\">\n\t\t\t\t\t\t\t\t\t\t\t<span class=\"elementor-icon-list-icon\">\n\t\t\t\t\t\t\t<svg aria-hidden=\"true\" class=\"e-font-icon-svg e-fas-check\" viewBox=\"0 0 512 512\" xmlns=\"http:\/\/www.w3.org\/2000\/svg\"><path d=\"M173.898 439.404l-166.4-166.4c-9.997-9.997-9.997-26.206 0-36.204l36.203-36.204c9.997-9.998 26.207-9.998 36.204 0L192 312.69 432.095 72.596c9.997-9.997 26.207-9.997 36.204 0l36.203 36.204c9.997 9.997 9.997 26.206 0 36.204l-294.4 294.401c-9.998 9.997-26.207 9.997-36.204-.001z\"><\/path><\/svg>\t\t\t\t\t\t<\/span>\n\t\t\t\t\t\t\t\t\t\t<span class=\"elementor-icon-list-text\">Revisi\u00f3 peri\u00f2dica: \u00e9s essencial assegurar-se que el desfibril\u00b7lador funcioni correctament. Per a aix\u00f2, \u00e9s recomanable realitzar revisions m\u00e8diques peri\u00f2diques del dispositiu.<\/span>\n\t\t\t\t\t\t\t\t\t<\/li>\n\t\t\t\t\t\t<\/ul>\n\t\t\t\t\t\t<\/div>\n\t\t\t\t<div class=\"elementor-element elementor-element-a2b2425 elementor-icon-list--layout-traditional elementor-list-item-link-full_width elementor-widget elementor-widget-icon-list\" data-id=\"a2b2425\" data-element_type=\"widget\" data-e-type=\"widget\" data-widget_type=\"icon-list.default\">\n\t\t\t\t\t\t\t<ul class=\"elementor-icon-list-items\">\n\t\t\t\t\t\t\t<li class=\"elementor-icon-list-item\">\n\t\t\t\t\t\t\t\t\t\t\t<span class=\"elementor-icon-list-icon\">\n\t\t\t\t\t\t\t<svg aria-hidden=\"true\" class=\"e-font-icon-svg e-fas-check\" viewBox=\"0 0 512 512\" xmlns=\"http:\/\/www.w3.org\/2000\/svg\"><path d=\"M173.898 439.404l-166.4-166.4c-9.997-9.997-9.997-26.206 0-36.204l36.203-36.204c9.997-9.998 26.207-9.998 36.204 0L192 312.69 432.095 72.596c9.997-9.997 26.207-9.997 36.204 0l36.203 36.204c9.997 9.997 9.997 26.206 0 36.204l-294.4 294.401c-9.998 9.997-26.207 9.997-36.204-.001z\"><\/path><\/svg>\t\t\t\t\t\t<\/span>\n\t\t\t\t\t\t\t\t\t\t<span class=\"elementor-icon-list-text\">Canvi de bateries i el\u00e8ctrodes: les bateries i els el\u00e8ctrodes tenen una vida \u00fatil limitada. \u00c9s important revisar i reempla\u00e7ar aquests elements segons les indicacions del fabricador o quan s'hagi utilitzat el desfibril\u00b7lador.<\/span>\n\t\t\t\t\t\t\t\t\t<\/li>\n\t\t\t\t\t\t<\/ul>\n\t\t\t\t\t\t<\/div>\n\t\t\t\t<div class=\"elementor-element elementor-element-adf7134 elementor-icon-list--layout-traditional elementor-list-item-link-full_width elementor-widget elementor-widget-icon-list\" data-id=\"adf7134\" data-element_type=\"widget\" data-e-type=\"widget\" data-widget_type=\"icon-list.default\">\n\t\t\t\t\t\t\t<ul class=\"elementor-icon-list-items\">\n\t\t\t\t\t\t\t<li class=\"elementor-icon-list-item\">\n\t\t\t\t\t\t\t\t\t\t\t<span class=\"elementor-icon-list-icon\">\n\t\t\t\t\t\t\t<svg aria-hidden=\"true\" class=\"e-font-icon-svg e-fas-check\" viewBox=\"0 0 512 512\" xmlns=\"http:\/\/www.w3.org\/2000\/svg\"><path d=\"M173.898 439.404l-166.4-166.4c-9.997-9.997-9.997-26.206 0-36.204l36.203-36.204c9.997-9.998 26.207-9.998 36.204 0L192 312.69 432.095 72.596c9.997-9.997 26.207-9.997 36.204 0l36.203 36.204c9.997 9.997 9.997 26.206 0 36.204l-294.4 294.401c-9.998 9.997-26.207 9.997-36.204-.001z\"><\/path><\/svg>\t\t\t\t\t\t<\/span>\n\t\t\t\t\t\t\t\t\t\t<span class=\"elementor-icon-list-text\">Actualitzacions: a vegades, els fabricants poden alliberar actualitzacions del programari del desfibril\u00b7lador per a millorar la seva funcionalitat o adaptar-se a noves recomanacions m\u00e8diques.<\/span>\n\t\t\t\t\t\t\t\t\t<\/li>\n\t\t\t\t\t\t<\/ul>\n\t\t\t\t\t\t<\/div>\n\t\t\t\t<div class=\"elementor-element elementor-element-5587b84 elementor-widget elementor-widget-text-editor\" data-id=\"5587b84\" data-element_type=\"widget\" data-e-type=\"widget\" data-widget_type=\"text-editor.default\">\n\t\t\t\t\t\t\t\t\tLa pres\u00e8ncia de desfibril\u00b7ladors en comunitats de ve\u00efns a Barcelona no \u00e9s obligat\u00f2ria, per\u00f2 s\u00ed altament recomanable, sobretot en aquells edificis amb un alt nombre de residents o persones majors.\r\n\r\nLa inversi\u00f3 inicial en el dispositiu i el seu manteniment es veu justificada pel potencial de salvar vides en situacions cr\u00edtiques. Si es decideix adquirir un, \u00e9s crucial seguir les regulacions locals, assegurar una formaci\u00f3 adequada per al seu \u00fas i realitzar un manteniment regular per a garantir el seu \u00f2ptim funcionament.\t\t\t\t\t\t\t\t<\/div>\n\t\t\t\t\t<\/div>\n\t\t<\/div>\n\t\t\t\t\t<\/div>\n\t\t<\/section>\n\t\t\t\t<\/div>\n\t\t","protected":false},"excerpt":{"rendered":"<p>Descobreix com els desfibril\u00b7ladors poden salvar vides en la teva comunitat de ve\u00efns. Apr\u00e8n tot el que necessites saber sobre el seu \u00fas i manteniment en el nostre article especialitzat. Protegeix la teva comunitat avui mateix!<\/p>\n","protected":false},"author":6,"featured_media":28775,"comment_status":"closed","ping_status":"open","sticky":false,"template":"","format":"standard","meta":{"footnotes":""},"categories":[378,365],"tags":[],"class_list":["post-28866","post","type-post","status-publish","format-standard","has-post-thumbnail","hentry","category-blog-ca","category-propiedad-horizontal-ca"],"yoast_head":"<!-- This site is optimized with the Yoast SEO plugin v27.4 - https:\/\/yoast.com\/product\/yoast-seo-wordpress\/ -->\n<title>Els desfibril\u00b7ladors en les comunitats de ve\u00efns - Administraciones Hern\u00e1ndez<\/title>\n<meta name=\"description\" content=\"Descobreix com els desfibril\u00b7ladors poden salvar vides en la teva comunitat de ve\u00efns. Apr\u00e8n tot el que necessites saber sobre el seu \u00fas i manteniment en el nostre article especialitzat. Protegeix la teva comunitat avui mateix!\" \/>\n<meta name=\"robots\" content=\"index, follow, max-snippet:-1, max-image-preview:large, max-video-preview:-1\" \/>\n<link rel=\"canonical\" href=\"https:\/\/adhernandez.com\/ca\/2023\/09\/13\/els-desfibrilladors-en-les-comunitats-de-veins\/\" \/>\n<meta property=\"og:locale\" content=\"ca_ES\" \/>\n<meta property=\"og:type\" content=\"article\" \/>\n<meta property=\"og:title\" content=\"Els desfibril\u00b7ladors en les comunitats de ve\u00efns - Administraciones Hern\u00e1ndez\" \/>\n<meta property=\"og:description\" content=\"Descobreix com els desfibril\u00b7ladors poden salvar vides en la teva comunitat de ve\u00efns. Apr\u00e8n tot el que necessites saber sobre el seu \u00fas i manteniment en el nostre article especialitzat. Protegeix la teva comunitat avui mateix!\" \/>\n<meta property=\"og:url\" content=\"https:\/\/adhernandez.com\/ca\/2023\/09\/13\/els-desfibrilladors-en-les-comunitats-de-veins\/\" \/>\n<meta property=\"og:site_name\" content=\"Administraciones Hern\u00e1ndez\" \/>\n<meta property=\"article:published_time\" content=\"2023-09-13T08:13:13+00:00\" \/>\n<meta property=\"article:modified_time\" content=\"2023-09-19T08:29:59+00:00\" \/>\n<meta property=\"og:image\" content=\"https:\/\/adhernandez.com\/wp-content\/uploads\/2023\/09\/desfibrilador-en-comunidad-de-vecinos.jpg\" \/>\n\t<meta property=\"og:image:width\" content=\"1000\" \/>\n\t<meta property=\"og:image:height\" content=\"431\" \/>\n\t<meta property=\"og:image:type\" content=\"image\/jpeg\" \/>\n<meta name=\"author\" content=\"AdHern\u00e1ndez\" \/>\n<meta name=\"twitter:card\" content=\"summary_large_image\" \/>\n<meta name=\"twitter:label1\" content=\"Escrit per\" \/>\n\t<meta name=\"twitter:data1\" content=\"AdHern\u00e1ndez\" \/>\n\t<meta name=\"twitter:label2\" content=\"Temps estimat de lectura\" \/>\n\t<meta name=\"twitter:data2\" content=\"4 minuts\" \/>\n<script type=\"application\/ld+json\" class=\"yoast-schema-graph\">{\"@context\":\"https:\\\/\\\/schema.org\",\"@graph\":[{\"@type\":\"Article\",\"@id\":\"https:\\\/\\\/adhernandez.com\\\/ca\\\/2023\\\/09\\\/13\\\/els-desfibrilladors-en-les-comunitats-de-veins\\\/#article\",\"isPartOf\":{\"@id\":\"https:\\\/\\\/adhernandez.com\\\/ca\\\/2023\\\/09\\\/13\\\/els-desfibrilladors-en-les-comunitats-de-veins\\\/\"},\"author\":{\"name\":\"AdHern\u00e1ndez\",\"@id\":\"https:\\\/\\\/adhernandez.com\\\/ca\\\/#\\\/schema\\\/person\\\/330b9c8828ff3a80ee8053b5fff0e848\"},\"headline\":\"Els desfibril\u00b7ladors en les comunitats de ve\u00efns\",\"datePublished\":\"2023-09-13T08:13:13+00:00\",\"dateModified\":\"2023-09-19T08:29:59+00:00\",\"mainEntityOfPage\":{\"@id\":\"https:\\\/\\\/adhernandez.com\\\/ca\\\/2023\\\/09\\\/13\\\/els-desfibrilladors-en-les-comunitats-de-veins\\\/\"},\"wordCount\":667,\"image\":{\"@id\":\"https:\\\/\\\/adhernandez.com\\\/ca\\\/2023\\\/09\\\/13\\\/els-desfibrilladors-en-les-comunitats-de-veins\\\/#primaryimage\"},\"thumbnailUrl\":\"https:\\\/\\\/adhernandez.com\\\/wp-content\\\/uploads\\\/2023\\\/09\\\/desfibrilador-en-comunidad-de-vecinos.jpg\",\"articleSection\":[\"blog\",\"Propiedad Horizontal\"],\"inLanguage\":\"ca\"},{\"@type\":\"WebPage\",\"@id\":\"https:\\\/\\\/adhernandez.com\\\/ca\\\/2023\\\/09\\\/13\\\/els-desfibrilladors-en-les-comunitats-de-veins\\\/\",\"url\":\"https:\\\/\\\/adhernandez.com\\\/ca\\\/2023\\\/09\\\/13\\\/els-desfibrilladors-en-les-comunitats-de-veins\\\/\",\"name\":\"Els desfibril\u00b7ladors en les comunitats de ve\u00efns - Administraciones Hern\u00e1ndez\",\"isPartOf\":{\"@id\":\"https:\\\/\\\/adhernandez.com\\\/ca\\\/#website\"},\"primaryImageOfPage\":{\"@id\":\"https:\\\/\\\/adhernandez.com\\\/ca\\\/2023\\\/09\\\/13\\\/els-desfibrilladors-en-les-comunitats-de-veins\\\/#primaryimage\"},\"image\":{\"@id\":\"https:\\\/\\\/adhernandez.com\\\/ca\\\/2023\\\/09\\\/13\\\/els-desfibrilladors-en-les-comunitats-de-veins\\\/#primaryimage\"},\"thumbnailUrl\":\"https:\\\/\\\/adhernandez.com\\\/wp-content\\\/uploads\\\/2023\\\/09\\\/desfibrilador-en-comunidad-de-vecinos.jpg\",\"datePublished\":\"2023-09-13T08:13:13+00:00\",\"dateModified\":\"2023-09-19T08:29:59+00:00\",\"author\":{\"@id\":\"https:\\\/\\\/adhernandez.com\\\/ca\\\/#\\\/schema\\\/person\\\/330b9c8828ff3a80ee8053b5fff0e848\"},\"description\":\"Descobreix com els desfibril\u00b7ladors poden salvar vides en la teva comunitat de ve\u00efns. Apr\u00e8n tot el que necessites saber sobre el seu \u00fas i manteniment en el nostre article especialitzat. Protegeix la teva comunitat avui mateix!\",\"breadcrumb\":{\"@id\":\"https:\\\/\\\/adhernandez.com\\\/ca\\\/2023\\\/09\\\/13\\\/els-desfibrilladors-en-les-comunitats-de-veins\\\/#breadcrumb\"},\"inLanguage\":\"ca\",\"potentialAction\":[{\"@type\":\"ReadAction\",\"target\":[\"https:\\\/\\\/adhernandez.com\\\/ca\\\/2023\\\/09\\\/13\\\/els-desfibrilladors-en-les-comunitats-de-veins\\\/\"]}]},{\"@type\":\"ImageObject\",\"inLanguage\":\"ca\",\"@id\":\"https:\\\/\\\/adhernandez.com\\\/ca\\\/2023\\\/09\\\/13\\\/els-desfibrilladors-en-les-comunitats-de-veins\\\/#primaryimage\",\"url\":\"https:\\\/\\\/adhernandez.com\\\/wp-content\\\/uploads\\\/2023\\\/09\\\/desfibrilador-en-comunidad-de-vecinos.jpg\",\"contentUrl\":\"https:\\\/\\\/adhernandez.com\\\/wp-content\\\/uploads\\\/2023\\\/09\\\/desfibrilador-en-comunidad-de-vecinos.jpg\",\"width\":1000,\"height\":431,\"caption\":\"desfibrilador comunidad vecinos\"},{\"@type\":\"BreadcrumbList\",\"@id\":\"https:\\\/\\\/adhernandez.com\\\/ca\\\/2023\\\/09\\\/13\\\/els-desfibrilladors-en-les-comunitats-de-veins\\\/#breadcrumb\",\"itemListElement\":[{\"@type\":\"ListItem\",\"position\":1,\"name\":\"Portada\",\"item\":\"https:\\\/\\\/adhernandez.com\\\/ca\\\/adhernandez-inicio\\\/\"},{\"@type\":\"ListItem\",\"position\":2,\"name\":\"Els desfibril\u00b7ladors en les comunitats de ve\u00efns\"}]},{\"@type\":\"WebSite\",\"@id\":\"https:\\\/\\\/adhernandez.com\\\/ca\\\/#website\",\"url\":\"https:\\\/\\\/adhernandez.com\\\/ca\\\/\",\"name\":\"Administraciones Hern\u00e1ndez\",\"description\":\"Equipo de profesionales con amplia experiencia en la gesti\u00f3n del patrimonio inmobiliario\",\"potentialAction\":[{\"@type\":\"SearchAction\",\"target\":{\"@type\":\"EntryPoint\",\"urlTemplate\":\"https:\\\/\\\/adhernandez.com\\\/ca\\\/?s={search_term_string}\"},\"query-input\":{\"@type\":\"PropertyValueSpecification\",\"valueRequired\":true,\"valueName\":\"search_term_string\"}}],\"inLanguage\":\"ca\"},{\"@type\":\"Person\",\"@id\":\"https:\\\/\\\/adhernandez.com\\\/ca\\\/#\\\/schema\\\/person\\\/330b9c8828ff3a80ee8053b5fff0e848\",\"name\":\"AdHern\u00e1ndez\",\"image\":{\"@type\":\"ImageObject\",\"inLanguage\":\"ca\",\"@id\":\"https:\\\/\\\/adhernandez.com\\\/wp-content\\\/litespeed\\\/avatar\\\/6b84e2484050905299b010a711cff345.jpg?ver=1777323059\",\"url\":\"https:\\\/\\\/adhernandez.com\\\/wp-content\\\/litespeed\\\/avatar\\\/6b84e2484050905299b010a711cff345.jpg?ver=1777323059\",\"contentUrl\":\"https:\\\/\\\/adhernandez.com\\\/wp-content\\\/litespeed\\\/avatar\\\/6b84e2484050905299b010a711cff345.jpg?ver=1777323059\",\"caption\":\"AdHern\u00e1ndez\"},\"url\":\"https:\\\/\\\/adhernandez.com\\\/ca\\\/author\\\/veronica\\\/\"}]}<\/script>\n<!-- \/ Yoast SEO plugin. -->","yoast_head_json":{"title":"Els desfibril\u00b7ladors en les comunitats de ve\u00efns - Administraciones Hern\u00e1ndez","description":"Descobreix com els desfibril\u00b7ladors poden salvar vides en la teva comunitat de ve\u00efns. Apr\u00e8n tot el que necessites saber sobre el seu \u00fas i manteniment en el nostre article especialitzat. Protegeix la teva comunitat avui mateix!","robots":{"index":"index","follow":"follow","max-snippet":"max-snippet:-1","max-image-preview":"max-image-preview:large","max-video-preview":"max-video-preview:-1"},"canonical":"https:\/\/adhernandez.com\/ca\/2023\/09\/13\/els-desfibrilladors-en-les-comunitats-de-veins\/","og_locale":"ca_ES","og_type":"article","og_title":"Els desfibril\u00b7ladors en les comunitats de ve\u00efns - Administraciones Hern\u00e1ndez","og_description":"Descobreix com els desfibril\u00b7ladors poden salvar vides en la teva comunitat de ve\u00efns. Apr\u00e8n tot el que necessites saber sobre el seu \u00fas i manteniment en el nostre article especialitzat. Protegeix la teva comunitat avui mateix!","og_url":"https:\/\/adhernandez.com\/ca\/2023\/09\/13\/els-desfibrilladors-en-les-comunitats-de-veins\/","og_site_name":"Administraciones Hern\u00e1ndez","article_published_time":"2023-09-13T08:13:13+00:00","article_modified_time":"2023-09-19T08:29:59+00:00","og_image":[{"width":1000,"height":431,"url":"https:\/\/adhernandez.com\/wp-content\/uploads\/2023\/09\/desfibrilador-en-comunidad-de-vecinos.jpg","type":"image\/jpeg"}],"author":"AdHern\u00e1ndez","twitter_card":"summary_large_image","twitter_misc":{"Escrit per":"AdHern\u00e1ndez","Temps estimat de lectura":"4 minuts"},"schema":{"@context":"https:\/\/schema.org","@graph":[{"@type":"Article","@id":"https:\/\/adhernandez.com\/ca\/2023\/09\/13\/els-desfibrilladors-en-les-comunitats-de-veins\/#article","isPartOf":{"@id":"https:\/\/adhernandez.com\/ca\/2023\/09\/13\/els-desfibrilladors-en-les-comunitats-de-veins\/"},"author":{"name":"AdHern\u00e1ndez","@id":"https:\/\/adhernandez.com\/ca\/#\/schema\/person\/330b9c8828ff3a80ee8053b5fff0e848"},"headline":"Els desfibril\u00b7ladors en les comunitats de ve\u00efns","datePublished":"2023-09-13T08:13:13+00:00","dateModified":"2023-09-19T08:29:59+00:00","mainEntityOfPage":{"@id":"https:\/\/adhernandez.com\/ca\/2023\/09\/13\/els-desfibrilladors-en-les-comunitats-de-veins\/"},"wordCount":667,"image":{"@id":"https:\/\/adhernandez.com\/ca\/2023\/09\/13\/els-desfibrilladors-en-les-comunitats-de-veins\/#primaryimage"},"thumbnailUrl":"https:\/\/adhernandez.com\/wp-content\/uploads\/2023\/09\/desfibrilador-en-comunidad-de-vecinos.jpg","articleSection":["blog","Propiedad Horizontal"],"inLanguage":"ca"},{"@type":"WebPage","@id":"https:\/\/adhernandez.com\/ca\/2023\/09\/13\/els-desfibrilladors-en-les-comunitats-de-veins\/","url":"https:\/\/adhernandez.com\/ca\/2023\/09\/13\/els-desfibrilladors-en-les-comunitats-de-veins\/","name":"Els desfibril\u00b7ladors en les comunitats de ve\u00efns - Administraciones Hern\u00e1ndez","isPartOf":{"@id":"https:\/\/adhernandez.com\/ca\/#website"},"primaryImageOfPage":{"@id":"https:\/\/adhernandez.com\/ca\/2023\/09\/13\/els-desfibrilladors-en-les-comunitats-de-veins\/#primaryimage"},"image":{"@id":"https:\/\/adhernandez.com\/ca\/2023\/09\/13\/els-desfibrilladors-en-les-comunitats-de-veins\/#primaryimage"},"thumbnailUrl":"https:\/\/adhernandez.com\/wp-content\/uploads\/2023\/09\/desfibrilador-en-comunidad-de-vecinos.jpg","datePublished":"2023-09-13T08:13:13+00:00","dateModified":"2023-09-19T08:29:59+00:00","author":{"@id":"https:\/\/adhernandez.com\/ca\/#\/schema\/person\/330b9c8828ff3a80ee8053b5fff0e848"},"description":"Descobreix com els desfibril\u00b7ladors poden salvar vides en la teva comunitat de ve\u00efns. Apr\u00e8n tot el que necessites saber sobre el seu \u00fas i manteniment en el nostre article especialitzat. Protegeix la teva comunitat avui mateix!","breadcrumb":{"@id":"https:\/\/adhernandez.com\/ca\/2023\/09\/13\/els-desfibrilladors-en-les-comunitats-de-veins\/#breadcrumb"},"inLanguage":"ca","potentialAction":[{"@type":"ReadAction","target":["https:\/\/adhernandez.com\/ca\/2023\/09\/13\/els-desfibrilladors-en-les-comunitats-de-veins\/"]}]},{"@type":"ImageObject","inLanguage":"ca","@id":"https:\/\/adhernandez.com\/ca\/2023\/09\/13\/els-desfibrilladors-en-les-comunitats-de-veins\/#primaryimage","url":"https:\/\/adhernandez.com\/wp-content\/uploads\/2023\/09\/desfibrilador-en-comunidad-de-vecinos.jpg","contentUrl":"https:\/\/adhernandez.com\/wp-content\/uploads\/2023\/09\/desfibrilador-en-comunidad-de-vecinos.jpg","width":1000,"height":431,"caption":"desfibrilador comunidad vecinos"},{"@type":"BreadcrumbList","@id":"https:\/\/adhernandez.com\/ca\/2023\/09\/13\/els-desfibrilladors-en-les-comunitats-de-veins\/#breadcrumb","itemListElement":[{"@type":"ListItem","position":1,"name":"Portada","item":"https:\/\/adhernandez.com\/ca\/adhernandez-inicio\/"},{"@type":"ListItem","position":2,"name":"Els desfibril\u00b7ladors en les comunitats de ve\u00efns"}]},{"@type":"WebSite","@id":"https:\/\/adhernandez.com\/ca\/#website","url":"https:\/\/adhernandez.com\/ca\/","name":"Administraciones Hern\u00e1ndez","description":"Equipo de profesionales con amplia experiencia en la gesti\u00f3n del patrimonio inmobiliario","potentialAction":[{"@type":"SearchAction","target":{"@type":"EntryPoint","urlTemplate":"https:\/\/adhernandez.com\/ca\/?s={search_term_string}"},"query-input":{"@type":"PropertyValueSpecification","valueRequired":true,"valueName":"search_term_string"}}],"inLanguage":"ca"},{"@type":"Person","@id":"https:\/\/adhernandez.com\/ca\/#\/schema\/person\/330b9c8828ff3a80ee8053b5fff0e848","name":"AdHern\u00e1ndez","image":{"@type":"ImageObject","inLanguage":"ca","@id":"https:\/\/adhernandez.com\/wp-content\/litespeed\/avatar\/6b84e2484050905299b010a711cff345.jpg?ver=1777323059","url":"https:\/\/adhernandez.com\/wp-content\/litespeed\/avatar\/6b84e2484050905299b010a711cff345.jpg?ver=1777323059","contentUrl":"https:\/\/adhernandez.com\/wp-content\/litespeed\/avatar\/6b84e2484050905299b010a711cff345.jpg?ver=1777323059","caption":"AdHern\u00e1ndez"},"url":"https:\/\/adhernandez.com\/ca\/author\/veronica\/"}]}},"_links":{"self":[{"href":"https:\/\/adhernandez.com\/ca\/wp-json\/wp\/v2\/posts\/28866","targetHints":{"allow":["GET"]}}],"collection":[{"href":"https:\/\/adhernandez.com\/ca\/wp-json\/wp\/v2\/posts"}],"about":[{"href":"https:\/\/adhernandez.com\/ca\/wp-json\/wp\/v2\/types\/post"}],"author":[{"embeddable":true,"href":"https:\/\/adhernandez.com\/ca\/wp-json\/wp\/v2\/users\/6"}],"replies":[{"embeddable":true,"href":"https:\/\/adhernandez.com\/ca\/wp-json\/wp\/v2\/comments?post=28866"}],"version-history":[{"count":4,"href":"https:\/\/adhernandez.com\/ca\/wp-json\/wp\/v2\/posts\/28866\/revisions"}],"predecessor-version":[{"id":28873,"href":"https:\/\/adhernandez.com\/ca\/wp-json\/wp\/v2\/posts\/28866\/revisions\/28873"}],"wp:featuredmedia":[{"embeddable":true,"href":"https:\/\/adhernandez.com\/ca\/wp-json\/wp\/v2\/media\/28775"}],"wp:attachment":[{"href":"https:\/\/adhernandez.com\/ca\/wp-json\/wp\/v2\/media?parent=28866"}],"wp:term":[{"taxonomy":"category","embeddable":true,"href":"https:\/\/adhernandez.com\/ca\/wp-json\/wp\/v2\/categories?post=28866"},{"taxonomy":"post_tag","embeddable":true,"href":"https:\/\/adhernandez.com\/ca\/wp-json\/wp\/v2\/tags?post=28866"}],"curies":[{"name":"wp","href":"https:\/\/api.w.org\/{rel}","templated":true}]}}