{"id":28668,"date":"2023-08-20T20:23:00","date_gmt":"2023-08-20T20:23:00","guid":{"rendered":"https:\/\/adhernandez.com\/?p=28668"},"modified":"2023-09-19T08:55:14","modified_gmt":"2023-09-19T08:55:14","slug":"les-mascotes-en-les-comunitats-de-veins","status":"publish","type":"post","link":"https:\/\/adhernandez.com\/ca\/2023\/08\/20\/les-mascotes-en-les-comunitats-de-veins\/","title":{"rendered":"<strong>Les mascotes en les comunitats de ve\u00efns<\/strong>"},"content":{"rendered":"\t\t<div data-elementor-type=\"wp-post\" data-elementor-id=\"28668\" class=\"elementor elementor-28668 elementor-28641\">\n\t\t\t\t\t\t<section class=\"elementor-section elementor-top-section elementor-element elementor-element-bef9b12 elementor-section-boxed elementor-section-height-default elementor-section-height-default\" data-id=\"bef9b12\" data-element_type=\"section\" data-e-type=\"section\">\n\t\t\t\t\t\t<div class=\"elementor-container elementor-column-gap-default\">\n\t\t\t\t\t<div class=\"elementor-column elementor-col-100 elementor-top-column elementor-element elementor-element-3e819d7\" data-id=\"3e819d7\" data-element_type=\"column\" data-e-type=\"column\">\n\t\t\t<div class=\"elementor-widget-wrap elementor-element-populated\">\n\t\t\t\t\t\t<div class=\"elementor-element elementor-element-27bcefe elementor-widget elementor-widget-text-editor\" data-id=\"27bcefe\" data-element_type=\"widget\" data-e-type=\"widget\" data-widget_type=\"text-editor.default\">\n\t\t\t\t\t\t\t\t\t<p>\u00c9s com\u00fa que sorgeixin problemes i disputes relacionades amb la pres\u00e8ncia de mascotes en els espais compartits en la comunitat de ve\u00efns. Cada llar t\u00e9 una perspectiva diferent respecte als animals de companyia, i mentre que per a alguns s\u00f3n membres incondicionals de la fam\u00edlia, per a uns altres poden ser una font de mol\u00e8sties si no es controlen adequadament.<\/p>\n<p>\u00c9s per aix\u00f2 que resulta vital entendre el marc legal que regula la tinen\u00e7a de mascotes en les comunitats de ve\u00efns a Catalunya, amb la finalitat de garantir un ambient harm\u00f2nic i respectu\u00f3s per a tots els residents. En aquest context, es fa necessari analitzar la Llei de Propietat Horitzontal vigent a Catalunya, aix\u00ed com les ordenances municipals que regeixen les normes de conviv\u00e8ncia entre ve\u00efns i mascotes.<\/p>\n<p>Es poden tenir animals en les zones comunes d&#8217;un edifici residencial? Quines s\u00f3n les responsabilitats dels propietaris de mascotes en una comunitat de ve\u00efns? Existeix una regulaci\u00f3 espec\u00edfica sobre la tinen\u00e7a de mascotes en les comunitats de ve\u00efns? En aquest article, proporcionarem respostes a aquestes interrogants, basant-nos en les lleis i ordenances vigents.<\/p>\n\t\t\t\t\t\t\t\t<\/div>\n\t\t\t\t<div class=\"elementor-element elementor-element-7c7b034 elementor-widget elementor-widget-text-editor\" data-id=\"7c7b034\" data-element_type=\"widget\" data-e-type=\"widget\" data-widget_type=\"text-editor.default\">\n\t\t\t\t\t\t\t\t\t<h2><strong>Es poden tenir animals en les zones comunes?<\/strong><\/h2>\n\t\t\t\t\t\t\t\t<\/div>\n\t\t\t\t<div class=\"elementor-element elementor-element-8ea6552 elementor-widget elementor-widget-text-editor\" data-id=\"8ea6552\" data-element_type=\"widget\" data-e-type=\"widget\" data-widget_type=\"text-editor.default\">\n\t\t\t\t\t\t\t\t\t<p>D&#8217;acord amb la Llei de Propietat Horitzontal vigent a Catalunya, no existeix una prohibici\u00f3 expl\u00edcita sobre la pres\u00e8ncia d&#8217;animals en les zones comunes d&#8217;un edifici o conjunt residencial.<\/p>\n<p>No obstant aix\u00f2, es fa necessari que els animals no causin mol\u00e8sties ni danys en les instal\u00b7lacions comunes. Cada comunitat de ve\u00efns pot establir les seves pr\u00f2pies normes internes que regulin aquest aspecte, sempre que aquestes normes no contradiguin la llei estatal o auton\u00f2mica.<\/p>\n<p>\u00c9s com\u00fa que les comunitats estableixin restriccions sobre l&#8217;acc\u00e9s a unes certes \u00e0rees, com les piscines o zones de joc infantil, per raons de seguretat i neteja. No obstant aix\u00f2, \u00e9s fonamental que les normes internes no resultin en una prohibici\u00f3 total de la pres\u00e8ncia d&#8217;animals en totes les zones comunes, ja que aix\u00f2 podria ser considerat discriminatori.<\/p>\n\t\t\t\t\t\t\t\t<\/div>\n\t\t\t\t<div class=\"elementor-element elementor-element-015f826 elementor-widget elementor-widget-image\" data-id=\"015f826\" data-element_type=\"widget\" data-e-type=\"widget\" data-widget_type=\"image.default\">\n\t\t\t\t\t\t\t\t\t\t\t\t\t\t\t<img fetchpriority=\"high\" decoding=\"async\" width=\"800\" height=\"533\" src=\"https:\/\/adhernandez.com\/wp-content\/uploads\/2023\/08\/mascotas-en-las-comunidades-vecinos.jpg\" class=\"attachment-large size-large wp-image-28651\" alt=\"mascotas comunidad vecinos\" srcset=\"https:\/\/adhernandez.com\/wp-content\/uploads\/2023\/08\/mascotas-en-las-comunidades-vecinos.jpg 800w, https:\/\/adhernandez.com\/wp-content\/uploads\/2023\/08\/mascotas-en-las-comunidades-vecinos-300x200.jpg.webp 300w, https:\/\/adhernandez.com\/wp-content\/uploads\/2023\/08\/mascotas-en-las-comunidades-vecinos-768x512.jpg.webp 768w, https:\/\/adhernandez.com\/wp-content\/uploads\/2023\/08\/mascotas-en-las-comunidades-vecinos-496x330.jpg.webp 496w\" sizes=\"(max-width: 800px) 100vw, 800px\" \/>\t\t\t\t\t\t\t\t\t\t\t\t\t\t\t<\/div>\n\t\t\t\t<div class=\"elementor-element elementor-element-9f70642 elementor-widget elementor-widget-text-editor\" data-id=\"9f70642\" data-element_type=\"widget\" data-e-type=\"widget\" data-widget_type=\"text-editor.default\">\n\t\t\t\t\t\t\t\t\t<h2><strong>Quines s\u00f3n les obligacions dels propietaris?<\/strong><\/h2>\n\t\t\t\t\t\t\t\t<\/div>\n\t\t\t\t<div class=\"elementor-element elementor-element-fbd8bda elementor-widget elementor-widget-text-editor\" data-id=\"fbd8bda\" data-element_type=\"widget\" data-e-type=\"widget\" data-widget_type=\"text-editor.default\">\n\t\t\t\t\t\t\t\t\t<p>Els propietaris de mascotes tenen obligacions espec\u00edfiques per a garantir que els seus animals no causin problemes als altres ve\u00efns o a les instal\u00b7lacions comunes. Aquestes responsabilitats s\u00f3n essencials per a una conviv\u00e8ncia harmoniosa i inclouen:<\/p>\n\t\t\t\t\t\t\t\t<\/div>\n\t\t\t\t<div class=\"elementor-element elementor-element-12b062f elementor-icon-list--layout-traditional elementor-list-item-link-full_width elementor-widget elementor-widget-icon-list\" data-id=\"12b062f\" data-element_type=\"widget\" data-e-type=\"widget\" data-widget_type=\"icon-list.default\">\n\t\t\t\t\t\t\t<ul class=\"elementor-icon-list-items\">\n\t\t\t\t\t\t\t<li class=\"elementor-icon-list-item\">\n\t\t\t\t\t\t\t\t\t\t\t<span class=\"elementor-icon-list-icon\">\n\t\t\t\t\t\t\t<svg aria-hidden=\"true\" class=\"e-font-icon-svg e-fas-check\" viewBox=\"0 0 512 512\" xmlns=\"http:\/\/www.w3.org\/2000\/svg\"><path d=\"M173.898 439.404l-166.4-166.4c-9.997-9.997-9.997-26.206 0-36.204l36.203-36.204c9.997-9.998 26.207-9.998 36.204 0L192 312.69 432.095 72.596c9.997-9.997 26.207-9.997 36.204 0l36.203 36.204c9.997 9.997 9.997 26.206 0 36.204l-294.4 294.401c-9.998 9.997-26.207 9.997-36.204-.001z\"><\/path><\/svg>\t\t\t\t\t\t<\/span>\n\t\t\t\t\t\t\t\t\t\t<span class=\"elementor-icon-list-text\">Assegurar-se que les mascotes estan baix control en tot moment.<\/span>\n\t\t\t\t\t\t\t\t\t<\/li>\n\t\t\t\t\t\t<\/ul>\n\t\t\t\t\t\t<\/div>\n\t\t\t\t<div class=\"elementor-element elementor-element-9939704 elementor-icon-list--layout-traditional elementor-list-item-link-full_width elementor-widget elementor-widget-icon-list\" data-id=\"9939704\" data-element_type=\"widget\" data-e-type=\"widget\" data-widget_type=\"icon-list.default\">\n\t\t\t\t\t\t\t<ul class=\"elementor-icon-list-items\">\n\t\t\t\t\t\t\t<li class=\"elementor-icon-list-item\">\n\t\t\t\t\t\t\t\t\t\t\t<span class=\"elementor-icon-list-icon\">\n\t\t\t\t\t\t\t<svg aria-hidden=\"true\" class=\"e-font-icon-svg e-fas-check\" viewBox=\"0 0 512 512\" xmlns=\"http:\/\/www.w3.org\/2000\/svg\"><path d=\"M173.898 439.404l-166.4-166.4c-9.997-9.997-9.997-26.206 0-36.204l36.203-36.204c9.997-9.998 26.207-9.998 36.204 0L192 312.69 432.095 72.596c9.997-9.997 26.207-9.997 36.204 0l36.203 36.204c9.997 9.997 9.997 26.206 0 36.204l-294.4 294.401c-9.998 9.997-26.207 9.997-36.204-.001z\"><\/path><\/svg>\t\t\t\t\t\t<\/span>\n\t\t\t\t\t\t\t\t\t\t<span class=\"elementor-icon-list-text\"> Netejar immediatament qualsevol residu que les seves mascotes puguin deixar en les \u00e0rees comunes.<\/span>\n\t\t\t\t\t\t\t\t\t<\/li>\n\t\t\t\t\t\t<\/ul>\n\t\t\t\t\t\t<\/div>\n\t\t\t\t<div class=\"elementor-element elementor-element-dfdf1b4 elementor-icon-list--layout-traditional elementor-list-item-link-full_width elementor-widget elementor-widget-icon-list\" data-id=\"dfdf1b4\" data-element_type=\"widget\" data-e-type=\"widget\" data-widget_type=\"icon-list.default\">\n\t\t\t\t\t\t\t<ul class=\"elementor-icon-list-items\">\n\t\t\t\t\t\t\t<li class=\"elementor-icon-list-item\">\n\t\t\t\t\t\t\t\t\t\t\t<span class=\"elementor-icon-list-icon\">\n\t\t\t\t\t\t\t<svg aria-hidden=\"true\" class=\"e-font-icon-svg e-fas-check\" viewBox=\"0 0 512 512\" xmlns=\"http:\/\/www.w3.org\/2000\/svg\"><path d=\"M173.898 439.404l-166.4-166.4c-9.997-9.997-9.997-26.206 0-36.204l36.203-36.204c9.997-9.998 26.207-9.998 36.204 0L192 312.69 432.095 72.596c9.997-9.997 26.207-9.997 36.204 0l36.203 36.204c9.997 9.997 9.997 26.206 0 36.204l-294.4 294.401c-9.998 9.997-26.207 9.997-36.204-.001z\"><\/path><\/svg>\t\t\t\t\t\t<\/span>\n\t\t\t\t\t\t\t\t\t\t<span class=\"elementor-icon-list-text\"> Evitar que les seves mascotes facin soroll excessiu que pugui molestar als altres ve\u00efns.<\/span>\n\t\t\t\t\t\t\t\t\t<\/li>\n\t\t\t\t\t\t<\/ul>\n\t\t\t\t\t\t<\/div>\n\t\t\t\t<div class=\"elementor-element elementor-element-d5be47b elementor-widget elementor-widget-text-editor\" data-id=\"d5be47b\" data-element_type=\"widget\" data-e-type=\"widget\" data-widget_type=\"text-editor.default\">\n\t\t\t\t\t\t\t\t\t<p>En relaci\u00f3 amb el tema de gossos solts en la comunitat de ve\u00efns, encara que la Llei de Propietat Horitzontal no tracta aquest punt espec\u00edficament, \u00e9s usual que les ordenances municipals o les normes internes de la comunitat estableixin restriccions sobre com i quan els gossos poden estar solts, especialment en les zones comunes.<\/p>\n\t\t\t\t\t\t\t\t<\/div>\n\t\t\t\t<div class=\"elementor-element elementor-element-65c392f elementor-widget elementor-widget-text-editor\" data-id=\"65c392f\" data-element_type=\"widget\" data-e-type=\"widget\" data-widget_type=\"text-editor.default\">\n\t\t\t\t\t\t\t\t\t<h2><strong>Hi ha una regulaci\u00f3 sobre mascotes? Qu\u00e8 diu l&#8217;ordenan\u00e7a municipal?<\/strong><\/h2>\n\t\t\t\t\t\t\t\t<\/div>\n\t\t\t\t<div class=\"elementor-element elementor-element-eca5238 elementor-widget elementor-widget-text-editor\" data-id=\"eca5238\" data-element_type=\"widget\" data-e-type=\"widget\" data-widget_type=\"text-editor.default\">\n\t\t\t\t\t\t\t\t\t<p>A Catalunya, les ordenances municipals varien d&#8217;un municipi a un altre, per\u00f2 generalment estableixen normes que regulen la cura i control de les mascotes. Per exemple, aquestes ordenances poden requerir el registre i identificaci\u00f3 de les mascotes, establir l&#8217;obligaci\u00f3 de recollir els excrements de les mascotes i definir regles sobre on i quan es poden deixar anar els gossos.<\/p>\n<p>Sorgeix, a m\u00e9s, una pregunta: es poden prohibir gossos en comunitat de ve\u00efns? Aquest \u00e9s un assumpte de debat. La Llei de Propietat Horitzontal no permet prohibir les mascotes de manera general. No obstant aix\u00f2, si una mascota causa mol\u00e8sties cont\u00ednues i verificables, la comunitat de ve\u00efns pot prendre mesures legals per a exigir al propietari que prengui mesures correctives.<\/p>\n\t\t\t\t\t\t\t\t<\/div>\n\t\t\t\t<div class=\"elementor-element elementor-element-183658b elementor-widget elementor-widget-text-editor\" data-id=\"183658b\" data-element_type=\"widget\" data-e-type=\"widget\" data-widget_type=\"text-editor.default\">\n\t\t\t\t\t\t\t\t\t<p>En conclusi\u00f3, tenir una mascota en una comunitat de ve\u00efns implica una s\u00e8rie de drets i responsabilitats. \u00c9s vital que els propietaris de mascotes coneguin i comprenguin les lleis, les ordenances municipals i les normes internes de la comunitat per a assegurar una conviv\u00e8ncia harmoniosa.<\/p>\n<p>Davant qualsevol conflicte o dubte, sempre \u00e9s aconsellable buscar assessorament legal. El respecte i la comunicaci\u00f3 s\u00f3n fonamentals per a garantir que tant les persones com les mascotes puguin gaudir de la vida en comunitat.<\/p>\n\t\t\t\t\t\t\t\t<\/div>\n\t\t\t\t\t<\/div>\n\t\t<\/div>\n\t\t\t\t\t<\/div>\n\t\t<\/section>\n\t\t\t\t<\/div>\n\t\t","protected":false},"excerpt":{"rendered":"<p>Tens mascotes i vius en una comunitat de ve\u00efns? Descobreix com conviure en harmonia amb els teus ve\u00efns i les seves mascotes.<\/p>\n","protected":false},"author":6,"featured_media":28642,"comment_status":"closed","ping_status":"open","sticky":false,"template":"","format":"standard","meta":{"footnotes":""},"categories":[365],"tags":[],"class_list":["post-28668","post","type-post","status-publish","format-standard","has-post-thumbnail","hentry","category-propiedad-horizontal-ca"],"yoast_head":"<!-- This site is optimized with the Yoast SEO plugin v27.4 - https:\/\/yoast.com\/product\/yoast-seo-wordpress\/ -->\n<title>Les mascotes en les comunitats de ve\u00efns - Administraciones Hern\u00e1ndez<\/title>\n<meta name=\"description\" content=\"Tens mascotes i vius en una comunitat de ve\u00efns? Descobreix com conviure en harmonia amb els teus ve\u00efns i les seves mascotes.\" \/>\n<meta name=\"robots\" content=\"index, follow, max-snippet:-1, max-image-preview:large, max-video-preview:-1\" \/>\n<link rel=\"canonical\" href=\"https:\/\/adhernandez.com\/ca\/2023\/08\/20\/les-mascotes-en-les-comunitats-de-veins\/\" \/>\n<meta property=\"og:locale\" content=\"ca_ES\" \/>\n<meta property=\"og:type\" content=\"article\" \/>\n<meta property=\"og:title\" content=\"Les mascotes en les comunitats de ve\u00efns - Administraciones Hern\u00e1ndez\" \/>\n<meta property=\"og:description\" content=\"Tens mascotes i vius en una comunitat de ve\u00efns? Descobreix com conviure en harmonia amb els teus ve\u00efns i les seves mascotes.\" \/>\n<meta property=\"og:url\" content=\"https:\/\/adhernandez.com\/ca\/2023\/08\/20\/les-mascotes-en-les-comunitats-de-veins\/\" \/>\n<meta property=\"og:site_name\" content=\"Administraciones Hern\u00e1ndez\" \/>\n<meta property=\"article:published_time\" content=\"2023-08-20T20:23:00+00:00\" \/>\n<meta property=\"article:modified_time\" content=\"2023-09-19T08:55:14+00:00\" \/>\n<meta property=\"og:image\" content=\"https:\/\/adhernandez.com\/wp-content\/uploads\/2023\/08\/mascotas-en-las-comunidades-de-vecinos.jpg\" \/>\n\t<meta property=\"og:image:width\" content=\"1000\" \/>\n\t<meta property=\"og:image:height\" content=\"431\" \/>\n\t<meta property=\"og:image:type\" content=\"image\/jpeg\" \/>\n<meta name=\"author\" content=\"AdHern\u00e1ndez\" \/>\n<meta name=\"twitter:card\" content=\"summary_large_image\" \/>\n<meta name=\"twitter:label1\" content=\"Escrit per\" \/>\n\t<meta name=\"twitter:data1\" content=\"AdHern\u00e1ndez\" \/>\n\t<meta name=\"twitter:label2\" content=\"Temps estimat de lectura\" \/>\n\t<meta name=\"twitter:data2\" content=\"4 minuts\" \/>\n<script type=\"application\/ld+json\" class=\"yoast-schema-graph\">{\"@context\":\"https:\\\/\\\/schema.org\",\"@graph\":[{\"@type\":\"Article\",\"@id\":\"https:\\\/\\\/adhernandez.com\\\/ca\\\/2023\\\/08\\\/20\\\/les-mascotes-en-les-comunitats-de-veins\\\/#article\",\"isPartOf\":{\"@id\":\"https:\\\/\\\/adhernandez.com\\\/ca\\\/2023\\\/08\\\/20\\\/les-mascotes-en-les-comunitats-de-veins\\\/\"},\"author\":{\"name\":\"AdHern\u00e1ndez\",\"@id\":\"https:\\\/\\\/adhernandez.com\\\/ca\\\/#\\\/schema\\\/person\\\/330b9c8828ff3a80ee8053b5fff0e848\"},\"headline\":\"Les mascotes en les comunitats de ve\u00efns\",\"datePublished\":\"2023-08-20T20:23:00+00:00\",\"dateModified\":\"2023-09-19T08:55:14+00:00\",\"mainEntityOfPage\":{\"@id\":\"https:\\\/\\\/adhernandez.com\\\/ca\\\/2023\\\/08\\\/20\\\/les-mascotes-en-les-comunitats-de-veins\\\/\"},\"wordCount\":726,\"image\":{\"@id\":\"https:\\\/\\\/adhernandez.com\\\/ca\\\/2023\\\/08\\\/20\\\/les-mascotes-en-les-comunitats-de-veins\\\/#primaryimage\"},\"thumbnailUrl\":\"https:\\\/\\\/adhernandez.com\\\/wp-content\\\/uploads\\\/2023\\\/08\\\/mascotas-en-las-comunidades-de-vecinos.jpg\",\"articleSection\":[\"Propiedad Horizontal\"],\"inLanguage\":\"ca\"},{\"@type\":\"WebPage\",\"@id\":\"https:\\\/\\\/adhernandez.com\\\/ca\\\/2023\\\/08\\\/20\\\/les-mascotes-en-les-comunitats-de-veins\\\/\",\"url\":\"https:\\\/\\\/adhernandez.com\\\/ca\\\/2023\\\/08\\\/20\\\/les-mascotes-en-les-comunitats-de-veins\\\/\",\"name\":\"Les mascotes en les comunitats de ve\u00efns - Administraciones Hern\u00e1ndez\",\"isPartOf\":{\"@id\":\"https:\\\/\\\/adhernandez.com\\\/ca\\\/#website\"},\"primaryImageOfPage\":{\"@id\":\"https:\\\/\\\/adhernandez.com\\\/ca\\\/2023\\\/08\\\/20\\\/les-mascotes-en-les-comunitats-de-veins\\\/#primaryimage\"},\"image\":{\"@id\":\"https:\\\/\\\/adhernandez.com\\\/ca\\\/2023\\\/08\\\/20\\\/les-mascotes-en-les-comunitats-de-veins\\\/#primaryimage\"},\"thumbnailUrl\":\"https:\\\/\\\/adhernandez.com\\\/wp-content\\\/uploads\\\/2023\\\/08\\\/mascotas-en-las-comunidades-de-vecinos.jpg\",\"datePublished\":\"2023-08-20T20:23:00+00:00\",\"dateModified\":\"2023-09-19T08:55:14+00:00\",\"author\":{\"@id\":\"https:\\\/\\\/adhernandez.com\\\/ca\\\/#\\\/schema\\\/person\\\/330b9c8828ff3a80ee8053b5fff0e848\"},\"description\":\"Tens mascotes i vius en una comunitat de ve\u00efns? Descobreix com conviure en harmonia amb els teus ve\u00efns i les seves mascotes.\",\"breadcrumb\":{\"@id\":\"https:\\\/\\\/adhernandez.com\\\/ca\\\/2023\\\/08\\\/20\\\/les-mascotes-en-les-comunitats-de-veins\\\/#breadcrumb\"},\"inLanguage\":\"ca\",\"potentialAction\":[{\"@type\":\"ReadAction\",\"target\":[\"https:\\\/\\\/adhernandez.com\\\/ca\\\/2023\\\/08\\\/20\\\/les-mascotes-en-les-comunitats-de-veins\\\/\"]}]},{\"@type\":\"ImageObject\",\"inLanguage\":\"ca\",\"@id\":\"https:\\\/\\\/adhernandez.com\\\/ca\\\/2023\\\/08\\\/20\\\/les-mascotes-en-les-comunitats-de-veins\\\/#primaryimage\",\"url\":\"https:\\\/\\\/adhernandez.com\\\/wp-content\\\/uploads\\\/2023\\\/08\\\/mascotas-en-las-comunidades-de-vecinos.jpg\",\"contentUrl\":\"https:\\\/\\\/adhernandez.com\\\/wp-content\\\/uploads\\\/2023\\\/08\\\/mascotas-en-las-comunidades-de-vecinos.jpg\",\"width\":1000,\"height\":431,\"caption\":\"mascotas comunidad vecinos\"},{\"@type\":\"BreadcrumbList\",\"@id\":\"https:\\\/\\\/adhernandez.com\\\/ca\\\/2023\\\/08\\\/20\\\/les-mascotes-en-les-comunitats-de-veins\\\/#breadcrumb\",\"itemListElement\":[{\"@type\":\"ListItem\",\"position\":1,\"name\":\"Portada\",\"item\":\"https:\\\/\\\/adhernandez.com\\\/ca\\\/adhernandez-inicio\\\/\"},{\"@type\":\"ListItem\",\"position\":2,\"name\":\"Les mascotes en les comunitats de ve\u00efns\"}]},{\"@type\":\"WebSite\",\"@id\":\"https:\\\/\\\/adhernandez.com\\\/ca\\\/#website\",\"url\":\"https:\\\/\\\/adhernandez.com\\\/ca\\\/\",\"name\":\"Administraciones Hern\u00e1ndez\",\"description\":\"Equipo de profesionales con amplia experiencia en la gesti\u00f3n del patrimonio inmobiliario\",\"potentialAction\":[{\"@type\":\"SearchAction\",\"target\":{\"@type\":\"EntryPoint\",\"urlTemplate\":\"https:\\\/\\\/adhernandez.com\\\/ca\\\/?s={search_term_string}\"},\"query-input\":{\"@type\":\"PropertyValueSpecification\",\"valueRequired\":true,\"valueName\":\"search_term_string\"}}],\"inLanguage\":\"ca\"},{\"@type\":\"Person\",\"@id\":\"https:\\\/\\\/adhernandez.com\\\/ca\\\/#\\\/schema\\\/person\\\/330b9c8828ff3a80ee8053b5fff0e848\",\"name\":\"AdHern\u00e1ndez\",\"image\":{\"@type\":\"ImageObject\",\"inLanguage\":\"ca\",\"@id\":\"https:\\\/\\\/adhernandez.com\\\/wp-content\\\/litespeed\\\/avatar\\\/6b84e2484050905299b010a711cff345.jpg?ver=1777323059\",\"url\":\"https:\\\/\\\/adhernandez.com\\\/wp-content\\\/litespeed\\\/avatar\\\/6b84e2484050905299b010a711cff345.jpg?ver=1777323059\",\"contentUrl\":\"https:\\\/\\\/adhernandez.com\\\/wp-content\\\/litespeed\\\/avatar\\\/6b84e2484050905299b010a711cff345.jpg?ver=1777323059\",\"caption\":\"AdHern\u00e1ndez\"},\"url\":\"https:\\\/\\\/adhernandez.com\\\/ca\\\/author\\\/veronica\\\/\"}]}<\/script>\n<!-- \/ Yoast SEO plugin. -->","yoast_head_json":{"title":"Les mascotes en les comunitats de ve\u00efns - Administraciones Hern\u00e1ndez","description":"Tens mascotes i vius en una comunitat de ve\u00efns? Descobreix com conviure en harmonia amb els teus ve\u00efns i les seves mascotes.","robots":{"index":"index","follow":"follow","max-snippet":"max-snippet:-1","max-image-preview":"max-image-preview:large","max-video-preview":"max-video-preview:-1"},"canonical":"https:\/\/adhernandez.com\/ca\/2023\/08\/20\/les-mascotes-en-les-comunitats-de-veins\/","og_locale":"ca_ES","og_type":"article","og_title":"Les mascotes en les comunitats de ve\u00efns - Administraciones Hern\u00e1ndez","og_description":"Tens mascotes i vius en una comunitat de ve\u00efns? Descobreix com conviure en harmonia amb els teus ve\u00efns i les seves mascotes.","og_url":"https:\/\/adhernandez.com\/ca\/2023\/08\/20\/les-mascotes-en-les-comunitats-de-veins\/","og_site_name":"Administraciones Hern\u00e1ndez","article_published_time":"2023-08-20T20:23:00+00:00","article_modified_time":"2023-09-19T08:55:14+00:00","og_image":[{"width":1000,"height":431,"url":"https:\/\/adhernandez.com\/wp-content\/uploads\/2023\/08\/mascotas-en-las-comunidades-de-vecinos.jpg","type":"image\/jpeg"}],"author":"AdHern\u00e1ndez","twitter_card":"summary_large_image","twitter_misc":{"Escrit per":"AdHern\u00e1ndez","Temps estimat de lectura":"4 minuts"},"schema":{"@context":"https:\/\/schema.org","@graph":[{"@type":"Article","@id":"https:\/\/adhernandez.com\/ca\/2023\/08\/20\/les-mascotes-en-les-comunitats-de-veins\/#article","isPartOf":{"@id":"https:\/\/adhernandez.com\/ca\/2023\/08\/20\/les-mascotes-en-les-comunitats-de-veins\/"},"author":{"name":"AdHern\u00e1ndez","@id":"https:\/\/adhernandez.com\/ca\/#\/schema\/person\/330b9c8828ff3a80ee8053b5fff0e848"},"headline":"Les mascotes en les comunitats de ve\u00efns","datePublished":"2023-08-20T20:23:00+00:00","dateModified":"2023-09-19T08:55:14+00:00","mainEntityOfPage":{"@id":"https:\/\/adhernandez.com\/ca\/2023\/08\/20\/les-mascotes-en-les-comunitats-de-veins\/"},"wordCount":726,"image":{"@id":"https:\/\/adhernandez.com\/ca\/2023\/08\/20\/les-mascotes-en-les-comunitats-de-veins\/#primaryimage"},"thumbnailUrl":"https:\/\/adhernandez.com\/wp-content\/uploads\/2023\/08\/mascotas-en-las-comunidades-de-vecinos.jpg","articleSection":["Propiedad Horizontal"],"inLanguage":"ca"},{"@type":"WebPage","@id":"https:\/\/adhernandez.com\/ca\/2023\/08\/20\/les-mascotes-en-les-comunitats-de-veins\/","url":"https:\/\/adhernandez.com\/ca\/2023\/08\/20\/les-mascotes-en-les-comunitats-de-veins\/","name":"Les mascotes en les comunitats de ve\u00efns - Administraciones Hern\u00e1ndez","isPartOf":{"@id":"https:\/\/adhernandez.com\/ca\/#website"},"primaryImageOfPage":{"@id":"https:\/\/adhernandez.com\/ca\/2023\/08\/20\/les-mascotes-en-les-comunitats-de-veins\/#primaryimage"},"image":{"@id":"https:\/\/adhernandez.com\/ca\/2023\/08\/20\/les-mascotes-en-les-comunitats-de-veins\/#primaryimage"},"thumbnailUrl":"https:\/\/adhernandez.com\/wp-content\/uploads\/2023\/08\/mascotas-en-las-comunidades-de-vecinos.jpg","datePublished":"2023-08-20T20:23:00+00:00","dateModified":"2023-09-19T08:55:14+00:00","author":{"@id":"https:\/\/adhernandez.com\/ca\/#\/schema\/person\/330b9c8828ff3a80ee8053b5fff0e848"},"description":"Tens mascotes i vius en una comunitat de ve\u00efns? Descobreix com conviure en harmonia amb els teus ve\u00efns i les seves mascotes.","breadcrumb":{"@id":"https:\/\/adhernandez.com\/ca\/2023\/08\/20\/les-mascotes-en-les-comunitats-de-veins\/#breadcrumb"},"inLanguage":"ca","potentialAction":[{"@type":"ReadAction","target":["https:\/\/adhernandez.com\/ca\/2023\/08\/20\/les-mascotes-en-les-comunitats-de-veins\/"]}]},{"@type":"ImageObject","inLanguage":"ca","@id":"https:\/\/adhernandez.com\/ca\/2023\/08\/20\/les-mascotes-en-les-comunitats-de-veins\/#primaryimage","url":"https:\/\/adhernandez.com\/wp-content\/uploads\/2023\/08\/mascotas-en-las-comunidades-de-vecinos.jpg","contentUrl":"https:\/\/adhernandez.com\/wp-content\/uploads\/2023\/08\/mascotas-en-las-comunidades-de-vecinos.jpg","width":1000,"height":431,"caption":"mascotas comunidad vecinos"},{"@type":"BreadcrumbList","@id":"https:\/\/adhernandez.com\/ca\/2023\/08\/20\/les-mascotes-en-les-comunitats-de-veins\/#breadcrumb","itemListElement":[{"@type":"ListItem","position":1,"name":"Portada","item":"https:\/\/adhernandez.com\/ca\/adhernandez-inicio\/"},{"@type":"ListItem","position":2,"name":"Les mascotes en les comunitats de ve\u00efns"}]},{"@type":"WebSite","@id":"https:\/\/adhernandez.com\/ca\/#website","url":"https:\/\/adhernandez.com\/ca\/","name":"Administraciones Hern\u00e1ndez","description":"Equipo de profesionales con amplia experiencia en la gesti\u00f3n del patrimonio inmobiliario","potentialAction":[{"@type":"SearchAction","target":{"@type":"EntryPoint","urlTemplate":"https:\/\/adhernandez.com\/ca\/?s={search_term_string}"},"query-input":{"@type":"PropertyValueSpecification","valueRequired":true,"valueName":"search_term_string"}}],"inLanguage":"ca"},{"@type":"Person","@id":"https:\/\/adhernandez.com\/ca\/#\/schema\/person\/330b9c8828ff3a80ee8053b5fff0e848","name":"AdHern\u00e1ndez","image":{"@type":"ImageObject","inLanguage":"ca","@id":"https:\/\/adhernandez.com\/wp-content\/litespeed\/avatar\/6b84e2484050905299b010a711cff345.jpg?ver=1777323059","url":"https:\/\/adhernandez.com\/wp-content\/litespeed\/avatar\/6b84e2484050905299b010a711cff345.jpg?ver=1777323059","contentUrl":"https:\/\/adhernandez.com\/wp-content\/litespeed\/avatar\/6b84e2484050905299b010a711cff345.jpg?ver=1777323059","caption":"AdHern\u00e1ndez"},"url":"https:\/\/adhernandez.com\/ca\/author\/veronica\/"}]}},"_links":{"self":[{"href":"https:\/\/adhernandez.com\/ca\/wp-json\/wp\/v2\/posts\/28668","targetHints":{"allow":["GET"]}}],"collection":[{"href":"https:\/\/adhernandez.com\/ca\/wp-json\/wp\/v2\/posts"}],"about":[{"href":"https:\/\/adhernandez.com\/ca\/wp-json\/wp\/v2\/types\/post"}],"author":[{"embeddable":true,"href":"https:\/\/adhernandez.com\/ca\/wp-json\/wp\/v2\/users\/6"}],"replies":[{"embeddable":true,"href":"https:\/\/adhernandez.com\/ca\/wp-json\/wp\/v2\/comments?post=28668"}],"version-history":[{"count":5,"href":"https:\/\/adhernandez.com\/ca\/wp-json\/wp\/v2\/posts\/28668\/revisions"}],"predecessor-version":[{"id":28889,"href":"https:\/\/adhernandez.com\/ca\/wp-json\/wp\/v2\/posts\/28668\/revisions\/28889"}],"wp:featuredmedia":[{"embeddable":true,"href":"https:\/\/adhernandez.com\/ca\/wp-json\/wp\/v2\/media\/28642"}],"wp:attachment":[{"href":"https:\/\/adhernandez.com\/ca\/wp-json\/wp\/v2\/media?parent=28668"}],"wp:term":[{"taxonomy":"category","embeddable":true,"href":"https:\/\/adhernandez.com\/ca\/wp-json\/wp\/v2\/categories?post=28668"},{"taxonomy":"post_tag","embeddable":true,"href":"https:\/\/adhernandez.com\/ca\/wp-json\/wp\/v2\/tags?post=28668"}],"curies":[{"name":"wp","href":"https:\/\/api.w.org\/{rel}","templated":true}]}}