{"id":28664,"date":"2023-08-13T20:11:58","date_gmt":"2023-08-13T20:11:58","guid":{"rendered":"https:\/\/adhernandez.com\/2023\/08\/13\/les-vesses-en-les-comunitats-de-veins\/"},"modified":"2023-09-19T08:49:02","modified_gmt":"2023-09-19T08:49:02","slug":"les-vesses-en-les-comunitats-de-veins","status":"publish","type":"post","link":"https:\/\/adhernandez.com\/ca\/2023\/08\/13\/les-vesses-en-les-comunitats-de-veins\/","title":{"rendered":"<strong>Les vesses en les comunitats de ve\u00efns<\/strong>"},"content":{"rendered":"\t\t<div data-elementor-type=\"wp-post\" data-elementor-id=\"28664\" class=\"elementor elementor-28664 elementor-28631\">\n\t\t\t\t\t\t<section class=\"elementor-section elementor-top-section elementor-element elementor-element-b4998d2 elementor-section-boxed elementor-section-height-default elementor-section-height-default\" data-id=\"b4998d2\" data-element_type=\"section\" data-e-type=\"section\">\n\t\t\t\t\t\t<div class=\"elementor-container elementor-column-gap-default\">\n\t\t\t\t\t<div class=\"elementor-column elementor-col-100 elementor-top-column elementor-element elementor-element-681aec0\" data-id=\"681aec0\" data-element_type=\"column\" data-e-type=\"column\">\n\t\t\t<div class=\"elementor-widget-wrap elementor-element-populated\">\n\t\t\t\t\t\t<div class=\"elementor-element elementor-element-d5b23fc elementor-widget elementor-widget-text-editor\" data-id=\"d5b23fc\" data-element_type=\"widget\" data-e-type=\"widget\" data-widget_type=\"text-editor.default\">\n\t\t\t\t\t\t\t\t\t<p>En el m\u00f3n de la propietat d&#8217;habitatges, \u00e9s possible que et trobis amb una s\u00e8rie de termes i conceptes legals que poden resultar confusos. Un d&#8217;aquests termes \u00e9s &#8220;vessa&#8221;, una paraula que pot causar una certa preocupaci\u00f3 entre els propietaris d&#8217;una comunitat de ve\u00efns.<\/p>\n<p>A continuaci\u00f3, abordarem alguns aspectes importants de les vesses en les comunitats de ve\u00efns a Catalunya, incloent-hi la seva definici\u00f3, quan es poden aprovar, com es calculen i qui est\u00e0 obligat a pagar-les.<\/p>\n\t\t\t\t\t\t\t\t<\/div>\n\t\t\t\t<div class=\"elementor-element elementor-element-17524b0 elementor-widget elementor-widget-text-editor\" data-id=\"17524b0\" data-element_type=\"widget\" data-e-type=\"widget\" data-widget_type=\"text-editor.default\">\n\t\t\t\t\t\t\t\t\t<h2>Qu\u00e8 \u00e9s exactament una vessa?<\/h2>\n\t\t\t\t\t\t\t\t<\/div>\n\t\t\t\t<div class=\"elementor-element elementor-element-44e3e25 elementor-widget elementor-widget-text-editor\" data-id=\"44e3e25\" data-element_type=\"widget\" data-e-type=\"widget\" data-widget_type=\"text-editor.default\">\n\t\t\t\t\t\t\t\t\t<p>Una vessa \u00e9s una quota addicional que els propietaris d&#8217;una comunitat de ve\u00efns poden estar obligats a pagar, a m\u00e9s de la quota ordin\u00e0ria de la comunitat.<\/p>\n<p>Les vesses s&#8217;utilitzen per a cobrir les despeses extraordin\u00e0ries que no estan coberts pel pressupost ordinari de la comunitat, com les obres de reparaci\u00f3 o de millora de l&#8217;edifici.<\/p>\n\t\t\t\t\t\t\t\t<\/div>\n\t\t\t\t<div class=\"elementor-element elementor-element-9d67351 elementor-widget elementor-widget-text-editor\" data-id=\"9d67351\" data-element_type=\"widget\" data-e-type=\"widget\" data-widget_type=\"text-editor.default\">\n\t\t\t\t\t\t\t\t\t<h2>Quan es pot aprovar una vessa?<\/h2>\n\t\t\t\t\t\t\t\t<\/div>\n\t\t\t\t<div class=\"elementor-element elementor-element-ff0b40e elementor-widget elementor-widget-text-editor\" data-id=\"ff0b40e\" data-element_type=\"widget\" data-e-type=\"widget\" data-widget_type=\"text-editor.default\">\n\t\t\t\t\t\t\t\t\t<p>L&#8217;aprovaci\u00f3 d&#8217;una vessa sol dur-se a terme en una junta de propietaris. Segons la Llei de Propietat Horitzontal de Catalunya, es requereix l&#8217;aprovaci\u00f3 de la majoria dels propietaris que, al seu torn, representin la majoria de les quotes de participaci\u00f3.<\/p>\n<p>Per a les obres obligat\u00f2ries, com les d&#8217;accessibilitat o conservaci\u00f3, no \u00e9s necessari obtenir l&#8217;aprovaci\u00f3 pr\u00e8via de la junta.<\/p>\n\t\t\t\t\t\t\t\t<\/div>\n\t\t\t\t<div class=\"elementor-element elementor-element-5f1e906 elementor-widget elementor-widget-text-editor\" data-id=\"5f1e906\" data-element_type=\"widget\" data-e-type=\"widget\" data-widget_type=\"text-editor.default\">\n\t\t\t\t\t\t\t\t\t<h2>Qu\u00e8 ha de pagar cada propietari?<\/h2>\n\t\t\t\t\t\t\t\t<\/div>\n\t\t\t\t<div class=\"elementor-element elementor-element-1a6a470 elementor-widget elementor-widget-text-editor\" data-id=\"1a6a470\" data-element_type=\"widget\" data-e-type=\"widget\" data-widget_type=\"text-editor.default\">\n\t\t\t\t\t\t\t\t\t<p>El c\u00e0lcul de la vessa es basa en les quotes de participaci\u00f3 de cada propietari, que es determinen en funci\u00f3 de la quota de propietat en la comunitat de ve\u00efns. Aquest coeficient s&#8217;estableix en l&#8217;escriptura de divisi\u00f3 horitzontal de l&#8217;edifici i s&#8217;utilitza per a determinar la quantitat que cada propietari ha de pagar per les vesses.<\/p>\n<p>Cada propietari est\u00e0 obligat a pagar la seva part de la vessa, segons la seva quota de participaci\u00f3. Si un propietari es nega a pagar, la comunitat pot prendre mesures legals per a for\u00e7ar el pagament. A Catalunya, el proc\u00e9s inclou un requeriment de pagament previ i, si no es paga, es pot iniciar un procediment judicial per a reclamar la quantitat deguda.<\/p>\n\t\t\t\t\t\t\t\t<\/div>\n\t\t\t\t<div class=\"elementor-element elementor-element-d2f1b01 elementor-widget elementor-widget-image\" data-id=\"d2f1b01\" data-element_type=\"widget\" data-e-type=\"widget\" data-widget_type=\"image.default\">\n\t\t\t\t\t\t\t\t\t\t\t\t\t\t\t<img fetchpriority=\"high\" decoding=\"async\" width=\"800\" height=\"534\" src=\"https:\/\/adhernandez.com\/wp-content\/uploads\/2023\/08\/derramas-en-comunidad-vecinos.jpg\" class=\"attachment-large size-large wp-image-28657\" alt=\"derrama comunidad vecinos\" srcset=\"https:\/\/adhernandez.com\/wp-content\/uploads\/2023\/08\/derramas-en-comunidad-vecinos.jpg 800w, https:\/\/adhernandez.com\/wp-content\/uploads\/2023\/08\/derramas-en-comunidad-vecinos-300x200.jpg 300w, https:\/\/adhernandez.com\/wp-content\/uploads\/2023\/08\/derramas-en-comunidad-vecinos-768x513.jpg 768w, https:\/\/adhernandez.com\/wp-content\/uploads\/2023\/08\/derramas-en-comunidad-vecinos-496x331.jpg 496w\" sizes=\"(max-width: 800px) 100vw, 800px\" \/>\t\t\t\t\t\t\t\t\t\t\t\t\t\t\t<\/div>\n\t\t\t\t<div class=\"elementor-element elementor-element-bd5c712 elementor-widget elementor-widget-text-editor\" data-id=\"bd5c712\" data-element_type=\"widget\" data-e-type=\"widget\" data-widget_type=\"text-editor.default\">\n\t\t\t\t\t\t\t\t\t<h2>Pot haver-hi alg\u00fa exempt de pagar vessa?<\/h2>\n\t\t\t\t\t\t\t\t<\/div>\n\t\t\t\t<div class=\"elementor-element elementor-element-164ad53 elementor-widget elementor-widget-text-editor\" data-id=\"164ad53\" data-element_type=\"widget\" data-e-type=\"widget\" data-widget_type=\"text-editor.default\">\n\t\t\t\t\t\t\t\t\t<p>Per norma general, tots els propietaris estan obligats a contribuir a les vesses, ja que aquestes s&#8217;utilitzen per a mantenir i millorar la propietat comuna. No obstant aix\u00f2, en alguns casos, un propietari pot estar exempt de pagar una vessa si la despesa \u00e9s per a un servei del qual no es beneficia. Aquesta exempci\u00f3 ha de ser aprovada per la junta de propietaris.<\/p>\n<p>En relaci\u00f3 al pagament d&#8217;una vessa a terminis, la possibilitat de fer-lo dep\u00e8n del que s&#8217;acordi en la junta de propietaris. D&#8217;altra banda, cal destacar que, a Catalunya, segons la normativa vigent, les vesses de comunitat no desgraven en la declaraci\u00f3 de la renda. \u00c9s important estar al corrent de les possibles vesses abusives i saber que es pot impugnar una vessa si es considera que \u00e9s excessiva o innecess\u00e0ria.<br \/>\nNeteja Copia el text<\/p>\n\t\t\t\t\t\t\t\t<\/div>\n\t\t\t\t<div class=\"elementor-element elementor-element-0369941 elementor-widget elementor-widget-text-editor\" data-id=\"0369941\" data-element_type=\"widget\" data-e-type=\"widget\" data-widget_type=\"text-editor.default\">\n\t\t\t\t\t\t\t\t\t<p align=\"justify\">En resum, les vesses s\u00f3n una part essencial del funcionament de les comunitats de ve\u00efns. Encara que poden ser una font de conflicte, el seu correcte enteniment i gesti\u00f3 pot assegurar que les propietats es mantinguin en bon estat i que tots els propietaris comparteixin de manera justa les despeses de manteniment i millora. Recorda que en cas de dubte, sempre \u00e9s recomanable buscar assessorament legal o professional.<\/p>\n\t\t\t\t\t\t\t\t<\/div>\n\t\t\t\t\t<\/div>\n\t\t<\/div>\n\t\t\t\t\t<\/div>\n\t\t<\/section>\n\t\t\t\t<\/div>\n\t\t","protected":false},"excerpt":{"rendered":"<p>Descobreix com solucionar les vesses de ve\u00efns en la teva comunitat de manera efectiva i justa. Coneix els teus drets i obligacions com a propietari i evita conflictes innecessaris.<\/p>\n","protected":false},"author":6,"featured_media":28632,"comment_status":"closed","ping_status":"open","sticky":false,"template":"","format":"standard","meta":{"footnotes":""},"categories":[365],"tags":[],"class_list":["post-28664","post","type-post","status-publish","format-standard","has-post-thumbnail","hentry","category-propiedad-horizontal-ca"],"yoast_head":"<!-- This site is optimized with the Yoast SEO plugin v27.4 - https:\/\/yoast.com\/product\/yoast-seo-wordpress\/ -->\n<title>Les vesses en les comunitats de ve\u00efns - Administraciones Hern\u00e1ndez<\/title>\n<meta name=\"description\" content=\"Descobreix com solucionar les vesses de ve\u00efns en la teva comunitat de manera efectiva i justa. Coneix els teus drets i obligacions com a propietari i evita conflictes innecessaris.\" \/>\n<meta name=\"robots\" content=\"index, follow, max-snippet:-1, max-image-preview:large, max-video-preview:-1\" \/>\n<link rel=\"canonical\" href=\"https:\/\/adhernandez.com\/ca\/2023\/08\/13\/les-vesses-en-les-comunitats-de-veins\/\" \/>\n<meta property=\"og:locale\" content=\"ca_ES\" \/>\n<meta property=\"og:type\" content=\"article\" \/>\n<meta property=\"og:title\" content=\"Les vesses en les comunitats de ve\u00efns - Administraciones Hern\u00e1ndez\" \/>\n<meta property=\"og:description\" content=\"Descobreix com solucionar les vesses de ve\u00efns en la teva comunitat de manera efectiva i justa. Coneix els teus drets i obligacions com a propietari i evita conflictes innecessaris.\" \/>\n<meta property=\"og:url\" content=\"https:\/\/adhernandez.com\/ca\/2023\/08\/13\/les-vesses-en-les-comunitats-de-veins\/\" \/>\n<meta property=\"og:site_name\" content=\"Administraciones Hern\u00e1ndez\" \/>\n<meta property=\"article:published_time\" content=\"2023-08-13T20:11:58+00:00\" \/>\n<meta property=\"article:modified_time\" content=\"2023-09-19T08:49:02+00:00\" \/>\n<meta property=\"og:image\" content=\"https:\/\/adhernandez.com\/wp-content\/uploads\/2023\/08\/derramas-en-comunidad-de-vecinos.jpg\" \/>\n\t<meta property=\"og:image:width\" content=\"1000\" \/>\n\t<meta property=\"og:image:height\" content=\"431\" \/>\n\t<meta property=\"og:image:type\" content=\"image\/jpeg\" \/>\n<meta name=\"author\" content=\"AdHern\u00e1ndez\" \/>\n<meta name=\"twitter:card\" content=\"summary_large_image\" \/>\n<meta name=\"twitter:label1\" content=\"Escrit per\" \/>\n\t<meta name=\"twitter:data1\" content=\"AdHern\u00e1ndez\" \/>\n\t<meta name=\"twitter:label2\" content=\"Temps estimat de lectura\" \/>\n\t<meta name=\"twitter:data2\" content=\"4 minuts\" \/>\n<script type=\"application\/ld+json\" class=\"yoast-schema-graph\">{\"@context\":\"https:\\\/\\\/schema.org\",\"@graph\":[{\"@type\":\"Article\",\"@id\":\"https:\\\/\\\/adhernandez.com\\\/ca\\\/2023\\\/08\\\/13\\\/les-vesses-en-les-comunitats-de-veins\\\/#article\",\"isPartOf\":{\"@id\":\"https:\\\/\\\/adhernandez.com\\\/ca\\\/2023\\\/08\\\/13\\\/les-vesses-en-les-comunitats-de-veins\\\/\"},\"author\":{\"name\":\"AdHern\u00e1ndez\",\"@id\":\"https:\\\/\\\/adhernandez.com\\\/ca\\\/#\\\/schema\\\/person\\\/330b9c8828ff3a80ee8053b5fff0e848\"},\"headline\":\"Les vesses en les comunitats de ve\u00efns\",\"datePublished\":\"2023-08-13T20:11:58+00:00\",\"dateModified\":\"2023-09-19T08:49:02+00:00\",\"mainEntityOfPage\":{\"@id\":\"https:\\\/\\\/adhernandez.com\\\/ca\\\/2023\\\/08\\\/13\\\/les-vesses-en-les-comunitats-de-veins\\\/\"},\"wordCount\":579,\"image\":{\"@id\":\"https:\\\/\\\/adhernandez.com\\\/ca\\\/2023\\\/08\\\/13\\\/les-vesses-en-les-comunitats-de-veins\\\/#primaryimage\"},\"thumbnailUrl\":\"https:\\\/\\\/adhernandez.com\\\/wp-content\\\/uploads\\\/2023\\\/08\\\/derramas-en-comunidad-de-vecinos.jpg\",\"articleSection\":[\"Propiedad Horizontal\"],\"inLanguage\":\"ca\"},{\"@type\":\"WebPage\",\"@id\":\"https:\\\/\\\/adhernandez.com\\\/ca\\\/2023\\\/08\\\/13\\\/les-vesses-en-les-comunitats-de-veins\\\/\",\"url\":\"https:\\\/\\\/adhernandez.com\\\/ca\\\/2023\\\/08\\\/13\\\/les-vesses-en-les-comunitats-de-veins\\\/\",\"name\":\"Les vesses en les comunitats de ve\u00efns - Administraciones Hern\u00e1ndez\",\"isPartOf\":{\"@id\":\"https:\\\/\\\/adhernandez.com\\\/ca\\\/#website\"},\"primaryImageOfPage\":{\"@id\":\"https:\\\/\\\/adhernandez.com\\\/ca\\\/2023\\\/08\\\/13\\\/les-vesses-en-les-comunitats-de-veins\\\/#primaryimage\"},\"image\":{\"@id\":\"https:\\\/\\\/adhernandez.com\\\/ca\\\/2023\\\/08\\\/13\\\/les-vesses-en-les-comunitats-de-veins\\\/#primaryimage\"},\"thumbnailUrl\":\"https:\\\/\\\/adhernandez.com\\\/wp-content\\\/uploads\\\/2023\\\/08\\\/derramas-en-comunidad-de-vecinos.jpg\",\"datePublished\":\"2023-08-13T20:11:58+00:00\",\"dateModified\":\"2023-09-19T08:49:02+00:00\",\"author\":{\"@id\":\"https:\\\/\\\/adhernandez.com\\\/ca\\\/#\\\/schema\\\/person\\\/330b9c8828ff3a80ee8053b5fff0e848\"},\"description\":\"Descobreix com solucionar les vesses de ve\u00efns en la teva comunitat de manera efectiva i justa. Coneix els teus drets i obligacions com a propietari i evita conflictes innecessaris.\",\"breadcrumb\":{\"@id\":\"https:\\\/\\\/adhernandez.com\\\/ca\\\/2023\\\/08\\\/13\\\/les-vesses-en-les-comunitats-de-veins\\\/#breadcrumb\"},\"inLanguage\":\"ca\",\"potentialAction\":[{\"@type\":\"ReadAction\",\"target\":[\"https:\\\/\\\/adhernandez.com\\\/ca\\\/2023\\\/08\\\/13\\\/les-vesses-en-les-comunitats-de-veins\\\/\"]}]},{\"@type\":\"ImageObject\",\"inLanguage\":\"ca\",\"@id\":\"https:\\\/\\\/adhernandez.com\\\/ca\\\/2023\\\/08\\\/13\\\/les-vesses-en-les-comunitats-de-veins\\\/#primaryimage\",\"url\":\"https:\\\/\\\/adhernandez.com\\\/wp-content\\\/uploads\\\/2023\\\/08\\\/derramas-en-comunidad-de-vecinos.jpg\",\"contentUrl\":\"https:\\\/\\\/adhernandez.com\\\/wp-content\\\/uploads\\\/2023\\\/08\\\/derramas-en-comunidad-de-vecinos.jpg\",\"width\":1000,\"height\":431,\"caption\":\"derramas en comunidad vecinos\"},{\"@type\":\"BreadcrumbList\",\"@id\":\"https:\\\/\\\/adhernandez.com\\\/ca\\\/2023\\\/08\\\/13\\\/les-vesses-en-les-comunitats-de-veins\\\/#breadcrumb\",\"itemListElement\":[{\"@type\":\"ListItem\",\"position\":1,\"name\":\"Portada\",\"item\":\"https:\\\/\\\/adhernandez.com\\\/ca\\\/adhernandez-inicio\\\/\"},{\"@type\":\"ListItem\",\"position\":2,\"name\":\"Les vesses en les comunitats de ve\u00efns\"}]},{\"@type\":\"WebSite\",\"@id\":\"https:\\\/\\\/adhernandez.com\\\/ca\\\/#website\",\"url\":\"https:\\\/\\\/adhernandez.com\\\/ca\\\/\",\"name\":\"Administraciones Hern\u00e1ndez\",\"description\":\"Equipo de profesionales con amplia experiencia en la gesti\u00f3n del patrimonio inmobiliario\",\"potentialAction\":[{\"@type\":\"SearchAction\",\"target\":{\"@type\":\"EntryPoint\",\"urlTemplate\":\"https:\\\/\\\/adhernandez.com\\\/ca\\\/?s={search_term_string}\"},\"query-input\":{\"@type\":\"PropertyValueSpecification\",\"valueRequired\":true,\"valueName\":\"search_term_string\"}}],\"inLanguage\":\"ca\"},{\"@type\":\"Person\",\"@id\":\"https:\\\/\\\/adhernandez.com\\\/ca\\\/#\\\/schema\\\/person\\\/330b9c8828ff3a80ee8053b5fff0e848\",\"name\":\"AdHern\u00e1ndez\",\"image\":{\"@type\":\"ImageObject\",\"inLanguage\":\"ca\",\"@id\":\"https:\\\/\\\/adhernandez.com\\\/wp-content\\\/litespeed\\\/avatar\\\/6b84e2484050905299b010a711cff345.jpg?ver=1777323059\",\"url\":\"https:\\\/\\\/adhernandez.com\\\/wp-content\\\/litespeed\\\/avatar\\\/6b84e2484050905299b010a711cff345.jpg?ver=1777323059\",\"contentUrl\":\"https:\\\/\\\/adhernandez.com\\\/wp-content\\\/litespeed\\\/avatar\\\/6b84e2484050905299b010a711cff345.jpg?ver=1777323059\",\"caption\":\"AdHern\u00e1ndez\"},\"url\":\"https:\\\/\\\/adhernandez.com\\\/ca\\\/author\\\/veronica\\\/\"}]}<\/script>\n<!-- \/ Yoast SEO plugin. -->","yoast_head_json":{"title":"Les vesses en les comunitats de ve\u00efns - Administraciones Hern\u00e1ndez","description":"Descobreix com solucionar les vesses de ve\u00efns en la teva comunitat de manera efectiva i justa. Coneix els teus drets i obligacions com a propietari i evita conflictes innecessaris.","robots":{"index":"index","follow":"follow","max-snippet":"max-snippet:-1","max-image-preview":"max-image-preview:large","max-video-preview":"max-video-preview:-1"},"canonical":"https:\/\/adhernandez.com\/ca\/2023\/08\/13\/les-vesses-en-les-comunitats-de-veins\/","og_locale":"ca_ES","og_type":"article","og_title":"Les vesses en les comunitats de ve\u00efns - Administraciones Hern\u00e1ndez","og_description":"Descobreix com solucionar les vesses de ve\u00efns en la teva comunitat de manera efectiva i justa. Coneix els teus drets i obligacions com a propietari i evita conflictes innecessaris.","og_url":"https:\/\/adhernandez.com\/ca\/2023\/08\/13\/les-vesses-en-les-comunitats-de-veins\/","og_site_name":"Administraciones Hern\u00e1ndez","article_published_time":"2023-08-13T20:11:58+00:00","article_modified_time":"2023-09-19T08:49:02+00:00","og_image":[{"width":1000,"height":431,"url":"https:\/\/adhernandez.com\/wp-content\/uploads\/2023\/08\/derramas-en-comunidad-de-vecinos.jpg","type":"image\/jpeg"}],"author":"AdHern\u00e1ndez","twitter_card":"summary_large_image","twitter_misc":{"Escrit per":"AdHern\u00e1ndez","Temps estimat de lectura":"4 minuts"},"schema":{"@context":"https:\/\/schema.org","@graph":[{"@type":"Article","@id":"https:\/\/adhernandez.com\/ca\/2023\/08\/13\/les-vesses-en-les-comunitats-de-veins\/#article","isPartOf":{"@id":"https:\/\/adhernandez.com\/ca\/2023\/08\/13\/les-vesses-en-les-comunitats-de-veins\/"},"author":{"name":"AdHern\u00e1ndez","@id":"https:\/\/adhernandez.com\/ca\/#\/schema\/person\/330b9c8828ff3a80ee8053b5fff0e848"},"headline":"Les vesses en les comunitats de ve\u00efns","datePublished":"2023-08-13T20:11:58+00:00","dateModified":"2023-09-19T08:49:02+00:00","mainEntityOfPage":{"@id":"https:\/\/adhernandez.com\/ca\/2023\/08\/13\/les-vesses-en-les-comunitats-de-veins\/"},"wordCount":579,"image":{"@id":"https:\/\/adhernandez.com\/ca\/2023\/08\/13\/les-vesses-en-les-comunitats-de-veins\/#primaryimage"},"thumbnailUrl":"https:\/\/adhernandez.com\/wp-content\/uploads\/2023\/08\/derramas-en-comunidad-de-vecinos.jpg","articleSection":["Propiedad Horizontal"],"inLanguage":"ca"},{"@type":"WebPage","@id":"https:\/\/adhernandez.com\/ca\/2023\/08\/13\/les-vesses-en-les-comunitats-de-veins\/","url":"https:\/\/adhernandez.com\/ca\/2023\/08\/13\/les-vesses-en-les-comunitats-de-veins\/","name":"Les vesses en les comunitats de ve\u00efns - Administraciones Hern\u00e1ndez","isPartOf":{"@id":"https:\/\/adhernandez.com\/ca\/#website"},"primaryImageOfPage":{"@id":"https:\/\/adhernandez.com\/ca\/2023\/08\/13\/les-vesses-en-les-comunitats-de-veins\/#primaryimage"},"image":{"@id":"https:\/\/adhernandez.com\/ca\/2023\/08\/13\/les-vesses-en-les-comunitats-de-veins\/#primaryimage"},"thumbnailUrl":"https:\/\/adhernandez.com\/wp-content\/uploads\/2023\/08\/derramas-en-comunidad-de-vecinos.jpg","datePublished":"2023-08-13T20:11:58+00:00","dateModified":"2023-09-19T08:49:02+00:00","author":{"@id":"https:\/\/adhernandez.com\/ca\/#\/schema\/person\/330b9c8828ff3a80ee8053b5fff0e848"},"description":"Descobreix com solucionar les vesses de ve\u00efns en la teva comunitat de manera efectiva i justa. Coneix els teus drets i obligacions com a propietari i evita conflictes innecessaris.","breadcrumb":{"@id":"https:\/\/adhernandez.com\/ca\/2023\/08\/13\/les-vesses-en-les-comunitats-de-veins\/#breadcrumb"},"inLanguage":"ca","potentialAction":[{"@type":"ReadAction","target":["https:\/\/adhernandez.com\/ca\/2023\/08\/13\/les-vesses-en-les-comunitats-de-veins\/"]}]},{"@type":"ImageObject","inLanguage":"ca","@id":"https:\/\/adhernandez.com\/ca\/2023\/08\/13\/les-vesses-en-les-comunitats-de-veins\/#primaryimage","url":"https:\/\/adhernandez.com\/wp-content\/uploads\/2023\/08\/derramas-en-comunidad-de-vecinos.jpg","contentUrl":"https:\/\/adhernandez.com\/wp-content\/uploads\/2023\/08\/derramas-en-comunidad-de-vecinos.jpg","width":1000,"height":431,"caption":"derramas en comunidad vecinos"},{"@type":"BreadcrumbList","@id":"https:\/\/adhernandez.com\/ca\/2023\/08\/13\/les-vesses-en-les-comunitats-de-veins\/#breadcrumb","itemListElement":[{"@type":"ListItem","position":1,"name":"Portada","item":"https:\/\/adhernandez.com\/ca\/adhernandez-inicio\/"},{"@type":"ListItem","position":2,"name":"Les vesses en les comunitats de ve\u00efns"}]},{"@type":"WebSite","@id":"https:\/\/adhernandez.com\/ca\/#website","url":"https:\/\/adhernandez.com\/ca\/","name":"Administraciones Hern\u00e1ndez","description":"Equipo de profesionales con amplia experiencia en la gesti\u00f3n del patrimonio inmobiliario","potentialAction":[{"@type":"SearchAction","target":{"@type":"EntryPoint","urlTemplate":"https:\/\/adhernandez.com\/ca\/?s={search_term_string}"},"query-input":{"@type":"PropertyValueSpecification","valueRequired":true,"valueName":"search_term_string"}}],"inLanguage":"ca"},{"@type":"Person","@id":"https:\/\/adhernandez.com\/ca\/#\/schema\/person\/330b9c8828ff3a80ee8053b5fff0e848","name":"AdHern\u00e1ndez","image":{"@type":"ImageObject","inLanguage":"ca","@id":"https:\/\/adhernandez.com\/wp-content\/litespeed\/avatar\/6b84e2484050905299b010a711cff345.jpg?ver=1777323059","url":"https:\/\/adhernandez.com\/wp-content\/litespeed\/avatar\/6b84e2484050905299b010a711cff345.jpg?ver=1777323059","contentUrl":"https:\/\/adhernandez.com\/wp-content\/litespeed\/avatar\/6b84e2484050905299b010a711cff345.jpg?ver=1777323059","caption":"AdHern\u00e1ndez"},"url":"https:\/\/adhernandez.com\/ca\/author\/veronica\/"}]}},"_links":{"self":[{"href":"https:\/\/adhernandez.com\/ca\/wp-json\/wp\/v2\/posts\/28664","targetHints":{"allow":["GET"]}}],"collection":[{"href":"https:\/\/adhernandez.com\/ca\/wp-json\/wp\/v2\/posts"}],"about":[{"href":"https:\/\/adhernandez.com\/ca\/wp-json\/wp\/v2\/types\/post"}],"author":[{"embeddable":true,"href":"https:\/\/adhernandez.com\/ca\/wp-json\/wp\/v2\/users\/6"}],"replies":[{"embeddable":true,"href":"https:\/\/adhernandez.com\/ca\/wp-json\/wp\/v2\/comments?post=28664"}],"version-history":[{"count":5,"href":"https:\/\/adhernandez.com\/ca\/wp-json\/wp\/v2\/posts\/28664\/revisions"}],"predecessor-version":[{"id":28882,"href":"https:\/\/adhernandez.com\/ca\/wp-json\/wp\/v2\/posts\/28664\/revisions\/28882"}],"wp:featuredmedia":[{"embeddable":true,"href":"https:\/\/adhernandez.com\/ca\/wp-json\/wp\/v2\/media\/28632"}],"wp:attachment":[{"href":"https:\/\/adhernandez.com\/ca\/wp-json\/wp\/v2\/media?parent=28664"}],"wp:term":[{"taxonomy":"category","embeddable":true,"href":"https:\/\/adhernandez.com\/ca\/wp-json\/wp\/v2\/categories?post=28664"},{"taxonomy":"post_tag","embeddable":true,"href":"https:\/\/adhernandez.com\/ca\/wp-json\/wp\/v2\/tags?post=28664"}],"curies":[{"name":"wp","href":"https:\/\/api.w.org\/{rel}","templated":true}]}}