{"id":28626,"date":"2023-07-29T11:45:39","date_gmt":"2023-07-29T11:45:39","guid":{"rendered":"https:\/\/adhernandez.com\/2023\/07\/29\/que-passa-si-ladministrador-de-finques-no-compleix-amb-les-seves-obligacions\/"},"modified":"2023-09-19T08:56:40","modified_gmt":"2023-09-19T08:56:40","slug":"que-passa-si-ladministrador-de-finques-no-compleix-amb-les-seves-obligacions","status":"publish","type":"post","link":"https:\/\/adhernandez.com\/ca\/2023\/07\/29\/que-passa-si-ladministrador-de-finques-no-compleix-amb-les-seves-obligacions\/","title":{"rendered":"<strong>Qu\u00e8 passa si l&#8217;administrador de finques no compleix amb les seves obligacions?<\/strong>"},"content":{"rendered":"\t\t<div data-elementor-type=\"wp-post\" data-elementor-id=\"28626\" class=\"elementor elementor-28626 elementor-28577\">\n\t\t\t\t\t\t<section class=\"elementor-section elementor-top-section elementor-element elementor-element-41e8c04 elementor-section-boxed elementor-section-height-default elementor-section-height-default\" data-id=\"41e8c04\" data-element_type=\"section\" data-e-type=\"section\">\n\t\t\t\t\t\t<div class=\"elementor-container elementor-column-gap-default\">\n\t\t\t\t\t<div class=\"elementor-column elementor-col-100 elementor-top-column elementor-element elementor-element-65c2957\" data-id=\"65c2957\" data-element_type=\"column\" data-e-type=\"column\">\n\t\t\t<div class=\"elementor-widget-wrap elementor-element-populated\">\n\t\t\t\t\t\t<div class=\"elementor-element elementor-element-f329587 elementor-widget elementor-widget-text-editor\" data-id=\"f329587\" data-element_type=\"widget\" data-e-type=\"widget\" data-widget_type=\"text-editor.default\">\n\t\t\t\t\t\t\t\t\t\r\nEls administradors de finques s\u00f3n una pe\u00e7a clau en la gesti\u00f3 i organitzaci\u00f3 de comunitats de propietaris, i s\u00f3n responsables de mantenir un control eficient dels aspectes econ\u00f2mics, legals i t\u00e8cnics d&#8217;aquestes.\r\n\r\nNo obstant aix\u00f2, a vegades poden sorgir situacions en les quals l&#8217;administrador de finques no compleix amb les seves obligacions, la qual cosa pot tenir serioses conseq\u00fc\u00e8ncies i requerir accions correctives.\t\t\t\t\t\t\t\t<\/div>\n\t\t\t\t<div class=\"elementor-element elementor-element-4746b3e elementor-widget elementor-widget-text-editor\" data-id=\"4746b3e\" data-element_type=\"widget\" data-e-type=\"widget\" data-widget_type=\"text-editor.default\">\n\t\t\t\t\t\t\t\t\t<h2>\nPrincipals obligacions de l&#8217;administrador de finques<\/h2>\n\t\t\t\t\t\t\t\t<\/div>\n\t\t\t\t<div class=\"elementor-element elementor-element-930f98e elementor-widget elementor-widget-text-editor\" data-id=\"930f98e\" data-element_type=\"widget\" data-e-type=\"widget\" data-widget_type=\"text-editor.default\">\n\t\t\t\t\t\t\t\t\t<p>Com hem assenyalat, les obligacions de l&#8217;administrador de finques s\u00f3n m\u00faltiples i de diversa \u00edndole, principalment derivades de la Llei de Propietat Horitzontal. En aquest sentit, es poden aprofundir en algunes d&#8217;aquestes responsabilitats:<\/p>\n\t\t\t\t\t\t\t\t<\/div>\n\t\t\t\t<div class=\"elementor-element elementor-element-bec9489 elementor-icon-list--layout-traditional elementor-list-item-link-full_width elementor-widget elementor-widget-icon-list\" data-id=\"bec9489\" data-element_type=\"widget\" data-e-type=\"widget\" data-widget_type=\"icon-list.default\">\n\t\t\t\t\t\t\t<ul class=\"elementor-icon-list-items\">\n\t\t\t\t\t\t\t<li class=\"elementor-icon-list-item\">\n\t\t\t\t\t\t\t\t\t\t\t<span class=\"elementor-icon-list-icon\">\n\t\t\t\t\t\t\t<svg aria-hidden=\"true\" class=\"e-font-icon-svg e-fas-check\" viewBox=\"0 0 512 512\" xmlns=\"http:\/\/www.w3.org\/2000\/svg\"><path d=\"M173.898 439.404l-166.4-166.4c-9.997-9.997-9.997-26.206 0-36.204l36.203-36.204c9.997-9.998 26.207-9.998 36.204 0L192 312.69 432.095 72.596c9.997-9.997 26.207-9.997 36.204 0l36.203 36.204c9.997 9.997 9.997 26.206 0 36.204l-294.4 294.401c-9.998 9.997-26.207 9.997-36.204-.001z\"><\/path><\/svg>\t\t\t\t\t\t<\/span>\n\t\t\t\t\t\t\t\t\t\t<span class=\"elementor-icon-list-text\">Gesti\u00f3 econ\u00f2mica: a m\u00e9s de la gesti\u00f3 de les quotes i l'elaboraci\u00f3 del pressupost, l'administrador \u00e9s l'encarregat de presentar el balan\u00e7 i els comptes anuals a la comunitat de propietaris, aix\u00ed com de gestionar el fons de reserva de la comunitat.<\/span>\n\t\t\t\t\t\t\t\t\t<\/li>\n\t\t\t\t\t\t<\/ul>\n\t\t\t\t\t\t<\/div>\n\t\t\t\t<div class=\"elementor-element elementor-element-4da1151 elementor-icon-list--layout-traditional elementor-list-item-link-full_width elementor-widget elementor-widget-icon-list\" data-id=\"4da1151\" data-element_type=\"widget\" data-e-type=\"widget\" data-widget_type=\"icon-list.default\">\n\t\t\t\t\t\t\t<ul class=\"elementor-icon-list-items\">\n\t\t\t\t\t\t\t<li class=\"elementor-icon-list-item\">\n\t\t\t\t\t\t\t\t\t\t\t<span class=\"elementor-icon-list-icon\">\n\t\t\t\t\t\t\t<svg aria-hidden=\"true\" class=\"e-font-icon-svg e-fas-check\" viewBox=\"0 0 512 512\" xmlns=\"http:\/\/www.w3.org\/2000\/svg\"><path d=\"M173.898 439.404l-166.4-166.4c-9.997-9.997-9.997-26.206 0-36.204l36.203-36.204c9.997-9.998 26.207-9.998 36.204 0L192 312.69 432.095 72.596c9.997-9.997 26.207-9.997 36.204 0l36.203 36.204c9.997 9.997 9.997 26.206 0 36.204l-294.4 294.401c-9.998 9.997-26.207 9.997-36.204-.001z\"><\/path><\/svg>\t\t\t\t\t\t<\/span>\n\t\t\t\t\t\t\t\t\t\t<span class=\"elementor-icon-list-text\">Gesti\u00f3 administrativa: en aquesta esfera, l'administrador tamb\u00e9 \u00e9s responsable d'assessorar la junta de propietaris en assumptes legals i fiscals, mantenir actualitzat el registre de propietaris i ocupants, i gestionar el compliment de les normatives vigents.<\/span>\n\t\t\t\t\t\t\t\t\t<\/li>\n\t\t\t\t\t\t<\/ul>\n\t\t\t\t\t\t<\/div>\n\t\t\t\t<div class=\"elementor-element elementor-element-b09b5a2 elementor-icon-list--layout-traditional elementor-list-item-link-full_width elementor-widget elementor-widget-icon-list\" data-id=\"b09b5a2\" data-element_type=\"widget\" data-e-type=\"widget\" data-widget_type=\"icon-list.default\">\n\t\t\t\t\t\t\t<ul class=\"elementor-icon-list-items\">\n\t\t\t\t\t\t\t<li class=\"elementor-icon-list-item\">\n\t\t\t\t\t\t\t\t\t\t\t<span class=\"elementor-icon-list-icon\">\n\t\t\t\t\t\t\t<svg aria-hidden=\"true\" class=\"e-font-icon-svg e-fas-check\" viewBox=\"0 0 512 512\" xmlns=\"http:\/\/www.w3.org\/2000\/svg\"><path d=\"M173.898 439.404l-166.4-166.4c-9.997-9.997-9.997-26.206 0-36.204l36.203-36.204c9.997-9.998 26.207-9.998 36.204 0L192 312.69 432.095 72.596c9.997-9.997 26.207-9.997 36.204 0l36.203 36.204c9.997 9.997 9.997 26.206 0 36.204l-294.4 294.401c-9.998 9.997-26.207 9.997-36.204-.001z\"><\/path><\/svg>\t\t\t\t\t\t<\/span>\n\t\t\t\t\t\t\t\t\t\t<span class=\"elementor-icon-list-text\">Gesti\u00f3 t\u00e8cnica: l'administrador tamb\u00e9 t\u00e9 un paper rellevant en la coordinaci\u00f3 de les obres de rehabilitaci\u00f3 i millora en les zones comunes, i ha d'assegurar-se del compliment de les obligacions en mat\u00e8ria de seguretat i prevenci\u00f3 de riscos laborals.<\/span>\n\t\t\t\t\t\t\t\t\t<\/li>\n\t\t\t\t\t\t<\/ul>\n\t\t\t\t\t\t<\/div>\n\t\t\t\t<div class=\"elementor-element elementor-element-53a7eaf elementor-widget elementor-widget-image\" data-id=\"53a7eaf\" data-element_type=\"widget\" data-e-type=\"widget\" data-widget_type=\"image.default\">\n\t\t\t\t\t\t\t\t\t\t\t\t\t\t\t<img fetchpriority=\"high\" decoding=\"async\" width=\"800\" height=\"533\" src=\"https:\/\/adhernandez.com\/wp-content\/uploads\/2023\/07\/obligaciones-administrador-fincas-1.jpg\" class=\"attachment-large size-large wp-image-28593\" alt=\"obligaciones administrador fincas\" srcset=\"https:\/\/adhernandez.com\/wp-content\/uploads\/2023\/07\/obligaciones-administrador-fincas-1.jpg 800w, https:\/\/adhernandez.com\/wp-content\/uploads\/2023\/07\/obligaciones-administrador-fincas-1-300x200.jpg.webp 300w, https:\/\/adhernandez.com\/wp-content\/uploads\/2023\/07\/obligaciones-administrador-fincas-1-768x512.jpg.webp 768w, https:\/\/adhernandez.com\/wp-content\/uploads\/2023\/07\/obligaciones-administrador-fincas-1-496x330.jpg.webp 496w\" sizes=\"(max-width: 800px) 100vw, 800px\" \/>\t\t\t\t\t\t\t\t\t\t\t\t\t\t\t<\/div>\n\t\t\t\t<div class=\"elementor-element elementor-element-5f25df3 elementor-widget elementor-widget-text-editor\" data-id=\"5f25df3\" data-element_type=\"widget\" data-e-type=\"widget\" data-widget_type=\"text-editor.default\">\n\t\t\t\t\t\t\t\t\t<h2>\nQu\u00e8 fer si l&#8217;administrador incompleix les seves obligacions?<\/h2>\n\t\t\t\t\t\t\t\t<\/div>\n\t\t\t\t<div class=\"elementor-element elementor-element-f5340be elementor-widget elementor-widget-text-editor\" data-id=\"f5340be\" data-element_type=\"widget\" data-e-type=\"widget\" data-widget_type=\"text-editor.default\">\n\t\t\t\t\t\t\t\t\t<p>Si es dona la situaci\u00f3 que l&#8217;administrador de finques no compleix les seves funcions, els propietaris poden prendre una s\u00e8rie de mesures:<\/p>\n\t\t\t\t\t\t\t\t<\/div>\n\t\t\t\t<div class=\"elementor-element elementor-element-bf8a710 elementor-icon-list--layout-traditional elementor-list-item-link-full_width elementor-widget elementor-widget-icon-list\" data-id=\"bf8a710\" data-element_type=\"widget\" data-e-type=\"widget\" data-widget_type=\"icon-list.default\">\n\t\t\t\t\t\t\t<ul class=\"elementor-icon-list-items\">\n\t\t\t\t\t\t\t<li class=\"elementor-icon-list-item\">\n\t\t\t\t\t\t\t\t\t\t\t<span class=\"elementor-icon-list-icon\">\n\t\t\t\t\t\t\t<svg aria-hidden=\"true\" class=\"e-font-icon-svg e-fas-arrow-right\" viewBox=\"0 0 448 512\" xmlns=\"http:\/\/www.w3.org\/2000\/svg\"><path d=\"M190.5 66.9l22.2-22.2c9.4-9.4 24.6-9.4 33.9 0L441 239c9.4 9.4 9.4 24.6 0 33.9L246.6 467.3c-9.4 9.4-24.6 9.4-33.9 0l-22.2-22.2c-9.5-9.5-9.3-25 .4-34.3L311.4 296H24c-13.3 0-24-10.7-24-24v-32c0-13.3 10.7-24 24-24h287.4L190.9 101.2c-9.8-9.3-10-24.8-.4-34.3z\"><\/path><\/svg>\t\t\t\t\t\t<\/span>\n\t\t\t\t\t\t\t\t\t\t<span class=\"elementor-icon-list-text\"> Comunicaci\u00f3 i mediaci\u00f3: en primer lloc, \u00e9s recomanable intentar resoldre el problema mitjan\u00e7ant la comunicaci\u00f3 directa amb l'administrador. Aquest hauria de ser informat del seu incompliment i tenir l'oportunitat de corregir el seu comportament.<\/span>\n\t\t\t\t\t\t\t\t\t<\/li>\n\t\t\t\t\t\t<\/ul>\n\t\t\t\t\t\t<\/div>\n\t\t\t\t<div class=\"elementor-element elementor-element-7526999 elementor-icon-list--layout-traditional elementor-list-item-link-full_width elementor-widget elementor-widget-icon-list\" data-id=\"7526999\" data-element_type=\"widget\" data-e-type=\"widget\" data-widget_type=\"icon-list.default\">\n\t\t\t\t\t\t\t<ul class=\"elementor-icon-list-items\">\n\t\t\t\t\t\t\t<li class=\"elementor-icon-list-item\">\n\t\t\t\t\t\t\t\t\t\t\t<span class=\"elementor-icon-list-icon\">\n\t\t\t\t\t\t\t<svg aria-hidden=\"true\" class=\"e-font-icon-svg e-fas-arrow-right\" viewBox=\"0 0 448 512\" xmlns=\"http:\/\/www.w3.org\/2000\/svg\"><path d=\"M190.5 66.9l22.2-22.2c9.4-9.4 24.6-9.4 33.9 0L441 239c9.4 9.4 9.4 24.6 0 33.9L246.6 467.3c-9.4 9.4-24.6 9.4-33.9 0l-22.2-22.2c-9.5-9.5-9.3-25 .4-34.3L311.4 296H24c-13.3 0-24-10.7-24-24v-32c0-13.3 10.7-24 24-24h287.4L190.9 101.2c-9.8-9.3-10-24.8-.4-34.3z\"><\/path><\/svg>\t\t\t\t\t\t<\/span>\n\t\t\t\t\t\t\t\t\t\t<span class=\"elementor-icon-list-text\"> Den\u00fancia: si la mediaci\u00f3 no resol el problema, els propietaris poden denunciar a l'administrador davant el col\u00b7legi professional corresponent. Les causes per a denunciar a l'administrador de finques poden incloure neglig\u00e8ncia, mala praxi o incompliment de les seves obligacions contractuals.<\/span>\n\t\t\t\t\t\t\t\t\t<\/li>\n\t\t\t\t\t\t<\/ul>\n\t\t\t\t\t\t<\/div>\n\t\t\t\t<div class=\"elementor-element elementor-element-4d90485 elementor-icon-list--layout-traditional elementor-list-item-link-full_width elementor-widget elementor-widget-icon-list\" data-id=\"4d90485\" data-element_type=\"widget\" data-e-type=\"widget\" data-widget_type=\"icon-list.default\">\n\t\t\t\t\t\t\t<ul class=\"elementor-icon-list-items\">\n\t\t\t\t\t\t\t<li class=\"elementor-icon-list-item\">\n\t\t\t\t\t\t\t\t\t\t\t<span class=\"elementor-icon-list-icon\">\n\t\t\t\t\t\t\t<svg aria-hidden=\"true\" class=\"e-font-icon-svg e-fas-arrow-right\" viewBox=\"0 0 448 512\" xmlns=\"http:\/\/www.w3.org\/2000\/svg\"><path d=\"M190.5 66.9l22.2-22.2c9.4-9.4 24.6-9.4 33.9 0L441 239c9.4 9.4 9.4 24.6 0 33.9L246.6 467.3c-9.4 9.4-24.6 9.4-33.9 0l-22.2-22.2c-9.5-9.5-9.3-25 .4-34.3L311.4 296H24c-13.3 0-24-10.7-24-24v-32c0-13.3 10.7-24 24-24h287.4L190.9 101.2c-9.8-9.3-10-24.8-.4-34.3z\"><\/path><\/svg>\t\t\t\t\t\t<\/span>\n\t\t\t\t\t\t\t\t\t\t<span class=\"elementor-icon-list-text\">Accions legals: en casos extrems, els propietaris poden iniciar accions legals contra l'administrador. La jurisprud\u00e8ncia sobre mala praxi de l'administrador de finques estableix que els administradors poden ser responsables dels danys i perjudicis causats per la seva neglig\u00e8ncia o incompliment de deures.<\/span>\n\t\t\t\t\t\t\t\t\t<\/li>\n\t\t\t\t\t\t<\/ul>\n\t\t\t\t\t\t<\/div>\n\t\t\t\t<div class=\"elementor-element elementor-element-59a2cf8 elementor-widget elementor-widget-text-editor\" data-id=\"59a2cf8\" data-element_type=\"widget\" data-e-type=\"widget\" data-widget_type=\"text-editor.default\">\n\t\t\t\t\t\t\t\t\t<p>Aix\u00ed, davant un possible incompliment per part de l&#8217;administrador, els propietaris no han de quedar-se de bra\u00e7os plegats. Al marge de les ja esmentades accions, poden adoptar-se altres mesures:<\/p>\n\t\t\t\t\t\t\t\t<\/div>\n\t\t\t\t<div class=\"elementor-element elementor-element-6d73efa elementor-icon-list--layout-traditional elementor-list-item-link-full_width elementor-widget elementor-widget-icon-list\" data-id=\"6d73efa\" data-element_type=\"widget\" data-e-type=\"widget\" data-widget_type=\"icon-list.default\">\n\t\t\t\t\t\t\t<ul class=\"elementor-icon-list-items\">\n\t\t\t\t\t\t\t<li class=\"elementor-icon-list-item\">\n\t\t\t\t\t\t\t\t\t\t\t<span class=\"elementor-icon-list-icon\">\n\t\t\t\t\t\t\t<svg aria-hidden=\"true\" class=\"e-font-icon-svg e-fas-arrow-right\" viewBox=\"0 0 448 512\" xmlns=\"http:\/\/www.w3.org\/2000\/svg\"><path d=\"M190.5 66.9l22.2-22.2c9.4-9.4 24.6-9.4 33.9 0L441 239c9.4 9.4 9.4 24.6 0 33.9L246.6 467.3c-9.4 9.4-24.6 9.4-33.9 0l-22.2-22.2c-9.5-9.5-9.3-25 .4-34.3L311.4 296H24c-13.3 0-24-10.7-24-24v-32c0-13.3 10.7-24 24-24h287.4L190.9 101.2c-9.8-9.3-10-24.8-.4-34.3z\"><\/path><\/svg>\t\t\t\t\t\t<\/span>\n\t\t\t\t\t\t\t\t\t\t<span class=\"elementor-icon-list-text\">Reuni\u00f3 de la Junta de Propietaris: el president de la comunitat, o un nombre significatiu de propietaris, poden convocar una reuni\u00f3 extraordin\u00e0ria de la junta per a discutir el problema i decidir sobre possibles mesures correctives. En aquesta reuni\u00f3, es pot votar sobre la destituci\u00f3 de l'administrador si es considera necessari.<\/span>\n\t\t\t\t\t\t\t\t\t<\/li>\n\t\t\t\t\t\t<\/ul>\n\t\t\t\t\t\t<\/div>\n\t\t\t\t<div class=\"elementor-element elementor-element-ba984a9 elementor-icon-list--layout-traditional elementor-list-item-link-full_width elementor-widget elementor-widget-icon-list\" data-id=\"ba984a9\" data-element_type=\"widget\" data-e-type=\"widget\" data-widget_type=\"icon-list.default\">\n\t\t\t\t\t\t\t<ul class=\"elementor-icon-list-items\">\n\t\t\t\t\t\t\t<li class=\"elementor-icon-list-item\">\n\t\t\t\t\t\t\t\t\t\t\t<span class=\"elementor-icon-list-icon\">\n\t\t\t\t\t\t\t<svg aria-hidden=\"true\" class=\"e-font-icon-svg e-fas-arrow-right\" viewBox=\"0 0 448 512\" xmlns=\"http:\/\/www.w3.org\/2000\/svg\"><path d=\"M190.5 66.9l22.2-22.2c9.4-9.4 24.6-9.4 33.9 0L441 239c9.4 9.4 9.4 24.6 0 33.9L246.6 467.3c-9.4 9.4-24.6 9.4-33.9 0l-22.2-22.2c-9.5-9.5-9.3-25 .4-34.3L311.4 296H24c-13.3 0-24-10.7-24-24v-32c0-13.3 10.7-24 24-24h287.4L190.9 101.2c-9.8-9.3-10-24.8-.4-34.3z\"><\/path><\/svg>\t\t\t\t\t\t<\/span>\n\t\t\t\t\t\t\t\t\t\t<span class=\"elementor-icon-list-text\">Cerca d'assessorament extern: en cas de ser necessari, els propietaris poden buscar assessorament legal per a entendre millor els seus drets i opcions.<\/span>\n\t\t\t\t\t\t\t\t\t<\/li>\n\t\t\t\t\t\t<\/ul>\n\t\t\t\t\t\t<\/div>\n\t\t\t\t<div class=\"elementor-element elementor-element-1a919db elementor-widget elementor-widget-image\" data-id=\"1a919db\" data-element_type=\"widget\" data-e-type=\"widget\" data-widget_type=\"image.default\">\n\t\t\t\t\t\t\t\t\t\t\t\t\t\t\t<img decoding=\"async\" width=\"800\" height=\"534\" src=\"https:\/\/adhernandez.com\/wp-content\/uploads\/2023\/07\/obligaciones-administrador-fincas-.jpg\" class=\"attachment-large size-large wp-image-28591\" alt=\"obligaciones administrador fincas\" srcset=\"https:\/\/adhernandez.com\/wp-content\/uploads\/2023\/07\/obligaciones-administrador-fincas-.jpg 800w, https:\/\/adhernandez.com\/wp-content\/uploads\/2023\/07\/obligaciones-administrador-fincas--300x200.jpg.webp 300w, https:\/\/adhernandez.com\/wp-content\/uploads\/2023\/07\/obligaciones-administrador-fincas--768x513.jpg.webp 768w, https:\/\/adhernandez.com\/wp-content\/uploads\/2023\/07\/obligaciones-administrador-fincas--496x331.jpg.webp 496w\" sizes=\"(max-width: 800px) 100vw, 800px\" \/>\t\t\t\t\t\t\t\t\t\t\t\t\t\t\t<\/div>\n\t\t\t\t<div class=\"elementor-element elementor-element-0662a5d elementor-widget elementor-widget-text-editor\" data-id=\"0662a5d\" data-element_type=\"widget\" data-e-type=\"widget\" data-widget_type=\"text-editor.default\">\n\t\t\t\t\t\t\t\t\t<p>\u00c9s fonamental que tots els propietaris estiguin al corrent de les obligacions de l&#8217;administrador de finques i dels procediments per a prendre mesures si aquestes no es compleixen. La gesti\u00f3 de la propietat comunit\u00e0ria \u00e9s un assumpte de tots els residents i tots han d&#8217;estar preparats per a prendre mesures si l&#8217;administrador no compleix amb les seves obligacions.<\/p>\n\t\t\t\t\t\t\t\t<\/div>\n\t\t\t\t<div class=\"elementor-element elementor-element-fb16c53 elementor-widget elementor-widget-text-editor\" data-id=\"fb16c53\" data-element_type=\"widget\" data-e-type=\"widget\" data-widget_type=\"text-editor.default\">\n\t\t\t\t\t\t\t\t\t<h2>Es pot cessar l&#8217;administrador de finques abans d&#8217;acabar el contracte?<\/h2>\n\t\t\t\t\t\t\t\t<\/div>\n\t\t\t\t<div class=\"elementor-element elementor-element-5d6867d elementor-widget elementor-widget-text-editor\" data-id=\"5d6867d\" data-element_type=\"widget\" data-e-type=\"widget\" data-widget_type=\"text-editor.default\">\n\t\t\t\t\t\t\t\t\t<p>El cessament d&#8217;un administrador de finques abans que finalitzi el seu contracte \u00e9s una q\u00fcesti\u00f3 delicada. Segons la Llei de Propietat Horitzontal, la comunitat de propietaris pot destituir l&#8217;administrador per majoria simple en una junta de propietaris convocada espec\u00edficament per a aquest prop\u00f2sit.<\/p>\n<p>En alguns casos, pot sorgir la pregunta: pot un administrador de finques renunciar? La resposta \u00e9s s\u00ed, un administrador de finques pot renunciar al seu contracte en qualsevol moment, sempre que proporcioni un av\u00eds previ raonable a la comunitat de propietaris.<\/p>\n\t\t\t\t\t\t\t\t<\/div>\n\t\t\t\t<div class=\"elementor-element elementor-element-5e8a06c elementor-widget elementor-widget-text-editor\" data-id=\"5e8a06c\" data-element_type=\"widget\" data-e-type=\"widget\" data-widget_type=\"text-editor.default\">\n\t\t\t\t\t\t\t\t\t<p>En conclusi\u00f3, encara que la majoria dels administradors de finques compleixen amb dilig\u00e8ncia les seves obligacions, \u00e9s important que els propietaris s\u00e0piguen qu\u00e8 fer si es troben amb un administrador que no est\u00e0 complint amb les seves funcions.<\/p>\n<p>La comunicaci\u00f3, la den\u00fancia i les accions legals s\u00f3n totes opcions v\u00e0lides, i en \u00faltima inst\u00e0ncia, la comunitat de propietaris t\u00e9 la capacitat de cessar l&#8217;administrador si \u00e9s necessari.<\/p>\n\t\t\t\t\t\t\t\t<\/div>\n\t\t\t\t\t<\/div>\n\t\t<\/div>\n\t\t\t\t\t<\/div>\n\t\t<\/section>\n\t\t\t\t<\/div>\n\t\t","protected":false},"excerpt":{"rendered":"<p>Descobreix les obligacions de l&#8217;administrador de finques i qu\u00e8 fer si no compleix amb elles. Coneix les funcions que ha d&#8217;exercir i les responsabilitats que t\u00e9.<\/p>\n","protected":false},"author":6,"featured_media":28578,"comment_status":"closed","ping_status":"open","sticky":false,"template":"","format":"standard","meta":{"footnotes":""},"categories":[365],"tags":[],"class_list":["post-28626","post","type-post","status-publish","format-standard","has-post-thumbnail","hentry","category-propiedad-horizontal-ca"],"yoast_head":"<!-- This site is optimized with the Yoast SEO plugin v27.4 - https:\/\/yoast.com\/product\/yoast-seo-wordpress\/ -->\n<title>Qu\u00e8 passa si l&#039;administrador de finques no compleix amb les seves obligacions? - Administraciones Hern\u00e1ndez<\/title>\n<meta name=\"description\" content=\"Descobreix les obligacions de l&#039;administrador de finques i qu\u00e8 fer si no compleix amb elles. Coneix les funcions que ha d&#039;exercir i les responsabilitats que t\u00e9.\" \/>\n<meta name=\"robots\" content=\"index, follow, max-snippet:-1, max-image-preview:large, max-video-preview:-1\" \/>\n<link rel=\"canonical\" href=\"https:\/\/adhernandez.com\/ca\/2023\/07\/29\/que-passa-si-ladministrador-de-finques-no-compleix-amb-les-seves-obligacions\/\" \/>\n<meta property=\"og:locale\" content=\"ca_ES\" \/>\n<meta property=\"og:type\" content=\"article\" \/>\n<meta property=\"og:title\" content=\"Qu\u00e8 passa si l&#039;administrador de finques no compleix amb les seves obligacions? - Administraciones Hern\u00e1ndez\" \/>\n<meta property=\"og:description\" content=\"Descobreix les obligacions de l&#039;administrador de finques i qu\u00e8 fer si no compleix amb elles. Coneix les funcions que ha d&#039;exercir i les responsabilitats que t\u00e9.\" \/>\n<meta property=\"og:url\" content=\"https:\/\/adhernandez.com\/ca\/2023\/07\/29\/que-passa-si-ladministrador-de-finques-no-compleix-amb-les-seves-obligacions\/\" \/>\n<meta property=\"og:site_name\" content=\"Administraciones Hern\u00e1ndez\" \/>\n<meta property=\"article:published_time\" content=\"2023-07-29T11:45:39+00:00\" \/>\n<meta property=\"article:modified_time\" content=\"2023-09-19T08:56:40+00:00\" \/>\n<meta property=\"og:image\" content=\"https:\/\/adhernandez.com\/wp-content\/uploads\/2023\/07\/obligaciones-administrador-fincas.jpg\" \/>\n\t<meta property=\"og:image:width\" content=\"1000\" \/>\n\t<meta property=\"og:image:height\" content=\"431\" \/>\n\t<meta property=\"og:image:type\" content=\"image\/jpeg\" \/>\n<meta name=\"author\" content=\"AdHern\u00e1ndez\" \/>\n<meta name=\"twitter:card\" content=\"summary_large_image\" \/>\n<meta name=\"twitter:label1\" content=\"Escrit per\" \/>\n\t<meta name=\"twitter:data1\" content=\"AdHern\u00e1ndez\" \/>\n\t<meta name=\"twitter:label2\" content=\"Temps estimat de lectura\" \/>\n\t<meta name=\"twitter:data2\" content=\"5 minuts\" \/>\n<script type=\"application\/ld+json\" class=\"yoast-schema-graph\">{\"@context\":\"https:\\\/\\\/schema.org\",\"@graph\":[{\"@type\":\"Article\",\"@id\":\"https:\\\/\\\/adhernandez.com\\\/ca\\\/2023\\\/07\\\/29\\\/que-passa-si-ladministrador-de-finques-no-compleix-amb-les-seves-obligacions\\\/#article\",\"isPartOf\":{\"@id\":\"https:\\\/\\\/adhernandez.com\\\/ca\\\/2023\\\/07\\\/29\\\/que-passa-si-ladministrador-de-finques-no-compleix-amb-les-seves-obligacions\\\/\"},\"author\":{\"name\":\"AdHern\u00e1ndez\",\"@id\":\"https:\\\/\\\/adhernandez.com\\\/ca\\\/#\\\/schema\\\/person\\\/330b9c8828ff3a80ee8053b5fff0e848\"},\"headline\":\"Qu\u00e8 passa si l&#8217;administrador de finques no compleix amb les seves obligacions?\",\"datePublished\":\"2023-07-29T11:45:39+00:00\",\"dateModified\":\"2023-09-19T08:56:40+00:00\",\"mainEntityOfPage\":{\"@id\":\"https:\\\/\\\/adhernandez.com\\\/ca\\\/2023\\\/07\\\/29\\\/que-passa-si-ladministrador-de-finques-no-compleix-amb-les-seves-obligacions\\\/\"},\"wordCount\":741,\"image\":{\"@id\":\"https:\\\/\\\/adhernandez.com\\\/ca\\\/2023\\\/07\\\/29\\\/que-passa-si-ladministrador-de-finques-no-compleix-amb-les-seves-obligacions\\\/#primaryimage\"},\"thumbnailUrl\":\"https:\\\/\\\/adhernandez.com\\\/wp-content\\\/uploads\\\/2023\\\/07\\\/obligaciones-administrador-fincas.jpg\",\"articleSection\":[\"Propiedad Horizontal\"],\"inLanguage\":\"ca\"},{\"@type\":\"WebPage\",\"@id\":\"https:\\\/\\\/adhernandez.com\\\/ca\\\/2023\\\/07\\\/29\\\/que-passa-si-ladministrador-de-finques-no-compleix-amb-les-seves-obligacions\\\/\",\"url\":\"https:\\\/\\\/adhernandez.com\\\/ca\\\/2023\\\/07\\\/29\\\/que-passa-si-ladministrador-de-finques-no-compleix-amb-les-seves-obligacions\\\/\",\"name\":\"Qu\u00e8 passa si l'administrador de finques no compleix amb les seves obligacions? - Administraciones Hern\u00e1ndez\",\"isPartOf\":{\"@id\":\"https:\\\/\\\/adhernandez.com\\\/ca\\\/#website\"},\"primaryImageOfPage\":{\"@id\":\"https:\\\/\\\/adhernandez.com\\\/ca\\\/2023\\\/07\\\/29\\\/que-passa-si-ladministrador-de-finques-no-compleix-amb-les-seves-obligacions\\\/#primaryimage\"},\"image\":{\"@id\":\"https:\\\/\\\/adhernandez.com\\\/ca\\\/2023\\\/07\\\/29\\\/que-passa-si-ladministrador-de-finques-no-compleix-amb-les-seves-obligacions\\\/#primaryimage\"},\"thumbnailUrl\":\"https:\\\/\\\/adhernandez.com\\\/wp-content\\\/uploads\\\/2023\\\/07\\\/obligaciones-administrador-fincas.jpg\",\"datePublished\":\"2023-07-29T11:45:39+00:00\",\"dateModified\":\"2023-09-19T08:56:40+00:00\",\"author\":{\"@id\":\"https:\\\/\\\/adhernandez.com\\\/ca\\\/#\\\/schema\\\/person\\\/330b9c8828ff3a80ee8053b5fff0e848\"},\"description\":\"Descobreix les obligacions de l'administrador de finques i qu\u00e8 fer si no compleix amb elles. Coneix les funcions que ha d'exercir i les responsabilitats que t\u00e9.\",\"breadcrumb\":{\"@id\":\"https:\\\/\\\/adhernandez.com\\\/ca\\\/2023\\\/07\\\/29\\\/que-passa-si-ladministrador-de-finques-no-compleix-amb-les-seves-obligacions\\\/#breadcrumb\"},\"inLanguage\":\"ca\",\"potentialAction\":[{\"@type\":\"ReadAction\",\"target\":[\"https:\\\/\\\/adhernandez.com\\\/ca\\\/2023\\\/07\\\/29\\\/que-passa-si-ladministrador-de-finques-no-compleix-amb-les-seves-obligacions\\\/\"]}]},{\"@type\":\"ImageObject\",\"inLanguage\":\"ca\",\"@id\":\"https:\\\/\\\/adhernandez.com\\\/ca\\\/2023\\\/07\\\/29\\\/que-passa-si-ladministrador-de-finques-no-compleix-amb-les-seves-obligacions\\\/#primaryimage\",\"url\":\"https:\\\/\\\/adhernandez.com\\\/wp-content\\\/uploads\\\/2023\\\/07\\\/obligaciones-administrador-fincas.jpg\",\"contentUrl\":\"https:\\\/\\\/adhernandez.com\\\/wp-content\\\/uploads\\\/2023\\\/07\\\/obligaciones-administrador-fincas.jpg\",\"width\":1000,\"height\":431,\"caption\":\"obligaciones administrador fincas\"},{\"@type\":\"BreadcrumbList\",\"@id\":\"https:\\\/\\\/adhernandez.com\\\/ca\\\/2023\\\/07\\\/29\\\/que-passa-si-ladministrador-de-finques-no-compleix-amb-les-seves-obligacions\\\/#breadcrumb\",\"itemListElement\":[{\"@type\":\"ListItem\",\"position\":1,\"name\":\"Portada\",\"item\":\"https:\\\/\\\/adhernandez.com\\\/ca\\\/adhernandez-inicio\\\/\"},{\"@type\":\"ListItem\",\"position\":2,\"name\":\"Qu\u00e8 passa si l&#8217;administrador de finques no compleix amb les seves obligacions?\"}]},{\"@type\":\"WebSite\",\"@id\":\"https:\\\/\\\/adhernandez.com\\\/ca\\\/#website\",\"url\":\"https:\\\/\\\/adhernandez.com\\\/ca\\\/\",\"name\":\"Administraciones Hern\u00e1ndez\",\"description\":\"Equipo de profesionales con amplia experiencia en la gesti\u00f3n del patrimonio inmobiliario\",\"potentialAction\":[{\"@type\":\"SearchAction\",\"target\":{\"@type\":\"EntryPoint\",\"urlTemplate\":\"https:\\\/\\\/adhernandez.com\\\/ca\\\/?s={search_term_string}\"},\"query-input\":{\"@type\":\"PropertyValueSpecification\",\"valueRequired\":true,\"valueName\":\"search_term_string\"}}],\"inLanguage\":\"ca\"},{\"@type\":\"Person\",\"@id\":\"https:\\\/\\\/adhernandez.com\\\/ca\\\/#\\\/schema\\\/person\\\/330b9c8828ff3a80ee8053b5fff0e848\",\"name\":\"AdHern\u00e1ndez\",\"image\":{\"@type\":\"ImageObject\",\"inLanguage\":\"ca\",\"@id\":\"https:\\\/\\\/adhernandez.com\\\/wp-content\\\/litespeed\\\/avatar\\\/6b84e2484050905299b010a711cff345.jpg?ver=1777323059\",\"url\":\"https:\\\/\\\/adhernandez.com\\\/wp-content\\\/litespeed\\\/avatar\\\/6b84e2484050905299b010a711cff345.jpg?ver=1777323059\",\"contentUrl\":\"https:\\\/\\\/adhernandez.com\\\/wp-content\\\/litespeed\\\/avatar\\\/6b84e2484050905299b010a711cff345.jpg?ver=1777323059\",\"caption\":\"AdHern\u00e1ndez\"},\"url\":\"https:\\\/\\\/adhernandez.com\\\/ca\\\/author\\\/veronica\\\/\"}]}<\/script>\n<!-- \/ Yoast SEO plugin. -->","yoast_head_json":{"title":"Qu\u00e8 passa si l'administrador de finques no compleix amb les seves obligacions? - Administraciones Hern\u00e1ndez","description":"Descobreix les obligacions de l'administrador de finques i qu\u00e8 fer si no compleix amb elles. Coneix les funcions que ha d'exercir i les responsabilitats que t\u00e9.","robots":{"index":"index","follow":"follow","max-snippet":"max-snippet:-1","max-image-preview":"max-image-preview:large","max-video-preview":"max-video-preview:-1"},"canonical":"https:\/\/adhernandez.com\/ca\/2023\/07\/29\/que-passa-si-ladministrador-de-finques-no-compleix-amb-les-seves-obligacions\/","og_locale":"ca_ES","og_type":"article","og_title":"Qu\u00e8 passa si l'administrador de finques no compleix amb les seves obligacions? - Administraciones Hern\u00e1ndez","og_description":"Descobreix les obligacions de l'administrador de finques i qu\u00e8 fer si no compleix amb elles. Coneix les funcions que ha d'exercir i les responsabilitats que t\u00e9.","og_url":"https:\/\/adhernandez.com\/ca\/2023\/07\/29\/que-passa-si-ladministrador-de-finques-no-compleix-amb-les-seves-obligacions\/","og_site_name":"Administraciones Hern\u00e1ndez","article_published_time":"2023-07-29T11:45:39+00:00","article_modified_time":"2023-09-19T08:56:40+00:00","og_image":[{"width":1000,"height":431,"url":"https:\/\/adhernandez.com\/wp-content\/uploads\/2023\/07\/obligaciones-administrador-fincas.jpg","type":"image\/jpeg"}],"author":"AdHern\u00e1ndez","twitter_card":"summary_large_image","twitter_misc":{"Escrit per":"AdHern\u00e1ndez","Temps estimat de lectura":"5 minuts"},"schema":{"@context":"https:\/\/schema.org","@graph":[{"@type":"Article","@id":"https:\/\/adhernandez.com\/ca\/2023\/07\/29\/que-passa-si-ladministrador-de-finques-no-compleix-amb-les-seves-obligacions\/#article","isPartOf":{"@id":"https:\/\/adhernandez.com\/ca\/2023\/07\/29\/que-passa-si-ladministrador-de-finques-no-compleix-amb-les-seves-obligacions\/"},"author":{"name":"AdHern\u00e1ndez","@id":"https:\/\/adhernandez.com\/ca\/#\/schema\/person\/330b9c8828ff3a80ee8053b5fff0e848"},"headline":"Qu\u00e8 passa si l&#8217;administrador de finques no compleix amb les seves obligacions?","datePublished":"2023-07-29T11:45:39+00:00","dateModified":"2023-09-19T08:56:40+00:00","mainEntityOfPage":{"@id":"https:\/\/adhernandez.com\/ca\/2023\/07\/29\/que-passa-si-ladministrador-de-finques-no-compleix-amb-les-seves-obligacions\/"},"wordCount":741,"image":{"@id":"https:\/\/adhernandez.com\/ca\/2023\/07\/29\/que-passa-si-ladministrador-de-finques-no-compleix-amb-les-seves-obligacions\/#primaryimage"},"thumbnailUrl":"https:\/\/adhernandez.com\/wp-content\/uploads\/2023\/07\/obligaciones-administrador-fincas.jpg","articleSection":["Propiedad Horizontal"],"inLanguage":"ca"},{"@type":"WebPage","@id":"https:\/\/adhernandez.com\/ca\/2023\/07\/29\/que-passa-si-ladministrador-de-finques-no-compleix-amb-les-seves-obligacions\/","url":"https:\/\/adhernandez.com\/ca\/2023\/07\/29\/que-passa-si-ladministrador-de-finques-no-compleix-amb-les-seves-obligacions\/","name":"Qu\u00e8 passa si l'administrador de finques no compleix amb les seves obligacions? - Administraciones Hern\u00e1ndez","isPartOf":{"@id":"https:\/\/adhernandez.com\/ca\/#website"},"primaryImageOfPage":{"@id":"https:\/\/adhernandez.com\/ca\/2023\/07\/29\/que-passa-si-ladministrador-de-finques-no-compleix-amb-les-seves-obligacions\/#primaryimage"},"image":{"@id":"https:\/\/adhernandez.com\/ca\/2023\/07\/29\/que-passa-si-ladministrador-de-finques-no-compleix-amb-les-seves-obligacions\/#primaryimage"},"thumbnailUrl":"https:\/\/adhernandez.com\/wp-content\/uploads\/2023\/07\/obligaciones-administrador-fincas.jpg","datePublished":"2023-07-29T11:45:39+00:00","dateModified":"2023-09-19T08:56:40+00:00","author":{"@id":"https:\/\/adhernandez.com\/ca\/#\/schema\/person\/330b9c8828ff3a80ee8053b5fff0e848"},"description":"Descobreix les obligacions de l'administrador de finques i qu\u00e8 fer si no compleix amb elles. Coneix les funcions que ha d'exercir i les responsabilitats que t\u00e9.","breadcrumb":{"@id":"https:\/\/adhernandez.com\/ca\/2023\/07\/29\/que-passa-si-ladministrador-de-finques-no-compleix-amb-les-seves-obligacions\/#breadcrumb"},"inLanguage":"ca","potentialAction":[{"@type":"ReadAction","target":["https:\/\/adhernandez.com\/ca\/2023\/07\/29\/que-passa-si-ladministrador-de-finques-no-compleix-amb-les-seves-obligacions\/"]}]},{"@type":"ImageObject","inLanguage":"ca","@id":"https:\/\/adhernandez.com\/ca\/2023\/07\/29\/que-passa-si-ladministrador-de-finques-no-compleix-amb-les-seves-obligacions\/#primaryimage","url":"https:\/\/adhernandez.com\/wp-content\/uploads\/2023\/07\/obligaciones-administrador-fincas.jpg","contentUrl":"https:\/\/adhernandez.com\/wp-content\/uploads\/2023\/07\/obligaciones-administrador-fincas.jpg","width":1000,"height":431,"caption":"obligaciones administrador fincas"},{"@type":"BreadcrumbList","@id":"https:\/\/adhernandez.com\/ca\/2023\/07\/29\/que-passa-si-ladministrador-de-finques-no-compleix-amb-les-seves-obligacions\/#breadcrumb","itemListElement":[{"@type":"ListItem","position":1,"name":"Portada","item":"https:\/\/adhernandez.com\/ca\/adhernandez-inicio\/"},{"@type":"ListItem","position":2,"name":"Qu\u00e8 passa si l&#8217;administrador de finques no compleix amb les seves obligacions?"}]},{"@type":"WebSite","@id":"https:\/\/adhernandez.com\/ca\/#website","url":"https:\/\/adhernandez.com\/ca\/","name":"Administraciones Hern\u00e1ndez","description":"Equipo de profesionales con amplia experiencia en la gesti\u00f3n del patrimonio inmobiliario","potentialAction":[{"@type":"SearchAction","target":{"@type":"EntryPoint","urlTemplate":"https:\/\/adhernandez.com\/ca\/?s={search_term_string}"},"query-input":{"@type":"PropertyValueSpecification","valueRequired":true,"valueName":"search_term_string"}}],"inLanguage":"ca"},{"@type":"Person","@id":"https:\/\/adhernandez.com\/ca\/#\/schema\/person\/330b9c8828ff3a80ee8053b5fff0e848","name":"AdHern\u00e1ndez","image":{"@type":"ImageObject","inLanguage":"ca","@id":"https:\/\/adhernandez.com\/wp-content\/litespeed\/avatar\/6b84e2484050905299b010a711cff345.jpg?ver=1777323059","url":"https:\/\/adhernandez.com\/wp-content\/litespeed\/avatar\/6b84e2484050905299b010a711cff345.jpg?ver=1777323059","contentUrl":"https:\/\/adhernandez.com\/wp-content\/litespeed\/avatar\/6b84e2484050905299b010a711cff345.jpg?ver=1777323059","caption":"AdHern\u00e1ndez"},"url":"https:\/\/adhernandez.com\/ca\/author\/veronica\/"}]}},"_links":{"self":[{"href":"https:\/\/adhernandez.com\/ca\/wp-json\/wp\/v2\/posts\/28626","targetHints":{"allow":["GET"]}}],"collection":[{"href":"https:\/\/adhernandez.com\/ca\/wp-json\/wp\/v2\/posts"}],"about":[{"href":"https:\/\/adhernandez.com\/ca\/wp-json\/wp\/v2\/types\/post"}],"author":[{"embeddable":true,"href":"https:\/\/adhernandez.com\/ca\/wp-json\/wp\/v2\/users\/6"}],"replies":[{"embeddable":true,"href":"https:\/\/adhernandez.com\/ca\/wp-json\/wp\/v2\/comments?post=28626"}],"version-history":[{"count":4,"href":"https:\/\/adhernandez.com\/ca\/wp-json\/wp\/v2\/posts\/28626\/revisions"}],"predecessor-version":[{"id":28892,"href":"https:\/\/adhernandez.com\/ca\/wp-json\/wp\/v2\/posts\/28626\/revisions\/28892"}],"wp:featuredmedia":[{"embeddable":true,"href":"https:\/\/adhernandez.com\/ca\/wp-json\/wp\/v2\/media\/28578"}],"wp:attachment":[{"href":"https:\/\/adhernandez.com\/ca\/wp-json\/wp\/v2\/media?parent=28626"}],"wp:term":[{"taxonomy":"category","embeddable":true,"href":"https:\/\/adhernandez.com\/ca\/wp-json\/wp\/v2\/categories?post=28626"},{"taxonomy":"post_tag","embeddable":true,"href":"https:\/\/adhernandez.com\/ca\/wp-json\/wp\/v2\/tags?post=28626"}],"curies":[{"name":"wp","href":"https:\/\/api.w.org\/{rel}","templated":true}]}}