{"id":28600,"date":"2023-07-14T12:46:19","date_gmt":"2023-07-14T12:46:19","guid":{"rendered":"https:\/\/adhernandez.com\/2023\/07\/14\/qui-es-fa-carrec-de-posar-rampes-en-la-comunitat-de-veins\/"},"modified":"2023-07-14T12:54:39","modified_gmt":"2023-07-14T12:54:39","slug":"qui-es-fa-carrec-de-posar-rampes-en-la-comunitat-de-veins","status":"publish","type":"post","link":"https:\/\/adhernandez.com\/ca\/2023\/07\/14\/qui-es-fa-carrec-de-posar-rampes-en-la-comunitat-de-veins\/","title":{"rendered":"Qui es fa c\u00e0rrec de posar rampes en la comunitat de ve\u00efns?"},"content":{"rendered":"\t\t<div data-elementor-type=\"wp-post\" data-elementor-id=\"28600\" class=\"elementor elementor-28600 elementor-28553\">\n\t\t\t\t\t\t<section class=\"elementor-section elementor-top-section elementor-element elementor-element-54e3833 elementor-section-boxed elementor-section-height-default elementor-section-height-default\" data-id=\"54e3833\" data-element_type=\"section\" data-e-type=\"section\">\n\t\t\t\t\t\t<div class=\"elementor-container elementor-column-gap-default\">\n\t\t\t\t\t<div class=\"elementor-column elementor-col-100 elementor-top-column elementor-element elementor-element-e3651f3\" data-id=\"e3651f3\" data-element_type=\"column\" data-e-type=\"column\">\n\t\t\t<div class=\"elementor-widget-wrap elementor-element-populated\">\n\t\t\t\t\t\t<div class=\"elementor-element elementor-element-490632f elementor-widget elementor-widget-text-editor\" data-id=\"490632f\" data-element_type=\"widget\" data-e-type=\"widget\" data-widget_type=\"text-editor.default\">\n\t\t\t\t\t\t\t\t\t<p>La inclusi\u00f3 i accessibilitat s\u00f3n principis fonamentals en la societat actual. En aquest sentit, \u00e9s important con\u00e8ixer els procediments per a posar rampes en comunitats de ve\u00efns, que s\u00f3n un component essencial per a garantir la mobilitat de totes les persones, independentment de les seves capacitats f\u00edsiques.<\/p>\n<p>En una societat que valora cada vegada m\u00e9s la inclusi\u00f3 i l&#8217;accessibilitat, la instal\u00b7laci\u00f3 de rampes en les comunitats de ve\u00efns ha adquirit una import\u00e0ncia central. Aquestes modificacions arquitect\u00f2niques s\u00f3n essencials per a garantir la mobilitat de totes les persones, independentment de la seva edat o de qualsevol discapacitat que puguin tenir.<\/p>\n<p>Per\u00f2 quan es tracta de prendre mesures per a instal\u00b7lar aquestes rampes, qui \u00e9s responsable? Quin paper juguen les normatives locals i nacionals? Com es financen aquestes millores?<\/p>\n\t\t\t\t\t\t\t\t<\/div>\n\t\t\t\t<div class=\"elementor-element elementor-element-c7cea23 elementor-widget elementor-widget-text-editor\" data-id=\"c7cea23\" data-element_type=\"widget\" data-e-type=\"widget\" data-widget_type=\"text-editor.default\">\n\t\t\t\t\t\t\t\t\t<h2>\nPersones que poden sol\u00b7licitar la instal\u00b7laci\u00f3 d&#8217;una rampa en la comunitat de ve\u00efns<\/h2>\n\t\t\t\t\t\t\t\t<\/div>\n\t\t\t\t<div class=\"elementor-element elementor-element-a38073b elementor-widget elementor-widget-text-editor\" data-id=\"a38073b\" data-element_type=\"widget\" data-e-type=\"widget\" data-widget_type=\"text-editor.default\">\n\t\t\t\t\t\t\t\t\t<p>La petici\u00f3 per a la instal\u00b7laci\u00f3 d&#8217;una rampa pot venir de diversos actors dins de la comunitat de propietaris:<\/p>\n\t\t\t\t\t\t\t\t<\/div>\n\t\t\t\t<div class=\"elementor-element elementor-element-60c5533 elementor-icon-list--layout-traditional elementor-list-item-link-full_width elementor-widget elementor-widget-icon-list\" data-id=\"60c5533\" data-element_type=\"widget\" data-e-type=\"widget\" data-widget_type=\"icon-list.default\">\n\t\t\t\t\t\t\t<ul class=\"elementor-icon-list-items\">\n\t\t\t\t\t\t\t<li class=\"elementor-icon-list-item\">\n\t\t\t\t\t\t\t\t\t\t\t<span class=\"elementor-icon-list-icon\">\n\t\t\t\t\t\t\t<svg aria-hidden=\"true\" class=\"e-font-icon-svg e-fas-arrow-right\" viewBox=\"0 0 448 512\" xmlns=\"http:\/\/www.w3.org\/2000\/svg\"><path d=\"M190.5 66.9l22.2-22.2c9.4-9.4 24.6-9.4 33.9 0L441 239c9.4 9.4 9.4 24.6 0 33.9L246.6 467.3c-9.4 9.4-24.6 9.4-33.9 0l-22.2-22.2c-9.5-9.5-9.3-25 .4-34.3L311.4 296H24c-13.3 0-24-10.7-24-24v-32c0-13.3 10.7-24 24-24h287.4L190.9 101.2c-9.8-9.3-10-24.8-.4-34.3z\"><\/path><\/svg>\t\t\t\t\t\t<\/span>\n\t\t\t\t\t\t\t\t\t\t<span class=\"elementor-icon-list-text\"><b>Propietaris<\/b>: qualsevol propietari pot sol\u00b7licitar la instal\u00b7laci\u00f3 d'una rampa, especialment si ell mateix o un membre de la seva fam\u00edlia t\u00e9 mobilitat redu\u00efda.<\/span>\n\t\t\t\t\t\t\t\t\t<\/li>\n\t\t\t\t\t\t<\/ul>\n\t\t\t\t\t\t<\/div>\n\t\t\t\t<div class=\"elementor-element elementor-element-10c179c elementor-icon-list--layout-traditional elementor-list-item-link-full_width elementor-widget elementor-widget-icon-list\" data-id=\"10c179c\" data-element_type=\"widget\" data-e-type=\"widget\" data-widget_type=\"icon-list.default\">\n\t\t\t\t\t\t\t<ul class=\"elementor-icon-list-items\">\n\t\t\t\t\t\t\t<li class=\"elementor-icon-list-item\">\n\t\t\t\t\t\t\t\t\t\t\t<span class=\"elementor-icon-list-icon\">\n\t\t\t\t\t\t\t<svg aria-hidden=\"true\" class=\"e-font-icon-svg e-fas-arrow-right\" viewBox=\"0 0 448 512\" xmlns=\"http:\/\/www.w3.org\/2000\/svg\"><path d=\"M190.5 66.9l22.2-22.2c9.4-9.4 24.6-9.4 33.9 0L441 239c9.4 9.4 9.4 24.6 0 33.9L246.6 467.3c-9.4 9.4-24.6 9.4-33.9 0l-22.2-22.2c-9.5-9.5-9.3-25 .4-34.3L311.4 296H24c-13.3 0-24-10.7-24-24v-32c0-13.3 10.7-24 24-24h287.4L190.9 101.2c-9.8-9.3-10-24.8-.4-34.3z\"><\/path><\/svg>\t\t\t\t\t\t<\/span>\n\t\t\t\t\t\t\t\t\t\t<span class=\"elementor-icon-list-text\"><b>Inquilins<\/b>: els inquilins tamb\u00e9 poden sol\u00b7licitar la instal\u00b7laci\u00f3 d'una rampa, especialment si tenen una necessitat personal. No obstant aix\u00f2, \u00e9s possible que necessitin obtenir el perm\u00eds del propietari de l'immoble.<\/span>\n\t\t\t\t\t\t\t\t\t<\/li>\n\t\t\t\t\t\t<\/ul>\n\t\t\t\t\t\t<\/div>\n\t\t\t\t<div class=\"elementor-element elementor-element-6e9f2bf elementor-icon-list--layout-traditional elementor-list-item-link-full_width elementor-widget elementor-widget-icon-list\" data-id=\"6e9f2bf\" data-element_type=\"widget\" data-e-type=\"widget\" data-widget_type=\"icon-list.default\">\n\t\t\t\t\t\t\t<ul class=\"elementor-icon-list-items\">\n\t\t\t\t\t\t\t<li class=\"elementor-icon-list-item\">\n\t\t\t\t\t\t\t\t\t\t\t<span class=\"elementor-icon-list-icon\">\n\t\t\t\t\t\t\t<svg aria-hidden=\"true\" class=\"e-font-icon-svg e-fas-arrow-right\" viewBox=\"0 0 448 512\" xmlns=\"http:\/\/www.w3.org\/2000\/svg\"><path d=\"M190.5 66.9l22.2-22.2c9.4-9.4 24.6-9.4 33.9 0L441 239c9.4 9.4 9.4 24.6 0 33.9L246.6 467.3c-9.4 9.4-24.6 9.4-33.9 0l-22.2-22.2c-9.5-9.5-9.3-25 .4-34.3L311.4 296H24c-13.3 0-24-10.7-24-24v-32c0-13.3 10.7-24 24-24h287.4L190.9 101.2c-9.8-9.3-10-24.8-.4-34.3z\"><\/path><\/svg>\t\t\t\t\t\t<\/span>\n\t\t\t\t\t\t\t\t\t\t<span class=\"elementor-icon-list-text\"><b>President de la comunitat<\/b>: com a representant de la comunitat de propietaris, el president pot sol\u00b7licitar la instal\u00b7laci\u00f3 d'una rampa en propietat horitzontal, en particular si \u00e9s una mesura necess\u00e0ria per a assegurar l'accessibilitat i complir amb la normativa vigent<\/span>\n\t\t\t\t\t\t\t\t\t<\/li>\n\t\t\t\t\t\t<\/ul>\n\t\t\t\t\t\t<\/div>\n\t\t\t\t<div class=\"elementor-element elementor-element-4a7ab82 elementor-widget elementor-widget-text-editor\" data-id=\"4a7ab82\" data-element_type=\"widget\" data-e-type=\"widget\" data-widget_type=\"text-editor.default\">\n\t\t\t\t\t\t\t\t\t<p>\u00c9s important recordar que, d&#8217;acord amb la Llei de Propietat Horitzontal, qualsevol obra que millori l&#8217;accessibilitat de l&#8217;edifici \u00e9s considerada d&#8217;inter\u00e8s per a la comunitat i, per tant, pot ser sol\u00b7licitada per qualsevol propietari o inquil\u00ed.<\/p>\n\t\t\t\t\t\t\t\t<\/div>\n\t\t\t\t<div class=\"elementor-element elementor-element-174d9f1 elementor-widget elementor-widget-text-editor\" data-id=\"174d9f1\" data-element_type=\"widget\" data-e-type=\"widget\" data-widget_type=\"text-editor.default\">\n\t\t\t\t\t\t\t\t\t<h2>\u00c9s obligatori posar una rampa en la comunitat de ve\u00efns?<\/h2>\n\t\t\t\t\t\t\t\t<\/div>\n\t\t\t\t<div class=\"elementor-element elementor-element-0f3672d elementor-widget elementor-widget-text-editor\" data-id=\"0f3672d\" data-element_type=\"widget\" data-e-type=\"widget\" data-widget_type=\"text-editor.default\">\n\t\t\t\t\t\t\t\t\tLa q\u00fcesti\u00f3 de si \u00e9s obligatori instal\u00b7lar una rampa en una comunitat de ve\u00efns pot dependre de diverses circumst\u00e0ncies, per\u00f2 en termes generals, la normativa vigent a Barcelona i en tota Espanya estableix que l&#8217;accessibilitat ha de ser garantida en totes les propietats residencials.\r\n\r\nAquesta normativa es basa en el Reial decret legislatiu 1\/2013, que posa l&#8217;accent en la necessitat de garantir l&#8217;accessibilitat universal. Sota aquesta llei, si un propietari o inquil\u00ed amb discapacitat o major de 70 anys sol\u00b7licita la instal\u00b7laci\u00f3 d&#8217;una rampa, la comunitat de propietaris t\u00e9 el deure legal de realitzar les obres necess\u00e0ries per a fer l&#8217;edifici accessible. Aix\u00f2 s&#8217;aplica sempre que el cost total d&#8217;aquestes obres no excedeixi les quotes anuals ordin\u00e0ries de la comunitat de propietaris.\r\n\r\nL&#8217;obligaci\u00f3 d&#8217;instal\u00b7lar una rampa no es limita a situacions en les quals existeixin residents amb mobilitat redu\u00efda o majors de 70 anys. Els edificis tamb\u00e9 han de ser accessibles per a les visites i per als residents temporals amb discapacitats. Per tant, la instal\u00b7laci\u00f3 de rampes en les comunitats de propietaris pot ser considerada una necessitat general i una bona pr\u00e0ctica en termes d&#8217;inclusi\u00f3 i accessibilitat.\t\t\t\t\t\t\t\t<\/div>\n\t\t\t\t<div class=\"elementor-element elementor-element-56e38de elementor-widget elementor-widget-image\" data-id=\"56e38de\" data-element_type=\"widget\" data-e-type=\"widget\" data-widget_type=\"image.default\">\n\t\t\t\t\t\t\t\t\t\t\t\t\t\t\t<img fetchpriority=\"high\" decoding=\"async\" width=\"800\" height=\"533\" src=\"https:\/\/adhernandez.com\/wp-content\/uploads\/2023\/07\/poner-rampas-en-la-comunidad-de-vecinos-.jpg\" class=\"attachment-large size-large wp-image-28565\" alt=\"rampas en comunidad vecinos\" srcset=\"https:\/\/adhernandez.com\/wp-content\/uploads\/2023\/07\/poner-rampas-en-la-comunidad-de-vecinos-.jpg 800w, https:\/\/adhernandez.com\/wp-content\/uploads\/2023\/07\/poner-rampas-en-la-comunidad-de-vecinos--300x200.jpg.webp 300w, https:\/\/adhernandez.com\/wp-content\/uploads\/2023\/07\/poner-rampas-en-la-comunidad-de-vecinos--768x512.jpg.webp 768w, https:\/\/adhernandez.com\/wp-content\/uploads\/2023\/07\/poner-rampas-en-la-comunidad-de-vecinos--496x330.jpg.webp 496w\" sizes=\"(max-width: 800px) 100vw, 800px\" \/>\t\t\t\t\t\t\t\t\t\t\t\t\t\t\t<\/div>\n\t\t\t\t<div class=\"elementor-element elementor-element-12d3acd elementor-widget elementor-widget-text-editor\" data-id=\"12d3acd\" data-element_type=\"widget\" data-e-type=\"widget\" data-widget_type=\"text-editor.default\">\n\t\t\t\t\t\t\t\t\t<p>Quant als permisos per a la construcci\u00f3 d&#8217;una rampa, \u00e9s important recordar que qualsevol obra d&#8217;aquest tipus ha de ser aprovada per la Junta de Propietaris. A m\u00e9s, poden requerir-se permisos d&#8217;obra de l&#8217;Ajuntament, depenent de la naturalesa i l&#8217;abast de les obres a realitzar. \u00c9s essencial que tots els treballs es realitzin d&#8217;acord amb la normativa per a rampes en comunitats de ve\u00efns, i que la rampa s&#8217;instal\u00b7li correctament i segueixi les regulacions locals i nacionals per a garantir la seva seguretat i efectivitat.<\/p>\n<p>En termes m\u00e9s generals, l&#8217;obligaci\u00f3 d&#8217;instal\u00b7lar una rampa reflecteix el comprom\u00eds m\u00e9s ampli de la nostra societat amb la inclusi\u00f3 i l&#8217;accessibilitat. En garantir l&#8217;acc\u00e9s f\u00e0cil i segur a totes les \u00e0rees d&#8217;una propietat, les comunitats de ve\u00efns poden fer una contribuci\u00f3 significativa a aquest esfor\u00e7, millorant la qualitat de vida de tots els residents i visitants.<\/p>\n\t\t\t\t\t\t\t\t<\/div>\n\t\t\t\t<div class=\"elementor-element elementor-element-775654d elementor-widget elementor-widget-text-editor\" data-id=\"775654d\" data-element_type=\"widget\" data-e-type=\"widget\" data-widget_type=\"text-editor.default\">\n\t\t\t\t\t\t\t\t\t<h2>Existeixen ajudes i subvencions per a instal\u00b7lar rampes en la comunitat de ve\u00efns?<\/h2>\n\t\t\t\t\t\t\t\t<\/div>\n\t\t\t\t<div class=\"elementor-element elementor-element-15d27e0 elementor-widget elementor-widget-text-editor\" data-id=\"15d27e0\" data-element_type=\"widget\" data-e-type=\"widget\" data-widget_type=\"text-editor.default\">\n\t\t\t\t\t\t\t\t\tS\u00ed, existeixen diverses ajudes i subvencions destinades a millorar l&#8217;accessibilitat en edificis residencials. En el cas de Barcelona, l&#8217;Ajuntament i la Generalitat ofereixen subvencions per a l&#8217;eliminaci\u00f3 de barreres arquitect\u00f2niques en edificis d&#8217;habitatges.\r\n\r\nAquestes subvencions poden cobrir una part significativa del cost de les obres d&#8217;accessibilitat, com la instal\u00b7laci\u00f3 de rampes. Per a sol\u00b7licitar aquestes ajudes, \u00e9s necessari presentar un projecte d&#8217;obra que inclogui un informe t\u00e8cnic i diversos pressupostos d&#8217;empreses de construcci\u00f3.\r\n\r\nEn conclusi\u00f3, la instal\u00b7laci\u00f3 de rampes en comunitats de propietaris \u00e9s una responsabilitat compartida i un deure en termes de garantir l&#8217;accessibilitat per a tots. Amb el coneixement adequat i el suport de les subvencions disponibles, aquest proc\u00e9s pot dur-se a terme de manera eficient i efectiva, beneficiant a tota la comunitat.\t\t\t\t\t\t\t\t<\/div>\n\t\t\t\t\t<\/div>\n\t\t<\/div>\n\t\t\t\t\t<\/div>\n\t\t<\/section>\n\t\t\t\t<\/div>\n\t\t","protected":false},"excerpt":{"rendered":"<p>Descobreix tot sobre la normativa per a posar una rampa en la comunitat de ve\u00efns.<\/p>\n","protected":false},"author":6,"featured_media":28554,"comment_status":"closed","ping_status":"open","sticky":false,"template":"","format":"standard","meta":{"footnotes":""},"categories":[365],"tags":[],"class_list":["post-28600","post","type-post","status-publish","format-standard","has-post-thumbnail","hentry","category-propiedad-horizontal-ca"],"yoast_head":"<!-- This site is optimized with the Yoast SEO plugin v27.4 - https:\/\/yoast.com\/product\/yoast-seo-wordpress\/ -->\n<title>Qui es fa c\u00e0rrec de posar rampes en la comunitat de ve\u00efns? - Administraciones Hern\u00e1ndez<\/title>\n<meta name=\"description\" content=\"Descobreix tot sobre la normativa per a posar una rampa en la comunitat de ve\u00efns.\" \/>\n<meta name=\"robots\" content=\"index, follow, max-snippet:-1, max-image-preview:large, max-video-preview:-1\" \/>\n<link rel=\"canonical\" href=\"https:\/\/adhernandez.com\/ca\/2023\/07\/14\/qui-es-fa-carrec-de-posar-rampes-en-la-comunitat-de-veins\/\" \/>\n<meta property=\"og:locale\" content=\"ca_ES\" \/>\n<meta property=\"og:type\" content=\"article\" \/>\n<meta property=\"og:title\" content=\"Qui es fa c\u00e0rrec de posar rampes en la comunitat de ve\u00efns? - Administraciones Hern\u00e1ndez\" \/>\n<meta property=\"og:description\" content=\"Descobreix tot sobre la normativa per a posar una rampa en la comunitat de ve\u00efns.\" \/>\n<meta property=\"og:url\" content=\"https:\/\/adhernandez.com\/ca\/2023\/07\/14\/qui-es-fa-carrec-de-posar-rampes-en-la-comunitat-de-veins\/\" \/>\n<meta property=\"og:site_name\" content=\"Administraciones Hern\u00e1ndez\" \/>\n<meta property=\"article:published_time\" content=\"2023-07-14T12:46:19+00:00\" \/>\n<meta property=\"article:modified_time\" content=\"2023-07-14T12:54:39+00:00\" \/>\n<meta property=\"og:image\" content=\"https:\/\/adhernandez.com\/wp-content\/uploads\/2023\/07\/poner-rampas-en-la-comunidad-de-vecinos.jpg\" \/>\n\t<meta property=\"og:image:width\" content=\"1000\" \/>\n\t<meta property=\"og:image:height\" content=\"431\" \/>\n\t<meta property=\"og:image:type\" content=\"image\/jpeg\" \/>\n<meta name=\"author\" content=\"AdHern\u00e1ndez\" \/>\n<meta name=\"twitter:card\" content=\"summary_large_image\" \/>\n<meta name=\"twitter:label1\" content=\"Escrit per\" \/>\n\t<meta name=\"twitter:data1\" content=\"AdHern\u00e1ndez\" \/>\n\t<meta name=\"twitter:label2\" content=\"Temps estimat de lectura\" \/>\n\t<meta name=\"twitter:data2\" content=\"5 minuts\" \/>\n<script type=\"application\/ld+json\" class=\"yoast-schema-graph\">{\"@context\":\"https:\\\/\\\/schema.org\",\"@graph\":[{\"@type\":\"Article\",\"@id\":\"https:\\\/\\\/adhernandez.com\\\/ca\\\/2023\\\/07\\\/14\\\/qui-es-fa-carrec-de-posar-rampes-en-la-comunitat-de-veins\\\/#article\",\"isPartOf\":{\"@id\":\"https:\\\/\\\/adhernandez.com\\\/ca\\\/2023\\\/07\\\/14\\\/qui-es-fa-carrec-de-posar-rampes-en-la-comunitat-de-veins\\\/\"},\"author\":{\"name\":\"AdHern\u00e1ndez\",\"@id\":\"https:\\\/\\\/adhernandez.com\\\/ca\\\/#\\\/schema\\\/person\\\/330b9c8828ff3a80ee8053b5fff0e848\"},\"headline\":\"Qui es fa c\u00e0rrec de posar rampes en la comunitat de ve\u00efns?\",\"datePublished\":\"2023-07-14T12:46:19+00:00\",\"dateModified\":\"2023-07-14T12:54:39+00:00\",\"mainEntityOfPage\":{\"@id\":\"https:\\\/\\\/adhernandez.com\\\/ca\\\/2023\\\/07\\\/14\\\/qui-es-fa-carrec-de-posar-rampes-en-la-comunitat-de-veins\\\/\"},\"wordCount\":848,\"image\":{\"@id\":\"https:\\\/\\\/adhernandez.com\\\/ca\\\/2023\\\/07\\\/14\\\/qui-es-fa-carrec-de-posar-rampes-en-la-comunitat-de-veins\\\/#primaryimage\"},\"thumbnailUrl\":\"https:\\\/\\\/adhernandez.com\\\/wp-content\\\/uploads\\\/2023\\\/07\\\/poner-rampas-en-la-comunidad-de-vecinos.jpg\",\"articleSection\":[\"Propiedad Horizontal\"],\"inLanguage\":\"ca\"},{\"@type\":\"WebPage\",\"@id\":\"https:\\\/\\\/adhernandez.com\\\/ca\\\/2023\\\/07\\\/14\\\/qui-es-fa-carrec-de-posar-rampes-en-la-comunitat-de-veins\\\/\",\"url\":\"https:\\\/\\\/adhernandez.com\\\/ca\\\/2023\\\/07\\\/14\\\/qui-es-fa-carrec-de-posar-rampes-en-la-comunitat-de-veins\\\/\",\"name\":\"Qui es fa c\u00e0rrec de posar rampes en la comunitat de ve\u00efns? - Administraciones Hern\u00e1ndez\",\"isPartOf\":{\"@id\":\"https:\\\/\\\/adhernandez.com\\\/ca\\\/#website\"},\"primaryImageOfPage\":{\"@id\":\"https:\\\/\\\/adhernandez.com\\\/ca\\\/2023\\\/07\\\/14\\\/qui-es-fa-carrec-de-posar-rampes-en-la-comunitat-de-veins\\\/#primaryimage\"},\"image\":{\"@id\":\"https:\\\/\\\/adhernandez.com\\\/ca\\\/2023\\\/07\\\/14\\\/qui-es-fa-carrec-de-posar-rampes-en-la-comunitat-de-veins\\\/#primaryimage\"},\"thumbnailUrl\":\"https:\\\/\\\/adhernandez.com\\\/wp-content\\\/uploads\\\/2023\\\/07\\\/poner-rampas-en-la-comunidad-de-vecinos.jpg\",\"datePublished\":\"2023-07-14T12:46:19+00:00\",\"dateModified\":\"2023-07-14T12:54:39+00:00\",\"author\":{\"@id\":\"https:\\\/\\\/adhernandez.com\\\/ca\\\/#\\\/schema\\\/person\\\/330b9c8828ff3a80ee8053b5fff0e848\"},\"description\":\"Descobreix tot sobre la normativa per a posar una rampa en la comunitat de ve\u00efns.\",\"breadcrumb\":{\"@id\":\"https:\\\/\\\/adhernandez.com\\\/ca\\\/2023\\\/07\\\/14\\\/qui-es-fa-carrec-de-posar-rampes-en-la-comunitat-de-veins\\\/#breadcrumb\"},\"inLanguage\":\"ca\",\"potentialAction\":[{\"@type\":\"ReadAction\",\"target\":[\"https:\\\/\\\/adhernandez.com\\\/ca\\\/2023\\\/07\\\/14\\\/qui-es-fa-carrec-de-posar-rampes-en-la-comunitat-de-veins\\\/\"]}]},{\"@type\":\"ImageObject\",\"inLanguage\":\"ca\",\"@id\":\"https:\\\/\\\/adhernandez.com\\\/ca\\\/2023\\\/07\\\/14\\\/qui-es-fa-carrec-de-posar-rampes-en-la-comunitat-de-veins\\\/#primaryimage\",\"url\":\"https:\\\/\\\/adhernandez.com\\\/wp-content\\\/uploads\\\/2023\\\/07\\\/poner-rampas-en-la-comunidad-de-vecinos.jpg\",\"contentUrl\":\"https:\\\/\\\/adhernandez.com\\\/wp-content\\\/uploads\\\/2023\\\/07\\\/poner-rampas-en-la-comunidad-de-vecinos.jpg\",\"width\":1000,\"height\":431,\"caption\":\"rampas en comunidad vecinos\"},{\"@type\":\"BreadcrumbList\",\"@id\":\"https:\\\/\\\/adhernandez.com\\\/ca\\\/2023\\\/07\\\/14\\\/qui-es-fa-carrec-de-posar-rampes-en-la-comunitat-de-veins\\\/#breadcrumb\",\"itemListElement\":[{\"@type\":\"ListItem\",\"position\":1,\"name\":\"Portada\",\"item\":\"https:\\\/\\\/adhernandez.com\\\/ca\\\/adhernandez-inicio\\\/\"},{\"@type\":\"ListItem\",\"position\":2,\"name\":\"Qui es fa c\u00e0rrec de posar rampes en la comunitat de ve\u00efns?\"}]},{\"@type\":\"WebSite\",\"@id\":\"https:\\\/\\\/adhernandez.com\\\/ca\\\/#website\",\"url\":\"https:\\\/\\\/adhernandez.com\\\/ca\\\/\",\"name\":\"Administraciones Hern\u00e1ndez\",\"description\":\"Equipo de profesionales con amplia experiencia en la gesti\u00f3n del patrimonio inmobiliario\",\"potentialAction\":[{\"@type\":\"SearchAction\",\"target\":{\"@type\":\"EntryPoint\",\"urlTemplate\":\"https:\\\/\\\/adhernandez.com\\\/ca\\\/?s={search_term_string}\"},\"query-input\":{\"@type\":\"PropertyValueSpecification\",\"valueRequired\":true,\"valueName\":\"search_term_string\"}}],\"inLanguage\":\"ca\"},{\"@type\":\"Person\",\"@id\":\"https:\\\/\\\/adhernandez.com\\\/ca\\\/#\\\/schema\\\/person\\\/330b9c8828ff3a80ee8053b5fff0e848\",\"name\":\"AdHern\u00e1ndez\",\"image\":{\"@type\":\"ImageObject\",\"inLanguage\":\"ca\",\"@id\":\"https:\\\/\\\/adhernandez.com\\\/wp-content\\\/litespeed\\\/avatar\\\/6b84e2484050905299b010a711cff345.jpg?ver=1777323059\",\"url\":\"https:\\\/\\\/adhernandez.com\\\/wp-content\\\/litespeed\\\/avatar\\\/6b84e2484050905299b010a711cff345.jpg?ver=1777323059\",\"contentUrl\":\"https:\\\/\\\/adhernandez.com\\\/wp-content\\\/litespeed\\\/avatar\\\/6b84e2484050905299b010a711cff345.jpg?ver=1777323059\",\"caption\":\"AdHern\u00e1ndez\"},\"url\":\"https:\\\/\\\/adhernandez.com\\\/ca\\\/author\\\/veronica\\\/\"}]}<\/script>\n<!-- \/ Yoast SEO plugin. -->","yoast_head_json":{"title":"Qui es fa c\u00e0rrec de posar rampes en la comunitat de ve\u00efns? - Administraciones Hern\u00e1ndez","description":"Descobreix tot sobre la normativa per a posar una rampa en la comunitat de ve\u00efns.","robots":{"index":"index","follow":"follow","max-snippet":"max-snippet:-1","max-image-preview":"max-image-preview:large","max-video-preview":"max-video-preview:-1"},"canonical":"https:\/\/adhernandez.com\/ca\/2023\/07\/14\/qui-es-fa-carrec-de-posar-rampes-en-la-comunitat-de-veins\/","og_locale":"ca_ES","og_type":"article","og_title":"Qui es fa c\u00e0rrec de posar rampes en la comunitat de ve\u00efns? - Administraciones Hern\u00e1ndez","og_description":"Descobreix tot sobre la normativa per a posar una rampa en la comunitat de ve\u00efns.","og_url":"https:\/\/adhernandez.com\/ca\/2023\/07\/14\/qui-es-fa-carrec-de-posar-rampes-en-la-comunitat-de-veins\/","og_site_name":"Administraciones Hern\u00e1ndez","article_published_time":"2023-07-14T12:46:19+00:00","article_modified_time":"2023-07-14T12:54:39+00:00","og_image":[{"width":1000,"height":431,"url":"https:\/\/adhernandez.com\/wp-content\/uploads\/2023\/07\/poner-rampas-en-la-comunidad-de-vecinos.jpg","type":"image\/jpeg"}],"author":"AdHern\u00e1ndez","twitter_card":"summary_large_image","twitter_misc":{"Escrit per":"AdHern\u00e1ndez","Temps estimat de lectura":"5 minuts"},"schema":{"@context":"https:\/\/schema.org","@graph":[{"@type":"Article","@id":"https:\/\/adhernandez.com\/ca\/2023\/07\/14\/qui-es-fa-carrec-de-posar-rampes-en-la-comunitat-de-veins\/#article","isPartOf":{"@id":"https:\/\/adhernandez.com\/ca\/2023\/07\/14\/qui-es-fa-carrec-de-posar-rampes-en-la-comunitat-de-veins\/"},"author":{"name":"AdHern\u00e1ndez","@id":"https:\/\/adhernandez.com\/ca\/#\/schema\/person\/330b9c8828ff3a80ee8053b5fff0e848"},"headline":"Qui es fa c\u00e0rrec de posar rampes en la comunitat de ve\u00efns?","datePublished":"2023-07-14T12:46:19+00:00","dateModified":"2023-07-14T12:54:39+00:00","mainEntityOfPage":{"@id":"https:\/\/adhernandez.com\/ca\/2023\/07\/14\/qui-es-fa-carrec-de-posar-rampes-en-la-comunitat-de-veins\/"},"wordCount":848,"image":{"@id":"https:\/\/adhernandez.com\/ca\/2023\/07\/14\/qui-es-fa-carrec-de-posar-rampes-en-la-comunitat-de-veins\/#primaryimage"},"thumbnailUrl":"https:\/\/adhernandez.com\/wp-content\/uploads\/2023\/07\/poner-rampas-en-la-comunidad-de-vecinos.jpg","articleSection":["Propiedad Horizontal"],"inLanguage":"ca"},{"@type":"WebPage","@id":"https:\/\/adhernandez.com\/ca\/2023\/07\/14\/qui-es-fa-carrec-de-posar-rampes-en-la-comunitat-de-veins\/","url":"https:\/\/adhernandez.com\/ca\/2023\/07\/14\/qui-es-fa-carrec-de-posar-rampes-en-la-comunitat-de-veins\/","name":"Qui es fa c\u00e0rrec de posar rampes en la comunitat de ve\u00efns? - Administraciones Hern\u00e1ndez","isPartOf":{"@id":"https:\/\/adhernandez.com\/ca\/#website"},"primaryImageOfPage":{"@id":"https:\/\/adhernandez.com\/ca\/2023\/07\/14\/qui-es-fa-carrec-de-posar-rampes-en-la-comunitat-de-veins\/#primaryimage"},"image":{"@id":"https:\/\/adhernandez.com\/ca\/2023\/07\/14\/qui-es-fa-carrec-de-posar-rampes-en-la-comunitat-de-veins\/#primaryimage"},"thumbnailUrl":"https:\/\/adhernandez.com\/wp-content\/uploads\/2023\/07\/poner-rampas-en-la-comunidad-de-vecinos.jpg","datePublished":"2023-07-14T12:46:19+00:00","dateModified":"2023-07-14T12:54:39+00:00","author":{"@id":"https:\/\/adhernandez.com\/ca\/#\/schema\/person\/330b9c8828ff3a80ee8053b5fff0e848"},"description":"Descobreix tot sobre la normativa per a posar una rampa en la comunitat de ve\u00efns.","breadcrumb":{"@id":"https:\/\/adhernandez.com\/ca\/2023\/07\/14\/qui-es-fa-carrec-de-posar-rampes-en-la-comunitat-de-veins\/#breadcrumb"},"inLanguage":"ca","potentialAction":[{"@type":"ReadAction","target":["https:\/\/adhernandez.com\/ca\/2023\/07\/14\/qui-es-fa-carrec-de-posar-rampes-en-la-comunitat-de-veins\/"]}]},{"@type":"ImageObject","inLanguage":"ca","@id":"https:\/\/adhernandez.com\/ca\/2023\/07\/14\/qui-es-fa-carrec-de-posar-rampes-en-la-comunitat-de-veins\/#primaryimage","url":"https:\/\/adhernandez.com\/wp-content\/uploads\/2023\/07\/poner-rampas-en-la-comunidad-de-vecinos.jpg","contentUrl":"https:\/\/adhernandez.com\/wp-content\/uploads\/2023\/07\/poner-rampas-en-la-comunidad-de-vecinos.jpg","width":1000,"height":431,"caption":"rampas en comunidad vecinos"},{"@type":"BreadcrumbList","@id":"https:\/\/adhernandez.com\/ca\/2023\/07\/14\/qui-es-fa-carrec-de-posar-rampes-en-la-comunitat-de-veins\/#breadcrumb","itemListElement":[{"@type":"ListItem","position":1,"name":"Portada","item":"https:\/\/adhernandez.com\/ca\/adhernandez-inicio\/"},{"@type":"ListItem","position":2,"name":"Qui es fa c\u00e0rrec de posar rampes en la comunitat de ve\u00efns?"}]},{"@type":"WebSite","@id":"https:\/\/adhernandez.com\/ca\/#website","url":"https:\/\/adhernandez.com\/ca\/","name":"Administraciones Hern\u00e1ndez","description":"Equipo de profesionales con amplia experiencia en la gesti\u00f3n del patrimonio inmobiliario","potentialAction":[{"@type":"SearchAction","target":{"@type":"EntryPoint","urlTemplate":"https:\/\/adhernandez.com\/ca\/?s={search_term_string}"},"query-input":{"@type":"PropertyValueSpecification","valueRequired":true,"valueName":"search_term_string"}}],"inLanguage":"ca"},{"@type":"Person","@id":"https:\/\/adhernandez.com\/ca\/#\/schema\/person\/330b9c8828ff3a80ee8053b5fff0e848","name":"AdHern\u00e1ndez","image":{"@type":"ImageObject","inLanguage":"ca","@id":"https:\/\/adhernandez.com\/wp-content\/litespeed\/avatar\/6b84e2484050905299b010a711cff345.jpg?ver=1777323059","url":"https:\/\/adhernandez.com\/wp-content\/litespeed\/avatar\/6b84e2484050905299b010a711cff345.jpg?ver=1777323059","contentUrl":"https:\/\/adhernandez.com\/wp-content\/litespeed\/avatar\/6b84e2484050905299b010a711cff345.jpg?ver=1777323059","caption":"AdHern\u00e1ndez"},"url":"https:\/\/adhernandez.com\/ca\/author\/veronica\/"}]}},"_links":{"self":[{"href":"https:\/\/adhernandez.com\/ca\/wp-json\/wp\/v2\/posts\/28600","targetHints":{"allow":["GET"]}}],"collection":[{"href":"https:\/\/adhernandez.com\/ca\/wp-json\/wp\/v2\/posts"}],"about":[{"href":"https:\/\/adhernandez.com\/ca\/wp-json\/wp\/v2\/types\/post"}],"author":[{"embeddable":true,"href":"https:\/\/adhernandez.com\/ca\/wp-json\/wp\/v2\/users\/6"}],"replies":[{"embeddable":true,"href":"https:\/\/adhernandez.com\/ca\/wp-json\/wp\/v2\/comments?post=28600"}],"version-history":[{"count":4,"href":"https:\/\/adhernandez.com\/ca\/wp-json\/wp\/v2\/posts\/28600\/revisions"}],"predecessor-version":[{"id":28605,"href":"https:\/\/adhernandez.com\/ca\/wp-json\/wp\/v2\/posts\/28600\/revisions\/28605"}],"wp:featuredmedia":[{"embeddable":true,"href":"https:\/\/adhernandez.com\/ca\/wp-json\/wp\/v2\/media\/28554"}],"wp:attachment":[{"href":"https:\/\/adhernandez.com\/ca\/wp-json\/wp\/v2\/media?parent=28600"}],"wp:term":[{"taxonomy":"category","embeddable":true,"href":"https:\/\/adhernandez.com\/ca\/wp-json\/wp\/v2\/categories?post=28600"},{"taxonomy":"post_tag","embeddable":true,"href":"https:\/\/adhernandez.com\/ca\/wp-json\/wp\/v2\/tags?post=28600"}],"curies":[{"name":"wp","href":"https:\/\/api.w.org\/{rel}","templated":true}]}}