{"id":28454,"date":"2023-06-14T10:28:59","date_gmt":"2023-06-14T10:28:59","guid":{"rendered":"https:\/\/adhernandez.com\/2023\/06\/07\/vols-installar-un-ascensor-en-la-comunitat-de-veins-que-has-de-saber\/"},"modified":"2023-06-14T10:29:51","modified_gmt":"2023-06-14T10:29:51","slug":"installar-ascensor-comunitat-veins","status":"publish","type":"post","link":"https:\/\/adhernandez.com\/ca\/2023\/06\/14\/installar-ascensor-comunitat-veins\/","title":{"rendered":"Vols instal\u00b7lar un ascensor en la comunitat de ve\u00efns? Qu\u00e8 has de saber?"},"content":{"rendered":"\t\t<div data-elementor-type=\"wp-post\" data-elementor-id=\"28454\" class=\"elementor elementor-28454 elementor-28426\">\n\t\t\t\t\t\t<section class=\"elementor-section elementor-top-section elementor-element elementor-element-26a1aa3 elementor-section-boxed elementor-section-height-default elementor-section-height-default\" data-id=\"26a1aa3\" data-element_type=\"section\" data-e-type=\"section\">\n\t\t\t\t\t\t<div class=\"elementor-container elementor-column-gap-default\">\n\t\t\t\t\t<div class=\"elementor-column elementor-col-100 elementor-top-column elementor-element elementor-element-196e6ee\" data-id=\"196e6ee\" data-element_type=\"column\" data-e-type=\"column\">\n\t\t\t<div class=\"elementor-widget-wrap elementor-element-populated\">\n\t\t\t\t\t\t<div class=\"elementor-element elementor-element-20d9b3c elementor-widget elementor-widget-text-editor\" data-id=\"20d9b3c\" data-element_type=\"widget\" data-e-type=\"widget\" data-widget_type=\"text-editor.default\">\n\t\t\t\t\t\t\t\t\t<p><span style=\"font-weight: 400;\">En nombrosos edificis antics o d&#8217;escassa altura, els ve\u00efns s&#8217;enfronten al desafiament de pujar i baixar escales di\u00e0riament. Aquest fet pot resultar especialment oner\u00f3s per a persones d&#8217;edat avan\u00e7ada, amb mobilitat redu\u00efda o simplement per a aquells que, carregats amb la compra del supermercat, desitjarien comptar amb un ascensor.<\/span><\/p>\n\t\t\t\t\t\t\t\t<\/div>\n\t\t\t\t\t<\/div>\n\t\t<\/div>\n\t\t\t\t\t<\/div>\n\t\t<\/section>\n\t\t\t\t<section class=\"elementor-section elementor-top-section elementor-element elementor-element-34bb124 elementor-section-boxed elementor-section-height-default elementor-section-height-default\" data-id=\"34bb124\" data-element_type=\"section\" data-e-type=\"section\">\n\t\t\t\t\t\t<div class=\"elementor-container elementor-column-gap-default\">\n\t\t\t\t\t<div class=\"elementor-column elementor-col-100 elementor-top-column elementor-element elementor-element-c7964f8\" data-id=\"c7964f8\" data-element_type=\"column\" data-e-type=\"column\">\n\t\t\t<div class=\"elementor-widget-wrap elementor-element-populated\">\n\t\t\t\t\t\t<div class=\"elementor-element elementor-element-7fa1472 elementor-widget elementor-widget-text-editor\" data-id=\"7fa1472\" data-element_type=\"widget\" data-e-type=\"widget\" data-widget_type=\"text-editor.default\">\n\t\t\t\t\t\t\t\t\t<p><span style=\"font-weight: 400;\">Per\u00f2 <\/span><b>qu\u00e8 s&#8217;ha de tenir en compte en plantejar la instal\u00b7laci\u00f3 d&#8217;un ascensor en la comunitat de ve\u00efns<\/b><span style=\"font-weight: 400;\">? En aquest article es tractaran detalladament els passos a seguir i les q\u00fcestions a considerar.<\/span><\/p>\n\t\t\t\t\t\t\t\t<\/div>\n\t\t\t\t\t<\/div>\n\t\t<\/div>\n\t\t\t\t\t<\/div>\n\t\t<\/section>\n\t\t\t\t<section class=\"elementor-section elementor-top-section elementor-element elementor-element-429078e elementor-section-boxed elementor-section-height-default elementor-section-height-default\" data-id=\"429078e\" data-element_type=\"section\" data-e-type=\"section\">\n\t\t\t\t\t\t<div class=\"elementor-container elementor-column-gap-default\">\n\t\t\t\t\t<div class=\"elementor-column elementor-col-100 elementor-top-column elementor-element elementor-element-785138e\" data-id=\"785138e\" data-element_type=\"column\" data-e-type=\"column\">\n\t\t\t<div class=\"elementor-widget-wrap elementor-element-populated\">\n\t\t\t\t\t\t<div class=\"elementor-element elementor-element-06e60d4 elementor-widget elementor-widget-heading\" data-id=\"06e60d4\" data-element_type=\"widget\" data-e-type=\"widget\" data-widget_type=\"heading.default\">\n\t\t\t\t\t<h2 class=\"elementor-heading-title elementor-size-default\">Per qu\u00e8 instal\u00b7lar un ascensor?<\/h2>\t\t\t\t<\/div>\n\t\t\t\t\t<\/div>\n\t\t<\/div>\n\t\t\t\t\t<\/div>\n\t\t<\/section>\n\t\t\t\t<section class=\"elementor-section elementor-top-section elementor-element elementor-element-0a75504 elementor-section-boxed elementor-section-height-default elementor-section-height-default\" data-id=\"0a75504\" data-element_type=\"section\" data-e-type=\"section\">\n\t\t\t\t\t\t<div class=\"elementor-container elementor-column-gap-default\">\n\t\t\t\t\t<div class=\"elementor-column elementor-col-100 elementor-top-column elementor-element elementor-element-7dbab2e\" data-id=\"7dbab2e\" data-element_type=\"column\" data-e-type=\"column\">\n\t\t\t<div class=\"elementor-widget-wrap elementor-element-populated\">\n\t\t\t\t\t\t<div class=\"elementor-element elementor-element-729a85a elementor-widget elementor-widget-text-editor\" data-id=\"729a85a\" data-element_type=\"widget\" data-e-type=\"widget\" data-widget_type=\"text-editor.default\">\n\t\t\t\t\t\t\t\t\t<p><span style=\"font-weight: 400;\">La idea d&#8217;instal\u00b7lar un ascensor pot sorgir per diverses raons, totes elles v\u00e0lides i orientades a millorar la qualitat de vida dels residents.<\/span><\/p>\n\t\t\t\t\t\t\t\t<\/div>\n\t\t\t\t\t<\/div>\n\t\t<\/div>\n\t\t\t\t\t<\/div>\n\t\t<\/section>\n\t\t\t\t<section class=\"elementor-section elementor-top-section elementor-element elementor-element-b413ad3 elementor-section-boxed elementor-section-height-default elementor-section-height-default\" data-id=\"b413ad3\" data-element_type=\"section\" data-e-type=\"section\">\n\t\t\t\t\t\t<div class=\"elementor-container elementor-column-gap-default\">\n\t\t\t\t\t<div class=\"elementor-column elementor-col-50 elementor-top-column elementor-element elementor-element-58914d6\" data-id=\"58914d6\" data-element_type=\"column\" data-e-type=\"column\">\n\t\t\t<div class=\"elementor-widget-wrap elementor-element-populated\">\n\t\t\t\t\t\t<div class=\"elementor-element elementor-element-b4d55ad elementor-widget elementor-widget-text-editor\" data-id=\"b4d55ad\" data-element_type=\"widget\" data-e-type=\"widget\" data-widget_type=\"text-editor.default\">\n\t\t\t\t\t\t\t\t\t<ul>\n<li style=\"font-weight: 400;\" aria-level=\"1\"><b>Increment de l&#8217;accessibilitat:<\/b><span style=\"font-weight: 400;\"> facilita el tr\u00e0nsit de persones majors i d&#8217;aquelles amb mobilitat redu\u00efda.<\/span><\/li>\n<li style=\"font-weight: 400;\" aria-level=\"1\"><b>Revaloraci\u00f3 dels habitatges: <\/b><span style=\"font-weight: 400;\">converteix els habitatges en una opci\u00f3 m\u00e9s atractiva per a futurs compradors o inquilins.<\/span><\/li>\n<li style=\"font-weight: 400;\" aria-level=\"1\"><b>Millora del confort dels residents: <\/b>simplifica el trasllat d&#8217;objectes pesats, com la compra, maletes o cotxets de beb\u00e8.<\/li>\n<\/ul>\n\t\t\t\t\t\t\t\t<\/div>\n\t\t\t\t\t<\/div>\n\t\t<\/div>\n\t\t\t\t<div class=\"elementor-column elementor-col-50 elementor-top-column elementor-element elementor-element-4a78f33\" data-id=\"4a78f33\" data-element_type=\"column\" data-e-type=\"column\">\n\t\t\t<div class=\"elementor-widget-wrap elementor-element-populated\">\n\t\t\t\t\t\t<div class=\"elementor-element elementor-element-7312563 elementor-widget elementor-widget-image\" data-id=\"7312563\" data-element_type=\"widget\" data-e-type=\"widget\" data-widget_type=\"image.default\">\n\t\t\t\t\t\t\t\t\t\t\t\t\t\t\t<img fetchpriority=\"high\" decoding=\"async\" width=\"800\" height=\"450\" src=\"https:\/\/adhernandez.com\/wp-content\/uploads\/2023\/06\/Quieres-instalar-un-ascensor-en-la-comunidad-de-vecinos-2.jpg\" class=\"attachment-large size-large wp-image-28438\" alt=\"Quieres instalar un ascensor en la comunidad de vecinos\" srcset=\"https:\/\/adhernandez.com\/wp-content\/uploads\/2023\/06\/Quieres-instalar-un-ascensor-en-la-comunidad-de-vecinos-2.jpg 800w, https:\/\/adhernandez.com\/wp-content\/uploads\/2023\/06\/Quieres-instalar-un-ascensor-en-la-comunidad-de-vecinos-2-300x169.jpg 300w, https:\/\/adhernandez.com\/wp-content\/uploads\/2023\/06\/Quieres-instalar-un-ascensor-en-la-comunidad-de-vecinos-2-768x432.jpg 768w, https:\/\/adhernandez.com\/wp-content\/uploads\/2023\/06\/Quieres-instalar-un-ascensor-en-la-comunidad-de-vecinos-2-496x279.jpg 496w\" sizes=\"(max-width: 800px) 100vw, 800px\" \/>\t\t\t\t\t\t\t\t\t\t\t\t\t\t\t<\/div>\n\t\t\t\t\t<\/div>\n\t\t<\/div>\n\t\t\t\t\t<\/div>\n\t\t<\/section>\n\t\t\t\t<section class=\"elementor-section elementor-top-section elementor-element elementor-element-bc80be4 elementor-section-boxed elementor-section-height-default elementor-section-height-default\" data-id=\"bc80be4\" data-element_type=\"section\" data-e-type=\"section\">\n\t\t\t\t\t\t<div class=\"elementor-container elementor-column-gap-default\">\n\t\t\t\t\t<div class=\"elementor-column elementor-col-100 elementor-top-column elementor-element elementor-element-d636110\" data-id=\"d636110\" data-element_type=\"column\" data-e-type=\"column\">\n\t\t\t<div class=\"elementor-widget-wrap elementor-element-populated\">\n\t\t\t\t\t\t<div class=\"elementor-element elementor-element-5281b79 elementor-widget elementor-widget-heading\" data-id=\"5281b79\" data-element_type=\"widget\" data-e-type=\"widget\" data-widget_type=\"heading.default\">\n\t\t\t\t\t<h2 class=\"elementor-heading-title elementor-size-default\">Requisits legals i administratius<\/h2>\t\t\t\t<\/div>\n\t\t\t\t\t<\/div>\n\t\t<\/div>\n\t\t\t\t\t<\/div>\n\t\t<\/section>\n\t\t\t\t<section class=\"elementor-section elementor-top-section elementor-element elementor-element-d17e2ab elementor-section-boxed elementor-section-height-default elementor-section-height-default\" data-id=\"d17e2ab\" data-element_type=\"section\" data-e-type=\"section\">\n\t\t\t\t\t\t<div class=\"elementor-container elementor-column-gap-default\">\n\t\t\t\t\t<div class=\"elementor-column elementor-col-50 elementor-top-column elementor-element elementor-element-a7bf964\" data-id=\"a7bf964\" data-element_type=\"column\" data-e-type=\"column\">\n\t\t\t<div class=\"elementor-widget-wrap elementor-element-populated\">\n\t\t\t\t\t\t<div class=\"elementor-element elementor-element-a2854d6 elementor-widget elementor-widget-image\" data-id=\"a2854d6\" data-element_type=\"widget\" data-e-type=\"widget\" data-widget_type=\"image.default\">\n\t\t\t\t\t\t\t\t\t\t\t\t\t\t\t<img decoding=\"async\" width=\"533\" height=\"800\" src=\"https:\/\/adhernandez.com\/wp-content\/uploads\/2023\/06\/Quieres-instalar-un-ascensor-en-la-comunidad-de-vecinos-3.jpg\" class=\"attachment-large size-large wp-image-28440\" alt=\"Quieres instalar un ascensor en la comunidad de vecinos\" srcset=\"https:\/\/adhernandez.com\/wp-content\/uploads\/2023\/06\/Quieres-instalar-un-ascensor-en-la-comunidad-de-vecinos-3.jpg 533w, https:\/\/adhernandez.com\/wp-content\/uploads\/2023\/06\/Quieres-instalar-un-ascensor-en-la-comunidad-de-vecinos-3-200x300.jpg 200w, https:\/\/adhernandez.com\/wp-content\/uploads\/2023\/06\/Quieres-instalar-un-ascensor-en-la-comunidad-de-vecinos-3-400x600.jpg 400w, https:\/\/adhernandez.com\/wp-content\/uploads\/2023\/06\/Quieres-instalar-un-ascensor-en-la-comunidad-de-vecinos-3-496x744.jpg 496w\" sizes=\"(max-width: 533px) 100vw, 533px\" \/>\t\t\t\t\t\t\t\t\t\t\t\t\t\t\t<\/div>\n\t\t\t\t\t<\/div>\n\t\t<\/div>\n\t\t\t\t<div class=\"elementor-column elementor-col-50 elementor-top-column elementor-element elementor-element-d0ffa25\" data-id=\"d0ffa25\" data-element_type=\"column\" data-e-type=\"column\">\n\t\t\t<div class=\"elementor-widget-wrap elementor-element-populated\">\n\t\t\t\t\t\t<div class=\"elementor-element elementor-element-af2b27b elementor-widget elementor-widget-text-editor\" data-id=\"af2b27b\" data-element_type=\"widget\" data-e-type=\"widget\" data-widget_type=\"text-editor.default\">\n\t\t\t\t\t\t\t\t\t<p><span style=\"font-weight: 400;\">La iniciativa<\/span> <span style=\"font-weight: 400;\">d&#8217;instal\u00b7lar un ascensor ha de ser coherent amb unes certes regulacions legals i administratives que regeixen aquest tipus d&#8217;obres. \u00c9s indispensable complir amb els codis de construcci\u00f3 locals i, en moltes ocasions, ser\u00e0 necessari sol\u00b7licitar un perm\u00eds de construcci\u00f3 abans d&#8217;iniciar els treballs.<\/span><\/p>\n<p><span style=\"font-weight: 400;\">A m\u00e9s, \u00e9s important recordar que <\/span><b>la llei obliga les comunitats de propietaris a realitzar obres d&#8217;accessibilitat quan aix\u00ed ho requereixi algun ve\u00ed amb discapacitat, o major de 70 anys<\/b><span style=\"font-weight: 400;\">, i sempre que el cost no excedeixi de dotze mensualitats ordin\u00e0ries de despeses comunes.<\/span><\/p>\n\t\t\t\t\t\t\t\t<\/div>\n\t\t\t\t\t<\/div>\n\t\t<\/div>\n\t\t\t\t\t<\/div>\n\t\t<\/section>\n\t\t\t\t<section class=\"elementor-section elementor-top-section elementor-element elementor-element-bb3f250 elementor-section-boxed elementor-section-height-default elementor-section-height-default\" data-id=\"bb3f250\" data-element_type=\"section\" data-e-type=\"section\">\n\t\t\t\t\t\t<div class=\"elementor-container elementor-column-gap-default\">\n\t\t\t\t\t<div class=\"elementor-column elementor-col-100 elementor-top-column elementor-element elementor-element-ceac53a\" data-id=\"ceac53a\" data-element_type=\"column\" data-e-type=\"column\">\n\t\t\t<div class=\"elementor-widget-wrap elementor-element-populated\">\n\t\t\t\t\t\t<div class=\"elementor-element elementor-element-062a625 elementor-widget elementor-widget-text-editor\" data-id=\"062a625\" data-element_type=\"widget\" data-e-type=\"widget\" data-widget_type=\"text-editor.default\">\n\t\t\t\t\t\t\t\t\t<p><span style=\"font-weight: 400;\">Per a procedir amb la instal\u00b7laci\u00f3 de l&#8217;ascensor, generalment \u00e9s necessari dur a terme una <\/span><b>votaci\u00f3 entre els propietaris <\/b><span style=\"font-weight: 400;\">dels pisos. Cada comunitat t\u00e9 les seves pr\u00f2pies normes per a la votaci\u00f3, per\u00f2 habitualment es requereix una majoria dels vots.<\/span><\/p>\n\t\t\t\t\t\t\t\t<\/div>\n\t\t\t\t\t<\/div>\n\t\t<\/div>\n\t\t\t\t\t<\/div>\n\t\t<\/section>\n\t\t\t\t<section class=\"elementor-section elementor-top-section elementor-element elementor-element-2d1e427 elementor-section-boxed elementor-section-height-default elementor-section-height-default\" data-id=\"2d1e427\" data-element_type=\"section\" data-e-type=\"section\">\n\t\t\t\t\t\t<div class=\"elementor-container elementor-column-gap-default\">\n\t\t\t\t\t<div class=\"elementor-column elementor-col-100 elementor-top-column elementor-element elementor-element-4dfb86a\" data-id=\"4dfb86a\" data-element_type=\"column\" data-e-type=\"column\">\n\t\t\t<div class=\"elementor-widget-wrap elementor-element-populated\">\n\t\t\t\t\t\t<div class=\"elementor-element elementor-element-f7ccb0f elementor-widget elementor-widget-heading\" data-id=\"f7ccb0f\" data-element_type=\"widget\" data-e-type=\"widget\" data-widget_type=\"heading.default\">\n\t\t\t\t\t<h2 class=\"elementor-heading-title elementor-size-default\">Avaluaci\u00f3 de la viabilitat<\/h2>\t\t\t\t<\/div>\n\t\t\t\t\t<\/div>\n\t\t<\/div>\n\t\t\t\t\t<\/div>\n\t\t<\/section>\n\t\t\t\t<section class=\"elementor-section elementor-top-section elementor-element elementor-element-061f4a8 elementor-section-boxed elementor-section-height-default elementor-section-height-default\" data-id=\"061f4a8\" data-element_type=\"section\" data-e-type=\"section\">\n\t\t\t\t\t\t<div class=\"elementor-container elementor-column-gap-default\">\n\t\t\t\t\t<div class=\"elementor-column elementor-col-100 elementor-top-column elementor-element elementor-element-7b8d451\" data-id=\"7b8d451\" data-element_type=\"column\" data-e-type=\"column\">\n\t\t\t<div class=\"elementor-widget-wrap elementor-element-populated\">\n\t\t\t\t\t\t<div class=\"elementor-element elementor-element-5a8d8a6 elementor-widget elementor-widget-text-editor\" data-id=\"5a8d8a6\" data-element_type=\"widget\" data-e-type=\"widget\" data-widget_type=\"text-editor.default\">\n\t\t\t\t\t\t\t\t\t<p><span style=\"font-weight: 400;\">Abans de decidir si instal\u00b7lar un ascensor \u00e9s viable, s&#8217;han de tenir en compte una s\u00e8rie de factors.<\/span><\/p>\n\t\t\t\t\t\t\t\t<\/div>\n\t\t\t\t\t<\/div>\n\t\t<\/div>\n\t\t\t\t\t<\/div>\n\t\t<\/section>\n\t\t\t\t<section class=\"elementor-section elementor-top-section elementor-element elementor-element-073272b elementor-section-boxed elementor-section-height-default elementor-section-height-default\" data-id=\"073272b\" data-element_type=\"section\" data-e-type=\"section\">\n\t\t\t\t\t\t<div class=\"elementor-container elementor-column-gap-default\">\n\t\t\t\t\t<div class=\"elementor-column elementor-col-100 elementor-top-column elementor-element elementor-element-698ff0d\" data-id=\"698ff0d\" data-element_type=\"column\" data-e-type=\"column\">\n\t\t\t<div class=\"elementor-widget-wrap elementor-element-populated\">\n\t\t\t\t\t\t<div class=\"elementor-element elementor-element-3db83a4 elementor-widget elementor-widget-text-editor\" data-id=\"3db83a4\" data-element_type=\"widget\" data-e-type=\"widget\" data-widget_type=\"text-editor.default\">\n\t\t\t\t\t\t\t\t\t<ul>\n<li style=\"font-weight: 400;\" aria-level=\"1\"><b>Espai i estructura de l&#8217;edifici:<\/b><span style=\"font-weight: 400;\"> un edifici ha de comptar amb suficient espai i una estructura adequada per a suportar l&#8217;ascensor. En moltes ocasions ser\u00e0 necessari contractar un arquitecte o enginyer per a realitzar aquesta avaluaci\u00f3.<\/span><\/li>\n<li style=\"font-weight: 400;\" aria-level=\"1\"><b>Impacte en les \u00e0rees comunes: <\/b><span style=\"font-weight: 400;\">la instal\u00b7laci\u00f3 de l&#8217;ascensor pot afectar les \u00e0rees comunes de l&#8217;edifici.<\/span><\/li>\n<li style=\"font-weight: 400;\" aria-level=\"1\"><b>Reubicaci\u00f3 de serveis:<\/b> \u00e9s possible que s&#8217;hagi de reubicar serveis existents, com a canonades o sistemes de cablejat.<\/li>\n<\/ul>\n\t\t\t\t\t\t\t\t<\/div>\n\t\t\t\t\t<\/div>\n\t\t<\/div>\n\t\t\t\t\t<\/div>\n\t\t<\/section>\n\t\t\t\t<section class=\"elementor-section elementor-top-section elementor-element elementor-element-764f0aa elementor-section-boxed elementor-section-height-default elementor-section-height-default\" data-id=\"764f0aa\" data-element_type=\"section\" data-e-type=\"section\">\n\t\t\t\t\t\t<div class=\"elementor-container elementor-column-gap-default\">\n\t\t\t\t\t<div class=\"elementor-column elementor-col-100 elementor-top-column elementor-element elementor-element-c401835\" data-id=\"c401835\" data-element_type=\"column\" data-e-type=\"column\">\n\t\t\t<div class=\"elementor-widget-wrap elementor-element-populated\">\n\t\t\t\t\t\t<div class=\"elementor-element elementor-element-e679c34 elementor-widget elementor-widget-heading\" data-id=\"e679c34\" data-element_type=\"widget\" data-e-type=\"widget\" data-widget_type=\"heading.default\">\n\t\t\t\t\t<h2 class=\"elementor-heading-title elementor-size-default\">Cost d'instal\u00b7laci\u00f3 i manteniment<\/h2>\t\t\t\t<\/div>\n\t\t\t\t\t<\/div>\n\t\t<\/div>\n\t\t\t\t\t<\/div>\n\t\t<\/section>\n\t\t\t\t<section class=\"elementor-section elementor-top-section elementor-element elementor-element-2d9f765 elementor-section-boxed elementor-section-height-default elementor-section-height-default\" data-id=\"2d9f765\" data-element_type=\"section\" data-e-type=\"section\">\n\t\t\t\t\t\t<div class=\"elementor-container elementor-column-gap-default\">\n\t\t\t\t\t<div class=\"elementor-column elementor-col-100 elementor-top-column elementor-element elementor-element-40f3d91\" data-id=\"40f3d91\" data-element_type=\"column\" data-e-type=\"column\">\n\t\t\t<div class=\"elementor-widget-wrap elementor-element-populated\">\n\t\t\t\t\t\t<div class=\"elementor-element elementor-element-06479e7 elementor-widget elementor-widget-text-editor\" data-id=\"06479e7\" data-element_type=\"widget\" data-e-type=\"widget\" data-widget_type=\"text-editor.default\">\n\t\t\t\t\t\t\t\t\t<p><span style=\"font-weight: 400;\">El <\/span><b>cost de la instal\u00b7laci\u00f3 <\/b><span style=\"font-weight: 400;\">d&#8217;un ascensor pot variar considerablement en funci\u00f3 de diverses variables, com la grand\u00e0ria de l&#8217;ascensor i la complexitat de la instal\u00b7laci\u00f3.<\/span><\/p>\n<p><span style=\"font-weight: 400;\">No obstant aix\u00f2, a m\u00e9s dels costos inicials, \u00e9s essencial tenir en compte les despeses de manteniment i reparaci\u00f3 a llarg termini. Els propietaris dels pisos solen compartir aquests costos d&#8217;acord amb l&#8217;estipulat en els estatuts de la comunitat de propietaris.<\/span><\/p>\n\t\t\t\t\t\t\t\t<\/div>\n\t\t\t\t\t<\/div>\n\t\t<\/div>\n\t\t\t\t\t<\/div>\n\t\t<\/section>\n\t\t\t\t<section class=\"elementor-section elementor-top-section elementor-element elementor-element-23256f2 elementor-section-boxed elementor-section-height-default elementor-section-height-default\" data-id=\"23256f2\" data-element_type=\"section\" data-e-type=\"section\">\n\t\t\t\t\t\t<div class=\"elementor-container elementor-column-gap-default\">\n\t\t\t\t\t<div class=\"elementor-column elementor-col-100 elementor-top-column elementor-element elementor-element-89e7763\" data-id=\"89e7763\" data-element_type=\"column\" data-e-type=\"column\">\n\t\t\t<div class=\"elementor-widget-wrap elementor-element-populated\">\n\t\t\t\t\t\t<div class=\"elementor-element elementor-element-151e752 elementor-widget elementor-widget-heading\" data-id=\"151e752\" data-element_type=\"widget\" data-e-type=\"widget\" data-widget_type=\"heading.default\">\n\t\t\t\t\t<h2 class=\"elementor-heading-title elementor-size-default\">Proc\u00e9s d'instal\u00b7laci\u00f3<\/h2>\t\t\t\t<\/div>\n\t\t\t\t\t<\/div>\n\t\t<\/div>\n\t\t\t\t\t<\/div>\n\t\t<\/section>\n\t\t\t\t<section class=\"elementor-section elementor-top-section elementor-element elementor-element-480f17a elementor-section-boxed elementor-section-height-default elementor-section-height-default\" data-id=\"480f17a\" data-element_type=\"section\" data-e-type=\"section\">\n\t\t\t\t\t\t<div class=\"elementor-container elementor-column-gap-default\">\n\t\t\t\t\t<div class=\"elementor-column elementor-col-100 elementor-top-column elementor-element elementor-element-5f933e0\" data-id=\"5f933e0\" data-element_type=\"column\" data-e-type=\"column\">\n\t\t\t<div class=\"elementor-widget-wrap elementor-element-populated\">\n\t\t\t\t\t\t<div class=\"elementor-element elementor-element-8b3185e elementor-widget elementor-widget-text-editor\" data-id=\"8b3185e\" data-element_type=\"widget\" data-e-type=\"widget\" data-widget_type=\"text-editor.default\">\n\t\t\t\t\t\t\t\t\t<p><span style=\"font-weight: 400;\">La instal\u00b7laci\u00f3 d&#8217;un ascensor \u00e9s un proc\u00e9s complex i meticul\u00f3s, que ha de dur-se a terme amb cura i professionalitat. El proc\u00e9s generalment es divideix en diverses etapes, cadascuna de les quals requereix una atenci\u00f3 i consideraci\u00f3 particulars.<\/span><\/p>\n\t\t\t\t\t\t\t\t<\/div>\n\t\t\t\t\t<\/div>\n\t\t<\/div>\n\t\t\t\t\t<\/div>\n\t\t<\/section>\n\t\t\t\t<section class=\"elementor-section elementor-top-section elementor-element elementor-element-e4cb850 elementor-section-boxed elementor-section-height-default elementor-section-height-default\" data-id=\"e4cb850\" data-element_type=\"section\" data-e-type=\"section\">\n\t\t\t\t\t\t<div class=\"elementor-container elementor-column-gap-default\">\n\t\t\t\t\t<div class=\"elementor-column elementor-col-100 elementor-top-column elementor-element elementor-element-4cf80c8\" data-id=\"4cf80c8\" data-element_type=\"column\" data-e-type=\"column\">\n\t\t\t<div class=\"elementor-widget-wrap elementor-element-populated\">\n\t\t\t\t\t\t<div class=\"elementor-element elementor-element-59c12bb elementor-widget elementor-widget-heading\" data-id=\"59c12bb\" data-element_type=\"widget\" data-e-type=\"widget\" data-widget_type=\"heading.default\">\n\t\t\t\t\t<h2 class=\"elementor-heading-title elementor-size-default\">Preparaci\u00f3 de l'espai<\/h2>\t\t\t\t<\/div>\n\t\t\t\t\t<\/div>\n\t\t<\/div>\n\t\t\t\t\t<\/div>\n\t\t<\/section>\n\t\t\t\t<section class=\"elementor-section elementor-top-section elementor-element elementor-element-2db0462 elementor-section-boxed elementor-section-height-default elementor-section-height-default\" data-id=\"2db0462\" data-element_type=\"section\" data-e-type=\"section\">\n\t\t\t\t\t\t<div class=\"elementor-container elementor-column-gap-default\">\n\t\t\t\t\t<div class=\"elementor-column elementor-col-100 elementor-top-column elementor-element elementor-element-7dc0e41\" data-id=\"7dc0e41\" data-element_type=\"column\" data-e-type=\"column\">\n\t\t\t<div class=\"elementor-widget-wrap elementor-element-populated\">\n\t\t\t\t\t\t<div class=\"elementor-element elementor-element-795fb09 elementor-widget elementor-widget-text-editor\" data-id=\"795fb09\" data-element_type=\"widget\" data-e-type=\"widget\" data-widget_type=\"text-editor.default\">\n\t\t\t\t\t\t\t\t\t<p><span style=\"font-weight: 400;\">Abans que pugui comen\u00e7ar la instal\u00b7laci\u00f3, \u00e9s necessari<\/span><b> preparar l&#8217;espai <\/b><span style=\"font-weight: 400;\">on s&#8217;instal\u00b7lar\u00e0 l&#8217;ascensor. Aix\u00f2 podria implicar <\/span><b>l&#8217;eliminaci\u00f3 d&#8217;estructures<\/b><span style=\"font-weight: 400;\"> existents, la construcci\u00f3 d&#8217;una nova fossa d&#8217;ascensor o la preparaci\u00f3 d&#8217;un buit en l&#8217;edifici.\u00a0<\/span><\/p>\n<p><span style=\"font-weight: 400;\">Tamb\u00e9 pot requerir la <\/span><b>reubicaci\u00f3 de serveis existents<\/b><span style=\"font-weight: 400;\">, com a canonades i cablejat. Durant aquesta etapa, \u00e9s crucial assegurar l&#8217;estabilitat i seguretat de l&#8217;estructura de l&#8217;edifici.<\/span><\/p>\n\t\t\t\t\t\t\t\t<\/div>\n\t\t\t\t\t<\/div>\n\t\t<\/div>\n\t\t\t\t\t<\/div>\n\t\t<\/section>\n\t\t\t\t<section class=\"elementor-section elementor-top-section elementor-element elementor-element-07b187f elementor-section-boxed elementor-section-height-default elementor-section-height-default\" data-id=\"07b187f\" data-element_type=\"section\" data-e-type=\"section\">\n\t\t\t\t\t\t<div class=\"elementor-container elementor-column-gap-default\">\n\t\t\t\t\t<div class=\"elementor-column elementor-col-100 elementor-top-column elementor-element elementor-element-5fd9988\" data-id=\"5fd9988\" data-element_type=\"column\" data-e-type=\"column\">\n\t\t\t<div class=\"elementor-widget-wrap elementor-element-populated\">\n\t\t\t\t\t\t<div class=\"elementor-element elementor-element-802b802 elementor-widget elementor-widget-heading\" data-id=\"802b802\" data-element_type=\"widget\" data-e-type=\"widget\" data-widget_type=\"heading.default\">\n\t\t\t\t\t<h2 class=\"elementor-heading-title elementor-size-default\">Selecci\u00f3 i instal\u00b7laci\u00f3 de l'equip<\/h2>\t\t\t\t<\/div>\n\t\t\t\t\t<\/div>\n\t\t<\/div>\n\t\t\t\t\t<\/div>\n\t\t<\/section>\n\t\t\t\t<section class=\"elementor-section elementor-top-section elementor-element elementor-element-f0d7809 elementor-section-boxed elementor-section-height-default elementor-section-height-default\" data-id=\"f0d7809\" data-element_type=\"section\" data-e-type=\"section\">\n\t\t\t\t\t\t<div class=\"elementor-container elementor-column-gap-default\">\n\t\t\t\t\t<div class=\"elementor-column elementor-col-100 elementor-top-column elementor-element elementor-element-d6a5d54\" data-id=\"d6a5d54\" data-element_type=\"column\" data-e-type=\"column\">\n\t\t\t<div class=\"elementor-widget-wrap elementor-element-populated\">\n\t\t\t\t\t\t<div class=\"elementor-element elementor-element-09e4775 elementor-widget elementor-widget-text-editor\" data-id=\"09e4775\" data-element_type=\"widget\" data-e-type=\"widget\" data-widget_type=\"text-editor.default\">\n\t\t\t\t\t\t\t\t\t<p><span style=\"font-weight: 400;\">Una vegada que l&#8217;espai est\u00e0 preparat, se selecciona <\/span><b>l&#8217;equip de l&#8217;ascensor<\/b><span style=\"font-weight: 400;\"> apropiat. Aquest proc\u00e9s ha de tenir en compte la<\/span><b> grand\u00e0ria i el pes <\/b><span style=\"font-weight: 400;\">de l&#8217;ascensor, aix\u00ed com el <\/span><b>nombre de pisos <\/b><span style=\"font-weight: 400;\">que servir\u00e0.<\/span><\/p>\n<p><span style=\"font-weight: 400;\">Els components clau de l&#8217;ascensor, com la cabina, el sistema de corrioles, el motor i els sistemes de control, s&#8217;instal\u00b7len i s&#8217;asseguren en el seu lloc. Aquesta etapa del proc\u00e9s requereix de <\/span><b>t\u00e8cnics especialitzats<\/b><span style=\"font-weight: 400;\"> i experimentats.<\/span><\/p>\n\t\t\t\t\t\t\t\t<\/div>\n\t\t\t\t\t<\/div>\n\t\t<\/div>\n\t\t\t\t\t<\/div>\n\t\t<\/section>\n\t\t\t\t<section class=\"elementor-section elementor-top-section elementor-element elementor-element-89caa81 elementor-section-boxed elementor-section-height-default elementor-section-height-default\" data-id=\"89caa81\" data-element_type=\"section\" data-e-type=\"section\">\n\t\t\t\t\t\t<div class=\"elementor-container elementor-column-gap-default\">\n\t\t\t\t\t<div class=\"elementor-column elementor-col-100 elementor-top-column elementor-element elementor-element-4294e68\" data-id=\"4294e68\" data-element_type=\"column\" data-e-type=\"column\">\n\t\t\t<div class=\"elementor-widget-wrap elementor-element-populated\">\n\t\t\t\t\t\t<div class=\"elementor-element elementor-element-8c1e698 elementor-widget elementor-widget-heading\" data-id=\"8c1e698\" data-element_type=\"widget\" data-e-type=\"widget\" data-widget_type=\"heading.default\">\n\t\t\t\t\t<h2 class=\"elementor-heading-title elementor-size-default\">Inspecci\u00f3 i proves de seguretat<\/h2>\t\t\t\t<\/div>\n\t\t\t\t\t<\/div>\n\t\t<\/div>\n\t\t\t\t\t<\/div>\n\t\t<\/section>\n\t\t\t\t<section class=\"elementor-section elementor-top-section elementor-element elementor-element-50910d3 elementor-section-boxed elementor-section-height-default elementor-section-height-default\" data-id=\"50910d3\" data-element_type=\"section\" data-e-type=\"section\">\n\t\t\t\t\t\t<div class=\"elementor-container elementor-column-gap-default\">\n\t\t\t\t\t<div class=\"elementor-column elementor-col-100 elementor-top-column elementor-element elementor-element-1954978\" data-id=\"1954978\" data-element_type=\"column\" data-e-type=\"column\">\n\t\t\t<div class=\"elementor-widget-wrap elementor-element-populated\">\n\t\t\t\t\t\t<div class=\"elementor-element elementor-element-94951fb elementor-widget elementor-widget-text-editor\" data-id=\"94951fb\" data-element_type=\"widget\" data-e-type=\"widget\" data-widget_type=\"text-editor.default\">\n\t\t\t\t\t\t\t\t\t<p><span style=\"font-weight: 400;\">Despr\u00e9s de la instal\u00b7laci\u00f3, \u00e9s essencial realitzar una s\u00e8rie de <\/span><b>proves de seguretat <\/b><span style=\"font-weight: 400;\">per a assegurar que l&#8217;ascensor funcioni correctament i sigui segur per al seu \u00fas. Aix\u00f2 inclou la comprovaci\u00f3 del funcionament de les portes, el sistema de frenat, la velocitat de l&#8217;ascensor i els sistemes d&#8217;emerg\u00e8ncia.<\/span><\/p>\n<p><span style=\"font-weight: 400;\">Aquestes proves han de ser realitzades per <\/span><b>t\u00e8cnics qualificats<\/b><span style=\"font-weight: 400;\"> i, sovint, es requereix la <\/span><b>certificaci\u00f3 d&#8217;un inspector<\/b><span style=\"font-weight: 400;\"> independent.<\/span><\/p>\n\t\t\t\t\t\t\t\t<\/div>\n\t\t\t\t\t<\/div>\n\t\t<\/div>\n\t\t\t\t\t<\/div>\n\t\t<\/section>\n\t\t\t\t<section class=\"elementor-section elementor-top-section elementor-element elementor-element-b56b90d elementor-section-boxed elementor-section-height-default elementor-section-height-default\" data-id=\"b56b90d\" data-element_type=\"section\" data-e-type=\"section\">\n\t\t\t\t\t\t<div class=\"elementor-container elementor-column-gap-default\">\n\t\t\t\t\t<div class=\"elementor-column elementor-col-100 elementor-top-column elementor-element elementor-element-1aacfad\" data-id=\"1aacfad\" data-element_type=\"column\" data-e-type=\"column\">\n\t\t\t<div class=\"elementor-widget-wrap elementor-element-populated\">\n\t\t\t\t\t\t<div class=\"elementor-element elementor-element-7e16541 elementor-widget elementor-widget-heading\" data-id=\"7e16541\" data-element_type=\"widget\" data-e-type=\"widget\" data-widget_type=\"heading.default\">\n\t\t\t\t\t<h2 class=\"elementor-heading-title elementor-size-default\">Finalitzaci\u00f3 i posada en marxa<\/h2>\t\t\t\t<\/div>\n\t\t\t\t\t<\/div>\n\t\t<\/div>\n\t\t\t\t\t<\/div>\n\t\t<\/section>\n\t\t\t\t<section class=\"elementor-section elementor-top-section elementor-element elementor-element-74674dd elementor-section-boxed elementor-section-height-default elementor-section-height-default\" data-id=\"74674dd\" data-element_type=\"section\" data-e-type=\"section\">\n\t\t\t\t\t\t<div class=\"elementor-container elementor-column-gap-default\">\n\t\t\t\t\t<div class=\"elementor-column elementor-col-100 elementor-top-column elementor-element elementor-element-4896028\" data-id=\"4896028\" data-element_type=\"column\" data-e-type=\"column\">\n\t\t\t<div class=\"elementor-widget-wrap elementor-element-populated\">\n\t\t\t\t\t\t<div class=\"elementor-element elementor-element-370d8d6 elementor-widget elementor-widget-text-editor\" data-id=\"370d8d6\" data-element_type=\"widget\" data-e-type=\"widget\" data-widget_type=\"text-editor.default\">\n\t\t\t\t\t\t\t\t\t<p><span style=\"font-weight: 400;\">Una vegada que l&#8217;ascensor ha passat totes les proves de seguretat, es pot posar en marxa. Els \u00faltims ajustos i acabats es realitzen en la cabina i en les \u00e0rees adjacents per a assegurar un aspecte net i professional. Els residents i el personal de l&#8217;edifici han de rebre una <\/span><b>formaci\u00f3 adequada <\/b><span style=\"font-weight: 400;\">sobre com utilitzar l&#8217;ascensor de manera segura i eficient.<\/span><\/p>\n<p><span style=\"font-weight: 400;\">La instal\u00b7laci\u00f3 d&#8217;un ascensor \u00e9s un projecte important que pot causar una certa pertorbaci\u00f3 en l&#8217;edifici durant la seva realitzaci\u00f3. \u00c9s important seleccionar a un prove\u00efdor que sigui conscient d&#8217;aix\u00f2 i s&#8217;esforci per minimitzar qualsevol mol\u00e8stia durant el proc\u00e9s d&#8217;instal\u00b7laci\u00f3.<\/span><\/p>\n\t\t\t\t\t\t\t\t<\/div>\n\t\t\t\t\t<\/div>\n\t\t<\/div>\n\t\t\t\t\t<\/div>\n\t\t<\/section>\n\t\t\t\t<section class=\"elementor-section elementor-top-section elementor-element elementor-element-1403017 elementor-section-boxed elementor-section-height-default elementor-section-height-default\" data-id=\"1403017\" data-element_type=\"section\" data-e-type=\"section\">\n\t\t\t\t\t\t<div class=\"elementor-container elementor-column-gap-default\">\n\t\t\t\t\t<div class=\"elementor-column elementor-col-100 elementor-top-column elementor-element elementor-element-46422f9\" data-id=\"46422f9\" data-element_type=\"column\" data-e-type=\"column\">\n\t\t\t<div class=\"elementor-widget-wrap elementor-element-populated\">\n\t\t\t\t\t\t<div class=\"elementor-element elementor-element-6663690 elementor-widget elementor-widget-heading\" data-id=\"6663690\" data-element_type=\"widget\" data-e-type=\"widget\" data-widget_type=\"heading.default\">\n\t\t\t\t\t<h2 class=\"elementor-heading-title elementor-size-default\">Manteniment i operaci\u00f3 de l'ascensor<\/h2>\t\t\t\t<\/div>\n\t\t\t\t\t<\/div>\n\t\t<\/div>\n\t\t\t\t\t<\/div>\n\t\t<\/section>\n\t\t\t\t<section class=\"elementor-section elementor-top-section elementor-element elementor-element-ea099fe elementor-section-boxed elementor-section-height-default elementor-section-height-default\" data-id=\"ea099fe\" data-element_type=\"section\" data-e-type=\"section\">\n\t\t\t\t\t\t<div class=\"elementor-container elementor-column-gap-default\">\n\t\t\t\t\t<div class=\"elementor-column elementor-col-100 elementor-top-column elementor-element elementor-element-dd2a1ca\" data-id=\"dd2a1ca\" data-element_type=\"column\" data-e-type=\"column\">\n\t\t\t<div class=\"elementor-widget-wrap elementor-element-populated\">\n\t\t\t\t\t\t<div class=\"elementor-element elementor-element-d9cd4b0 elementor-widget elementor-widget-text-editor\" data-id=\"d9cd4b0\" data-element_type=\"widget\" data-e-type=\"widget\" data-widget_type=\"text-editor.default\">\n\t\t\t\t\t\t\t\t\t<p><span style=\"font-weight: 400;\">Una vegada instal\u00b7lat l&#8217;ascensor, \u00e9s important garantir el seu correcte funcionament a llarg termini. Aix\u00f2 implica un<\/span><b> manteniment regular<\/b><span style=\"font-weight: 400;\">, incloent-hi inspeccions i reparacions, i el compliment de totes les normatives de seguretat.<\/span><\/p>\n\t\t\t\t\t\t\t\t<\/div>\n\t\t\t\t\t<\/div>\n\t\t<\/div>\n\t\t\t\t\t<\/div>\n\t\t<\/section>\n\t\t\t\t<section class=\"elementor-section elementor-top-section elementor-element elementor-element-7044fd3 elementor-section-boxed elementor-section-height-default elementor-section-height-default\" data-id=\"7044fd3\" data-element_type=\"section\" data-e-type=\"section\">\n\t\t\t\t\t\t<div class=\"elementor-container elementor-column-gap-default\">\n\t\t\t\t\t<div class=\"elementor-column elementor-col-100 elementor-top-column elementor-element elementor-element-ceaf771\" data-id=\"ceaf771\" data-element_type=\"column\" data-e-type=\"column\">\n\t\t\t<div class=\"elementor-widget-wrap elementor-element-populated\">\n\t\t\t\t\t\t<div class=\"elementor-element elementor-element-cb33bca elementor-widget elementor-widget-text-editor\" data-id=\"cb33bca\" data-element_type=\"widget\" data-e-type=\"widget\" data-widget_type=\"text-editor.default\">\n\t\t\t\t\t\t\t\t\t<p><span style=\"font-weight: 400;\">Els costos d&#8217;aquest manteniment, aix\u00ed com les responsabilitats associades, han de ser compartits entre els propietaris dels pisos, normalment mitjan\u00e7ant una quota de comunitat.<\/span><\/p>\n\t\t\t\t\t\t\t\t<\/div>\n\t\t\t\t\t<\/div>\n\t\t<\/div>\n\t\t\t\t\t<\/div>\n\t\t<\/section>\n\t\t\t\t<section class=\"elementor-section elementor-top-section elementor-element elementor-element-a9d82a7 elementor-section-boxed elementor-section-height-default elementor-section-height-default\" data-id=\"a9d82a7\" data-element_type=\"section\" data-e-type=\"section\">\n\t\t\t\t\t\t<div class=\"elementor-container elementor-column-gap-default\">\n\t\t\t\t\t<div class=\"elementor-column elementor-col-100 elementor-top-column elementor-element elementor-element-3b6be04\" data-id=\"3b6be04\" data-element_type=\"column\" data-e-type=\"column\">\n\t\t\t<div class=\"elementor-widget-wrap elementor-element-populated\">\n\t\t\t\t\t\t<div class=\"elementor-element elementor-element-cfa083d elementor-widget elementor-widget-text-editor\" data-id=\"cfa083d\" data-element_type=\"widget\" data-e-type=\"widget\" data-widget_type=\"text-editor.default\">\n\t\t\t\t\t\t\t\t\t<p><span style=\"font-weight: 400;\">La instal\u00b7laci\u00f3 d&#8217;un ascensor pot aportar nombrosos avantatges als residents d&#8217;un edifici. No obstant aix\u00f2, \u00e9s una decisi\u00f3 que ha de prendre&#8217;s despr\u00e9s d&#8217;una acurada consideraci\u00f3 i planificaci\u00f3. Amb la informaci\u00f3 proporcionada en aquest article, els propietaris poden prendre una decisi\u00f3 informada que benefici\u00ef a tota la comunitat de ve\u00efns. <\/span><\/p>\n\t\t\t\t\t\t\t\t<\/div>\n\t\t\t\t\t<\/div>\n\t\t<\/div>\n\t\t\t\t\t<\/div>\n\t\t<\/section>\n\t\t\t\t<section class=\"elementor-section elementor-top-section elementor-element elementor-element-3db9543 elementor-section-boxed elementor-section-height-default elementor-section-height-default\" data-id=\"3db9543\" data-element_type=\"section\" data-e-type=\"section\">\n\t\t\t\t\t\t<div class=\"elementor-container elementor-column-gap-default\">\n\t\t\t\t\t<div class=\"elementor-column elementor-col-100 elementor-top-column elementor-element elementor-element-ca07c1b\" data-id=\"ca07c1b\" data-element_type=\"column\" data-e-type=\"column\">\n\t\t\t<div class=\"elementor-widget-wrap elementor-element-populated\">\n\t\t\t\t\t\t<div class=\"elementor-element elementor-element-910bc0c elementor-widget elementor-widget-heading\" data-id=\"910bc0c\" data-element_type=\"widget\" data-e-type=\"widget\" data-widget_type=\"heading.default\">\n\t\t\t\t\t<h2 class=\"elementor-heading-title elementor-size-default\">Qu\u00e8 oferim a Administracions Hern\u00e1ndez<\/h2>\t\t\t\t<\/div>\n\t\t\t\t<div class=\"elementor-element elementor-element-ca4dfd2 elementor-widget elementor-widget-text-editor\" data-id=\"ca4dfd2\" data-element_type=\"widget\" data-e-type=\"widget\" data-widget_type=\"text-editor.default\">\n\t\t\t\t\t\t\t\t\t<\/p>\n<p>Desde 1940, <strong>Administraciones Hern\u00e1ndez<\/strong> se dedica a <strong>gestionar patrimonio inmobiliario<\/strong>, tanto alquileres, como compra venta de propiedades en la ciudad de Barcelona.<\/p>\n<\/p>\n<p>Cuenta con varios departamentos especializados, <strong>seg\u00fan las necesidades de cada cliente<\/strong> para ofrecer el mejor servicio posible en cada momento a cada uno de sus clientes, sea cual sea su inter\u00e9s personal.<\/p>\n<\/p>\n<p><strong>Atenci\u00f3n personalizada<\/strong> por parte de expertos en cada una de las materias relativas al sector inmobiliario. Una forma diferente de entender la gesti\u00f3n de alquileres. Dedicaci\u00f3n y esp\u00edritu innovador\u2026 <strong>Administraciones Hern\u00e1ndez<\/strong> es sin duda una elecci\u00f3n a tener en cuenta en<strong> Barcelona<\/strong>.<\/p><\/p>\n\t\t\t\t\t\t\t\t<\/div>\n\t\t\t\t<div class=\"elementor-element elementor-element-d3538f1 elementor-widget-divider--view-line elementor-widget elementor-widget-divider\" data-id=\"d3538f1\" data-element_type=\"widget\" data-e-type=\"widget\" data-widget_type=\"divider.default\">\n\t\t\t\t\t\t\t<div class=\"elementor-divider\">\n\t\t\t<span class=\"elementor-divider-separator\">\n\t\t\t\t\t\t<\/span>\n\t\t<\/div>\n\t\t\t\t\t\t<\/div>\n\t\t\t\t<div class=\"elementor-element elementor-element-cc98a3a elementor-widget elementor-widget-image\" data-id=\"cc98a3a\" data-element_type=\"widget\" data-e-type=\"widget\" data-widget_type=\"image.default\">\n\t\t\t\t\t\t\t\t\t\t\t\t\t\t\t<img decoding=\"async\" width=\"496\" height=\"372\" src=\"https:\/\/adhernandez.com\/wp-content\/uploads\/2021\/06\/adhernandez-fincas-496x372.jpg\" class=\"attachment-houzez-image_masonry size-houzez-image_masonry wp-image-20816\" alt=\"Fincas administraciones hernandez\" srcset=\"https:\/\/adhernandez.com\/wp-content\/uploads\/2021\/06\/adhernandez-fincas-496x372.jpg 496w, https:\/\/adhernandez.com\/wp-content\/uploads\/2021\/06\/adhernandez-fincas-300x225.jpg 300w, https:\/\/adhernandez.com\/wp-content\/uploads\/2021\/06\/adhernandez-fincas-592x444.jpg 592w, https:\/\/adhernandez.com\/wp-content\/uploads\/2021\/06\/adhernandez-fincas-584x438.jpg 584w, https:\/\/adhernandez.com\/wp-content\/uploads\/2021\/06\/adhernandez-fincas-120x90.jpg 120w, https:\/\/adhernandez.com\/wp-content\/uploads\/2021\/06\/adhernandez-fincas.jpg 700w\" sizes=\"(max-width: 496px) 100vw, 496px\" \/>\t\t\t\t\t\t\t\t\t\t\t\t\t\t\t<\/div>\n\t\t\t\t<div class=\"elementor-element elementor-element-079bae3 elementor-widget elementor-widget-heading\" data-id=\"079bae3\" data-element_type=\"widget\" data-e-type=\"widget\" data-widget_type=\"heading.default\">\n\t\t\t\t\t<h3 class=\"elementor-heading-title elementor-size-default\">\u00bfTienes alguna duda?<\/h3>\t\t\t\t<\/div>\n\t\t\t\t<div class=\"elementor-element elementor-element-6581cb5 elementor-widget elementor-widget-text-editor\" data-id=\"6581cb5\" data-element_type=\"widget\" data-e-type=\"widget\" data-widget_type=\"text-editor.default\">\n\t\t\t\t\t\t\t\t\t<p>Si est\u00e1s interesado en conocer nuestro trabajo, puedes visitar nuestra p\u00e1gina web<\/p>\n\t\t\t\t\t\t\t\t<\/div>\n\t\t\t\t<div class=\"elementor-element elementor-element-db1add7 elementor-button-info elementor-align-center elementor-widget elementor-widget-button\" data-id=\"db1add7\" data-element_type=\"widget\" data-e-type=\"widget\" data-widget_type=\"button.default\">\n\t\t\t\t\t\t\t\t\t\t<a class=\"elementor-button elementor-button-link elementor-size-md\" href=\"http:\/\/adhernandez.com\/contacto\/\">\n\t\t\t\t\t\t<span class=\"elementor-button-content-wrapper\">\n\t\t\t\t\t\t\t\t\t<span class=\"elementor-button-text\">AdHern\u00e1ndez<\/span>\n\t\t\t\t\t<\/span>\n\t\t\t\t\t<\/a>\n\t\t\t\t\t\t\t\t<\/div>\n\t\t\t\t\t<\/div>\n\t\t<\/div>\n\t\t\t\t\t<\/div>\n\t\t<\/section>\n\t\t\t\t<\/div>\n\t\t","protected":false},"excerpt":{"rendered":"<p>En aquest article t&#8217;expliquem amb detall tots els passos a seguir i les q\u00fcestions a considerar per a instal\u00b7lar un ascensor en la comunitat de ve\u00efns.<\/p>\n","protected":false},"author":6,"featured_media":28435,"comment_status":"closed","ping_status":"open","sticky":false,"template":"","format":"standard","meta":{"footnotes":""},"categories":[105],"tags":[],"class_list":["post-28454","post","type-post","status-publish","format-standard","has-post-thumbnail","hentry","category-propietat-horitzontal"],"yoast_head":"<!-- This site is optimized with the Yoast SEO plugin v27.4 - https:\/\/yoast.com\/product\/yoast-seo-wordpress\/ -->\n<title>Vols instal\u00b7lar un ascensor en la comunitat de ve\u00efns? Qu\u00e8 has de saber?<\/title>\n<meta name=\"description\" content=\"En aquest article es tractaran els passos a seguir i les q\u00fcestions a considerar per a instal\u00b7lar un ascensor en la comunitat de ve\u00efns.\" \/>\n<meta name=\"robots\" content=\"index, follow, max-snippet:-1, max-image-preview:large, max-video-preview:-1\" \/>\n<link rel=\"canonical\" href=\"https:\/\/adhernandez.com\/ca\/2023\/06\/14\/installar-ascensor-comunitat-veins\/\" \/>\n<meta property=\"og:locale\" content=\"ca_ES\" \/>\n<meta property=\"og:type\" content=\"article\" \/>\n<meta property=\"og:title\" content=\"Vols instal\u00b7lar un ascensor en la comunitat de ve\u00efns? Qu\u00e8 has de saber?\" \/>\n<meta property=\"og:description\" content=\"En aquest article es tractaran els passos a seguir i les q\u00fcestions a considerar per a instal\u00b7lar un ascensor en la comunitat de ve\u00efns.\" \/>\n<meta property=\"og:url\" content=\"https:\/\/adhernandez.com\/ca\/2023\/06\/14\/installar-ascensor-comunitat-veins\/\" \/>\n<meta property=\"og:site_name\" content=\"Administraciones Hern\u00e1ndez\" \/>\n<meta property=\"article:published_time\" content=\"2023-06-14T10:28:59+00:00\" \/>\n<meta property=\"article:modified_time\" content=\"2023-06-14T10:29:51+00:00\" \/>\n<meta property=\"og:image\" content=\"https:\/\/adhernandez.com\/wp-content\/uploads\/2023\/06\/Quieres-instalar-un-ascensor-en-la-comunidad-de-vecinos.jpg\" \/>\n\t<meta property=\"og:image:width\" content=\"1000\" \/>\n\t<meta property=\"og:image:height\" content=\"431\" \/>\n\t<meta property=\"og:image:type\" content=\"image\/jpeg\" \/>\n<meta name=\"author\" content=\"AdHern\u00e1ndez\" \/>\n<meta name=\"twitter:card\" content=\"summary_large_image\" \/>\n<meta name=\"twitter:label1\" content=\"Escrit per\" \/>\n\t<meta name=\"twitter:data1\" content=\"AdHern\u00e1ndez\" \/>\n\t<meta name=\"twitter:label2\" content=\"Temps estimat de lectura\" \/>\n\t<meta name=\"twitter:data2\" content=\"6 minuts\" \/>\n<script type=\"application\/ld+json\" class=\"yoast-schema-graph\">{\"@context\":\"https:\\\/\\\/schema.org\",\"@graph\":[{\"@type\":\"Article\",\"@id\":\"https:\\\/\\\/adhernandez.com\\\/ca\\\/2023\\\/06\\\/14\\\/installar-ascensor-comunitat-veins\\\/#article\",\"isPartOf\":{\"@id\":\"https:\\\/\\\/adhernandez.com\\\/ca\\\/2023\\\/06\\\/14\\\/installar-ascensor-comunitat-veins\\\/\"},\"author\":{\"name\":\"AdHern\u00e1ndez\",\"@id\":\"https:\\\/\\\/adhernandez.com\\\/ca\\\/#\\\/schema\\\/person\\\/330b9c8828ff3a80ee8053b5fff0e848\"},\"headline\":\"Vols instal\u00b7lar un ascensor en la comunitat de ve\u00efns? Qu\u00e8 has de saber?\",\"datePublished\":\"2023-06-14T10:28:59+00:00\",\"dateModified\":\"2023-06-14T10:29:51+00:00\",\"mainEntityOfPage\":{\"@id\":\"https:\\\/\\\/adhernandez.com\\\/ca\\\/2023\\\/06\\\/14\\\/installar-ascensor-comunitat-veins\\\/\"},\"wordCount\":1122,\"image\":{\"@id\":\"https:\\\/\\\/adhernandez.com\\\/ca\\\/2023\\\/06\\\/14\\\/installar-ascensor-comunitat-veins\\\/#primaryimage\"},\"thumbnailUrl\":\"https:\\\/\\\/adhernandez.com\\\/wp-content\\\/uploads\\\/2023\\\/06\\\/Quieres-instalar-un-ascensor-en-la-comunidad-de-vecinos.jpg\",\"articleSection\":[\"Propietat horitzontal\"],\"inLanguage\":\"ca\"},{\"@type\":\"WebPage\",\"@id\":\"https:\\\/\\\/adhernandez.com\\\/ca\\\/2023\\\/06\\\/14\\\/installar-ascensor-comunitat-veins\\\/\",\"url\":\"https:\\\/\\\/adhernandez.com\\\/ca\\\/2023\\\/06\\\/14\\\/installar-ascensor-comunitat-veins\\\/\",\"name\":\"Vols instal\u00b7lar un ascensor en la comunitat de ve\u00efns? Qu\u00e8 has de saber?\",\"isPartOf\":{\"@id\":\"https:\\\/\\\/adhernandez.com\\\/ca\\\/#website\"},\"primaryImageOfPage\":{\"@id\":\"https:\\\/\\\/adhernandez.com\\\/ca\\\/2023\\\/06\\\/14\\\/installar-ascensor-comunitat-veins\\\/#primaryimage\"},\"image\":{\"@id\":\"https:\\\/\\\/adhernandez.com\\\/ca\\\/2023\\\/06\\\/14\\\/installar-ascensor-comunitat-veins\\\/#primaryimage\"},\"thumbnailUrl\":\"https:\\\/\\\/adhernandez.com\\\/wp-content\\\/uploads\\\/2023\\\/06\\\/Quieres-instalar-un-ascensor-en-la-comunidad-de-vecinos.jpg\",\"datePublished\":\"2023-06-14T10:28:59+00:00\",\"dateModified\":\"2023-06-14T10:29:51+00:00\",\"author\":{\"@id\":\"https:\\\/\\\/adhernandez.com\\\/ca\\\/#\\\/schema\\\/person\\\/330b9c8828ff3a80ee8053b5fff0e848\"},\"description\":\"En aquest article es tractaran els passos a seguir i les q\u00fcestions a considerar per a instal\u00b7lar un ascensor en la comunitat de ve\u00efns.\",\"breadcrumb\":{\"@id\":\"https:\\\/\\\/adhernandez.com\\\/ca\\\/2023\\\/06\\\/14\\\/installar-ascensor-comunitat-veins\\\/#breadcrumb\"},\"inLanguage\":\"ca\",\"potentialAction\":[{\"@type\":\"ReadAction\",\"target\":[\"https:\\\/\\\/adhernandez.com\\\/ca\\\/2023\\\/06\\\/14\\\/installar-ascensor-comunitat-veins\\\/\"]}]},{\"@type\":\"ImageObject\",\"inLanguage\":\"ca\",\"@id\":\"https:\\\/\\\/adhernandez.com\\\/ca\\\/2023\\\/06\\\/14\\\/installar-ascensor-comunitat-veins\\\/#primaryimage\",\"url\":\"https:\\\/\\\/adhernandez.com\\\/wp-content\\\/uploads\\\/2023\\\/06\\\/Quieres-instalar-un-ascensor-en-la-comunidad-de-vecinos.jpg\",\"contentUrl\":\"https:\\\/\\\/adhernandez.com\\\/wp-content\\\/uploads\\\/2023\\\/06\\\/Quieres-instalar-un-ascensor-en-la-comunidad-de-vecinos.jpg\",\"width\":1000,\"height\":431,\"caption\":\"Quieres instalar un ascensor en la comunidad de vecinos\"},{\"@type\":\"BreadcrumbList\",\"@id\":\"https:\\\/\\\/adhernandez.com\\\/ca\\\/2023\\\/06\\\/14\\\/installar-ascensor-comunitat-veins\\\/#breadcrumb\",\"itemListElement\":[{\"@type\":\"ListItem\",\"position\":1,\"name\":\"Portada\",\"item\":\"https:\\\/\\\/adhernandez.com\\\/ca\\\/adhernandez-inicio\\\/\"},{\"@type\":\"ListItem\",\"position\":2,\"name\":\"Vols instal\u00b7lar un ascensor en la comunitat de ve\u00efns? Qu\u00e8 has de saber?\"}]},{\"@type\":\"WebSite\",\"@id\":\"https:\\\/\\\/adhernandez.com\\\/ca\\\/#website\",\"url\":\"https:\\\/\\\/adhernandez.com\\\/ca\\\/\",\"name\":\"Administraciones Hern\u00e1ndez\",\"description\":\"Equipo de profesionales con amplia experiencia en la gesti\u00f3n del patrimonio inmobiliario\",\"potentialAction\":[{\"@type\":\"SearchAction\",\"target\":{\"@type\":\"EntryPoint\",\"urlTemplate\":\"https:\\\/\\\/adhernandez.com\\\/ca\\\/?s={search_term_string}\"},\"query-input\":{\"@type\":\"PropertyValueSpecification\",\"valueRequired\":true,\"valueName\":\"search_term_string\"}}],\"inLanguage\":\"ca\"},{\"@type\":\"Person\",\"@id\":\"https:\\\/\\\/adhernandez.com\\\/ca\\\/#\\\/schema\\\/person\\\/330b9c8828ff3a80ee8053b5fff0e848\",\"name\":\"AdHern\u00e1ndez\",\"image\":{\"@type\":\"ImageObject\",\"inLanguage\":\"ca\",\"@id\":\"https:\\\/\\\/adhernandez.com\\\/wp-content\\\/litespeed\\\/avatar\\\/6b84e2484050905299b010a711cff345.jpg?ver=1777323059\",\"url\":\"https:\\\/\\\/adhernandez.com\\\/wp-content\\\/litespeed\\\/avatar\\\/6b84e2484050905299b010a711cff345.jpg?ver=1777323059\",\"contentUrl\":\"https:\\\/\\\/adhernandez.com\\\/wp-content\\\/litespeed\\\/avatar\\\/6b84e2484050905299b010a711cff345.jpg?ver=1777323059\",\"caption\":\"AdHern\u00e1ndez\"},\"url\":\"https:\\\/\\\/adhernandez.com\\\/ca\\\/author\\\/veronica\\\/\"}]}<\/script>\n<!-- \/ Yoast SEO plugin. -->","yoast_head_json":{"title":"Vols instal\u00b7lar un ascensor en la comunitat de ve\u00efns? Qu\u00e8 has de saber?","description":"En aquest article es tractaran els passos a seguir i les q\u00fcestions a considerar per a instal\u00b7lar un ascensor en la comunitat de ve\u00efns.","robots":{"index":"index","follow":"follow","max-snippet":"max-snippet:-1","max-image-preview":"max-image-preview:large","max-video-preview":"max-video-preview:-1"},"canonical":"https:\/\/adhernandez.com\/ca\/2023\/06\/14\/installar-ascensor-comunitat-veins\/","og_locale":"ca_ES","og_type":"article","og_title":"Vols instal\u00b7lar un ascensor en la comunitat de ve\u00efns? Qu\u00e8 has de saber?","og_description":"En aquest article es tractaran els passos a seguir i les q\u00fcestions a considerar per a instal\u00b7lar un ascensor en la comunitat de ve\u00efns.","og_url":"https:\/\/adhernandez.com\/ca\/2023\/06\/14\/installar-ascensor-comunitat-veins\/","og_site_name":"Administraciones Hern\u00e1ndez","article_published_time":"2023-06-14T10:28:59+00:00","article_modified_time":"2023-06-14T10:29:51+00:00","og_image":[{"width":1000,"height":431,"url":"https:\/\/adhernandez.com\/wp-content\/uploads\/2023\/06\/Quieres-instalar-un-ascensor-en-la-comunidad-de-vecinos.jpg","type":"image\/jpeg"}],"author":"AdHern\u00e1ndez","twitter_card":"summary_large_image","twitter_misc":{"Escrit per":"AdHern\u00e1ndez","Temps estimat de lectura":"6 minuts"},"schema":{"@context":"https:\/\/schema.org","@graph":[{"@type":"Article","@id":"https:\/\/adhernandez.com\/ca\/2023\/06\/14\/installar-ascensor-comunitat-veins\/#article","isPartOf":{"@id":"https:\/\/adhernandez.com\/ca\/2023\/06\/14\/installar-ascensor-comunitat-veins\/"},"author":{"name":"AdHern\u00e1ndez","@id":"https:\/\/adhernandez.com\/ca\/#\/schema\/person\/330b9c8828ff3a80ee8053b5fff0e848"},"headline":"Vols instal\u00b7lar un ascensor en la comunitat de ve\u00efns? Qu\u00e8 has de saber?","datePublished":"2023-06-14T10:28:59+00:00","dateModified":"2023-06-14T10:29:51+00:00","mainEntityOfPage":{"@id":"https:\/\/adhernandez.com\/ca\/2023\/06\/14\/installar-ascensor-comunitat-veins\/"},"wordCount":1122,"image":{"@id":"https:\/\/adhernandez.com\/ca\/2023\/06\/14\/installar-ascensor-comunitat-veins\/#primaryimage"},"thumbnailUrl":"https:\/\/adhernandez.com\/wp-content\/uploads\/2023\/06\/Quieres-instalar-un-ascensor-en-la-comunidad-de-vecinos.jpg","articleSection":["Propietat horitzontal"],"inLanguage":"ca"},{"@type":"WebPage","@id":"https:\/\/adhernandez.com\/ca\/2023\/06\/14\/installar-ascensor-comunitat-veins\/","url":"https:\/\/adhernandez.com\/ca\/2023\/06\/14\/installar-ascensor-comunitat-veins\/","name":"Vols instal\u00b7lar un ascensor en la comunitat de ve\u00efns? Qu\u00e8 has de saber?","isPartOf":{"@id":"https:\/\/adhernandez.com\/ca\/#website"},"primaryImageOfPage":{"@id":"https:\/\/adhernandez.com\/ca\/2023\/06\/14\/installar-ascensor-comunitat-veins\/#primaryimage"},"image":{"@id":"https:\/\/adhernandez.com\/ca\/2023\/06\/14\/installar-ascensor-comunitat-veins\/#primaryimage"},"thumbnailUrl":"https:\/\/adhernandez.com\/wp-content\/uploads\/2023\/06\/Quieres-instalar-un-ascensor-en-la-comunidad-de-vecinos.jpg","datePublished":"2023-06-14T10:28:59+00:00","dateModified":"2023-06-14T10:29:51+00:00","author":{"@id":"https:\/\/adhernandez.com\/ca\/#\/schema\/person\/330b9c8828ff3a80ee8053b5fff0e848"},"description":"En aquest article es tractaran els passos a seguir i les q\u00fcestions a considerar per a instal\u00b7lar un ascensor en la comunitat de ve\u00efns.","breadcrumb":{"@id":"https:\/\/adhernandez.com\/ca\/2023\/06\/14\/installar-ascensor-comunitat-veins\/#breadcrumb"},"inLanguage":"ca","potentialAction":[{"@type":"ReadAction","target":["https:\/\/adhernandez.com\/ca\/2023\/06\/14\/installar-ascensor-comunitat-veins\/"]}]},{"@type":"ImageObject","inLanguage":"ca","@id":"https:\/\/adhernandez.com\/ca\/2023\/06\/14\/installar-ascensor-comunitat-veins\/#primaryimage","url":"https:\/\/adhernandez.com\/wp-content\/uploads\/2023\/06\/Quieres-instalar-un-ascensor-en-la-comunidad-de-vecinos.jpg","contentUrl":"https:\/\/adhernandez.com\/wp-content\/uploads\/2023\/06\/Quieres-instalar-un-ascensor-en-la-comunidad-de-vecinos.jpg","width":1000,"height":431,"caption":"Quieres instalar un ascensor en la comunidad de vecinos"},{"@type":"BreadcrumbList","@id":"https:\/\/adhernandez.com\/ca\/2023\/06\/14\/installar-ascensor-comunitat-veins\/#breadcrumb","itemListElement":[{"@type":"ListItem","position":1,"name":"Portada","item":"https:\/\/adhernandez.com\/ca\/adhernandez-inicio\/"},{"@type":"ListItem","position":2,"name":"Vols instal\u00b7lar un ascensor en la comunitat de ve\u00efns? Qu\u00e8 has de saber?"}]},{"@type":"WebSite","@id":"https:\/\/adhernandez.com\/ca\/#website","url":"https:\/\/adhernandez.com\/ca\/","name":"Administraciones Hern\u00e1ndez","description":"Equipo de profesionales con amplia experiencia en la gesti\u00f3n del patrimonio inmobiliario","potentialAction":[{"@type":"SearchAction","target":{"@type":"EntryPoint","urlTemplate":"https:\/\/adhernandez.com\/ca\/?s={search_term_string}"},"query-input":{"@type":"PropertyValueSpecification","valueRequired":true,"valueName":"search_term_string"}}],"inLanguage":"ca"},{"@type":"Person","@id":"https:\/\/adhernandez.com\/ca\/#\/schema\/person\/330b9c8828ff3a80ee8053b5fff0e848","name":"AdHern\u00e1ndez","image":{"@type":"ImageObject","inLanguage":"ca","@id":"https:\/\/adhernandez.com\/wp-content\/litespeed\/avatar\/6b84e2484050905299b010a711cff345.jpg?ver=1777323059","url":"https:\/\/adhernandez.com\/wp-content\/litespeed\/avatar\/6b84e2484050905299b010a711cff345.jpg?ver=1777323059","contentUrl":"https:\/\/adhernandez.com\/wp-content\/litespeed\/avatar\/6b84e2484050905299b010a711cff345.jpg?ver=1777323059","caption":"AdHern\u00e1ndez"},"url":"https:\/\/adhernandez.com\/ca\/author\/veronica\/"}]}},"_links":{"self":[{"href":"https:\/\/adhernandez.com\/ca\/wp-json\/wp\/v2\/posts\/28454","targetHints":{"allow":["GET"]}}],"collection":[{"href":"https:\/\/adhernandez.com\/ca\/wp-json\/wp\/v2\/posts"}],"about":[{"href":"https:\/\/adhernandez.com\/ca\/wp-json\/wp\/v2\/types\/post"}],"author":[{"embeddable":true,"href":"https:\/\/adhernandez.com\/ca\/wp-json\/wp\/v2\/users\/6"}],"replies":[{"embeddable":true,"href":"https:\/\/adhernandez.com\/ca\/wp-json\/wp\/v2\/comments?post=28454"}],"version-history":[{"count":2,"href":"https:\/\/adhernandez.com\/ca\/wp-json\/wp\/v2\/posts\/28454\/revisions"}],"predecessor-version":[{"id":28456,"href":"https:\/\/adhernandez.com\/ca\/wp-json\/wp\/v2\/posts\/28454\/revisions\/28456"}],"wp:featuredmedia":[{"embeddable":true,"href":"https:\/\/adhernandez.com\/ca\/wp-json\/wp\/v2\/media\/28435"}],"wp:attachment":[{"href":"https:\/\/adhernandez.com\/ca\/wp-json\/wp\/v2\/media?parent=28454"}],"wp:term":[{"taxonomy":"category","embeddable":true,"href":"https:\/\/adhernandez.com\/ca\/wp-json\/wp\/v2\/categories?post=28454"},{"taxonomy":"post_tag","embeddable":true,"href":"https:\/\/adhernandez.com\/ca\/wp-json\/wp\/v2\/tags?post=28454"}],"curies":[{"name":"wp","href":"https:\/\/api.w.org\/{rel}","templated":true}]}}