{"id":28204,"date":"2023-04-26T12:00:00","date_gmt":"2023-04-26T12:00:00","guid":{"rendered":"https:\/\/adhernandez.com\/?p=28204"},"modified":"2023-04-19T15:10:16","modified_gmt":"2023-04-19T15:10:16","slug":"aparcar-cotxe-moto-mateixa-placa-garatge","status":"publish","type":"post","link":"https:\/\/adhernandez.com\/ca\/2023\/04\/26\/aparcar-cotxe-moto-mateixa-placa-garatge\/","title":{"rendered":"Puc aparcar el meu cotxe i moto en la mateixa pla\u00e7a de garatge?"},"content":{"rendered":"\t\t<div data-elementor-type=\"wp-post\" data-elementor-id=\"28204\" class=\"elementor elementor-28204 elementor-28155\">\n\t\t\t\t\t\t<section class=\"elementor-section elementor-top-section elementor-element elementor-element-1750b08 elementor-section-boxed elementor-section-height-default elementor-section-height-default\" data-id=\"1750b08\" data-element_type=\"section\" data-e-type=\"section\">\n\t\t\t\t\t\t<div class=\"elementor-container elementor-column-gap-default\">\n\t\t\t\t\t<div class=\"elementor-column elementor-col-100 elementor-top-column elementor-element elementor-element-cbb1f67\" data-id=\"cbb1f67\" data-element_type=\"column\" data-e-type=\"column\">\n\t\t\t<div class=\"elementor-widget-wrap elementor-element-populated\">\n\t\t\t\t\t\t<div class=\"elementor-element elementor-element-2fa01a4 elementor-widget elementor-widget-text-editor\" data-id=\"2fa01a4\" data-element_type=\"widget\" data-e-type=\"widget\" data-widget_type=\"text-editor.default\">\n\t\t\t\t\t\t\t\t\t<p><span style=\"font-weight: 400;\">Aparcar a la ciutat de Barcelona pot ser un desafiament, especialment per a aquells que posseeixen tant un cotxe com una moto. La falta d&#8217;espai i l&#8217;alta demanda d&#8217;estacionament fan que sigui dif\u00edcil trobar una pla\u00e7a de garatge adequada.<\/span><\/p><p><span style=\"font-weight: 400;\">Si et trobes en aquesta situaci\u00f3, \u00e9s possible que et preguntis si pots <\/span><b>estacionar el teu cotxe i moto en la mateixa pla\u00e7a de garatge<\/b><span style=\"font-weight: 400;\">. En este art\u00edculo, analizaremos la normativa de estacionamiento en Barcelona y ofreceremos informaci\u00f3n \u00fatil para aquellos que buscan compartir una plaza de garaje entre sus veh\u00edculos.<\/span><\/p>\t\t\t\t\t\t\t\t<\/div>\n\t\t\t\t\t<\/div>\n\t\t<\/div>\n\t\t\t\t\t<\/div>\n\t\t<\/section>\n\t\t\t\t<section class=\"elementor-section elementor-top-section elementor-element elementor-element-d0f75ac elementor-section-boxed elementor-section-height-default elementor-section-height-default\" data-id=\"d0f75ac\" data-element_type=\"section\" data-e-type=\"section\">\n\t\t\t\t\t\t<div class=\"elementor-container elementor-column-gap-default\">\n\t\t\t\t\t<div class=\"elementor-column elementor-col-100 elementor-top-column elementor-element elementor-element-29f56cc\" data-id=\"29f56cc\" data-element_type=\"column\" data-e-type=\"column\">\n\t\t\t<div class=\"elementor-widget-wrap elementor-element-populated\">\n\t\t\t\t\t\t<div class=\"elementor-element elementor-element-4ddb891 elementor-widget elementor-widget-heading\" data-id=\"4ddb891\" data-element_type=\"widget\" data-e-type=\"widget\" data-widget_type=\"heading.default\">\n\t\t\t\t\t<h2 class=\"elementor-heading-title elementor-size-default\">Normativa general d'aparcament a Barcelona<\/h2>\t\t\t\t<\/div>\n\t\t\t\t\t<\/div>\n\t\t<\/div>\n\t\t\t\t\t<\/div>\n\t\t<\/section>\n\t\t\t\t<section class=\"elementor-section elementor-top-section elementor-element elementor-element-9097ed4 elementor-section-boxed elementor-section-height-default elementor-section-height-default\" data-id=\"9097ed4\" data-element_type=\"section\" data-e-type=\"section\">\n\t\t\t\t\t\t<div class=\"elementor-container elementor-column-gap-default\">\n\t\t\t\t\t<div class=\"elementor-column elementor-col-50 elementor-top-column elementor-element elementor-element-71b9cb5\" data-id=\"71b9cb5\" data-element_type=\"column\" data-e-type=\"column\">\n\t\t\t<div class=\"elementor-widget-wrap elementor-element-populated\">\n\t\t\t\t\t\t<div class=\"elementor-element elementor-element-1d5edfc elementor-widget elementor-widget-text-editor\" data-id=\"1d5edfc\" data-element_type=\"widget\" data-e-type=\"widget\" data-widget_type=\"text-editor.default\">\n\t\t\t\t\t\t\t\t\t<span style=\"font-weight: 400;\">En primer lloc, \u00e9s essencial entendre la normativa general d&#8217;aparcament a Barcelona.  <\/span><b>La ciutat est\u00e0 dividida en diferents zones d&#8217;estacionament, i les tarifes varien segons la zona<\/b><span style=\"font-weight: 400;\">. A m\u00e9s, existeixen restriccions quant al temps m\u00e0xim d&#8217;estacionament al carrer i algunes \u00e0rees s\u00f3n exclusives per a residents.<\/span>\t\t\t\t\t\t\t\t<\/div>\n\t\t\t\t\t<\/div>\n\t\t<\/div>\n\t\t\t\t<div class=\"elementor-column elementor-col-50 elementor-top-column elementor-element elementor-element-d43cbdc\" data-id=\"d43cbdc\" data-element_type=\"column\" data-e-type=\"column\">\n\t\t\t<div class=\"elementor-widget-wrap elementor-element-populated\">\n\t\t\t\t\t\t<div class=\"elementor-element elementor-element-b064d15 elementor-widget elementor-widget-image\" data-id=\"b064d15\" data-element_type=\"widget\" data-e-type=\"widget\" data-widget_type=\"image.default\">\n\t\t\t\t\t\t\t\t\t\t\t\t\t\t\t<img fetchpriority=\"high\" decoding=\"async\" width=\"800\" height=\"534\" src=\"https:\/\/adhernandez.com\/wp-content\/uploads\/2023\/04\/Puedo-aparcar-mi-coche-y-moto-en-la-misma-plaza-de-garaje-2.jpg\" class=\"attachment-large size-large wp-image-28159\" alt=\"Puedo aparcar el coche y la moto en la misma plaza de garaje\" srcset=\"https:\/\/adhernandez.com\/wp-content\/uploads\/2023\/04\/Puedo-aparcar-mi-coche-y-moto-en-la-misma-plaza-de-garaje-2.jpg 800w, https:\/\/adhernandez.com\/wp-content\/uploads\/2023\/04\/Puedo-aparcar-mi-coche-y-moto-en-la-misma-plaza-de-garaje-2-300x200.jpg.webp 300w, https:\/\/adhernandez.com\/wp-content\/uploads\/2023\/04\/Puedo-aparcar-mi-coche-y-moto-en-la-misma-plaza-de-garaje-2-768x513.jpg.webp 768w, https:\/\/adhernandez.com\/wp-content\/uploads\/2023\/04\/Puedo-aparcar-mi-coche-y-moto-en-la-misma-plaza-de-garaje-2-496x331.jpg.webp 496w\" sizes=\"(max-width: 800px) 100vw, 800px\" \/>\t\t\t\t\t\t\t\t\t\t\t\t\t\t\t<\/div>\n\t\t\t\t\t<\/div>\n\t\t<\/div>\n\t\t\t\t\t<\/div>\n\t\t<\/section>\n\t\t\t\t<section class=\"elementor-section elementor-top-section elementor-element elementor-element-f401c50 elementor-section-boxed elementor-section-height-default elementor-section-height-default\" data-id=\"f401c50\" data-element_type=\"section\" data-e-type=\"section\">\n\t\t\t\t\t\t<div class=\"elementor-container elementor-column-gap-default\">\n\t\t\t\t\t<div class=\"elementor-column elementor-col-100 elementor-top-column elementor-element elementor-element-41cf853\" data-id=\"41cf853\" data-element_type=\"column\" data-e-type=\"column\">\n\t\t\t<div class=\"elementor-widget-wrap elementor-element-populated\">\n\t\t\t\t\t\t<div class=\"elementor-element elementor-element-ba8ce78 elementor-widget elementor-widget-text-editor\" data-id=\"ba8ce78\" data-element_type=\"widget\" data-e-type=\"widget\" data-widget_type=\"text-editor.default\">\n\t\t\t\t\t\t\t\t\t<p><span style=\"font-weight: 400;\">No obstant aix\u00f2, aquestes normatives s&#8217;apliquen principalment a l&#8217;estacionament en la via p\u00fablica i no aborden directament la q\u00fcesti\u00f3 de compartir una pla\u00e7a de garatge entre un cotxe i una moto.<\/span><\/p>\t\t\t\t\t\t\t\t<\/div>\n\t\t\t\t\t<\/div>\n\t\t<\/div>\n\t\t\t\t\t<\/div>\n\t\t<\/section>\n\t\t\t\t<section class=\"elementor-section elementor-top-section elementor-element elementor-element-5ee3987 elementor-section-boxed elementor-section-height-default elementor-section-height-default\" data-id=\"5ee3987\" data-element_type=\"section\" data-e-type=\"section\">\n\t\t\t\t\t\t<div class=\"elementor-container elementor-column-gap-default\">\n\t\t\t\t\t<div class=\"elementor-column elementor-col-100 elementor-top-column elementor-element elementor-element-e051889\" data-id=\"e051889\" data-element_type=\"column\" data-e-type=\"column\">\n\t\t\t<div class=\"elementor-widget-wrap elementor-element-populated\">\n\t\t\t\t\t\t<div class=\"elementor-element elementor-element-0b0c488 elementor-widget elementor-widget-heading\" data-id=\"0b0c488\" data-element_type=\"widget\" data-e-type=\"widget\" data-widget_type=\"heading.default\">\n\t\t\t\t\t<h2 class=\"elementor-heading-title elementor-size-default\">Normativa d'aparcament en garatges privats<\/h2>\t\t\t\t<\/div>\n\t\t\t\t\t<\/div>\n\t\t<\/div>\n\t\t\t\t\t<\/div>\n\t\t<\/section>\n\t\t\t\t<section class=\"elementor-section elementor-top-section elementor-element elementor-element-41edd88 elementor-section-boxed elementor-section-height-default elementor-section-height-default\" data-id=\"41edd88\" data-element_type=\"section\" data-e-type=\"section\">\n\t\t\t\t\t\t<div class=\"elementor-container elementor-column-gap-default\">\n\t\t\t\t\t<div class=\"elementor-column elementor-col-100 elementor-top-column elementor-element elementor-element-a0fe50b\" data-id=\"a0fe50b\" data-element_type=\"column\" data-e-type=\"column\">\n\t\t\t<div class=\"elementor-widget-wrap elementor-element-populated\">\n\t\t\t\t\t\t<div class=\"elementor-element elementor-element-c72f960 elementor-widget elementor-widget-text-editor\" data-id=\"c72f960\" data-element_type=\"widget\" data-e-type=\"widget\" data-widget_type=\"text-editor.default\">\n\t\t\t\t\t\t\t\t\t<span style=\"font-weight: 400;\">Quan es tracta d&#8217;estacionar en garatges privats, la situaci\u00f3 \u00e9s diferent. Els garatges privats estan subjectes a regulacions espec\u00edfiques que poden variar segons l&#8217;estatut de la comunitat de propietaris o les condicions del contracte de lloguer del garatge.<\/span>\t\t\t\t\t\t\t\t<\/div>\n\t\t\t\t\t<\/div>\n\t\t<\/div>\n\t\t\t\t\t<\/div>\n\t\t<\/section>\n\t\t\t\t<section class=\"elementor-section elementor-top-section elementor-element elementor-element-7ab103d elementor-section-boxed elementor-section-height-default elementor-section-height-default\" data-id=\"7ab103d\" data-element_type=\"section\" data-e-type=\"section\">\n\t\t\t\t\t\t<div class=\"elementor-container elementor-column-gap-default\">\n\t\t\t\t\t<div class=\"elementor-column elementor-col-50 elementor-top-column elementor-element elementor-element-442d626\" data-id=\"442d626\" data-element_type=\"column\" data-e-type=\"column\">\n\t\t\t<div class=\"elementor-widget-wrap elementor-element-populated\">\n\t\t\t\t\t\t<div class=\"elementor-element elementor-element-1a18cc5 elementor-widget elementor-widget-image\" data-id=\"1a18cc5\" data-element_type=\"widget\" data-e-type=\"widget\" data-widget_type=\"image.default\">\n\t\t\t\t\t\t\t\t\t\t\t\t\t\t\t<img decoding=\"async\" width=\"800\" height=\"534\" src=\"https:\/\/adhernandez.com\/wp-content\/uploads\/2023\/04\/Puedo-aparcar-mi-coche-y-moto-en-la-misma-plaza-de-garaje-3.jpg\" class=\"attachment-large size-large wp-image-28161\" alt=\"Puedo aparcar el coche y la moto en la misma plaza de garaje\" srcset=\"https:\/\/adhernandez.com\/wp-content\/uploads\/2023\/04\/Puedo-aparcar-mi-coche-y-moto-en-la-misma-plaza-de-garaje-3.jpg.webp 800w, https:\/\/adhernandez.com\/wp-content\/uploads\/2023\/04\/Puedo-aparcar-mi-coche-y-moto-en-la-misma-plaza-de-garaje-3-300x200.jpg.webp 300w, https:\/\/adhernandez.com\/wp-content\/uploads\/2023\/04\/Puedo-aparcar-mi-coche-y-moto-en-la-misma-plaza-de-garaje-3-768x513.jpg.webp 768w, https:\/\/adhernandez.com\/wp-content\/uploads\/2023\/04\/Puedo-aparcar-mi-coche-y-moto-en-la-misma-plaza-de-garaje-3-496x331.jpg.webp 496w\" sizes=\"(max-width: 800px) 100vw, 800px\" \/>\t\t\t\t\t\t\t\t\t\t\t\t\t\t\t<\/div>\n\t\t\t\t\t<\/div>\n\t\t<\/div>\n\t\t\t\t<div class=\"elementor-column elementor-col-50 elementor-top-column elementor-element elementor-element-3e33428\" data-id=\"3e33428\" data-element_type=\"column\" data-e-type=\"column\">\n\t\t\t<div class=\"elementor-widget-wrap elementor-element-populated\">\n\t\t\t\t\t\t<div class=\"elementor-element elementor-element-3ea377a elementor-widget elementor-widget-text-editor\" data-id=\"3ea377a\" data-element_type=\"widget\" data-e-type=\"widget\" data-widget_type=\"text-editor.default\">\n\t\t\t\t\t\t\t\t\t<span style=\"font-weight: 400;\">En general,<\/span><b> no hi ha una normativa espec\u00edfica a Barcelona que prohibeixi estacionar un cotxe i una moto en la mateixa pla\u00e7a de garatge <\/b><span style=\"font-weight: 400;\">sempre que no se sobrepassin les dimensions de la pla\u00e7a assignada. Per tant, si tots dos vehicles caben c\u00f2modament dins dels l\u00edmits de la pla\u00e7a de garatge, \u00e9s possible compartir l&#8217;espai.<\/span>\t\t\t\t\t\t\t\t<\/div>\n\t\t\t\t\t<\/div>\n\t\t<\/div>\n\t\t\t\t\t<\/div>\n\t\t<\/section>\n\t\t\t\t<section class=\"elementor-section elementor-top-section elementor-element elementor-element-411cb85 elementor-section-boxed elementor-section-height-default elementor-section-height-default\" data-id=\"411cb85\" data-element_type=\"section\" data-e-type=\"section\">\n\t\t\t\t\t\t<div class=\"elementor-container elementor-column-gap-default\">\n\t\t\t\t\t<div class=\"elementor-column elementor-col-100 elementor-top-column elementor-element elementor-element-dab8876\" data-id=\"dab8876\" data-element_type=\"column\" data-e-type=\"column\">\n\t\t\t<div class=\"elementor-widget-wrap elementor-element-populated\">\n\t\t\t\t\t\t<div class=\"elementor-element elementor-element-bde45c0 elementor-widget elementor-widget-heading\" data-id=\"bde45c0\" data-element_type=\"widget\" data-e-type=\"widget\" data-widget_type=\"heading.default\">\n\t\t\t\t\t<h2 class=\"elementor-heading-title elementor-size-default\">Verifica amb la teva comunitat de propietaris o contracte de lloguer<\/h2>\t\t\t\t<\/div>\n\t\t\t\t\t<\/div>\n\t\t<\/div>\n\t\t\t\t\t<\/div>\n\t\t<\/section>\n\t\t\t\t<section class=\"elementor-section elementor-top-section elementor-element elementor-element-22a277f elementor-section-boxed elementor-section-height-default elementor-section-height-default\" data-id=\"22a277f\" data-element_type=\"section\" data-e-type=\"section\">\n\t\t\t\t\t\t<div class=\"elementor-container elementor-column-gap-default\">\n\t\t\t\t\t<div class=\"elementor-column elementor-col-100 elementor-top-column elementor-element elementor-element-bcbc569\" data-id=\"bcbc569\" data-element_type=\"column\" data-e-type=\"column\">\n\t\t\t<div class=\"elementor-widget-wrap elementor-element-populated\">\n\t\t\t\t\t\t<div class=\"elementor-element elementor-element-64f208c elementor-widget elementor-widget-text-editor\" data-id=\"64f208c\" data-element_type=\"widget\" data-e-type=\"widget\" data-widget_type=\"text-editor.default\">\n\t\t\t\t\t\t\t\t\t<p><span style=\"font-weight: 400;\">A pesar que la normativa de Barcelona no prohibeix espec\u00edficament estacionar un cotxe i una moto en la mateixa pla\u00e7a de garatge, \u00e9s fonamental verificar amb la comunitat de propietaris o revisar les condicions del teu contracte de lloguer.<\/span><\/p><p><b>Algunes comunitats de propietaris poden tenir les seves pr\u00f2pies normatives o restriccions<\/b><span style=\"font-weight: 400;\"> quant a l&#8217;\u00fas de les places de garatge, mentre que altres contractes de lloguer poden especificar el tipus de vehicle perm\u00e8s en la pla\u00e7a.<\/span><\/p>\t\t\t\t\t\t\t\t<\/div>\n\t\t\t\t\t<\/div>\n\t\t<\/div>\n\t\t\t\t\t<\/div>\n\t\t<\/section>\n\t\t\t\t<section class=\"elementor-section elementor-top-section elementor-element elementor-element-157f92b elementor-section-boxed elementor-section-height-default elementor-section-height-default\" data-id=\"157f92b\" data-element_type=\"section\" data-e-type=\"section\">\n\t\t\t\t\t\t<div class=\"elementor-container elementor-column-gap-default\">\n\t\t\t\t\t<div class=\"elementor-column elementor-col-100 elementor-top-column elementor-element elementor-element-ec29c9a\" data-id=\"ec29c9a\" data-element_type=\"column\" data-e-type=\"column\">\n\t\t\t<div class=\"elementor-widget-wrap elementor-element-populated\">\n\t\t\t\t\t\t<div class=\"elementor-element elementor-element-f070cff elementor-widget elementor-widget-heading\" data-id=\"f070cff\" data-element_type=\"widget\" data-e-type=\"widget\" data-widget_type=\"heading.default\">\n\t\t\t\t\t<h2 class=\"elementor-heading-title elementor-size-default\">Consells per a compartir una pla\u00e7a de garatge entre un cotxe i una moto<\/h2>\t\t\t\t<\/div>\n\t\t\t\t\t<\/div>\n\t\t<\/div>\n\t\t\t\t\t<\/div>\n\t\t<\/section>\n\t\t\t\t<section class=\"elementor-section elementor-top-section elementor-element elementor-element-144d46a elementor-section-boxed elementor-section-height-default elementor-section-height-default\" data-id=\"144d46a\" data-element_type=\"section\" data-e-type=\"section\">\n\t\t\t\t\t\t<div class=\"elementor-container elementor-column-gap-default\">\n\t\t\t\t\t<div class=\"elementor-column elementor-col-100 elementor-top-column elementor-element elementor-element-b2a2e4a\" data-id=\"b2a2e4a\" data-element_type=\"column\" data-e-type=\"column\">\n\t\t\t<div class=\"elementor-widget-wrap elementor-element-populated\">\n\t\t\t\t\t\t<div class=\"elementor-element elementor-element-622fcba elementor-widget elementor-widget-text-editor\" data-id=\"622fcba\" data-element_type=\"widget\" data-e-type=\"widget\" data-widget_type=\"text-editor.default\">\n\t\t\t\t\t\t\t\t\t<span style=\"font-weight: 400;\">Si decideixes compartir una pla\u00e7a de garatge entre el teu cotxe i moto, aqu\u00ed hi ha alguns consells a tenir en compte:<\/span>\t\t\t\t\t\t\t\t<\/div>\n\t\t\t\t\t<\/div>\n\t\t<\/div>\n\t\t\t\t\t<\/div>\n\t\t<\/section>\n\t\t\t\t<section class=\"elementor-section elementor-top-section elementor-element elementor-element-b117f1a elementor-section-boxed elementor-section-height-default elementor-section-height-default\" data-id=\"b117f1a\" data-element_type=\"section\" data-e-type=\"section\">\n\t\t\t\t\t\t<div class=\"elementor-container elementor-column-gap-default\">\n\t\t\t\t\t<div class=\"elementor-column elementor-col-100 elementor-top-column elementor-element elementor-element-fbf6fa9\" data-id=\"fbf6fa9\" data-element_type=\"column\" data-e-type=\"column\">\n\t\t\t<div class=\"elementor-widget-wrap elementor-element-populated\">\n\t\t\t\t\t\t<div class=\"elementor-element elementor-element-d7588bd elementor-widget elementor-widget-text-editor\" data-id=\"d7588bd\" data-element_type=\"widget\" data-e-type=\"widget\" data-widget_type=\"text-editor.default\">\n\t\t\t\t\t\t\t\t\t<ul><li style=\"font-weight: 400;\" aria-level=\"1\"><b>Assegura&#8217;t que tots dos vehicles c\u00e0piguen c\u00f2modament: <\/b><span style=\"font-weight: 400;\"> mesura les dimensions del teu cotxe i moto i compara-les amb la grand\u00e0ria de la pla\u00e7a de garatge per a assegurar-te que tots dos vehicles c\u00e0piguen sense problemes.<\/span><\/li><\/ul>\t\t\t\t\t\t\t\t<\/div>\n\t\t\t\t\t<\/div>\n\t\t<\/div>\n\t\t\t\t\t<\/div>\n\t\t<\/section>\n\t\t\t\t<section class=\"elementor-section elementor-top-section elementor-element elementor-element-eb7b247 elementor-section-boxed elementor-section-height-default elementor-section-height-default\" data-id=\"eb7b247\" data-element_type=\"section\" data-e-type=\"section\">\n\t\t\t\t\t\t<div class=\"elementor-container elementor-column-gap-default\">\n\t\t\t\t\t<div class=\"elementor-column elementor-col-100 elementor-top-column elementor-element elementor-element-62820f2\" data-id=\"62820f2\" data-element_type=\"column\" data-e-type=\"column\">\n\t\t\t<div class=\"elementor-widget-wrap elementor-element-populated\">\n\t\t\t\t\t\t<div class=\"elementor-element elementor-element-c0c2b09 elementor-widget elementor-widget-text-editor\" data-id=\"c0c2b09\" data-element_type=\"widget\" data-e-type=\"widget\" data-widget_type=\"text-editor.default\">\n\t\t\t\t\t\t\t\t\t<ul><li style=\"font-weight: 400;\" aria-level=\"1\"><b>Estaciona de manera ordenada i segura: <\/b><span style=\"font-weight: 400;\">en estacionar el teu cotxe i moto en la mateixa pla\u00e7a de garatge, assegura&#8217;t que tots dos vehicles estiguin estacionats de manera ordenada i segura, evitant bloquejar l&#8217;acc\u00e9s a altres vehicles o vianants.<\/span><\/li><\/ul>\t\t\t\t\t\t\t\t<\/div>\n\t\t\t\t\t<\/div>\n\t\t<\/div>\n\t\t\t\t\t<\/div>\n\t\t<\/section>\n\t\t\t\t<section class=\"elementor-section elementor-top-section elementor-element elementor-element-bad4850 elementor-section-boxed elementor-section-height-default elementor-section-height-default\" data-id=\"bad4850\" data-element_type=\"section\" data-e-type=\"section\">\n\t\t\t\t\t\t<div class=\"elementor-container elementor-column-gap-default\">\n\t\t\t\t\t<div class=\"elementor-column elementor-col-100 elementor-top-column elementor-element elementor-element-3f01250\" data-id=\"3f01250\" data-element_type=\"column\" data-e-type=\"column\">\n\t\t\t<div class=\"elementor-widget-wrap elementor-element-populated\">\n\t\t\t\t\t\t<div class=\"elementor-element elementor-element-7ab887f elementor-widget elementor-widget-text-editor\" data-id=\"7ab887f\" data-element_type=\"widget\" data-e-type=\"widget\" data-widget_type=\"text-editor.default\">\n\t\t\t\t\t\t\t\t\t<ul><li style=\"font-weight: 400;\" aria-level=\"1\"><b>Considera instal\u00b7lar una barrera o delimitador: <\/b><span style=\"font-weight: 400;\">si comparteixes una pla\u00e7a de garatge amb altres ve\u00efns, considera instal\u00b7lar una barrera o delimitador per a evitar que els teus vehicles es desplacin accidentalment cap a les places adjacents o causin problemes als altres usuaris del garatge.<\/span><\/li><\/ul>\t\t\t\t\t\t\t\t<\/div>\n\t\t\t\t\t<\/div>\n\t\t<\/div>\n\t\t\t\t\t<\/div>\n\t\t<\/section>\n\t\t\t\t<section class=\"elementor-section elementor-top-section elementor-element elementor-element-945a974 elementor-section-boxed elementor-section-height-default elementor-section-height-default\" data-id=\"945a974\" data-element_type=\"section\" data-e-type=\"section\">\n\t\t\t\t\t\t<div class=\"elementor-container elementor-column-gap-default\">\n\t\t\t\t\t<div class=\"elementor-column elementor-col-100 elementor-top-column elementor-element elementor-element-dc41c8d\" data-id=\"dc41c8d\" data-element_type=\"column\" data-e-type=\"column\">\n\t\t\t<div class=\"elementor-widget-wrap elementor-element-populated\">\n\t\t\t\t\t\t<div class=\"elementor-element elementor-element-6b1e084 elementor-widget elementor-widget-text-editor\" data-id=\"6b1e084\" data-element_type=\"widget\" data-e-type=\"widget\" data-widget_type=\"text-editor.default\">\n\t\t\t\t\t\t\t\t\t<ul><li style=\"font-weight: 400;\" aria-level=\"1\"><b>Mantingues els teus vehicles assegurats<\/b><span style=\"font-weight: 400;\">: assegura&#8217;t que tant el teu cotxe com la teva moto estiguin degudament assegurats, ja que compartir una pla\u00e7a de garatge pot augmentar el risc de danys accidentals.<\/span><\/li><\/ul>\t\t\t\t\t\t\t\t<\/div>\n\t\t\t\t\t<\/div>\n\t\t<\/div>\n\t\t\t\t\t<\/div>\n\t\t<\/section>\n\t\t\t\t<section class=\"elementor-section elementor-top-section elementor-element elementor-element-24c98df elementor-section-boxed elementor-section-height-default elementor-section-height-default\" data-id=\"24c98df\" data-element_type=\"section\" data-e-type=\"section\">\n\t\t\t\t\t\t<div class=\"elementor-container elementor-column-gap-default\">\n\t\t\t\t\t<div class=\"elementor-column elementor-col-100 elementor-top-column elementor-element elementor-element-bbd1f25\" data-id=\"bbd1f25\" data-element_type=\"column\" data-e-type=\"column\">\n\t\t\t<div class=\"elementor-widget-wrap elementor-element-populated\">\n\t\t\t\t\t\t<div class=\"elementor-element elementor-element-3a55134 elementor-widget elementor-widget-text-editor\" data-id=\"3a55134\" data-element_type=\"widget\" data-e-type=\"widget\" data-widget_type=\"text-editor.default\">\n\t\t\t\t\t\t\t\t\t<ul>\n \t<li style=\"font-weight: 400;\" aria-level=\"1\"><b>S\u00e9 considerat amb els teus ve\u00efns: <\/b><span style=\"font-weight: 400;\">quan comparteixis una pla\u00e7a de garatge entre un cotxe i una moto, \u00e9s fonamental ser considerat amb els teus ve\u00efns. Tracta d&#8217;evitar sorolls excessius i maniobres brusques que puguin molestar als altres usuaris del garatge.<\/span><\/li>\n<\/ul>\t\t\t\t\t\t\t\t<\/div>\n\t\t\t\t\t<\/div>\n\t\t<\/div>\n\t\t\t\t\t<\/div>\n\t\t<\/section>\n\t\t\t\t<section class=\"elementor-section elementor-top-section elementor-element elementor-element-1166b32 elementor-section-boxed elementor-section-height-default elementor-section-height-default\" data-id=\"1166b32\" data-element_type=\"section\" data-e-type=\"section\">\n\t\t\t\t\t\t<div class=\"elementor-container elementor-column-gap-default\">\n\t\t\t\t\t<div class=\"elementor-column elementor-col-100 elementor-top-column elementor-element elementor-element-e5c52f9\" data-id=\"e5c52f9\" data-element_type=\"column\" data-e-type=\"column\">\n\t\t\t<div class=\"elementor-widget-wrap elementor-element-populated\">\n\t\t\t\t\t\t<div class=\"elementor-element elementor-element-c924573 elementor-widget elementor-widget-text-editor\" data-id=\"c924573\" data-element_type=\"widget\" data-e-type=\"widget\" data-widget_type=\"text-editor.default\">\n\t\t\t\t\t\t\t\t\t<p><span style=\"font-weight: 400;\">En resum, encara que no hi ha una normativa espec\u00edfica a Barcelona que prohibeixi estacionar un cotxe i una moto en la mateixa pla\u00e7a de garatge, \u00e9s crucial verificar amb la comunitat de propietaris o revisar les condicions del teu contracte de lloguer.<\/span><\/p><p><span style=\"font-weight: 400;\">Si decideixes compartir una pla\u00e7a de garatge entre els teus vehicles, assegura&#8217;t de seguir els consells esmentats anteriorment per a mantenir un entorn segur i harmoni\u00f3s en el garatge.<\/span><\/p>\t\t\t\t\t\t\t\t<\/div>\n\t\t\t\t\t<\/div>\n\t\t<\/div>\n\t\t\t\t\t<\/div>\n\t\t<\/section>\n\t\t\t\t<section class=\"elementor-section elementor-top-section elementor-element elementor-element-bab6032 elementor-section-boxed elementor-section-height-default elementor-section-height-default\" data-id=\"bab6032\" data-element_type=\"section\" data-e-type=\"section\">\n\t\t\t\t\t\t<div class=\"elementor-container elementor-column-gap-default\">\n\t\t\t\t\t<div class=\"elementor-column elementor-col-100 elementor-top-column elementor-element elementor-element-e412422\" data-id=\"e412422\" data-element_type=\"column\" data-e-type=\"column\">\n\t\t\t<div class=\"elementor-widget-wrap elementor-element-populated\">\n\t\t\t\t\t\t<div class=\"elementor-element elementor-element-c92c612 elementor-widget elementor-widget-heading\" data-id=\"c92c612\" data-element_type=\"widget\" data-e-type=\"widget\" data-widget_type=\"heading.default\">\n\t\t\t\t\t<h2 class=\"elementor-heading-title elementor-size-default\">Qu\u00e8 oferim a Administracions Hern\u00e1ndez<\/h2>\t\t\t\t<\/div>\n\t\t\t\t<div class=\"elementor-element elementor-element-d7dba83 elementor-widget elementor-widget-text-editor\" data-id=\"d7dba83\" data-element_type=\"widget\" data-e-type=\"widget\" data-widget_type=\"text-editor.default\">\n\t\t\t\t\t\t\t\t\t<p><\/p><p>Desde 1940, <strong>Administraciones Hern\u00e1ndez<\/strong> se dedica a <strong>gestionar patrimonio inmobiliario<\/strong>, tanto alquileres, como compra venta de propiedades en la ciudad de Barcelona.<\/p><p> <\/p><p>Cuenta con varios departamentos especializados, <strong>seg\u00fan las necesidades de cada cliente<\/strong> para ofrecer el mejor servicio posible en cada momento a cada uno de sus clientes, sea cual sea su inter\u00e9s personal.<\/p><p> <\/p><p><strong>Atenci\u00f3n personalizada<\/strong> por parte de expertos en cada una de las materias relativas al sector inmobiliario. Una forma diferente de entender la gesti\u00f3n de alquileres. Dedicaci\u00f3n y esp\u00edritu innovador\u2026 <strong>Administraciones Hern\u00e1ndez<\/strong> es sin duda una elecci\u00f3n a tener en cuenta en<strong> Barcelona<\/strong>.<\/p><p><\/p>\t\t\t\t\t\t\t\t<\/div>\n\t\t\t\t<div class=\"elementor-element elementor-element-e093b49 elementor-widget-divider--view-line elementor-widget elementor-widget-divider\" data-id=\"e093b49\" data-element_type=\"widget\" data-e-type=\"widget\" data-widget_type=\"divider.default\">\n\t\t\t\t\t\t\t<div class=\"elementor-divider\">\n\t\t\t<span class=\"elementor-divider-separator\">\n\t\t\t\t\t\t<\/span>\n\t\t<\/div>\n\t\t\t\t\t\t<\/div>\n\t\t\t\t<div class=\"elementor-element elementor-element-db497fd elementor-widget elementor-widget-image\" data-id=\"db497fd\" data-element_type=\"widget\" data-e-type=\"widget\" data-widget_type=\"image.default\">\n\t\t\t\t\t\t\t\t\t\t\t\t\t\t\t<img decoding=\"async\" width=\"496\" height=\"372\" src=\"https:\/\/adhernandez.com\/wp-content\/uploads\/2021\/06\/adhernandez-fincas-496x372.jpg\" class=\"attachment-houzez-image_masonry size-houzez-image_masonry wp-image-20816\" alt=\"Fincas administraciones hernandez\" srcset=\"https:\/\/adhernandez.com\/wp-content\/uploads\/2021\/06\/adhernandez-fincas-496x372.jpg.webp 496w, https:\/\/adhernandez.com\/wp-content\/uploads\/2021\/06\/adhernandez-fincas-300x225.jpg.webp 300w, https:\/\/adhernandez.com\/wp-content\/uploads\/2021\/06\/adhernandez-fincas-592x444.jpg.webp 592w, https:\/\/adhernandez.com\/wp-content\/uploads\/2021\/06\/adhernandez-fincas-584x438.jpg.webp 584w, https:\/\/adhernandez.com\/wp-content\/uploads\/2021\/06\/adhernandez-fincas-120x90.jpg.webp 120w, https:\/\/adhernandez.com\/wp-content\/uploads\/2021\/06\/adhernandez-fincas.jpg.webp 700w\" sizes=\"(max-width: 496px) 100vw, 496px\" \/>\t\t\t\t\t\t\t\t\t\t\t\t\t\t\t<\/div>\n\t\t\t\t<div class=\"elementor-element elementor-element-5f307ac elementor-widget elementor-widget-heading\" data-id=\"5f307ac\" data-element_type=\"widget\" data-e-type=\"widget\" data-widget_type=\"heading.default\">\n\t\t\t\t\t<h3 class=\"elementor-heading-title elementor-size-default\">Tens algun dubte?<\/h3>\t\t\t\t<\/div>\n\t\t\t\t<div class=\"elementor-element elementor-element-bc29127 elementor-widget elementor-widget-text-editor\" data-id=\"bc29127\" data-element_type=\"widget\" data-e-type=\"widget\" data-widget_type=\"text-editor.default\">\n\t\t\t\t\t\t\t\t\t<p>Si est\u00e0s interessat en con\u00e8ixer la nostra feina, pots visitar el nostre lloc web<\/p>\t\t\t\t\t\t\t\t<\/div>\n\t\t\t\t<div class=\"elementor-element elementor-element-9c7144f elementor-button-info elementor-align-center elementor-widget elementor-widget-button\" data-id=\"9c7144f\" data-element_type=\"widget\" data-e-type=\"widget\" data-widget_type=\"button.default\">\n\t\t\t\t\t\t\t\t\t\t<a class=\"elementor-button elementor-button-link elementor-size-md\" href=\"http:\/\/adhernandez.com\/contacto\/\">\n\t\t\t\t\t\t<span class=\"elementor-button-content-wrapper\">\n\t\t\t\t\t\t\t\t\t<span class=\"elementor-button-text\">AdHern\u00e1ndez<\/span>\n\t\t\t\t\t<\/span>\n\t\t\t\t\t<\/a>\n\t\t\t\t\t\t\t\t<\/div>\n\t\t\t\t\t<\/div>\n\t\t<\/div>\n\t\t\t\t\t<\/div>\n\t\t<\/section>\n\t\t\t\t<\/div>\n\t\t","protected":false},"excerpt":{"rendered":"<p>\u00c9s possible que et preguntis si pots aparcar el cotxe i la moto en una sola pla\u00e7a de garatge. En aquest article, analitzem la normativa a Barcelona.<\/p>\n","protected":false},"author":6,"featured_media":28156,"comment_status":"closed","ping_status":"open","sticky":false,"template":"","format":"standard","meta":{"footnotes":""},"categories":[105],"tags":[],"class_list":["post-28204","post","type-post","status-publish","format-standard","has-post-thumbnail","hentry","category-propietat-horitzontal"],"yoast_head":"<!-- This site is optimized with the Yoast SEO plugin v27.4 - https:\/\/yoast.com\/product\/yoast-seo-wordpress\/ -->\n<title>Puc aparcar el meu cotxe i moto en la mateixa pla\u00e7a de garatge?<\/title>\n<meta name=\"description\" content=\"En aquest article, analitzarem la normativa d&#039;estacionament a Barcelona i oferirem informaci\u00f3 \u00fatil sobre aparcar el cotxe i la moto.\" \/>\n<meta name=\"robots\" content=\"index, follow, max-snippet:-1, max-image-preview:large, max-video-preview:-1\" \/>\n<link rel=\"canonical\" href=\"https:\/\/adhernandez.com\/ca\/2023\/04\/26\/aparcar-cotxe-moto-mateixa-placa-garatge\/\" \/>\n<meta property=\"og:locale\" content=\"ca_ES\" \/>\n<meta property=\"og:type\" content=\"article\" \/>\n<meta property=\"og:title\" content=\"Puc aparcar el meu cotxe i moto en la mateixa pla\u00e7a de garatge?\" \/>\n<meta property=\"og:description\" content=\"En aquest article, analitzarem la normativa d&#039;estacionament a Barcelona i oferirem informaci\u00f3 \u00fatil sobre aparcar el cotxe i la moto.\" \/>\n<meta property=\"og:url\" content=\"https:\/\/adhernandez.com\/ca\/2023\/04\/26\/aparcar-cotxe-moto-mateixa-placa-garatge\/\" \/>\n<meta property=\"og:site_name\" content=\"Administraciones Hern\u00e1ndez\" \/>\n<meta property=\"article:published_time\" content=\"2023-04-26T12:00:00+00:00\" \/>\n<meta property=\"og:image\" content=\"https:\/\/adhernandez.com\/wp-content\/uploads\/2023\/04\/Puedo-aparcar-mi-coche-y-moto-en-la-misma-plaza-de-garaje.jpg\" \/>\n\t<meta property=\"og:image:width\" content=\"1000\" \/>\n\t<meta property=\"og:image:height\" content=\"431\" \/>\n\t<meta property=\"og:image:type\" content=\"image\/jpeg\" \/>\n<meta name=\"author\" content=\"AdHern\u00e1ndez\" \/>\n<meta name=\"twitter:card\" content=\"summary_large_image\" \/>\n<meta name=\"twitter:label1\" content=\"Escrit per\" \/>\n\t<meta name=\"twitter:data1\" content=\"AdHern\u00e1ndez\" \/>\n\t<meta name=\"twitter:label2\" content=\"Temps estimat de lectura\" \/>\n\t<meta name=\"twitter:data2\" content=\"5 minuts\" \/>\n<script type=\"application\/ld+json\" class=\"yoast-schema-graph\">{\"@context\":\"https:\\\/\\\/schema.org\",\"@graph\":[{\"@type\":\"Article\",\"@id\":\"https:\\\/\\\/adhernandez.com\\\/ca\\\/2023\\\/04\\\/26\\\/aparcar-cotxe-moto-mateixa-placa-garatge\\\/#article\",\"isPartOf\":{\"@id\":\"https:\\\/\\\/adhernandez.com\\\/ca\\\/2023\\\/04\\\/26\\\/aparcar-cotxe-moto-mateixa-placa-garatge\\\/\"},\"author\":{\"name\":\"AdHern\u00e1ndez\",\"@id\":\"https:\\\/\\\/adhernandez.com\\\/ca\\\/#\\\/schema\\\/person\\\/330b9c8828ff3a80ee8053b5fff0e848\"},\"headline\":\"Puc aparcar el meu cotxe i moto en la mateixa pla\u00e7a de garatge?\",\"datePublished\":\"2023-04-26T12:00:00+00:00\",\"mainEntityOfPage\":{\"@id\":\"https:\\\/\\\/adhernandez.com\\\/ca\\\/2023\\\/04\\\/26\\\/aparcar-cotxe-moto-mateixa-placa-garatge\\\/\"},\"wordCount\":846,\"image\":{\"@id\":\"https:\\\/\\\/adhernandez.com\\\/ca\\\/2023\\\/04\\\/26\\\/aparcar-cotxe-moto-mateixa-placa-garatge\\\/#primaryimage\"},\"thumbnailUrl\":\"https:\\\/\\\/adhernandez.com\\\/wp-content\\\/uploads\\\/2023\\\/04\\\/Puedo-aparcar-mi-coche-y-moto-en-la-misma-plaza-de-garaje.jpg\",\"articleSection\":[\"Propietat horitzontal\"],\"inLanguage\":\"ca\"},{\"@type\":\"WebPage\",\"@id\":\"https:\\\/\\\/adhernandez.com\\\/ca\\\/2023\\\/04\\\/26\\\/aparcar-cotxe-moto-mateixa-placa-garatge\\\/\",\"url\":\"https:\\\/\\\/adhernandez.com\\\/ca\\\/2023\\\/04\\\/26\\\/aparcar-cotxe-moto-mateixa-placa-garatge\\\/\",\"name\":\"Puc aparcar el meu cotxe i moto en la mateixa pla\u00e7a de garatge?\",\"isPartOf\":{\"@id\":\"https:\\\/\\\/adhernandez.com\\\/ca\\\/#website\"},\"primaryImageOfPage\":{\"@id\":\"https:\\\/\\\/adhernandez.com\\\/ca\\\/2023\\\/04\\\/26\\\/aparcar-cotxe-moto-mateixa-placa-garatge\\\/#primaryimage\"},\"image\":{\"@id\":\"https:\\\/\\\/adhernandez.com\\\/ca\\\/2023\\\/04\\\/26\\\/aparcar-cotxe-moto-mateixa-placa-garatge\\\/#primaryimage\"},\"thumbnailUrl\":\"https:\\\/\\\/adhernandez.com\\\/wp-content\\\/uploads\\\/2023\\\/04\\\/Puedo-aparcar-mi-coche-y-moto-en-la-misma-plaza-de-garaje.jpg\",\"datePublished\":\"2023-04-26T12:00:00+00:00\",\"author\":{\"@id\":\"https:\\\/\\\/adhernandez.com\\\/ca\\\/#\\\/schema\\\/person\\\/330b9c8828ff3a80ee8053b5fff0e848\"},\"description\":\"En aquest article, analitzarem la normativa d'estacionament a Barcelona i oferirem informaci\u00f3 \u00fatil sobre aparcar el cotxe i la moto.\",\"breadcrumb\":{\"@id\":\"https:\\\/\\\/adhernandez.com\\\/ca\\\/2023\\\/04\\\/26\\\/aparcar-cotxe-moto-mateixa-placa-garatge\\\/#breadcrumb\"},\"inLanguage\":\"ca\",\"potentialAction\":[{\"@type\":\"ReadAction\",\"target\":[\"https:\\\/\\\/adhernandez.com\\\/ca\\\/2023\\\/04\\\/26\\\/aparcar-cotxe-moto-mateixa-placa-garatge\\\/\"]}]},{\"@type\":\"ImageObject\",\"inLanguage\":\"ca\",\"@id\":\"https:\\\/\\\/adhernandez.com\\\/ca\\\/2023\\\/04\\\/26\\\/aparcar-cotxe-moto-mateixa-placa-garatge\\\/#primaryimage\",\"url\":\"https:\\\/\\\/adhernandez.com\\\/wp-content\\\/uploads\\\/2023\\\/04\\\/Puedo-aparcar-mi-coche-y-moto-en-la-misma-plaza-de-garaje.jpg\",\"contentUrl\":\"https:\\\/\\\/adhernandez.com\\\/wp-content\\\/uploads\\\/2023\\\/04\\\/Puedo-aparcar-mi-coche-y-moto-en-la-misma-plaza-de-garaje.jpg\",\"width\":1000,\"height\":431,\"caption\":\"Puedo aparcar el coche y la moto en la misma plaza de garaje\"},{\"@type\":\"BreadcrumbList\",\"@id\":\"https:\\\/\\\/adhernandez.com\\\/ca\\\/2023\\\/04\\\/26\\\/aparcar-cotxe-moto-mateixa-placa-garatge\\\/#breadcrumb\",\"itemListElement\":[{\"@type\":\"ListItem\",\"position\":1,\"name\":\"Portada\",\"item\":\"https:\\\/\\\/adhernandez.com\\\/ca\\\/adhernandez-inicio\\\/\"},{\"@type\":\"ListItem\",\"position\":2,\"name\":\"Puc aparcar el meu cotxe i moto en la mateixa pla\u00e7a de garatge?\"}]},{\"@type\":\"WebSite\",\"@id\":\"https:\\\/\\\/adhernandez.com\\\/ca\\\/#website\",\"url\":\"https:\\\/\\\/adhernandez.com\\\/ca\\\/\",\"name\":\"Administraciones Hern\u00e1ndez\",\"description\":\"Equipo de profesionales con amplia experiencia en la gesti\u00f3n del patrimonio inmobiliario\",\"potentialAction\":[{\"@type\":\"SearchAction\",\"target\":{\"@type\":\"EntryPoint\",\"urlTemplate\":\"https:\\\/\\\/adhernandez.com\\\/ca\\\/?s={search_term_string}\"},\"query-input\":{\"@type\":\"PropertyValueSpecification\",\"valueRequired\":true,\"valueName\":\"search_term_string\"}}],\"inLanguage\":\"ca\"},{\"@type\":\"Person\",\"@id\":\"https:\\\/\\\/adhernandez.com\\\/ca\\\/#\\\/schema\\\/person\\\/330b9c8828ff3a80ee8053b5fff0e848\",\"name\":\"AdHern\u00e1ndez\",\"image\":{\"@type\":\"ImageObject\",\"inLanguage\":\"ca\",\"@id\":\"https:\\\/\\\/adhernandez.com\\\/wp-content\\\/litespeed\\\/avatar\\\/6b84e2484050905299b010a711cff345.jpg?ver=1777323059\",\"url\":\"https:\\\/\\\/adhernandez.com\\\/wp-content\\\/litespeed\\\/avatar\\\/6b84e2484050905299b010a711cff345.jpg?ver=1777323059\",\"contentUrl\":\"https:\\\/\\\/adhernandez.com\\\/wp-content\\\/litespeed\\\/avatar\\\/6b84e2484050905299b010a711cff345.jpg?ver=1777323059\",\"caption\":\"AdHern\u00e1ndez\"},\"url\":\"https:\\\/\\\/adhernandez.com\\\/ca\\\/author\\\/veronica\\\/\"}]}<\/script>\n<!-- \/ Yoast SEO plugin. -->","yoast_head_json":{"title":"Puc aparcar el meu cotxe i moto en la mateixa pla\u00e7a de garatge?","description":"En aquest article, analitzarem la normativa d'estacionament a Barcelona i oferirem informaci\u00f3 \u00fatil sobre aparcar el cotxe i la moto.","robots":{"index":"index","follow":"follow","max-snippet":"max-snippet:-1","max-image-preview":"max-image-preview:large","max-video-preview":"max-video-preview:-1"},"canonical":"https:\/\/adhernandez.com\/ca\/2023\/04\/26\/aparcar-cotxe-moto-mateixa-placa-garatge\/","og_locale":"ca_ES","og_type":"article","og_title":"Puc aparcar el meu cotxe i moto en la mateixa pla\u00e7a de garatge?","og_description":"En aquest article, analitzarem la normativa d'estacionament a Barcelona i oferirem informaci\u00f3 \u00fatil sobre aparcar el cotxe i la moto.","og_url":"https:\/\/adhernandez.com\/ca\/2023\/04\/26\/aparcar-cotxe-moto-mateixa-placa-garatge\/","og_site_name":"Administraciones Hern\u00e1ndez","article_published_time":"2023-04-26T12:00:00+00:00","og_image":[{"width":1000,"height":431,"url":"https:\/\/adhernandez.com\/wp-content\/uploads\/2023\/04\/Puedo-aparcar-mi-coche-y-moto-en-la-misma-plaza-de-garaje.jpg","type":"image\/jpeg"}],"author":"AdHern\u00e1ndez","twitter_card":"summary_large_image","twitter_misc":{"Escrit per":"AdHern\u00e1ndez","Temps estimat de lectura":"5 minuts"},"schema":{"@context":"https:\/\/schema.org","@graph":[{"@type":"Article","@id":"https:\/\/adhernandez.com\/ca\/2023\/04\/26\/aparcar-cotxe-moto-mateixa-placa-garatge\/#article","isPartOf":{"@id":"https:\/\/adhernandez.com\/ca\/2023\/04\/26\/aparcar-cotxe-moto-mateixa-placa-garatge\/"},"author":{"name":"AdHern\u00e1ndez","@id":"https:\/\/adhernandez.com\/ca\/#\/schema\/person\/330b9c8828ff3a80ee8053b5fff0e848"},"headline":"Puc aparcar el meu cotxe i moto en la mateixa pla\u00e7a de garatge?","datePublished":"2023-04-26T12:00:00+00:00","mainEntityOfPage":{"@id":"https:\/\/adhernandez.com\/ca\/2023\/04\/26\/aparcar-cotxe-moto-mateixa-placa-garatge\/"},"wordCount":846,"image":{"@id":"https:\/\/adhernandez.com\/ca\/2023\/04\/26\/aparcar-cotxe-moto-mateixa-placa-garatge\/#primaryimage"},"thumbnailUrl":"https:\/\/adhernandez.com\/wp-content\/uploads\/2023\/04\/Puedo-aparcar-mi-coche-y-moto-en-la-misma-plaza-de-garaje.jpg","articleSection":["Propietat horitzontal"],"inLanguage":"ca"},{"@type":"WebPage","@id":"https:\/\/adhernandez.com\/ca\/2023\/04\/26\/aparcar-cotxe-moto-mateixa-placa-garatge\/","url":"https:\/\/adhernandez.com\/ca\/2023\/04\/26\/aparcar-cotxe-moto-mateixa-placa-garatge\/","name":"Puc aparcar el meu cotxe i moto en la mateixa pla\u00e7a de garatge?","isPartOf":{"@id":"https:\/\/adhernandez.com\/ca\/#website"},"primaryImageOfPage":{"@id":"https:\/\/adhernandez.com\/ca\/2023\/04\/26\/aparcar-cotxe-moto-mateixa-placa-garatge\/#primaryimage"},"image":{"@id":"https:\/\/adhernandez.com\/ca\/2023\/04\/26\/aparcar-cotxe-moto-mateixa-placa-garatge\/#primaryimage"},"thumbnailUrl":"https:\/\/adhernandez.com\/wp-content\/uploads\/2023\/04\/Puedo-aparcar-mi-coche-y-moto-en-la-misma-plaza-de-garaje.jpg","datePublished":"2023-04-26T12:00:00+00:00","author":{"@id":"https:\/\/adhernandez.com\/ca\/#\/schema\/person\/330b9c8828ff3a80ee8053b5fff0e848"},"description":"En aquest article, analitzarem la normativa d'estacionament a Barcelona i oferirem informaci\u00f3 \u00fatil sobre aparcar el cotxe i la moto.","breadcrumb":{"@id":"https:\/\/adhernandez.com\/ca\/2023\/04\/26\/aparcar-cotxe-moto-mateixa-placa-garatge\/#breadcrumb"},"inLanguage":"ca","potentialAction":[{"@type":"ReadAction","target":["https:\/\/adhernandez.com\/ca\/2023\/04\/26\/aparcar-cotxe-moto-mateixa-placa-garatge\/"]}]},{"@type":"ImageObject","inLanguage":"ca","@id":"https:\/\/adhernandez.com\/ca\/2023\/04\/26\/aparcar-cotxe-moto-mateixa-placa-garatge\/#primaryimage","url":"https:\/\/adhernandez.com\/wp-content\/uploads\/2023\/04\/Puedo-aparcar-mi-coche-y-moto-en-la-misma-plaza-de-garaje.jpg","contentUrl":"https:\/\/adhernandez.com\/wp-content\/uploads\/2023\/04\/Puedo-aparcar-mi-coche-y-moto-en-la-misma-plaza-de-garaje.jpg","width":1000,"height":431,"caption":"Puedo aparcar el coche y la moto en la misma plaza de garaje"},{"@type":"BreadcrumbList","@id":"https:\/\/adhernandez.com\/ca\/2023\/04\/26\/aparcar-cotxe-moto-mateixa-placa-garatge\/#breadcrumb","itemListElement":[{"@type":"ListItem","position":1,"name":"Portada","item":"https:\/\/adhernandez.com\/ca\/adhernandez-inicio\/"},{"@type":"ListItem","position":2,"name":"Puc aparcar el meu cotxe i moto en la mateixa pla\u00e7a de garatge?"}]},{"@type":"WebSite","@id":"https:\/\/adhernandez.com\/ca\/#website","url":"https:\/\/adhernandez.com\/ca\/","name":"Administraciones Hern\u00e1ndez","description":"Equipo de profesionales con amplia experiencia en la gesti\u00f3n del patrimonio inmobiliario","potentialAction":[{"@type":"SearchAction","target":{"@type":"EntryPoint","urlTemplate":"https:\/\/adhernandez.com\/ca\/?s={search_term_string}"},"query-input":{"@type":"PropertyValueSpecification","valueRequired":true,"valueName":"search_term_string"}}],"inLanguage":"ca"},{"@type":"Person","@id":"https:\/\/adhernandez.com\/ca\/#\/schema\/person\/330b9c8828ff3a80ee8053b5fff0e848","name":"AdHern\u00e1ndez","image":{"@type":"ImageObject","inLanguage":"ca","@id":"https:\/\/adhernandez.com\/wp-content\/litespeed\/avatar\/6b84e2484050905299b010a711cff345.jpg?ver=1777323059","url":"https:\/\/adhernandez.com\/wp-content\/litespeed\/avatar\/6b84e2484050905299b010a711cff345.jpg?ver=1777323059","contentUrl":"https:\/\/adhernandez.com\/wp-content\/litespeed\/avatar\/6b84e2484050905299b010a711cff345.jpg?ver=1777323059","caption":"AdHern\u00e1ndez"},"url":"https:\/\/adhernandez.com\/ca\/author\/veronica\/"}]}},"_links":{"self":[{"href":"https:\/\/adhernandez.com\/ca\/wp-json\/wp\/v2\/posts\/28204","targetHints":{"allow":["GET"]}}],"collection":[{"href":"https:\/\/adhernandez.com\/ca\/wp-json\/wp\/v2\/posts"}],"about":[{"href":"https:\/\/adhernandez.com\/ca\/wp-json\/wp\/v2\/types\/post"}],"author":[{"embeddable":true,"href":"https:\/\/adhernandez.com\/ca\/wp-json\/wp\/v2\/users\/6"}],"replies":[{"embeddable":true,"href":"https:\/\/adhernandez.com\/ca\/wp-json\/wp\/v2\/comments?post=28204"}],"version-history":[{"count":5,"href":"https:\/\/adhernandez.com\/ca\/wp-json\/wp\/v2\/posts\/28204\/revisions"}],"predecessor-version":[{"id":28227,"href":"https:\/\/adhernandez.com\/ca\/wp-json\/wp\/v2\/posts\/28204\/revisions\/28227"}],"wp:featuredmedia":[{"embeddable":true,"href":"https:\/\/adhernandez.com\/ca\/wp-json\/wp\/v2\/media\/28156"}],"wp:attachment":[{"href":"https:\/\/adhernandez.com\/ca\/wp-json\/wp\/v2\/media?parent=28204"}],"wp:term":[{"taxonomy":"category","embeddable":true,"href":"https:\/\/adhernandez.com\/ca\/wp-json\/wp\/v2\/categories?post=28204"},{"taxonomy":"post_tag","embeddable":true,"href":"https:\/\/adhernandez.com\/ca\/wp-json\/wp\/v2\/tags?post=28204"}],"curies":[{"name":"wp","href":"https:\/\/api.w.org\/{rel}","templated":true}]}}