{"id":27116,"date":"2022-12-15T17:30:00","date_gmt":"2022-12-15T17:30:00","guid":{"rendered":"https:\/\/adhernandez.com\/?p=27116"},"modified":"2022-12-21T15:15:55","modified_gmt":"2022-12-21T15:15:55","slug":"es-obligatori-ser-president-de-la-comunitat-de-veins","status":"publish","type":"post","link":"https:\/\/adhernandez.com\/ca\/2022\/12\/15\/es-obligatori-ser-president-de-la-comunitat-de-veins\/","title":{"rendered":"\u00c9s obligatori ser president de la comunitat de ve\u00efns?"},"content":{"rendered":"\t\t<div data-elementor-type=\"wp-post\" data-elementor-id=\"27116\" class=\"elementor elementor-27116 elementor-27081\">\n\t\t\t\t\t\t<section class=\"elementor-section elementor-top-section elementor-element elementor-element-5cbbbcb elementor-section-boxed elementor-section-height-default elementor-section-height-default\" data-id=\"5cbbbcb\" data-element_type=\"section\" data-e-type=\"section\">\n\t\t\t\t\t\t<div class=\"elementor-container elementor-column-gap-default\">\n\t\t\t\t\t<div class=\"elementor-column elementor-col-100 elementor-top-column elementor-element elementor-element-cc2f6b8\" data-id=\"cc2f6b8\" data-element_type=\"column\" data-e-type=\"column\">\n\t\t\t<div class=\"elementor-widget-wrap elementor-element-populated\">\n\t\t\t\t\t\t<div class=\"elementor-element elementor-element-bf8164e elementor-widget elementor-widget-text-editor\" data-id=\"bf8164e\" data-element_type=\"widget\" data-e-type=\"widget\" data-widget_type=\"text-editor.default\">\n\t\t\t\t\t\t\t\t\t<p align=\"justify\">El president d&#8217;una comunitat de ve\u00efns ha d&#8217;assumir una s\u00e8rie de responsabilitats i obligacions pel b\u00e9 d&#8217;aquest i el dels ve\u00efns. La Llei de Propietat Horitzontal \u00e9s la que estableix els requisits per a establir el c\u00e0rrec i la durada del lloc.<\/p>\n<p align=\"justify\">No obstant aix\u00f2, per a moltes persones aquest c\u00e0rrec suposa m\u00e9s una maledicci\u00f3 que una alegria. Per\u00f2 pot un rebutjar el lloc de president de la comunitat si no vol exercir-ho? \u00c9s obligatori ser president de la comunitat de ve\u00efns? T&#8217;ho expliquem a continuaci\u00f3.<\/p>\t\t\t\t\t\t\t\t<\/div>\n\t\t\t\t<div class=\"elementor-element elementor-element-18fd5b3 elementor-widget elementor-widget-heading\" data-id=\"18fd5b3\" data-element_type=\"widget\" data-e-type=\"widget\" data-widget_type=\"heading.default\">\n\t\t\t\t\t<h2 class=\"elementor-heading-title elementor-size-default\">Com s'escull al president d'una comunitat de ve\u00efns?<\/h2>\t\t\t\t<\/div>\n\t\t\t\t\t<\/div>\n\t\t<\/div>\n\t\t\t\t\t<\/div>\n\t\t<\/section>\n\t\t\t\t<section class=\"elementor-section elementor-top-section elementor-element elementor-element-e1a8640 elementor-section-boxed elementor-section-height-default elementor-section-height-default\" data-id=\"e1a8640\" data-element_type=\"section\" data-e-type=\"section\">\n\t\t\t\t\t\t<div class=\"elementor-container elementor-column-gap-default\">\n\t\t\t\t\t<div class=\"elementor-column elementor-col-100 elementor-top-column elementor-element elementor-element-8ca8a37\" data-id=\"8ca8a37\" data-element_type=\"column\" data-e-type=\"column\">\n\t\t\t<div class=\"elementor-widget-wrap elementor-element-populated\">\n\t\t\t\t\t\t<div class=\"elementor-element elementor-element-e3935c4 elementor-widget elementor-widget-text-editor\" data-id=\"e3935c4\" data-element_type=\"widget\" data-e-type=\"widget\" data-widget_type=\"text-editor.default\">\n\t\t\t\t\t\t\t\t\t<p align=\"justify\">Existeixen<b> dues maneres<\/b> d&#8217;escollir al president d&#8217;una comunitat de ve\u00efns:<\/p>\n\n<ol>\n \t<li>\n<p align=\"justify\"><b>Mitjan\u00e7ant votaci\u00f3:<\/b> en aquelles comunitats on existeixen diverses persones que vulguin ocupar el c\u00e0rrec es realitza una elecci\u00f3 mitjan\u00e7ant votaci\u00f3.<\/p>\n<\/li>\n \t<li>\n<p align=\"justify\"><b>Mitjan\u00e7ant torn rotatori o sorteig: <\/b>el segon cas, i m\u00e9s com\u00fa, es dona quan cap ve\u00ed vol fer-se c\u00e0rrec de les labors de president de la comunitat. En aquest cas, el president \u00e9s triat mitjan\u00e7ant un sorteig o un torn rotatori.<\/p>\n<\/li>\n<\/ol>\t\t\t\t\t\t\t\t<\/div>\n\t\t\t\t<div class=\"elementor-element elementor-element-46d8a6e elementor-widget elementor-widget-text-editor\" data-id=\"46d8a6e\" data-element_type=\"widget\" data-e-type=\"widget\" data-widget_type=\"text-editor.default\">\n\t\t\t\t\t\t\t\t\t<p align=\"justify\">El president de la comunitat ha de fer-se c\u00e0rrec d&#8217;algunes obligacions en nom de tots els ve\u00efns i que garanteixin el funcionament i benestar de tota la comunitat, com ara:<\/p>\n\n<ul>\n \t<li>\n<p align=\"justify\">Sol\u00b7licitar el cessament d&#8217;activitats molestes.<\/p>\n<\/li>\n \t<li>\n<p align=\"justify\">Convocar juntes, almenys, una vegada a l&#8217;any.<\/p>\n<\/li>\n \t<li>\n<p align=\"justify\">Actuar com a secretari i administrador, tret que la junta de propietaris decideixi el contrari.<\/p>\n<\/li>\n \t<li>\n<p align=\"justify\">Tancar l&#8217;acta durant els deu dies posteriors a una junta.<\/p>\n<\/li>\n \t<li>\n<p align=\"justify\">Representar a la comunitat en la contractaci\u00f3 d&#8217;obres i serveis.<\/p>\n<\/li>\n \t<li>\n<p align=\"justify\">Exigir judicialment el pagament de deutes.<\/p>\n<\/li>\n \t<li>\n<p align=\"justify\">Representar judicialment a la comunitat de propietaris.<\/p>\n<\/li>\n<\/ul>\t\t\t\t\t\t\t\t<\/div>\n\t\t\t\t\t<\/div>\n\t\t<\/div>\n\t\t\t\t\t<\/div>\n\t\t<\/section>\n\t\t\t\t<section class=\"elementor-section elementor-top-section elementor-element elementor-element-4c20596 elementor-section-boxed elementor-section-height-default elementor-section-height-default\" data-id=\"4c20596\" data-element_type=\"section\" data-e-type=\"section\">\n\t\t\t\t\t\t<div class=\"elementor-container elementor-column-gap-default\">\n\t\t\t\t\t<div class=\"elementor-column elementor-col-100 elementor-top-column elementor-element elementor-element-1dd1162\" data-id=\"1dd1162\" data-element_type=\"column\" data-e-type=\"column\">\n\t\t\t<div class=\"elementor-widget-wrap elementor-element-populated\">\n\t\t\t\t\t\t<div class=\"elementor-element elementor-element-0f71de4 elementor-widget elementor-widget-heading\" data-id=\"0f71de4\" data-element_type=\"widget\" data-e-type=\"widget\" data-widget_type=\"heading.default\">\n\t\t\t\t\t<h2 class=\"elementor-heading-title elementor-size-default\">Qu\u00e8 passa si em toca ser president de la comunitat de ve\u00efns? Em puc negar?<\/h2>\t\t\t\t<\/div>\n\t\t\t\t\t<\/div>\n\t\t<\/div>\n\t\t\t\t\t<\/div>\n\t\t<\/section>\n\t\t\t\t<section class=\"elementor-section elementor-top-section elementor-element elementor-element-1fc289a elementor-section-boxed elementor-section-height-default elementor-section-height-default\" data-id=\"1fc289a\" data-element_type=\"section\" data-e-type=\"section\">\n\t\t\t\t\t\t<div class=\"elementor-container elementor-column-gap-default\">\n\t\t\t\t\t<div class=\"elementor-column elementor-col-100 elementor-top-column elementor-element elementor-element-5948549\" data-id=\"5948549\" data-element_type=\"column\" data-e-type=\"column\">\n\t\t\t<div class=\"elementor-widget-wrap elementor-element-populated\">\n\t\t\t\t\t\t<div class=\"elementor-element elementor-element-bd3b15e elementor-widget elementor-widget-text-editor\" data-id=\"bd3b15e\" data-element_type=\"widget\" data-e-type=\"widget\" data-widget_type=\"text-editor.default\">\n\t\t\t\t\t\t\t\t\t<p align=\"justify\">No. \u00c9s obligatori que tots els ve\u00efns ocupin el c\u00e0rrec de president de la comunitat en algun per\u00edode. Per aix\u00f2, <b>no es pot simplement renunciar, ja que aix\u00f2 pot implicar conseq\u00fc\u00e8ncies jur\u00eddiques. <\/b>. A m\u00e9s, en tot moment \u00e9s necessari comptar la figura del president per a totes les funcions pr\u00e8viament descrites.<\/p>\t\t\t\t\t\t\t\t<\/div>\n\t\t\t\t\t<\/div>\n\t\t<\/div>\n\t\t\t\t\t<\/div>\n\t\t<\/section>\n\t\t\t\t<section class=\"elementor-section elementor-top-section elementor-element elementor-element-0c06e03 elementor-section-boxed elementor-section-height-default elementor-section-height-default\" data-id=\"0c06e03\" data-element_type=\"section\" data-e-type=\"section\">\n\t\t\t\t\t\t<div class=\"elementor-container elementor-column-gap-default\">\n\t\t\t\t\t<div class=\"elementor-column elementor-col-50 elementor-top-column elementor-element elementor-element-0daad77\" data-id=\"0daad77\" data-element_type=\"column\" data-e-type=\"column\">\n\t\t\t<div class=\"elementor-widget-wrap elementor-element-populated\">\n\t\t\t\t\t\t<div class=\"elementor-element elementor-element-760ee86 elementor-widget elementor-widget-text-editor\" data-id=\"760ee86\" data-element_type=\"widget\" data-e-type=\"widget\" data-widget_type=\"text-editor.default\">\n\t\t\t\t\t\t\t\t\t<p align=\"justify\">No obstant aix\u00f2, s\u00ed <b>que existeix una manera de \u00abescapar-se\u00bb<\/b> de les obligacions del president de la comunitat: <b>presentant davant un jutge una sol\u00b7licitud de relleu<\/b>. Aquesta sol\u00b7licitud ha de ser presentada en un per\u00edode m\u00e0xim d&#8217;un mes despr\u00e9s del nomenament i en ella s&#8217;ha de deixar molt clar quines s\u00f3n les raons que impedeixen a la persona realitzar exercir com a president de la seva comunitat.<\/p>\t\t\t\t\t\t\t\t<\/div>\n\t\t\t\t\t<\/div>\n\t\t<\/div>\n\t\t\t\t<div class=\"elementor-column elementor-col-50 elementor-top-column elementor-element elementor-element-b7fc4cd\" data-id=\"b7fc4cd\" data-element_type=\"column\" data-e-type=\"column\">\n\t\t\t<div class=\"elementor-widget-wrap elementor-element-populated\">\n\t\t\t\t\t\t<div class=\"elementor-element elementor-element-dceab63 elementor-widget elementor-widget-image\" data-id=\"dceab63\" data-element_type=\"widget\" data-e-type=\"widget\" data-widget_type=\"image.default\">\n\t\t\t\t\t\t\t\t\t\t\t\t\t\t\t<img decoding=\"async\" src=\"https:\/\/adhernandez.com\/wp-content\/uploads\/2022\/12\/Es-obligatorio-ser-presidente-de-la-comunidad-de-vecinos-2-1.jpg\" title=\"Es-obligatorio-ser-presidente-de-la-comunidad-de-vecinos-2\" alt=\"\u00bfPuedo negarme a ser presidente de la comunidad?\" loading=\"lazy\" \/>\t\t\t\t\t\t\t\t\t\t\t\t\t\t\t<\/div>\n\t\t\t\t\t<\/div>\n\t\t<\/div>\n\t\t\t\t\t<\/div>\n\t\t<\/section>\n\t\t\t\t<section class=\"elementor-section elementor-top-section elementor-element elementor-element-4631e97 elementor-section-boxed elementor-section-height-default elementor-section-height-default\" data-id=\"4631e97\" data-element_type=\"section\" data-e-type=\"section\">\n\t\t\t\t\t\t<div class=\"elementor-container elementor-column-gap-default\">\n\t\t\t\t\t<div class=\"elementor-column elementor-col-50 elementor-top-column elementor-element elementor-element-3e52c84\" data-id=\"3e52c84\" data-element_type=\"column\" data-e-type=\"column\">\n\t\t\t<div class=\"elementor-widget-wrap elementor-element-populated\">\n\t\t\t\t\t\t<div class=\"elementor-element elementor-element-2c450b8 elementor-widget elementor-widget-image\" data-id=\"2c450b8\" data-element_type=\"widget\" data-e-type=\"widget\" data-widget_type=\"image.default\">\n\t\t\t\t\t\t\t\t\t\t\t\t\t\t\t<img decoding=\"async\" src=\"https:\/\/adhernandez.com\/wp-content\/uploads\/2022\/12\/Es-obligatorio-ser-presidente-de-la-comunidad-vecinos-3-1.jpg\" title=\"People Meeting Seminar Office Concept\" alt=\"\u00bfPuedo negarme a ser presidente de la comunidad?\" loading=\"lazy\" \/>\t\t\t\t\t\t\t\t\t\t\t\t\t\t\t<\/div>\n\t\t\t\t\t<\/div>\n\t\t<\/div>\n\t\t\t\t<div class=\"elementor-column elementor-col-50 elementor-top-column elementor-element elementor-element-19aeb6d\" data-id=\"19aeb6d\" data-element_type=\"column\" data-e-type=\"column\">\n\t\t\t<div class=\"elementor-widget-wrap elementor-element-populated\">\n\t\t\t\t\t\t<div class=\"elementor-element elementor-element-2b03dad elementor-widget elementor-widget-text-editor\" data-id=\"2b03dad\" data-element_type=\"widget\" data-e-type=\"widget\" data-widget_type=\"text-editor.default\">\n\t\t\t\t\t\t\t\t\t<p align=\"justify\"><b>Una altra manera de cessar com a president de la comunitat \u00e9s mitjan\u00e7ant la decisi\u00f3 de la majoria dels representants<\/b>. En aquest cas, el vicepresident haur\u00e0 d&#8217;exercir fins al terme del per\u00edode. En cas que hagi acabat el per\u00edode per\u00f2 encara no s&#8217;hagi realitzat l&#8217;assemblea per a elegir a un nou president, la persona triada haur\u00e0 de continuar ocupant-se de les funcions mentre aix\u00f2 succeeixi.<\/p>\t\t\t\t\t\t\t\t<\/div>\n\t\t\t\t\t<\/div>\n\t\t<\/div>\n\t\t\t\t\t<\/div>\n\t\t<\/section>\n\t\t\t\t<section class=\"elementor-section elementor-top-section elementor-element elementor-element-1d9f3fa elementor-section-boxed elementor-section-height-default elementor-section-height-default\" data-id=\"1d9f3fa\" data-element_type=\"section\" data-e-type=\"section\">\n\t\t\t\t\t\t<div class=\"elementor-container elementor-column-gap-default\">\n\t\t\t\t\t<div class=\"elementor-column elementor-col-100 elementor-top-column elementor-element elementor-element-8477a34\" data-id=\"8477a34\" data-element_type=\"column\" data-e-type=\"column\">\n\t\t\t<div class=\"elementor-widget-wrap elementor-element-populated\">\n\t\t\t\t\t\t<div class=\"elementor-element elementor-element-57832b9 elementor-widget elementor-widget-heading\" data-id=\"57832b9\" data-element_type=\"widget\" data-e-type=\"widget\" data-widget_type=\"heading.default\">\n\t\t\t\t\t<h2 class=\"elementor-heading-title elementor-size-default\">Qu\u00e8 oferim a Administracions Hern\u00e1ndez<\/h2>\t\t\t\t<\/div>\n\t\t\t\t<div class=\"elementor-element elementor-element-c15ca02 elementor-widget elementor-widget-text-editor\" data-id=\"c15ca02\" data-element_type=\"widget\" data-e-type=\"widget\" data-widget_type=\"text-editor.default\">\n\t\t\t\t\t\t\t\t\t<p><\/p><p>Desde 1940, <strong>Administraciones Hern\u00e1ndez<\/strong> se dedica a <strong>gestionar patrimonio inmobiliario<\/strong>, tanto alquileres, como compra venta de propiedades en la ciudad de Barcelona.<\/p><p> <\/p><p>Cuenta con varios departamentos especializados, <strong>seg\u00fan las necesidades de cada cliente<\/strong> para ofrecer el mejor servicio posible en cada momento a cada uno de sus clientes, sea cual sea su inter\u00e9s personal.<\/p><p> <\/p><p><strong>Atenci\u00f3n personalizada<\/strong> por parte de expertos en cada una de las materias relativas al sector inmobiliario. Una forma diferente de entender la gesti\u00f3n de alquileres. Dedicaci\u00f3n y esp\u00edritu innovador\u2026 <strong>Administraciones Hern\u00e1ndez<\/strong> es sin duda una elecci\u00f3n a tener en cuenta en<strong> Barcelona<\/strong>.<\/p><p><\/p>\t\t\t\t\t\t\t\t<\/div>\n\t\t\t\t<div class=\"elementor-element elementor-element-799597d elementor-widget-divider--view-line elementor-widget elementor-widget-divider\" data-id=\"799597d\" data-element_type=\"widget\" data-e-type=\"widget\" data-widget_type=\"divider.default\">\n\t\t\t\t\t\t\t<div class=\"elementor-divider\">\n\t\t\t<span class=\"elementor-divider-separator\">\n\t\t\t\t\t\t<\/span>\n\t\t<\/div>\n\t\t\t\t\t\t<\/div>\n\t\t\t\t<div class=\"elementor-element elementor-element-31f52f1 elementor-widget elementor-widget-image\" data-id=\"31f52f1\" data-element_type=\"widget\" data-e-type=\"widget\" data-widget_type=\"image.default\">\n\t\t\t\t\t\t\t\t\t\t\t\t\t\t\t<img fetchpriority=\"high\" decoding=\"async\" width=\"496\" height=\"372\" src=\"https:\/\/adhernandez.com\/wp-content\/uploads\/2021\/06\/adhernandez-fincas-496x372.jpg\" class=\"attachment-houzez-image_masonry size-houzez-image_masonry wp-image-20816\" alt=\"Fincas administraciones hernandez\" srcset=\"https:\/\/adhernandez.com\/wp-content\/uploads\/2021\/06\/adhernandez-fincas-496x372.jpg.webp 496w, https:\/\/adhernandez.com\/wp-content\/uploads\/2021\/06\/adhernandez-fincas-300x225.jpg.webp 300w, https:\/\/adhernandez.com\/wp-content\/uploads\/2021\/06\/adhernandez-fincas-592x444.jpg.webp 592w, https:\/\/adhernandez.com\/wp-content\/uploads\/2021\/06\/adhernandez-fincas-584x438.jpg.webp 584w, https:\/\/adhernandez.com\/wp-content\/uploads\/2021\/06\/adhernandez-fincas-120x90.jpg.webp 120w, https:\/\/adhernandez.com\/wp-content\/uploads\/2021\/06\/adhernandez-fincas.jpg.webp 700w\" sizes=\"(max-width: 496px) 100vw, 496px\" \/>\t\t\t\t\t\t\t\t\t\t\t\t\t\t\t<\/div>\n\t\t\t\t<div class=\"elementor-element elementor-element-0f2e568 elementor-widget elementor-widget-heading\" data-id=\"0f2e568\" data-element_type=\"widget\" data-e-type=\"widget\" data-widget_type=\"heading.default\">\n\t\t\t\t\t<h3 class=\"elementor-heading-title elementor-size-default\">Tens algun dubte?<\/h3>\t\t\t\t<\/div>\n\t\t\t\t<div class=\"elementor-element elementor-element-0a551e6 elementor-widget elementor-widget-text-editor\" data-id=\"0a551e6\" data-element_type=\"widget\" data-e-type=\"widget\" data-widget_type=\"text-editor.default\">\n\t\t\t\t\t\t\t\t\t<p>Si est\u00e0s interessat en con\u00e8ixer la nostra feina, pots visitar el nostre lloc web<\/p>\t\t\t\t\t\t\t\t<\/div>\n\t\t\t\t<div class=\"elementor-element elementor-element-ab720d5 elementor-button-info elementor-align-center elementor-widget elementor-widget-button\" data-id=\"ab720d5\" data-element_type=\"widget\" data-e-type=\"widget\" data-widget_type=\"button.default\">\n\t\t\t\t\t\t\t\t\t\t<a class=\"elementor-button elementor-button-link elementor-size-md\" href=\"http:\/\/adhernandez.com\/contacto\/\">\n\t\t\t\t\t\t<span class=\"elementor-button-content-wrapper\">\n\t\t\t\t\t\t\t\t\t<span class=\"elementor-button-text\">AdHern\u00e1ndez<\/span>\n\t\t\t\t\t<\/span>\n\t\t\t\t\t<\/a>\n\t\t\t\t\t\t\t\t<\/div>\n\t\t\t\t\t<\/div>\n\t\t<\/div>\n\t\t\t\t\t<\/div>\n\t\t<\/section>\n\t\t\t\t<\/div>\n\t\t","protected":false},"excerpt":{"rendered":"<p>\u00bf\u00c9s obligatori ser president de la comunitat de ve\u00efns? \u00bfPuc rebutjar el lloc? En aquest article t&#8217;ho expliquem amb m\u00e9s detall. <\/p>\n","protected":false},"author":6,"featured_media":27165,"comment_status":"open","ping_status":"open","sticky":false,"template":"","format":"standard","meta":{"footnotes":""},"categories":[105],"tags":[],"class_list":["post-27116","post","type-post","status-publish","format-standard","has-post-thumbnail","hentry","category-propietat-horitzontal"],"yoast_head":"<!-- This site is optimized with the Yoast SEO plugin v27.4 - https:\/\/yoast.com\/product\/yoast-seo-wordpress\/ -->\n<title>\u00c9s obligatori ser president de la comunitat de ve\u00efns?<\/title>\n<meta name=\"description\" content=\"\u00bf\u00c9s obligatori ser president de la comunitat de ve\u00efns? \u00bfPuc rebutjar el lloc? En aquest article t&#039;ho expliquem amb m\u00e9s detall.\" \/>\n<meta name=\"robots\" content=\"index, follow, max-snippet:-1, max-image-preview:large, max-video-preview:-1\" \/>\n<link rel=\"canonical\" href=\"https:\/\/adhernandez.com\/ca\/2022\/12\/15\/es-obligatori-ser-president-de-la-comunitat-de-veins\/\" \/>\n<meta property=\"og:locale\" content=\"ca_ES\" \/>\n<meta property=\"og:type\" content=\"article\" \/>\n<meta property=\"og:title\" content=\"\u00c9s obligatori ser president de la comunitat de ve\u00efns?\" \/>\n<meta property=\"og:description\" content=\"\u00bf\u00c9s obligatori ser president de la comunitat de ve\u00efns? \u00bfPuc rebutjar el lloc? En aquest article t&#039;ho expliquem amb m\u00e9s detall.\" \/>\n<meta property=\"og:url\" content=\"https:\/\/adhernandez.com\/ca\/2022\/12\/15\/es-obligatori-ser-president-de-la-comunitat-de-veins\/\" \/>\n<meta property=\"og:site_name\" content=\"Administraciones Hern\u00e1ndez\" \/>\n<meta property=\"article:published_time\" content=\"2022-12-15T17:30:00+00:00\" \/>\n<meta property=\"article:modified_time\" content=\"2022-12-21T15:15:55+00:00\" \/>\n<meta property=\"og:image\" content=\"https:\/\/adhernandez.com\/wp-content\/uploads\/2022\/12\/Es-obligatorio-ser-presidente-de-la-comunidad-de-vecinos-2-1.jpg\" \/>\n<meta name=\"author\" content=\"AdHern\u00e1ndez\" \/>\n<meta name=\"twitter:card\" content=\"summary_large_image\" \/>\n<meta name=\"twitter:label1\" content=\"Escrit per\" \/>\n\t<meta name=\"twitter:data1\" content=\"AdHern\u00e1ndez\" \/>\n\t<meta name=\"twitter:label2\" content=\"Temps estimat de lectura\" \/>\n\t<meta name=\"twitter:data2\" content=\"4 minuts\" \/>\n<script type=\"application\/ld+json\" class=\"yoast-schema-graph\">{\"@context\":\"https:\\\/\\\/schema.org\",\"@graph\":[{\"@type\":\"Article\",\"@id\":\"https:\\\/\\\/adhernandez.com\\\/ca\\\/2022\\\/12\\\/15\\\/es-obligatori-ser-president-de-la-comunitat-de-veins\\\/#article\",\"isPartOf\":{\"@id\":\"https:\\\/\\\/adhernandez.com\\\/ca\\\/2022\\\/12\\\/15\\\/es-obligatori-ser-president-de-la-comunitat-de-veins\\\/\"},\"author\":{\"name\":\"AdHern\u00e1ndez\",\"@id\":\"https:\\\/\\\/adhernandez.com\\\/ca\\\/#\\\/schema\\\/person\\\/330b9c8828ff3a80ee8053b5fff0e848\"},\"headline\":\"\u00c9s obligatori ser president de la comunitat de ve\u00efns?\",\"datePublished\":\"2022-12-15T17:30:00+00:00\",\"dateModified\":\"2022-12-21T15:15:55+00:00\",\"mainEntityOfPage\":{\"@id\":\"https:\\\/\\\/adhernandez.com\\\/ca\\\/2022\\\/12\\\/15\\\/es-obligatori-ser-president-de-la-comunitat-de-veins\\\/\"},\"wordCount\":630,\"commentCount\":0,\"image\":{\"@id\":\"https:\\\/\\\/adhernandez.com\\\/ca\\\/2022\\\/12\\\/15\\\/es-obligatori-ser-president-de-la-comunitat-de-veins\\\/#primaryimage\"},\"thumbnailUrl\":\"https:\\\/\\\/adhernandez.com\\\/wp-content\\\/uploads\\\/2022\\\/12\\\/Es-obligatorio-ser-presidente-de-la-comunidad-de-vecinos-1.jpg\",\"articleSection\":[\"Propietat horitzontal\"],\"inLanguage\":\"ca\"},{\"@type\":\"WebPage\",\"@id\":\"https:\\\/\\\/adhernandez.com\\\/ca\\\/2022\\\/12\\\/15\\\/es-obligatori-ser-president-de-la-comunitat-de-veins\\\/\",\"url\":\"https:\\\/\\\/adhernandez.com\\\/ca\\\/2022\\\/12\\\/15\\\/es-obligatori-ser-president-de-la-comunitat-de-veins\\\/\",\"name\":\"\u00c9s obligatori ser president de la comunitat de ve\u00efns?\",\"isPartOf\":{\"@id\":\"https:\\\/\\\/adhernandez.com\\\/ca\\\/#website\"},\"primaryImageOfPage\":{\"@id\":\"https:\\\/\\\/adhernandez.com\\\/ca\\\/2022\\\/12\\\/15\\\/es-obligatori-ser-president-de-la-comunitat-de-veins\\\/#primaryimage\"},\"image\":{\"@id\":\"https:\\\/\\\/adhernandez.com\\\/ca\\\/2022\\\/12\\\/15\\\/es-obligatori-ser-president-de-la-comunitat-de-veins\\\/#primaryimage\"},\"thumbnailUrl\":\"https:\\\/\\\/adhernandez.com\\\/wp-content\\\/uploads\\\/2022\\\/12\\\/Es-obligatorio-ser-presidente-de-la-comunidad-de-vecinos-1.jpg\",\"datePublished\":\"2022-12-15T17:30:00+00:00\",\"dateModified\":\"2022-12-21T15:15:55+00:00\",\"author\":{\"@id\":\"https:\\\/\\\/adhernandez.com\\\/ca\\\/#\\\/schema\\\/person\\\/330b9c8828ff3a80ee8053b5fff0e848\"},\"description\":\"\u00bf\u00c9s obligatori ser president de la comunitat de ve\u00efns? \u00bfPuc rebutjar el lloc? En aquest article t'ho expliquem amb m\u00e9s detall.\",\"breadcrumb\":{\"@id\":\"https:\\\/\\\/adhernandez.com\\\/ca\\\/2022\\\/12\\\/15\\\/es-obligatori-ser-president-de-la-comunitat-de-veins\\\/#breadcrumb\"},\"inLanguage\":\"ca\",\"potentialAction\":[{\"@type\":\"ReadAction\",\"target\":[\"https:\\\/\\\/adhernandez.com\\\/ca\\\/2022\\\/12\\\/15\\\/es-obligatori-ser-president-de-la-comunitat-de-veins\\\/\"]}]},{\"@type\":\"ImageObject\",\"inLanguage\":\"ca\",\"@id\":\"https:\\\/\\\/adhernandez.com\\\/ca\\\/2022\\\/12\\\/15\\\/es-obligatori-ser-president-de-la-comunitat-de-veins\\\/#primaryimage\",\"url\":\"https:\\\/\\\/adhernandez.com\\\/wp-content\\\/uploads\\\/2022\\\/12\\\/Es-obligatorio-ser-presidente-de-la-comunidad-de-vecinos-1.jpg\",\"contentUrl\":\"https:\\\/\\\/adhernandez.com\\\/wp-content\\\/uploads\\\/2022\\\/12\\\/Es-obligatorio-ser-presidente-de-la-comunidad-de-vecinos-1.jpg\",\"width\":1000,\"height\":431,\"caption\":\"\u00bfPuedo negarme a ser presidente de la comunidad?\"},{\"@type\":\"BreadcrumbList\",\"@id\":\"https:\\\/\\\/adhernandez.com\\\/ca\\\/2022\\\/12\\\/15\\\/es-obligatori-ser-president-de-la-comunitat-de-veins\\\/#breadcrumb\",\"itemListElement\":[{\"@type\":\"ListItem\",\"position\":1,\"name\":\"Portada\",\"item\":\"https:\\\/\\\/adhernandez.com\\\/ca\\\/adhernandez-inicio\\\/\"},{\"@type\":\"ListItem\",\"position\":2,\"name\":\"\u00c9s obligatori ser president de la comunitat de ve\u00efns?\"}]},{\"@type\":\"WebSite\",\"@id\":\"https:\\\/\\\/adhernandez.com\\\/ca\\\/#website\",\"url\":\"https:\\\/\\\/adhernandez.com\\\/ca\\\/\",\"name\":\"Administraciones Hern\u00e1ndez\",\"description\":\"Equipo de profesionales con amplia experiencia en la gesti\u00f3n del patrimonio inmobiliario\",\"potentialAction\":[{\"@type\":\"SearchAction\",\"target\":{\"@type\":\"EntryPoint\",\"urlTemplate\":\"https:\\\/\\\/adhernandez.com\\\/ca\\\/?s={search_term_string}\"},\"query-input\":{\"@type\":\"PropertyValueSpecification\",\"valueRequired\":true,\"valueName\":\"search_term_string\"}}],\"inLanguage\":\"ca\"},{\"@type\":\"Person\",\"@id\":\"https:\\\/\\\/adhernandez.com\\\/ca\\\/#\\\/schema\\\/person\\\/330b9c8828ff3a80ee8053b5fff0e848\",\"name\":\"AdHern\u00e1ndez\",\"image\":{\"@type\":\"ImageObject\",\"inLanguage\":\"ca\",\"@id\":\"https:\\\/\\\/adhernandez.com\\\/wp-content\\\/litespeed\\\/avatar\\\/6b84e2484050905299b010a711cff345.jpg?ver=1777323059\",\"url\":\"https:\\\/\\\/adhernandez.com\\\/wp-content\\\/litespeed\\\/avatar\\\/6b84e2484050905299b010a711cff345.jpg?ver=1777323059\",\"contentUrl\":\"https:\\\/\\\/adhernandez.com\\\/wp-content\\\/litespeed\\\/avatar\\\/6b84e2484050905299b010a711cff345.jpg?ver=1777323059\",\"caption\":\"AdHern\u00e1ndez\"},\"url\":\"https:\\\/\\\/adhernandez.com\\\/ca\\\/author\\\/veronica\\\/\"}]}<\/script>\n<!-- \/ Yoast SEO plugin. -->","yoast_head_json":{"title":"\u00c9s obligatori ser president de la comunitat de ve\u00efns?","description":"\u00bf\u00c9s obligatori ser president de la comunitat de ve\u00efns? \u00bfPuc rebutjar el lloc? En aquest article t'ho expliquem amb m\u00e9s detall.","robots":{"index":"index","follow":"follow","max-snippet":"max-snippet:-1","max-image-preview":"max-image-preview:large","max-video-preview":"max-video-preview:-1"},"canonical":"https:\/\/adhernandez.com\/ca\/2022\/12\/15\/es-obligatori-ser-president-de-la-comunitat-de-veins\/","og_locale":"ca_ES","og_type":"article","og_title":"\u00c9s obligatori ser president de la comunitat de ve\u00efns?","og_description":"\u00bf\u00c9s obligatori ser president de la comunitat de ve\u00efns? \u00bfPuc rebutjar el lloc? En aquest article t'ho expliquem amb m\u00e9s detall.","og_url":"https:\/\/adhernandez.com\/ca\/2022\/12\/15\/es-obligatori-ser-president-de-la-comunitat-de-veins\/","og_site_name":"Administraciones Hern\u00e1ndez","article_published_time":"2022-12-15T17:30:00+00:00","article_modified_time":"2022-12-21T15:15:55+00:00","og_image":[{"url":"https:\/\/adhernandez.com\/wp-content\/uploads\/2022\/12\/Es-obligatorio-ser-presidente-de-la-comunidad-de-vecinos-2-1.jpg","type":"","width":"","height":""}],"author":"AdHern\u00e1ndez","twitter_card":"summary_large_image","twitter_misc":{"Escrit per":"AdHern\u00e1ndez","Temps estimat de lectura":"4 minuts"},"schema":{"@context":"https:\/\/schema.org","@graph":[{"@type":"Article","@id":"https:\/\/adhernandez.com\/ca\/2022\/12\/15\/es-obligatori-ser-president-de-la-comunitat-de-veins\/#article","isPartOf":{"@id":"https:\/\/adhernandez.com\/ca\/2022\/12\/15\/es-obligatori-ser-president-de-la-comunitat-de-veins\/"},"author":{"name":"AdHern\u00e1ndez","@id":"https:\/\/adhernandez.com\/ca\/#\/schema\/person\/330b9c8828ff3a80ee8053b5fff0e848"},"headline":"\u00c9s obligatori ser president de la comunitat de ve\u00efns?","datePublished":"2022-12-15T17:30:00+00:00","dateModified":"2022-12-21T15:15:55+00:00","mainEntityOfPage":{"@id":"https:\/\/adhernandez.com\/ca\/2022\/12\/15\/es-obligatori-ser-president-de-la-comunitat-de-veins\/"},"wordCount":630,"commentCount":0,"image":{"@id":"https:\/\/adhernandez.com\/ca\/2022\/12\/15\/es-obligatori-ser-president-de-la-comunitat-de-veins\/#primaryimage"},"thumbnailUrl":"https:\/\/adhernandez.com\/wp-content\/uploads\/2022\/12\/Es-obligatorio-ser-presidente-de-la-comunidad-de-vecinos-1.jpg","articleSection":["Propietat horitzontal"],"inLanguage":"ca"},{"@type":"WebPage","@id":"https:\/\/adhernandez.com\/ca\/2022\/12\/15\/es-obligatori-ser-president-de-la-comunitat-de-veins\/","url":"https:\/\/adhernandez.com\/ca\/2022\/12\/15\/es-obligatori-ser-president-de-la-comunitat-de-veins\/","name":"\u00c9s obligatori ser president de la comunitat de ve\u00efns?","isPartOf":{"@id":"https:\/\/adhernandez.com\/ca\/#website"},"primaryImageOfPage":{"@id":"https:\/\/adhernandez.com\/ca\/2022\/12\/15\/es-obligatori-ser-president-de-la-comunitat-de-veins\/#primaryimage"},"image":{"@id":"https:\/\/adhernandez.com\/ca\/2022\/12\/15\/es-obligatori-ser-president-de-la-comunitat-de-veins\/#primaryimage"},"thumbnailUrl":"https:\/\/adhernandez.com\/wp-content\/uploads\/2022\/12\/Es-obligatorio-ser-presidente-de-la-comunidad-de-vecinos-1.jpg","datePublished":"2022-12-15T17:30:00+00:00","dateModified":"2022-12-21T15:15:55+00:00","author":{"@id":"https:\/\/adhernandez.com\/ca\/#\/schema\/person\/330b9c8828ff3a80ee8053b5fff0e848"},"description":"\u00bf\u00c9s obligatori ser president de la comunitat de ve\u00efns? \u00bfPuc rebutjar el lloc? En aquest article t'ho expliquem amb m\u00e9s detall.","breadcrumb":{"@id":"https:\/\/adhernandez.com\/ca\/2022\/12\/15\/es-obligatori-ser-president-de-la-comunitat-de-veins\/#breadcrumb"},"inLanguage":"ca","potentialAction":[{"@type":"ReadAction","target":["https:\/\/adhernandez.com\/ca\/2022\/12\/15\/es-obligatori-ser-president-de-la-comunitat-de-veins\/"]}]},{"@type":"ImageObject","inLanguage":"ca","@id":"https:\/\/adhernandez.com\/ca\/2022\/12\/15\/es-obligatori-ser-president-de-la-comunitat-de-veins\/#primaryimage","url":"https:\/\/adhernandez.com\/wp-content\/uploads\/2022\/12\/Es-obligatorio-ser-presidente-de-la-comunidad-de-vecinos-1.jpg","contentUrl":"https:\/\/adhernandez.com\/wp-content\/uploads\/2022\/12\/Es-obligatorio-ser-presidente-de-la-comunidad-de-vecinos-1.jpg","width":1000,"height":431,"caption":"\u00bfPuedo negarme a ser presidente de la comunidad?"},{"@type":"BreadcrumbList","@id":"https:\/\/adhernandez.com\/ca\/2022\/12\/15\/es-obligatori-ser-president-de-la-comunitat-de-veins\/#breadcrumb","itemListElement":[{"@type":"ListItem","position":1,"name":"Portada","item":"https:\/\/adhernandez.com\/ca\/adhernandez-inicio\/"},{"@type":"ListItem","position":2,"name":"\u00c9s obligatori ser president de la comunitat de ve\u00efns?"}]},{"@type":"WebSite","@id":"https:\/\/adhernandez.com\/ca\/#website","url":"https:\/\/adhernandez.com\/ca\/","name":"Administraciones Hern\u00e1ndez","description":"Equipo de profesionales con amplia experiencia en la gesti\u00f3n del patrimonio inmobiliario","potentialAction":[{"@type":"SearchAction","target":{"@type":"EntryPoint","urlTemplate":"https:\/\/adhernandez.com\/ca\/?s={search_term_string}"},"query-input":{"@type":"PropertyValueSpecification","valueRequired":true,"valueName":"search_term_string"}}],"inLanguage":"ca"},{"@type":"Person","@id":"https:\/\/adhernandez.com\/ca\/#\/schema\/person\/330b9c8828ff3a80ee8053b5fff0e848","name":"AdHern\u00e1ndez","image":{"@type":"ImageObject","inLanguage":"ca","@id":"https:\/\/adhernandez.com\/wp-content\/litespeed\/avatar\/6b84e2484050905299b010a711cff345.jpg?ver=1777323059","url":"https:\/\/adhernandez.com\/wp-content\/litespeed\/avatar\/6b84e2484050905299b010a711cff345.jpg?ver=1777323059","contentUrl":"https:\/\/adhernandez.com\/wp-content\/litespeed\/avatar\/6b84e2484050905299b010a711cff345.jpg?ver=1777323059","caption":"AdHern\u00e1ndez"},"url":"https:\/\/adhernandez.com\/ca\/author\/veronica\/"}]}},"_links":{"self":[{"href":"https:\/\/adhernandez.com\/ca\/wp-json\/wp\/v2\/posts\/27116","targetHints":{"allow":["GET"]}}],"collection":[{"href":"https:\/\/adhernandez.com\/ca\/wp-json\/wp\/v2\/posts"}],"about":[{"href":"https:\/\/adhernandez.com\/ca\/wp-json\/wp\/v2\/types\/post"}],"author":[{"embeddable":true,"href":"https:\/\/adhernandez.com\/ca\/wp-json\/wp\/v2\/users\/6"}],"replies":[{"embeddable":true,"href":"https:\/\/adhernandez.com\/ca\/wp-json\/wp\/v2\/comments?post=27116"}],"version-history":[{"count":0,"href":"https:\/\/adhernandez.com\/ca\/wp-json\/wp\/v2\/posts\/27116\/revisions"}],"wp:featuredmedia":[{"embeddable":true,"href":"https:\/\/adhernandez.com\/ca\/wp-json\/wp\/v2\/media\/27165"}],"wp:attachment":[{"href":"https:\/\/adhernandez.com\/ca\/wp-json\/wp\/v2\/media?parent=27116"}],"wp:term":[{"taxonomy":"category","embeddable":true,"href":"https:\/\/adhernandez.com\/ca\/wp-json\/wp\/v2\/categories?post=27116"},{"taxonomy":"post_tag","embeddable":true,"href":"https:\/\/adhernandez.com\/ca\/wp-json\/wp\/v2\/tags?post=27116"}],"curies":[{"name":"wp","href":"https:\/\/api.w.org\/{rel}","templated":true}]}}