{"id":24812,"date":"2022-08-24T08:10:00","date_gmt":"2022-08-24T08:10:00","guid":{"rendered":"https:\/\/adhernandez.com\/?p=24812"},"modified":"2022-12-05T14:44:32","modified_gmt":"2022-12-05T14:44:32","slug":"que-he-de-fer-per-construir-una-piscina-a-la-meva-comunitat","status":"publish","type":"post","link":"https:\/\/adhernandez.com\/ca\/2022\/08\/24\/que-he-de-fer-per-construir-una-piscina-a-la-meva-comunitat\/","title":{"rendered":"Qu\u00e8 he de fer per construir una piscina a la meva comunitat?"},"content":{"rendered":"\t\t<div data-elementor-type=\"wp-post\" data-elementor-id=\"24812\" class=\"elementor elementor-24812 elementor-24785\">\n\t\t\t\t\t\t<section class=\"elementor-section elementor-top-section elementor-element elementor-element-24a29f7 elementor-section-boxed elementor-section-height-default elementor-section-height-default\" data-id=\"24a29f7\" data-element_type=\"section\" data-e-type=\"section\">\n\t\t\t\t\t\t<div class=\"elementor-container elementor-column-gap-default\">\n\t\t\t\t\t<div class=\"elementor-column elementor-col-100 elementor-top-column elementor-element elementor-element-d8ced6e\" data-id=\"d8ced6e\" data-element_type=\"column\" data-e-type=\"column\">\n\t\t\t<div class=\"elementor-widget-wrap elementor-element-populated\">\n\t\t\t\t\t\t<div class=\"elementor-element elementor-element-60640e5 elementor-widget elementor-widget-text-editor\" data-id=\"60640e5\" data-element_type=\"widget\" data-e-type=\"widget\" data-widget_type=\"text-editor.default\">\n\t\t\t\t\t\t\t\t\t<p align=\"justify\">Quan arriba el bon temps es troba a faltar una piscina privada per a poder relaxar-se i gaudir d&#8217;una tarda en fam\u00edlia o amb amics a la frescor de l&#8217;aigua. I si vius en una urbanitzaci\u00f3 amb jard\u00ed, segur que m\u00e9s d&#8217;una vegada has pensat el b\u00e9 que quedaria aqu\u00ed una piscina.<\/p>\r\n<p align=\"justify\">Pot ser que fins i tot t&#8217;hagis plantejat el proposar a la teva comunitat la construcci\u00f3 d&#8217;una piscina, per\u00f2 no saps quins requisits s&#8217;han de complir ni si estarien d&#8217;acord, aix\u00ed que ni et molestes. Per\u00f2 et volem ajudar explicant-te qu\u00e8 has de fer per a construir una piscina en la teva comunitat i, aix\u00ed, donar-te aquesta empenteta.<\/p>\t\t\t\t\t\t\t\t<\/div>\n\t\t\t\t\t<\/div>\n\t\t<\/div>\n\t\t\t\t\t<\/div>\n\t\t<\/section>\n\t\t\t\t<section class=\"elementor-section elementor-top-section elementor-element elementor-element-6f71e53 elementor-section-boxed elementor-section-height-default elementor-section-height-default\" data-id=\"6f71e53\" data-element_type=\"section\" data-e-type=\"section\">\n\t\t\t\t\t\t<div class=\"elementor-container elementor-column-gap-default\">\n\t\t\t\t\t<div class=\"elementor-column elementor-col-100 elementor-top-column elementor-element elementor-element-34be407\" data-id=\"34be407\" data-element_type=\"column\" data-e-type=\"column\">\n\t\t\t<div class=\"elementor-widget-wrap elementor-element-populated\">\n\t\t\t\t\t\t<div class=\"elementor-element elementor-element-f7cba01 elementor-widget elementor-widget-heading\" data-id=\"f7cba01\" data-element_type=\"widget\" data-e-type=\"widget\" data-widget_type=\"heading.default\">\n\t\t\t\t\t<h2 class=\"elementor-heading-title elementor-size-default\">Es pot fer una piscina en la comunitat si hi ha ve\u00efns en contra?<\/h2>\t\t\t\t<\/div>\n\t\t\t\t\t<\/div>\n\t\t<\/div>\n\t\t\t\t\t<\/div>\n\t\t<\/section>\n\t\t\t\t<section class=\"elementor-section elementor-top-section elementor-element elementor-element-ea72b42 elementor-section-boxed elementor-section-height-default elementor-section-height-default\" data-id=\"ea72b42\" data-element_type=\"section\" data-e-type=\"section\">\n\t\t\t\t\t\t<div class=\"elementor-container elementor-column-gap-default\">\n\t\t\t\t\t<div class=\"elementor-column elementor-col-50 elementor-top-column elementor-element elementor-element-3e48824\" data-id=\"3e48824\" data-element_type=\"column\" data-e-type=\"column\">\n\t\t\t<div class=\"elementor-widget-wrap elementor-element-populated\">\n\t\t\t\t\t\t<div class=\"elementor-element elementor-element-8162763 elementor-widget elementor-widget-text-editor\" data-id=\"8162763\" data-element_type=\"widget\" data-e-type=\"widget\" data-widget_type=\"text-editor.default\">\n\t\t\t\t\t\t\t\t\t<p align=\"justify\">S\u00ed, es pot, mentre no hi hagi unanimitat. L&#8217;article 17.3 de Llei 8\/2013, que reforma i posa pegats per en\u00e8sima vegada la Llei de Propietat Horitzontal, introdueix un canvi en la possibilitat de poder construir una piscina, sense que per a aix\u00f2 en aquest cas sigui necess\u00e0ria la unanimitat.<\/p>\r\n<p align=\"justify\">Tanmateix, cal esmentar que una piscina \u00e9s una cosa excepcional en una comunitat de ve\u00efns que no va destinat necess\u00e0riament a l&#8217;inter\u00e8s general. Per tant, l&#8217;acord per a la construcci\u00f3 d&#8217;una piscina en zona comuna requereix el vot favorable de tres cinquens dels propietaris que representin les mateixes quotes de participaci\u00f3.<\/p>\t\t\t\t\t\t\t\t<\/div>\n\t\t\t\t\t<\/div>\n\t\t<\/div>\n\t\t\t\t<div class=\"elementor-column elementor-col-50 elementor-top-column elementor-element elementor-element-7f61ef5\" data-id=\"7f61ef5\" data-element_type=\"column\" data-e-type=\"column\">\n\t\t\t<div class=\"elementor-widget-wrap elementor-element-populated\">\n\t\t\t\t\t\t<div class=\"elementor-element elementor-element-e31101a elementor-widget elementor-widget-image\" data-id=\"e31101a\" data-element_type=\"widget\" data-e-type=\"widget\" data-widget_type=\"image.default\">\n\t\t\t\t\t\t\t\t\t\t\t\t\t\t\t<img fetchpriority=\"high\" decoding=\"async\" width=\"533\" height=\"700\" src=\"https:\/\/adhernandez.com\/wp-content\/uploads\/2022\/07\/Que-tengo-que-hacer-para-construir-una-piscina-en-mi-comunidad2.jpg\" class=\"attachment-full size-full wp-image-24791\" alt=\"Que tengo que hacer para construir una piscina en mi comunidad\" srcset=\"https:\/\/adhernandez.com\/wp-content\/uploads\/2022\/07\/Que-tengo-que-hacer-para-construir-una-piscina-en-mi-comunidad2.jpg 533w, https:\/\/adhernandez.com\/wp-content\/uploads\/2022\/07\/Que-tengo-que-hacer-para-construir-una-piscina-en-mi-comunidad2-228x300.jpg 228w, https:\/\/adhernandez.com\/wp-content\/uploads\/2022\/07\/Que-tengo-que-hacer-para-construir-una-piscina-en-mi-comunidad2-457x600.jpg 457w, https:\/\/adhernandez.com\/wp-content\/uploads\/2022\/07\/Que-tengo-que-hacer-para-construir-una-piscina-en-mi-comunidad2-496x651.jpg 496w\" sizes=\"(max-width: 533px) 100vw, 533px\" \/>\t\t\t\t\t\t\t\t\t\t\t\t\t\t\t<\/div>\n\t\t\t\t\t<\/div>\n\t\t<\/div>\n\t\t\t\t\t<\/div>\n\t\t<\/section>\n\t\t\t\t<section class=\"elementor-section elementor-top-section elementor-element elementor-element-9f06911 elementor-section-boxed elementor-section-height-default elementor-section-height-default\" data-id=\"9f06911\" data-element_type=\"section\" data-e-type=\"section\">\n\t\t\t\t\t\t<div class=\"elementor-container elementor-column-gap-default\">\n\t\t\t\t\t<div class=\"elementor-column elementor-col-100 elementor-top-column elementor-element elementor-element-8a6255e\" data-id=\"8a6255e\" data-element_type=\"column\" data-e-type=\"column\">\n\t\t\t<div class=\"elementor-widget-wrap elementor-element-populated\">\n\t\t\t\t\t\t<div class=\"elementor-element elementor-element-bc59c88 elementor-widget elementor-widget-heading\" data-id=\"bc59c88\" data-element_type=\"widget\" data-e-type=\"widget\" data-widget_type=\"heading.default\">\n\t\t\t\t\t<h2 class=\"elementor-heading-title elementor-size-default\">Quins s\u00f3n els requisits per a poder comen\u00e7ar amb la construcci\u00f3 d'una piscina en la comunitat de ve\u00efns?<\/h2>\t\t\t\t<\/div>\n\t\t\t\t\t<\/div>\n\t\t<\/div>\n\t\t\t\t\t<\/div>\n\t\t<\/section>\n\t\t\t\t<section class=\"elementor-section elementor-top-section elementor-element elementor-element-b6124c5 elementor-section-boxed elementor-section-height-default elementor-section-height-default\" data-id=\"b6124c5\" data-element_type=\"section\" data-e-type=\"section\">\n\t\t\t\t\t\t<div class=\"elementor-container elementor-column-gap-default\">\n\t\t\t\t\t<div class=\"elementor-column elementor-col-50 elementor-top-column elementor-element elementor-element-6e27627\" data-id=\"6e27627\" data-element_type=\"column\" data-e-type=\"column\">\n\t\t\t<div class=\"elementor-widget-wrap elementor-element-populated\">\n\t\t\t\t\t\t<div class=\"elementor-element elementor-element-95cfe94 elementor-widget elementor-widget-image\" data-id=\"95cfe94\" data-element_type=\"widget\" data-e-type=\"widget\" data-widget_type=\"image.default\">\n\t\t\t\t\t\t\t\t\t\t\t\t\t\t\t<img decoding=\"async\" width=\"533\" height=\"700\" src=\"https:\/\/adhernandez.com\/wp-content\/uploads\/2022\/07\/Que-tengo-que-hacer-para-construir-una-piscina-en-mi-comunidad1.jpg\" class=\"attachment-full size-full wp-image-24793\" alt=\"Que tengo que hacer para construir una piscina en mi comunidad\" srcset=\"https:\/\/adhernandez.com\/wp-content\/uploads\/2022\/07\/Que-tengo-que-hacer-para-construir-una-piscina-en-mi-comunidad1.jpg 533w, https:\/\/adhernandez.com\/wp-content\/uploads\/2022\/07\/Que-tengo-que-hacer-para-construir-una-piscina-en-mi-comunidad1-228x300.jpg 228w, https:\/\/adhernandez.com\/wp-content\/uploads\/2022\/07\/Que-tengo-que-hacer-para-construir-una-piscina-en-mi-comunidad1-457x600.jpg 457w, https:\/\/adhernandez.com\/wp-content\/uploads\/2022\/07\/Que-tengo-que-hacer-para-construir-una-piscina-en-mi-comunidad1-496x651.jpg 496w\" sizes=\"(max-width: 533px) 100vw, 533px\" \/>\t\t\t\t\t\t\t\t\t\t\t\t\t\t\t<\/div>\n\t\t\t\t\t<\/div>\n\t\t<\/div>\n\t\t\t\t<div class=\"elementor-column elementor-col-50 elementor-top-column elementor-element elementor-element-40c6433\" data-id=\"40c6433\" data-element_type=\"column\" data-e-type=\"column\">\n\t\t\t<div class=\"elementor-widget-wrap elementor-element-populated\">\n\t\t\t\t\t\t<div class=\"elementor-element elementor-element-e750804 elementor-widget elementor-widget-text-editor\" data-id=\"e750804\" data-element_type=\"widget\" data-e-type=\"widget\" data-widget_type=\"text-editor.default\">\n\t\t\t\t\t\t\t\t\t<p align=\"justify\">Si els propietaris estan d&#8217;acord en la construcci\u00f3 de la piscina, es necessita un perm\u00eds d&#8217;obra. Per a aix\u00f2, cal consultar amb un arquitecte o estudi d&#8217;arquitectura que redacti tant el projecte t\u00e8cnic de l&#8217;obra com la sol\u00b7licitud de llic\u00e8ncia corresponent a cada ajuntament.<\/p>\t\t\t\t\t\t\t\t<\/div>\n\t\t\t\t<div class=\"elementor-element elementor-element-ea09af5 elementor-widget elementor-widget-text-editor\" data-id=\"ea09af5\" data-element_type=\"widget\" data-e-type=\"widget\" data-widget_type=\"text-editor.default\">\n\t\t\t\t\t\t\t\t\t<p align=\"justify\">En el projecte es trobaran totes les caracter\u00edstiques de la piscina aix\u00ed com els c\u00e0lculs necessaris. Una vegada l&#8217;arquitecte redacta aquest projecte i el signa, s&#8217;ha de visar en el Col\u00b7legi Oficial d&#8217;Arquitectes de la comunitat.<\/p>\t\t\t\t\t\t\t\t<\/div>\n\t\t\t\t\t<\/div>\n\t\t<\/div>\n\t\t\t\t\t<\/div>\n\t\t<\/section>\n\t\t\t\t<section class=\"elementor-section elementor-top-section elementor-element elementor-element-9143dcf elementor-section-boxed elementor-section-height-default elementor-section-height-default\" data-id=\"9143dcf\" data-element_type=\"section\" data-e-type=\"section\">\n\t\t\t\t\t\t<div class=\"elementor-container elementor-column-gap-default\">\n\t\t\t\t\t<div class=\"elementor-column elementor-col-100 elementor-top-column elementor-element elementor-element-a43177b\" data-id=\"a43177b\" data-element_type=\"column\" data-e-type=\"column\">\n\t\t\t<div class=\"elementor-widget-wrap elementor-element-populated\">\n\t\t\t\t\t\t<div class=\"elementor-element elementor-element-12c0130 elementor-widget elementor-widget-text-editor\" data-id=\"12c0130\" data-element_type=\"widget\" data-e-type=\"widget\" data-widget_type=\"text-editor.default\">\n\t\t\t\t\t\t\t\t\t<p align=\"justify\">Segons l&#8217;ajuntament al qual pertanyi el terreny on es dugui a terme la piscina, s&#8217;haur\u00e0 de realitzar un tipus de tr\u00e0mit o un altre sent el m\u00e9s com\u00fa el de llic\u00e8ncia urban\u00edstica. En el cas de la llic\u00e8ncia urban\u00edstica, la seva concessi\u00f3 sol prolongar-se en el temps alguns mesos. Aquest temps variar\u00e0 depenent de l&#8217;ajuntament. Una vegada realitzat el projecte i que hagin concedit la llic\u00e8ncia el seg\u00fcent pas seria la construcci\u00f3 de la piscina.<\/p>\t\t\t\t\t\t\t\t<\/div>\n\t\t\t\t\t<\/div>\n\t\t<\/div>\n\t\t\t\t\t<\/div>\n\t\t<\/section>\n\t\t\t\t<section class=\"elementor-section elementor-top-section elementor-element elementor-element-8803f71 elementor-section-boxed elementor-section-height-default elementor-section-height-default\" data-id=\"8803f71\" data-element_type=\"section\" data-e-type=\"section\">\n\t\t\t\t\t\t<div class=\"elementor-container elementor-column-gap-default\">\n\t\t\t\t\t<div class=\"elementor-column elementor-col-100 elementor-top-column elementor-element elementor-element-e989de0\" data-id=\"e989de0\" data-element_type=\"column\" data-e-type=\"column\">\n\t\t\t<div class=\"elementor-widget-wrap elementor-element-populated\">\n\t\t\t\t\t\t<div class=\"elementor-element elementor-element-d8006b7 elementor-widget elementor-widget-heading\" data-id=\"d8006b7\" data-element_type=\"widget\" data-e-type=\"widget\" data-widget_type=\"heading.default\">\n\t\t\t\t\t<h2 class=\"elementor-heading-title elementor-size-default\">Qu\u00e8 oferim a Administracions Hern\u00e1ndez<\/h2>\t\t\t\t<\/div>\n\t\t\t\t<div class=\"elementor-element elementor-element-f7ff5b8 elementor-widget elementor-widget-text-editor\" data-id=\"f7ff5b8\" data-element_type=\"widget\" data-e-type=\"widget\" data-widget_type=\"text-editor.default\">\n\t\t\t\t\t\t\t\t\t<p><\/p><p>Desde 1940, <strong>Administraciones Hern\u00e1ndez<\/strong> se dedica a <strong>gestionar patrimonio inmobiliario<\/strong>, tanto alquileres, como compra venta de propiedades en la ciudad de Barcelona.<\/p><p> <\/p><p>Cuenta con varios departamentos especializados, <strong>seg\u00fan las necesidades de cada cliente<\/strong> para ofrecer el mejor servicio posible en cada momento a cada uno de sus clientes, sea cual sea su inter\u00e9s personal.<\/p><p> <\/p><p><strong>Atenci\u00f3n personalizada<\/strong> por parte de expertos en cada una de las materias relativas al sector inmobiliario. Una forma diferente de entender la gesti\u00f3n de alquileres. Dedicaci\u00f3n y esp\u00edritu innovador\u2026 <strong>Administraciones Hern\u00e1ndez<\/strong> es sin duda una elecci\u00f3n a tener en cuenta en<strong> Barcelona<\/strong>.<\/p><p><\/p>\t\t\t\t\t\t\t\t<\/div>\n\t\t\t\t<div class=\"elementor-element elementor-element-f1ae07b elementor-widget-divider--view-line elementor-widget elementor-widget-divider\" data-id=\"f1ae07b\" data-element_type=\"widget\" data-e-type=\"widget\" data-widget_type=\"divider.default\">\n\t\t\t\t\t\t\t<div class=\"elementor-divider\">\n\t\t\t<span class=\"elementor-divider-separator\">\n\t\t\t\t\t\t<\/span>\n\t\t<\/div>\n\t\t\t\t\t\t<\/div>\n\t\t\t\t<div class=\"elementor-element elementor-element-3ae3407 elementor-widget elementor-widget-image\" data-id=\"3ae3407\" data-element_type=\"widget\" data-e-type=\"widget\" data-widget_type=\"image.default\">\n\t\t\t\t\t\t\t\t\t\t\t\t\t\t\t<img decoding=\"async\" width=\"496\" height=\"372\" src=\"https:\/\/adhernandez.com\/wp-content\/uploads\/2021\/06\/adhernandez-fincas-496x372.jpg\" class=\"attachment-houzez-image_masonry size-houzez-image_masonry wp-image-20816\" alt=\"Fincas administraciones hernandez\" srcset=\"https:\/\/adhernandez.com\/wp-content\/uploads\/2021\/06\/adhernandez-fincas-496x372.jpg 496w, https:\/\/adhernandez.com\/wp-content\/uploads\/2021\/06\/adhernandez-fincas-300x225.jpg 300w, https:\/\/adhernandez.com\/wp-content\/uploads\/2021\/06\/adhernandez-fincas-592x444.jpg 592w, https:\/\/adhernandez.com\/wp-content\/uploads\/2021\/06\/adhernandez-fincas-584x438.jpg 584w, https:\/\/adhernandez.com\/wp-content\/uploads\/2021\/06\/adhernandez-fincas-120x90.jpg 120w, https:\/\/adhernandez.com\/wp-content\/uploads\/2021\/06\/adhernandez-fincas.jpg 700w\" sizes=\"(max-width: 496px) 100vw, 496px\" \/>\t\t\t\t\t\t\t\t\t\t\t\t\t\t\t<\/div>\n\t\t\t\t\t<\/div>\n\t\t<\/div>\n\t\t\t\t\t<\/div>\n\t\t<\/section>\n\t\t\t\t<\/div>\n\t\t","protected":false},"excerpt":{"rendered":"<p>Si t&#8217;est\u00e0s preguntant qu\u00e8 has de fer per construir una piscina a la teva comunitat a nivell legal, aquesta \u00e9s la resposta<\/p>\n","protected":false},"author":6,"featured_media":24807,"comment_status":"open","ping_status":"open","sticky":false,"template":"","format":"standard","meta":{"footnotes":""},"categories":[105],"tags":[],"class_list":["post-24812","post","type-post","status-publish","format-standard","has-post-thumbnail","hentry","category-propietat-horitzontal"],"yoast_head":"<!-- This site is optimized with the Yoast SEO plugin v27.4 - https:\/\/yoast.com\/product\/yoast-seo-wordpress\/ -->\n<title>Qu\u00e8 he de fer per construir una piscina a la meva comunitat?<\/title>\n<meta name=\"description\" content=\"Tens calor u penses que quedaria n\u00e9 una piscina a la teva comunitat de ve\u00efns i et preguntes: qu\u00e8 he de fer per construir una piscina? T&#039;ho expliquem\" \/>\n<meta name=\"robots\" content=\"index, follow, max-snippet:-1, max-image-preview:large, max-video-preview:-1\" \/>\n<link rel=\"canonical\" href=\"https:\/\/adhernandez.com\/ca\/2022\/08\/24\/que-he-de-fer-per-construir-una-piscina-a-la-meva-comunitat\/\" \/>\n<meta property=\"og:locale\" content=\"ca_ES\" \/>\n<meta property=\"og:type\" content=\"article\" \/>\n<meta property=\"og:title\" content=\"Qu\u00e8 he de fer per construir una piscina a la meva comunitat?\" \/>\n<meta property=\"og:description\" content=\"Tens calor u penses que quedaria n\u00e9 una piscina a la teva comunitat de ve\u00efns i et preguntes: qu\u00e8 he de fer per construir una piscina? T&#039;ho expliquem\" \/>\n<meta property=\"og:url\" content=\"https:\/\/adhernandez.com\/ca\/2022\/08\/24\/que-he-de-fer-per-construir-una-piscina-a-la-meva-comunitat\/\" \/>\n<meta property=\"og:site_name\" content=\"Administraciones Hern\u00e1ndez\" \/>\n<meta property=\"article:published_time\" content=\"2022-08-24T08:10:00+00:00\" \/>\n<meta property=\"article:modified_time\" content=\"2022-12-05T14:44:32+00:00\" \/>\n<meta property=\"og:image\" content=\"https:\/\/adhernandez.com\/wp-content\/uploads\/2022\/07\/Que-tengo-que-hacer-para-construir-una-piscina-en-mi-comunidad.jpg\" \/>\n\t<meta property=\"og:image:width\" content=\"800\" \/>\n\t<meta property=\"og:image:height\" content=\"422\" \/>\n\t<meta property=\"og:image:type\" content=\"image\/jpeg\" \/>\n<meta name=\"author\" content=\"AdHern\u00e1ndez\" \/>\n<meta name=\"twitter:card\" content=\"summary_large_image\" \/>\n<meta name=\"twitter:label1\" content=\"Escrit per\" \/>\n\t<meta name=\"twitter:data1\" content=\"AdHern\u00e1ndez\" \/>\n\t<meta name=\"twitter:label2\" content=\"Temps estimat de lectura\" \/>\n\t<meta name=\"twitter:data2\" content=\"3 minuts\" \/>\n<script type=\"application\/ld+json\" class=\"yoast-schema-graph\">{\"@context\":\"https:\\\/\\\/schema.org\",\"@graph\":[{\"@type\":\"Article\",\"@id\":\"https:\\\/\\\/adhernandez.com\\\/ca\\\/2022\\\/08\\\/24\\\/que-he-de-fer-per-construir-una-piscina-a-la-meva-comunitat\\\/#article\",\"isPartOf\":{\"@id\":\"https:\\\/\\\/adhernandez.com\\\/ca\\\/2022\\\/08\\\/24\\\/que-he-de-fer-per-construir-una-piscina-a-la-meva-comunitat\\\/\"},\"author\":{\"name\":\"AdHern\u00e1ndez\",\"@id\":\"https:\\\/\\\/adhernandez.com\\\/ca\\\/#\\\/schema\\\/person\\\/330b9c8828ff3a80ee8053b5fff0e848\"},\"headline\":\"Qu\u00e8 he de fer per construir una piscina a la meva comunitat?\",\"datePublished\":\"2022-08-24T08:10:00+00:00\",\"dateModified\":\"2022-12-05T14:44:32+00:00\",\"mainEntityOfPage\":{\"@id\":\"https:\\\/\\\/adhernandez.com\\\/ca\\\/2022\\\/08\\\/24\\\/que-he-de-fer-per-construir-una-piscina-a-la-meva-comunitat\\\/\"},\"wordCount\":543,\"commentCount\":0,\"image\":{\"@id\":\"https:\\\/\\\/adhernandez.com\\\/ca\\\/2022\\\/08\\\/24\\\/que-he-de-fer-per-construir-una-piscina-a-la-meva-comunitat\\\/#primaryimage\"},\"thumbnailUrl\":\"https:\\\/\\\/adhernandez.com\\\/wp-content\\\/uploads\\\/2022\\\/07\\\/Que-tengo-que-hacer-para-construir-una-piscina-en-mi-comunidad.jpg\",\"articleSection\":[\"Propietat horitzontal\"],\"inLanguage\":\"ca\"},{\"@type\":\"WebPage\",\"@id\":\"https:\\\/\\\/adhernandez.com\\\/ca\\\/2022\\\/08\\\/24\\\/que-he-de-fer-per-construir-una-piscina-a-la-meva-comunitat\\\/\",\"url\":\"https:\\\/\\\/adhernandez.com\\\/ca\\\/2022\\\/08\\\/24\\\/que-he-de-fer-per-construir-una-piscina-a-la-meva-comunitat\\\/\",\"name\":\"Qu\u00e8 he de fer per construir una piscina a la meva comunitat?\",\"isPartOf\":{\"@id\":\"https:\\\/\\\/adhernandez.com\\\/ca\\\/#website\"},\"primaryImageOfPage\":{\"@id\":\"https:\\\/\\\/adhernandez.com\\\/ca\\\/2022\\\/08\\\/24\\\/que-he-de-fer-per-construir-una-piscina-a-la-meva-comunitat\\\/#primaryimage\"},\"image\":{\"@id\":\"https:\\\/\\\/adhernandez.com\\\/ca\\\/2022\\\/08\\\/24\\\/que-he-de-fer-per-construir-una-piscina-a-la-meva-comunitat\\\/#primaryimage\"},\"thumbnailUrl\":\"https:\\\/\\\/adhernandez.com\\\/wp-content\\\/uploads\\\/2022\\\/07\\\/Que-tengo-que-hacer-para-construir-una-piscina-en-mi-comunidad.jpg\",\"datePublished\":\"2022-08-24T08:10:00+00:00\",\"dateModified\":\"2022-12-05T14:44:32+00:00\",\"author\":{\"@id\":\"https:\\\/\\\/adhernandez.com\\\/ca\\\/#\\\/schema\\\/person\\\/330b9c8828ff3a80ee8053b5fff0e848\"},\"description\":\"Tens calor u penses que quedaria n\u00e9 una piscina a la teva comunitat de ve\u00efns i et preguntes: qu\u00e8 he de fer per construir una piscina? T'ho expliquem\",\"breadcrumb\":{\"@id\":\"https:\\\/\\\/adhernandez.com\\\/ca\\\/2022\\\/08\\\/24\\\/que-he-de-fer-per-construir-una-piscina-a-la-meva-comunitat\\\/#breadcrumb\"},\"inLanguage\":\"ca\",\"potentialAction\":[{\"@type\":\"ReadAction\",\"target\":[\"https:\\\/\\\/adhernandez.com\\\/ca\\\/2022\\\/08\\\/24\\\/que-he-de-fer-per-construir-una-piscina-a-la-meva-comunitat\\\/\"]}]},{\"@type\":\"ImageObject\",\"inLanguage\":\"ca\",\"@id\":\"https:\\\/\\\/adhernandez.com\\\/ca\\\/2022\\\/08\\\/24\\\/que-he-de-fer-per-construir-una-piscina-a-la-meva-comunitat\\\/#primaryimage\",\"url\":\"https:\\\/\\\/adhernandez.com\\\/wp-content\\\/uploads\\\/2022\\\/07\\\/Que-tengo-que-hacer-para-construir-una-piscina-en-mi-comunidad.jpg\",\"contentUrl\":\"https:\\\/\\\/adhernandez.com\\\/wp-content\\\/uploads\\\/2022\\\/07\\\/Que-tengo-que-hacer-para-construir-una-piscina-en-mi-comunidad.jpg\",\"width\":800,\"height\":422,\"caption\":\"Que tengo que hacer para construir una piscina en mi comunidad\"},{\"@type\":\"BreadcrumbList\",\"@id\":\"https:\\\/\\\/adhernandez.com\\\/ca\\\/2022\\\/08\\\/24\\\/que-he-de-fer-per-construir-una-piscina-a-la-meva-comunitat\\\/#breadcrumb\",\"itemListElement\":[{\"@type\":\"ListItem\",\"position\":1,\"name\":\"Portada\",\"item\":\"https:\\\/\\\/adhernandez.com\\\/ca\\\/adhernandez-inicio\\\/\"},{\"@type\":\"ListItem\",\"position\":2,\"name\":\"Qu\u00e8 he de fer per construir una piscina a la meva comunitat?\"}]},{\"@type\":\"WebSite\",\"@id\":\"https:\\\/\\\/adhernandez.com\\\/ca\\\/#website\",\"url\":\"https:\\\/\\\/adhernandez.com\\\/ca\\\/\",\"name\":\"Administraciones Hern\u00e1ndez\",\"description\":\"Equipo de profesionales con amplia experiencia en la gesti\u00f3n del patrimonio inmobiliario\",\"potentialAction\":[{\"@type\":\"SearchAction\",\"target\":{\"@type\":\"EntryPoint\",\"urlTemplate\":\"https:\\\/\\\/adhernandez.com\\\/ca\\\/?s={search_term_string}\"},\"query-input\":{\"@type\":\"PropertyValueSpecification\",\"valueRequired\":true,\"valueName\":\"search_term_string\"}}],\"inLanguage\":\"ca\"},{\"@type\":\"Person\",\"@id\":\"https:\\\/\\\/adhernandez.com\\\/ca\\\/#\\\/schema\\\/person\\\/330b9c8828ff3a80ee8053b5fff0e848\",\"name\":\"AdHern\u00e1ndez\",\"image\":{\"@type\":\"ImageObject\",\"inLanguage\":\"ca\",\"@id\":\"https:\\\/\\\/adhernandez.com\\\/wp-content\\\/litespeed\\\/avatar\\\/6b84e2484050905299b010a711cff345.jpg?ver=1777323059\",\"url\":\"https:\\\/\\\/adhernandez.com\\\/wp-content\\\/litespeed\\\/avatar\\\/6b84e2484050905299b010a711cff345.jpg?ver=1777323059\",\"contentUrl\":\"https:\\\/\\\/adhernandez.com\\\/wp-content\\\/litespeed\\\/avatar\\\/6b84e2484050905299b010a711cff345.jpg?ver=1777323059\",\"caption\":\"AdHern\u00e1ndez\"},\"url\":\"https:\\\/\\\/adhernandez.com\\\/ca\\\/author\\\/veronica\\\/\"}]}<\/script>\n<!-- \/ Yoast SEO plugin. -->","yoast_head_json":{"title":"Qu\u00e8 he de fer per construir una piscina a la meva comunitat?","description":"Tens calor u penses que quedaria n\u00e9 una piscina a la teva comunitat de ve\u00efns i et preguntes: qu\u00e8 he de fer per construir una piscina? T'ho expliquem","robots":{"index":"index","follow":"follow","max-snippet":"max-snippet:-1","max-image-preview":"max-image-preview:large","max-video-preview":"max-video-preview:-1"},"canonical":"https:\/\/adhernandez.com\/ca\/2022\/08\/24\/que-he-de-fer-per-construir-una-piscina-a-la-meva-comunitat\/","og_locale":"ca_ES","og_type":"article","og_title":"Qu\u00e8 he de fer per construir una piscina a la meva comunitat?","og_description":"Tens calor u penses que quedaria n\u00e9 una piscina a la teva comunitat de ve\u00efns i et preguntes: qu\u00e8 he de fer per construir una piscina? T'ho expliquem","og_url":"https:\/\/adhernandez.com\/ca\/2022\/08\/24\/que-he-de-fer-per-construir-una-piscina-a-la-meva-comunitat\/","og_site_name":"Administraciones Hern\u00e1ndez","article_published_time":"2022-08-24T08:10:00+00:00","article_modified_time":"2022-12-05T14:44:32+00:00","og_image":[{"width":800,"height":422,"url":"https:\/\/adhernandez.com\/wp-content\/uploads\/2022\/07\/Que-tengo-que-hacer-para-construir-una-piscina-en-mi-comunidad.jpg","type":"image\/jpeg"}],"author":"AdHern\u00e1ndez","twitter_card":"summary_large_image","twitter_misc":{"Escrit per":"AdHern\u00e1ndez","Temps estimat de lectura":"3 minuts"},"schema":{"@context":"https:\/\/schema.org","@graph":[{"@type":"Article","@id":"https:\/\/adhernandez.com\/ca\/2022\/08\/24\/que-he-de-fer-per-construir-una-piscina-a-la-meva-comunitat\/#article","isPartOf":{"@id":"https:\/\/adhernandez.com\/ca\/2022\/08\/24\/que-he-de-fer-per-construir-una-piscina-a-la-meva-comunitat\/"},"author":{"name":"AdHern\u00e1ndez","@id":"https:\/\/adhernandez.com\/ca\/#\/schema\/person\/330b9c8828ff3a80ee8053b5fff0e848"},"headline":"Qu\u00e8 he de fer per construir una piscina a la meva comunitat?","datePublished":"2022-08-24T08:10:00+00:00","dateModified":"2022-12-05T14:44:32+00:00","mainEntityOfPage":{"@id":"https:\/\/adhernandez.com\/ca\/2022\/08\/24\/que-he-de-fer-per-construir-una-piscina-a-la-meva-comunitat\/"},"wordCount":543,"commentCount":0,"image":{"@id":"https:\/\/adhernandez.com\/ca\/2022\/08\/24\/que-he-de-fer-per-construir-una-piscina-a-la-meva-comunitat\/#primaryimage"},"thumbnailUrl":"https:\/\/adhernandez.com\/wp-content\/uploads\/2022\/07\/Que-tengo-que-hacer-para-construir-una-piscina-en-mi-comunidad.jpg","articleSection":["Propietat horitzontal"],"inLanguage":"ca"},{"@type":"WebPage","@id":"https:\/\/adhernandez.com\/ca\/2022\/08\/24\/que-he-de-fer-per-construir-una-piscina-a-la-meva-comunitat\/","url":"https:\/\/adhernandez.com\/ca\/2022\/08\/24\/que-he-de-fer-per-construir-una-piscina-a-la-meva-comunitat\/","name":"Qu\u00e8 he de fer per construir una piscina a la meva comunitat?","isPartOf":{"@id":"https:\/\/adhernandez.com\/ca\/#website"},"primaryImageOfPage":{"@id":"https:\/\/adhernandez.com\/ca\/2022\/08\/24\/que-he-de-fer-per-construir-una-piscina-a-la-meva-comunitat\/#primaryimage"},"image":{"@id":"https:\/\/adhernandez.com\/ca\/2022\/08\/24\/que-he-de-fer-per-construir-una-piscina-a-la-meva-comunitat\/#primaryimage"},"thumbnailUrl":"https:\/\/adhernandez.com\/wp-content\/uploads\/2022\/07\/Que-tengo-que-hacer-para-construir-una-piscina-en-mi-comunidad.jpg","datePublished":"2022-08-24T08:10:00+00:00","dateModified":"2022-12-05T14:44:32+00:00","author":{"@id":"https:\/\/adhernandez.com\/ca\/#\/schema\/person\/330b9c8828ff3a80ee8053b5fff0e848"},"description":"Tens calor u penses que quedaria n\u00e9 una piscina a la teva comunitat de ve\u00efns i et preguntes: qu\u00e8 he de fer per construir una piscina? T'ho expliquem","breadcrumb":{"@id":"https:\/\/adhernandez.com\/ca\/2022\/08\/24\/que-he-de-fer-per-construir-una-piscina-a-la-meva-comunitat\/#breadcrumb"},"inLanguage":"ca","potentialAction":[{"@type":"ReadAction","target":["https:\/\/adhernandez.com\/ca\/2022\/08\/24\/que-he-de-fer-per-construir-una-piscina-a-la-meva-comunitat\/"]}]},{"@type":"ImageObject","inLanguage":"ca","@id":"https:\/\/adhernandez.com\/ca\/2022\/08\/24\/que-he-de-fer-per-construir-una-piscina-a-la-meva-comunitat\/#primaryimage","url":"https:\/\/adhernandez.com\/wp-content\/uploads\/2022\/07\/Que-tengo-que-hacer-para-construir-una-piscina-en-mi-comunidad.jpg","contentUrl":"https:\/\/adhernandez.com\/wp-content\/uploads\/2022\/07\/Que-tengo-que-hacer-para-construir-una-piscina-en-mi-comunidad.jpg","width":800,"height":422,"caption":"Que tengo que hacer para construir una piscina en mi comunidad"},{"@type":"BreadcrumbList","@id":"https:\/\/adhernandez.com\/ca\/2022\/08\/24\/que-he-de-fer-per-construir-una-piscina-a-la-meva-comunitat\/#breadcrumb","itemListElement":[{"@type":"ListItem","position":1,"name":"Portada","item":"https:\/\/adhernandez.com\/ca\/adhernandez-inicio\/"},{"@type":"ListItem","position":2,"name":"Qu\u00e8 he de fer per construir una piscina a la meva comunitat?"}]},{"@type":"WebSite","@id":"https:\/\/adhernandez.com\/ca\/#website","url":"https:\/\/adhernandez.com\/ca\/","name":"Administraciones Hern\u00e1ndez","description":"Equipo de profesionales con amplia experiencia en la gesti\u00f3n del patrimonio inmobiliario","potentialAction":[{"@type":"SearchAction","target":{"@type":"EntryPoint","urlTemplate":"https:\/\/adhernandez.com\/ca\/?s={search_term_string}"},"query-input":{"@type":"PropertyValueSpecification","valueRequired":true,"valueName":"search_term_string"}}],"inLanguage":"ca"},{"@type":"Person","@id":"https:\/\/adhernandez.com\/ca\/#\/schema\/person\/330b9c8828ff3a80ee8053b5fff0e848","name":"AdHern\u00e1ndez","image":{"@type":"ImageObject","inLanguage":"ca","@id":"https:\/\/adhernandez.com\/wp-content\/litespeed\/avatar\/6b84e2484050905299b010a711cff345.jpg?ver=1777323059","url":"https:\/\/adhernandez.com\/wp-content\/litespeed\/avatar\/6b84e2484050905299b010a711cff345.jpg?ver=1777323059","contentUrl":"https:\/\/adhernandez.com\/wp-content\/litespeed\/avatar\/6b84e2484050905299b010a711cff345.jpg?ver=1777323059","caption":"AdHern\u00e1ndez"},"url":"https:\/\/adhernandez.com\/ca\/author\/veronica\/"}]}},"_links":{"self":[{"href":"https:\/\/adhernandez.com\/ca\/wp-json\/wp\/v2\/posts\/24812","targetHints":{"allow":["GET"]}}],"collection":[{"href":"https:\/\/adhernandez.com\/ca\/wp-json\/wp\/v2\/posts"}],"about":[{"href":"https:\/\/adhernandez.com\/ca\/wp-json\/wp\/v2\/types\/post"}],"author":[{"embeddable":true,"href":"https:\/\/adhernandez.com\/ca\/wp-json\/wp\/v2\/users\/6"}],"replies":[{"embeddable":true,"href":"https:\/\/adhernandez.com\/ca\/wp-json\/wp\/v2\/comments?post=24812"}],"version-history":[{"count":0,"href":"https:\/\/adhernandez.com\/ca\/wp-json\/wp\/v2\/posts\/24812\/revisions"}],"wp:featuredmedia":[{"embeddable":true,"href":"https:\/\/adhernandez.com\/ca\/wp-json\/wp\/v2\/media\/24807"}],"wp:attachment":[{"href":"https:\/\/adhernandez.com\/ca\/wp-json\/wp\/v2\/media?parent=24812"}],"wp:term":[{"taxonomy":"category","embeddable":true,"href":"https:\/\/adhernandez.com\/ca\/wp-json\/wp\/v2\/categories?post=24812"},{"taxonomy":"post_tag","embeddable":true,"href":"https:\/\/adhernandez.com\/ca\/wp-json\/wp\/v2\/tags?post=24812"}],"curies":[{"name":"wp","href":"https:\/\/api.w.org\/{rel}","templated":true}]}}