{"id":20847,"date":"2022-03-29T13:10:00","date_gmt":"2022-03-29T13:10:00","guid":{"rendered":"https:\/\/adhernandez.com\/?p=20847"},"modified":"2022-03-10T13:10:19","modified_gmt":"2022-03-10T13:10:19","slug":"es-recomanable-vendre-un-pis-en-temps-de-covid","status":"publish","type":"post","link":"https:\/\/adhernandez.com\/ca\/2022\/03\/29\/es-recomanable-vendre-un-pis-en-temps-de-covid\/","title":{"rendered":"\u00c9s recomanable vendre un pis en temps de Covid?"},"content":{"rendered":"\n<p><br>L&#8217;impacte del Coronavirus en el sector immobiliari s&#8217;est\u00e0 sentint a nivell mundial. Aix\u00f2, malgrat tot, pot ser nom\u00e9s un rev\u00e9s temporal, ja que els portals immobiliaris es preparen per a afrontar les seq\u00fceles del COVID-19 . A curt termini, el nombre d&#8217;operacions caur\u00e0, per\u00f2 a llarg, la <strong>compra de propietats continuar\u00e0 sent lucrativa i realment interessant.<\/strong><\/p>\n\n\n\n<div class=\"wp-block-media-text alignwide is-stacked-on-mobile is-vertically-aligned-center\" style=\"grid-template-columns:41% auto\"><figure class=\"wp-block-media-text__media\"><img fetchpriority=\"high\" decoding=\"async\" width=\"533\" height=\"800\" src=\"https:\/\/adhernandez.com\/wp-content\/uploads\/2022\/03\/Vender-casa-covid-2-2-scaled.jpg\" alt=\"Vender casa en pandemia\" class=\"wp-image-23598 size-full\" srcset=\"https:\/\/adhernandez.com\/wp-content\/uploads\/2022\/03\/Vender-casa-covid-2-2-scaled.jpg 533w, https:\/\/adhernandez.com\/wp-content\/uploads\/2022\/03\/Vender-casa-covid-2-2-200x300.jpg 200w, https:\/\/adhernandez.com\/wp-content\/uploads\/2022\/03\/Vender-casa-covid-2-2-400x600.jpg 400w, https:\/\/adhernandez.com\/wp-content\/uploads\/2022\/03\/Vender-casa-covid-2-2-496x744.jpg 496w\" sizes=\"(max-width: 533px) 100vw, 533px\" \/><\/figure><div class=\"wp-block-media-text__content\">\n<p>Per a tots nosaltres, i especialment per als que treballen en el sector immobiliari i l&#8217;administraci\u00f3 de propietats, enguany ha estat un gran interrogant, o tal vegada una s\u00e8rie interminable de males experi\u00e8ncies. Encara que, malgrat aix\u00f2, \u00e9s m\u00e9s que probable que el<strong> mercat immobiliari no estigui passant per un problema tan gran com sembla.<\/strong><br><br>Si es pregunten quin hauria de ser el seu pr\u00f2xim pas quant a inversions en el sector, pot ser que la manera d&#8217;actuar, essencialment no hauria de canviar, \u00e9s a dir, <strong>haur\u00edem de fer exactament el que far\u00edem si no hi hagu\u00e9s una pand\u00e8mia<\/strong>: comprar, vendre o administrar rendes. Per\u00f2 haurem de fer-ho amb els ulls ben oberts i, \u00f2bviament, tenint present la situaci\u00f3 particular del mercat espanyol.<\/p>\n<\/div><\/div>\n\n\n\n<p><br>En aquest article desgranarem tot el que ha de saber de la situaci\u00f3 immobili\u00e0ria actual i donarem una s\u00e8rie de recomanacions per a la venda d&#8217;un immoble dins de les possibilitats del vostre mercat immobiliaris.<\/p>\n\n\n\n<p><strong>Aix\u00ed \u00e9s com el Covid-19 podria afectar el mercat immobiliari durant el 2022.<\/strong><\/p>\n\n\n\n<h2 class=\"wp-block-heading\"><strong>\u00bfEs momento de vender tu piso? \u00bfO es mejor esperar?<\/strong><\/h2>\n\n\n\n<p>La pregunta del mili\u00f3, \u00e9s el moment adequat per a vendre el meu pis? o millor m&#8217;espero que tot aix\u00f2 passi? La resposta, com no pot ser d&#8217;una altra manera, ser\u00e0 un DEP\u00c8N.<\/p>\n\n\n\n<p>Abans d&#8217;entrar en mat\u00e8ria, haur\u00edem de tenir sobre la taula les dades, i \u00e9s que segons&nbsp;un <a href=\"https:\/\/www.epdata.es\/datos\/compra-venta-vivienda-mercado-inmobiliario-datos-hoy\/29\/espana\/106\">informe&nbsp;de&nbsp;EpData<\/a>, en el cas de grans ciutats com Barcelona, al <strong>desembre de 2020 es va registrar un descens<\/strong> d&#8217;aproximadament un 19% <strong>en les operacions de venda<\/strong>.<\/p>\n\n\n\n<p>D&#8217;altra banda, les dades m\u00e9s recents segons el publicat pel <strong>Consell General del Notaria<\/strong>t al mar\u00e7 es van tancar 59.692 operacions, la qual cosa va suposar un <strong>increment interanual<\/strong> del 83% respecte al 2020.<\/p>\n\n\n\n<div class=\"wp-block-image\"><figure class=\"aligncenter size-full\"><img decoding=\"async\" width=\"800\" height=\"533\" src=\"https:\/\/adhernandez.com\/wp-content\/uploads\/2021\/06\/Vender-casa-covid-1.jpg\" alt=\"vender casa en pandemia\" class=\"wp-image-23580\" srcset=\"https:\/\/adhernandez.com\/wp-content\/uploads\/2021\/06\/Vender-casa-covid-1.jpg 800w, https:\/\/adhernandez.com\/wp-content\/uploads\/2021\/06\/Vender-casa-covid-1-300x200.jpg 300w, https:\/\/adhernandez.com\/wp-content\/uploads\/2021\/06\/Vender-casa-covid-1-768x512.jpg 768w, https:\/\/adhernandez.com\/wp-content\/uploads\/2021\/06\/Vender-casa-covid-1-496x330.jpg 496w\" sizes=\"(max-width: 800px) 100vw, 800px\" \/><\/figure><\/div>\n\n\n\n<p>D&#8217;aquesta manera, podem veure que, a pesar que el <strong>mercat de b\u00e9ns seents es va desplomar especialment en el tancament de l&#8217;\u00faltim trimestre de 2020,<\/strong> la <strong>tend\u00e8ncia ha estat totalment oposada a l&#8217;inici del 2021<\/strong>, a l&#8217;espera de les dades actualitzades. I tot aix\u00f2 en una situaci\u00f3 encara real d&#8217;incertesa amb el que respecta al coronavirus i el proc\u00e9s de vacunaci\u00f3 de la poblaci\u00f3.<\/p>\n\n\n\n<p>Aquest fenomen podem atribuir-lo a una <strong>contracci\u00f3 dels preus del mercat per la baixa demanda <\/strong>en el 2020 i una recuperaci\u00f3 de la confian\u00e7a despr\u00e9s de l&#8217;obertura progressiva de l&#8217;economia en 2021. Aquesta baixada de preus ha estimulat l&#8217;entrada de capital en el mercat, no sols de particulars que necessiten el seu primer habitatge (o una segona), sin\u00f3 que <strong>possibilita el negoci per a inversors<\/strong>, que han sabut detectar una <strong>bona oportunita<\/strong>t en aquestes circumst\u00e0ncies.<\/p>\n\n\n\n<h2 class=\"wp-block-heading\"><strong>\u00bfC\u00f3mo s&#8217;est\u00e0 comportant el mercat immobiliari?<\/strong><\/h2>\n\n\n\n<div class=\"wp-block-media-text alignwide has-media-on-the-right is-stacked-on-mobile\" style=\"grid-template-columns:auto 43%\"><figure class=\"wp-block-media-text__media\"><img decoding=\"async\" width=\"533\" height=\"800\" src=\"https:\/\/adhernandez.com\/wp-content\/uploads\/2022\/03\/Vender-casa-covid-4-scaled.jpg\" alt=\"vender casa en pandemia\" class=\"wp-image-23591 size-full\" srcset=\"https:\/\/adhernandez.com\/wp-content\/uploads\/2022\/03\/Vender-casa-covid-4-scaled.jpg 533w, https:\/\/adhernandez.com\/wp-content\/uploads\/2022\/03\/Vender-casa-covid-4-200x300.jpg 200w, https:\/\/adhernandez.com\/wp-content\/uploads\/2022\/03\/Vender-casa-covid-4-400x600.jpg 400w, https:\/\/adhernandez.com\/wp-content\/uploads\/2022\/03\/Vender-casa-covid-4-496x744.jpg 496w\" sizes=\"(max-width: 533px) 100vw, 533px\" \/><\/figure><div class=\"wp-block-media-text__content\">\n<p>El descens de la demanda que implica un descens de preus per metre quadrat es deu principalment a un factor: la falta de liquiditat. Aix\u00f2 \u00e9s causa directa de la falta d&#8217;ocupaci\u00f3 o les situacions prec\u00e0ries del mateix i als baixos ingressos que percep el potencial comprador, o perqu\u00e8 no hi ha moviment creditici hipotecari. En la situaci\u00f3 actual, els bancs revisen encara m\u00e9s les seves sol\u00b7licituds hipotec\u00e0ries.<\/p>\n\n\n\n<p>Aix\u00f2 perjudica als venedros que han de rebaixar els seus preus, per fer m\u00e9s atractives les seves propietats a ulls delc comprador. I \u00e9s que no hem d&#8217;oblidar que aquest, haur\u00e0 de disposar d&#8217;un 20% del preu de l&#8217;immoble per a qu\u00e8 el banc concedeixi el cr\u00e8dit<\/p>\n<\/div><\/div>\n\n\n\n<p>Tot i que aquest fenomen es va accentuar en crisis anteriors, tal com afirma Francisco&nbsp;I\u00f1areta, portaveu d&#8217;Idealista en declaracions a La Vanguardia<\/p>\n\n\n\n<blockquote class=\"wp-block-quote is-layout-flow wp-block-quote-is-layout-flow\"><p><em>\u201cAl contrari del que ha ocorregut en el mercat del lloguer i malgrat els pron\u00f2stics de molts experts del sector, la crisi provocada per la COVID-19 a penes ha tingut efecte en el mercat immobiliari de compravenda. Els preus s&#8217;han mantingut estables amb petits ajustos tant a l&#8217;al\u00e7a com a la baixa\u201d.<\/em><\/p><\/blockquote>\n\n\n\n<p><a href=\"https:\/\/www.lavanguardia.com\/economia\/20210429\/7414410\/precios-bajan-demanda-mantiene-vivienda-soporta-covid19-brl.html\"><u>Article complet AQU\u00cd<\/u><\/a><\/p>\n\n\n\n<p>D&#8217;aquesta manera, davant una situaci\u00f3 complicada, sorgeixen oportunitats i aquesta no podia ser menys.<\/p>\n\n\n\n<figure class=\"wp-block-image size-full\"><img loading=\"lazy\" decoding=\"async\" width=\"800\" height=\"423\" src=\"https:\/\/adhernandez.com\/wp-content\/uploads\/2022\/03\/Vender-casa-covid-3.jpg\" alt=\"\" class=\"wp-image-23584\" srcset=\"https:\/\/adhernandez.com\/wp-content\/uploads\/2022\/03\/Vender-casa-covid-3.jpg 800w, https:\/\/adhernandez.com\/wp-content\/uploads\/2022\/03\/Vender-casa-covid-3-300x159.jpg 300w, https:\/\/adhernandez.com\/wp-content\/uploads\/2022\/03\/Vender-casa-covid-3-768x406.jpg 768w, https:\/\/adhernandez.com\/wp-content\/uploads\/2022\/03\/Vender-casa-covid-3-496x262.jpg 496w\" sizes=\"(max-width: 800px) 100vw, 800px\" \/><\/figure>\n\n\n\n<h2 class=\"wp-block-heading\"><strong>Alternatives a la venda de pis<\/strong><\/h2>\n\n\n\n<p>Si per contra, la nostra propietat es troba en una zona&nbsp;tensionada&nbsp;i no hi ha vendes perqu\u00e8 el mercat est\u00e0 saturat, o simplement perqu\u00e8 no hi ha demanda, existeixen alternatives per a rendibilitzar una propietat i cobrir les despeses que d&#8217;ella es deriven (com l&#8217;IBI o la comunitat).<\/p>\n\n\n\n<p>La m\u00e9s habitual \u00e9s la del lloguer. Lloguers vacacionals, per temporades o de llarga durada, tot dependr\u00e0 del grau d&#8217;implicaci\u00f3 que vulgui dedicar-li el propietari a aquestes tasques.<\/p>\n\n\n\n<p>Afortunadament, empreses com a <strong>Administracions Hern\u00e1ndez<\/strong> compten amb una dilatada experi\u00e8ncia en el sector, tant de la compra i venda d&#8217;immobles, com de la gesti\u00f3 de comunitats i de lloguers. Ofereixen un servei integral, perqu\u00e8 el client final no hagi de preocupar-se de res m\u00e9s que de percebre rendibilitat a la seva inversi\u00f3, o d&#8217;aconseguir el millor tracte immobiliari possible.<\/p>\n\n\n\n<h2 class=\"wp-block-heading\"><strong>C<\/strong>onclusi\u00f3<\/h2>\n\n\n\n<p>No hem de pensar que at\u00e8s que la situaci\u00f3 econ\u00f2mica actual no \u00e9s la millor, existeixen menys possibilitats de vendre la nostra propietat. <strong>Cuidar la propietat<\/strong> per a promocionar-la adequadament, <strong>saber com es mou el sector immobiliari<\/strong> de la nostra zona, i <strong>confiar en un professional<\/strong> del sector per a realitzar la venda, solen ser <strong>sin\u00f2nims d&#8217;\u00e8xit garantit.<\/strong><\/p>\n\n\n\n<p class=\"has-text-align-center\" style=\"font-size:26px\">Tens algun dubte?<\/p>\n\n\n\n<p class=\"has-text-align-center\">Per a qualsevol consulta que tinguis pots posar-te en contacte amb nosaltres.engas puedes ponerte en contacto con nosotros.<\/p>\n\n\n\n<div class=\"wp-block-buttons is-horizontal is-content-justification-center is-layout-flex wp-container-core-buttons-is-layout-499968f5 wp-block-buttons-is-layout-flex\">\n<div class=\"wp-block-button is-style-outline is-style-outline--1\"><a class=\"wp-block-button__link\" href=\"https:\/\/adhernandez.com\/contacto\/\">Contactar<\/a><\/div>\n<\/div>\n\n\n\n<p><\/p>\n","protected":false},"excerpt":{"rendered":"<p>El mercat immobiliari ha canviat des del principi de la pand\u00e8mia, \u00e9s per aix\u00f2 que volem explicar-te quin \u00e9s l&#8217;estat actual i com pots aprofitar la situaci\u00f3.<\/p>\n","protected":false},"author":6,"featured_media":23578,"comment_status":"open","ping_status":"open","sticky":false,"template":"","format":"standard","meta":{"footnotes":""},"categories":[105],"tags":[],"class_list":["post-20847","post","type-post","status-publish","format-standard","has-post-thumbnail","hentry","category-propietat-horitzontal"],"yoast_head":"<!-- This site is optimized with the Yoast SEO plugin v27.4 - https:\/\/yoast.com\/product\/yoast-seo-wordpress\/ -->\n<title>\u00c9s recomanable vendre un pis en temps de Covid? - Administraciones Hern\u00e1ndez<\/title>\n<meta name=\"description\" content=\"T&#039;aquestes plantejant la venda d&#039;una propietat, per\u00f2 no creus que la situaci\u00f3 deguda al Covid permeti fer-ho a bon preu?\" \/>\n<meta name=\"robots\" content=\"index, follow, max-snippet:-1, max-image-preview:large, max-video-preview:-1\" \/>\n<link rel=\"canonical\" href=\"https:\/\/adhernandez.com\/ca\/2022\/03\/29\/es-recomanable-vendre-un-pis-en-temps-de-covid\/\" \/>\n<meta property=\"og:locale\" content=\"ca_ES\" \/>\n<meta property=\"og:type\" content=\"article\" \/>\n<meta property=\"og:title\" content=\"\u00c9s recomanable vendre un pis en temps de Covid? - Administraciones Hern\u00e1ndez\" \/>\n<meta property=\"og:description\" content=\"T&#039;aquestes plantejant la venda d&#039;una propietat, per\u00f2 no creus que la situaci\u00f3 deguda al Covid permeti fer-ho a bon preu?\" \/>\n<meta property=\"og:url\" content=\"https:\/\/adhernandez.com\/ca\/2022\/03\/29\/es-recomanable-vendre-un-pis-en-temps-de-covid\/\" \/>\n<meta property=\"og:site_name\" content=\"Administraciones Hern\u00e1ndez\" \/>\n<meta property=\"article:published_time\" content=\"2022-03-29T13:10:00+00:00\" \/>\n<meta property=\"og:image\" content=\"https:\/\/adhernandez.com\/wp-content\/uploads\/2021\/06\/Vender-casa-con-covid-scaled.jpg\" \/>\n\t<meta property=\"og:image:width\" content=\"800\" \/>\n\t<meta property=\"og:image:height\" content=\"578\" \/>\n\t<meta property=\"og:image:type\" content=\"image\/jpeg\" \/>\n<meta name=\"author\" content=\"AdHern\u00e1ndez\" \/>\n<meta name=\"twitter:card\" content=\"summary_large_image\" \/>\n<meta name=\"twitter:label1\" content=\"Escrit per\" \/>\n\t<meta name=\"twitter:data1\" content=\"AdHern\u00e1ndez\" \/>\n\t<meta name=\"twitter:label2\" content=\"Temps estimat de lectura\" \/>\n\t<meta name=\"twitter:data2\" content=\"6 minuts\" \/>\n<script type=\"application\/ld+json\" class=\"yoast-schema-graph\">{\"@context\":\"https:\\\/\\\/schema.org\",\"@graph\":[{\"@type\":\"Article\",\"@id\":\"https:\\\/\\\/adhernandez.com\\\/ca\\\/2022\\\/03\\\/29\\\/es-recomanable-vendre-un-pis-en-temps-de-covid\\\/#article\",\"isPartOf\":{\"@id\":\"https:\\\/\\\/adhernandez.com\\\/ca\\\/2022\\\/03\\\/29\\\/es-recomanable-vendre-un-pis-en-temps-de-covid\\\/\"},\"author\":{\"name\":\"AdHern\u00e1ndez\",\"@id\":\"https:\\\/\\\/adhernandez.com\\\/ca\\\/#\\\/schema\\\/person\\\/330b9c8828ff3a80ee8053b5fff0e848\"},\"headline\":\"\u00c9s recomanable vendre un pis en temps de Covid?\",\"datePublished\":\"2022-03-29T13:10:00+00:00\",\"mainEntityOfPage\":{\"@id\":\"https:\\\/\\\/adhernandez.com\\\/ca\\\/2022\\\/03\\\/29\\\/es-recomanable-vendre-un-pis-en-temps-de-covid\\\/\"},\"wordCount\":971,\"commentCount\":0,\"image\":{\"@id\":\"https:\\\/\\\/adhernandez.com\\\/ca\\\/2022\\\/03\\\/29\\\/es-recomanable-vendre-un-pis-en-temps-de-covid\\\/#primaryimage\"},\"thumbnailUrl\":\"https:\\\/\\\/adhernandez.com\\\/wp-content\\\/uploads\\\/2021\\\/06\\\/Vender-casa-con-covid-scaled.jpg\",\"articleSection\":[\"Propietat horitzontal\"],\"inLanguage\":\"ca\"},{\"@type\":\"WebPage\",\"@id\":\"https:\\\/\\\/adhernandez.com\\\/ca\\\/2022\\\/03\\\/29\\\/es-recomanable-vendre-un-pis-en-temps-de-covid\\\/\",\"url\":\"https:\\\/\\\/adhernandez.com\\\/ca\\\/2022\\\/03\\\/29\\\/es-recomanable-vendre-un-pis-en-temps-de-covid\\\/\",\"name\":\"\u00c9s recomanable vendre un pis en temps de Covid? - Administraciones Hern\u00e1ndez\",\"isPartOf\":{\"@id\":\"https:\\\/\\\/adhernandez.com\\\/ca\\\/#website\"},\"primaryImageOfPage\":{\"@id\":\"https:\\\/\\\/adhernandez.com\\\/ca\\\/2022\\\/03\\\/29\\\/es-recomanable-vendre-un-pis-en-temps-de-covid\\\/#primaryimage\"},\"image\":{\"@id\":\"https:\\\/\\\/adhernandez.com\\\/ca\\\/2022\\\/03\\\/29\\\/es-recomanable-vendre-un-pis-en-temps-de-covid\\\/#primaryimage\"},\"thumbnailUrl\":\"https:\\\/\\\/adhernandez.com\\\/wp-content\\\/uploads\\\/2021\\\/06\\\/Vender-casa-con-covid-scaled.jpg\",\"datePublished\":\"2022-03-29T13:10:00+00:00\",\"author\":{\"@id\":\"https:\\\/\\\/adhernandez.com\\\/ca\\\/#\\\/schema\\\/person\\\/330b9c8828ff3a80ee8053b5fff0e848\"},\"description\":\"T'aquestes plantejant la venda d'una propietat, per\u00f2 no creus que la situaci\u00f3 deguda al Covid permeti fer-ho a bon preu?\",\"breadcrumb\":{\"@id\":\"https:\\\/\\\/adhernandez.com\\\/ca\\\/2022\\\/03\\\/29\\\/es-recomanable-vendre-un-pis-en-temps-de-covid\\\/#breadcrumb\"},\"inLanguage\":\"ca\",\"potentialAction\":[{\"@type\":\"ReadAction\",\"target\":[\"https:\\\/\\\/adhernandez.com\\\/ca\\\/2022\\\/03\\\/29\\\/es-recomanable-vendre-un-pis-en-temps-de-covid\\\/\"]}]},{\"@type\":\"ImageObject\",\"inLanguage\":\"ca\",\"@id\":\"https:\\\/\\\/adhernandez.com\\\/ca\\\/2022\\\/03\\\/29\\\/es-recomanable-vendre-un-pis-en-temps-de-covid\\\/#primaryimage\",\"url\":\"https:\\\/\\\/adhernandez.com\\\/wp-content\\\/uploads\\\/2021\\\/06\\\/Vender-casa-con-covid-scaled.jpg\",\"contentUrl\":\"https:\\\/\\\/adhernandez.com\\\/wp-content\\\/uploads\\\/2021\\\/06\\\/Vender-casa-con-covid-scaled.jpg\",\"width\":800,\"height\":578,\"caption\":\"vender casa en pandemia\"},{\"@type\":\"BreadcrumbList\",\"@id\":\"https:\\\/\\\/adhernandez.com\\\/ca\\\/2022\\\/03\\\/29\\\/es-recomanable-vendre-un-pis-en-temps-de-covid\\\/#breadcrumb\",\"itemListElement\":[{\"@type\":\"ListItem\",\"position\":1,\"name\":\"Portada\",\"item\":\"https:\\\/\\\/adhernandez.com\\\/ca\\\/adhernandez-inicio\\\/\"},{\"@type\":\"ListItem\",\"position\":2,\"name\":\"\u00c9s recomanable vendre un pis en temps de Covid?\"}]},{\"@type\":\"WebSite\",\"@id\":\"https:\\\/\\\/adhernandez.com\\\/ca\\\/#website\",\"url\":\"https:\\\/\\\/adhernandez.com\\\/ca\\\/\",\"name\":\"Administraciones Hern\u00e1ndez\",\"description\":\"Equipo de profesionales con amplia experiencia en la gesti\u00f3n del patrimonio inmobiliario\",\"potentialAction\":[{\"@type\":\"SearchAction\",\"target\":{\"@type\":\"EntryPoint\",\"urlTemplate\":\"https:\\\/\\\/adhernandez.com\\\/ca\\\/?s={search_term_string}\"},\"query-input\":{\"@type\":\"PropertyValueSpecification\",\"valueRequired\":true,\"valueName\":\"search_term_string\"}}],\"inLanguage\":\"ca\"},{\"@type\":\"Person\",\"@id\":\"https:\\\/\\\/adhernandez.com\\\/ca\\\/#\\\/schema\\\/person\\\/330b9c8828ff3a80ee8053b5fff0e848\",\"name\":\"AdHern\u00e1ndez\",\"image\":{\"@type\":\"ImageObject\",\"inLanguage\":\"ca\",\"@id\":\"https:\\\/\\\/adhernandez.com\\\/wp-content\\\/litespeed\\\/avatar\\\/6b84e2484050905299b010a711cff345.jpg?ver=1777323059\",\"url\":\"https:\\\/\\\/adhernandez.com\\\/wp-content\\\/litespeed\\\/avatar\\\/6b84e2484050905299b010a711cff345.jpg?ver=1777323059\",\"contentUrl\":\"https:\\\/\\\/adhernandez.com\\\/wp-content\\\/litespeed\\\/avatar\\\/6b84e2484050905299b010a711cff345.jpg?ver=1777323059\",\"caption\":\"AdHern\u00e1ndez\"},\"url\":\"https:\\\/\\\/adhernandez.com\\\/ca\\\/author\\\/veronica\\\/\"}]}<\/script>\n<!-- \/ Yoast SEO plugin. -->","yoast_head_json":{"title":"\u00c9s recomanable vendre un pis en temps de Covid? - Administraciones Hern\u00e1ndez","description":"T'aquestes plantejant la venda d'una propietat, per\u00f2 no creus que la situaci\u00f3 deguda al Covid permeti fer-ho a bon preu?","robots":{"index":"index","follow":"follow","max-snippet":"max-snippet:-1","max-image-preview":"max-image-preview:large","max-video-preview":"max-video-preview:-1"},"canonical":"https:\/\/adhernandez.com\/ca\/2022\/03\/29\/es-recomanable-vendre-un-pis-en-temps-de-covid\/","og_locale":"ca_ES","og_type":"article","og_title":"\u00c9s recomanable vendre un pis en temps de Covid? - Administraciones Hern\u00e1ndez","og_description":"T'aquestes plantejant la venda d'una propietat, per\u00f2 no creus que la situaci\u00f3 deguda al Covid permeti fer-ho a bon preu?","og_url":"https:\/\/adhernandez.com\/ca\/2022\/03\/29\/es-recomanable-vendre-un-pis-en-temps-de-covid\/","og_site_name":"Administraciones Hern\u00e1ndez","article_published_time":"2022-03-29T13:10:00+00:00","og_image":[{"width":800,"height":578,"url":"https:\/\/adhernandez.com\/wp-content\/uploads\/2021\/06\/Vender-casa-con-covid-scaled.jpg","type":"image\/jpeg"}],"author":"AdHern\u00e1ndez","twitter_card":"summary_large_image","twitter_misc":{"Escrit per":"AdHern\u00e1ndez","Temps estimat de lectura":"6 minuts"},"schema":{"@context":"https:\/\/schema.org","@graph":[{"@type":"Article","@id":"https:\/\/adhernandez.com\/ca\/2022\/03\/29\/es-recomanable-vendre-un-pis-en-temps-de-covid\/#article","isPartOf":{"@id":"https:\/\/adhernandez.com\/ca\/2022\/03\/29\/es-recomanable-vendre-un-pis-en-temps-de-covid\/"},"author":{"name":"AdHern\u00e1ndez","@id":"https:\/\/adhernandez.com\/ca\/#\/schema\/person\/330b9c8828ff3a80ee8053b5fff0e848"},"headline":"\u00c9s recomanable vendre un pis en temps de Covid?","datePublished":"2022-03-29T13:10:00+00:00","mainEntityOfPage":{"@id":"https:\/\/adhernandez.com\/ca\/2022\/03\/29\/es-recomanable-vendre-un-pis-en-temps-de-covid\/"},"wordCount":971,"commentCount":0,"image":{"@id":"https:\/\/adhernandez.com\/ca\/2022\/03\/29\/es-recomanable-vendre-un-pis-en-temps-de-covid\/#primaryimage"},"thumbnailUrl":"https:\/\/adhernandez.com\/wp-content\/uploads\/2021\/06\/Vender-casa-con-covid-scaled.jpg","articleSection":["Propietat horitzontal"],"inLanguage":"ca"},{"@type":"WebPage","@id":"https:\/\/adhernandez.com\/ca\/2022\/03\/29\/es-recomanable-vendre-un-pis-en-temps-de-covid\/","url":"https:\/\/adhernandez.com\/ca\/2022\/03\/29\/es-recomanable-vendre-un-pis-en-temps-de-covid\/","name":"\u00c9s recomanable vendre un pis en temps de Covid? - Administraciones Hern\u00e1ndez","isPartOf":{"@id":"https:\/\/adhernandez.com\/ca\/#website"},"primaryImageOfPage":{"@id":"https:\/\/adhernandez.com\/ca\/2022\/03\/29\/es-recomanable-vendre-un-pis-en-temps-de-covid\/#primaryimage"},"image":{"@id":"https:\/\/adhernandez.com\/ca\/2022\/03\/29\/es-recomanable-vendre-un-pis-en-temps-de-covid\/#primaryimage"},"thumbnailUrl":"https:\/\/adhernandez.com\/wp-content\/uploads\/2021\/06\/Vender-casa-con-covid-scaled.jpg","datePublished":"2022-03-29T13:10:00+00:00","author":{"@id":"https:\/\/adhernandez.com\/ca\/#\/schema\/person\/330b9c8828ff3a80ee8053b5fff0e848"},"description":"T'aquestes plantejant la venda d'una propietat, per\u00f2 no creus que la situaci\u00f3 deguda al Covid permeti fer-ho a bon preu?","breadcrumb":{"@id":"https:\/\/adhernandez.com\/ca\/2022\/03\/29\/es-recomanable-vendre-un-pis-en-temps-de-covid\/#breadcrumb"},"inLanguage":"ca","potentialAction":[{"@type":"ReadAction","target":["https:\/\/adhernandez.com\/ca\/2022\/03\/29\/es-recomanable-vendre-un-pis-en-temps-de-covid\/"]}]},{"@type":"ImageObject","inLanguage":"ca","@id":"https:\/\/adhernandez.com\/ca\/2022\/03\/29\/es-recomanable-vendre-un-pis-en-temps-de-covid\/#primaryimage","url":"https:\/\/adhernandez.com\/wp-content\/uploads\/2021\/06\/Vender-casa-con-covid-scaled.jpg","contentUrl":"https:\/\/adhernandez.com\/wp-content\/uploads\/2021\/06\/Vender-casa-con-covid-scaled.jpg","width":800,"height":578,"caption":"vender casa en pandemia"},{"@type":"BreadcrumbList","@id":"https:\/\/adhernandez.com\/ca\/2022\/03\/29\/es-recomanable-vendre-un-pis-en-temps-de-covid\/#breadcrumb","itemListElement":[{"@type":"ListItem","position":1,"name":"Portada","item":"https:\/\/adhernandez.com\/ca\/adhernandez-inicio\/"},{"@type":"ListItem","position":2,"name":"\u00c9s recomanable vendre un pis en temps de Covid?"}]},{"@type":"WebSite","@id":"https:\/\/adhernandez.com\/ca\/#website","url":"https:\/\/adhernandez.com\/ca\/","name":"Administraciones Hern\u00e1ndez","description":"Equipo de profesionales con amplia experiencia en la gesti\u00f3n del patrimonio inmobiliario","potentialAction":[{"@type":"SearchAction","target":{"@type":"EntryPoint","urlTemplate":"https:\/\/adhernandez.com\/ca\/?s={search_term_string}"},"query-input":{"@type":"PropertyValueSpecification","valueRequired":true,"valueName":"search_term_string"}}],"inLanguage":"ca"},{"@type":"Person","@id":"https:\/\/adhernandez.com\/ca\/#\/schema\/person\/330b9c8828ff3a80ee8053b5fff0e848","name":"AdHern\u00e1ndez","image":{"@type":"ImageObject","inLanguage":"ca","@id":"https:\/\/adhernandez.com\/wp-content\/litespeed\/avatar\/6b84e2484050905299b010a711cff345.jpg?ver=1777323059","url":"https:\/\/adhernandez.com\/wp-content\/litespeed\/avatar\/6b84e2484050905299b010a711cff345.jpg?ver=1777323059","contentUrl":"https:\/\/adhernandez.com\/wp-content\/litespeed\/avatar\/6b84e2484050905299b010a711cff345.jpg?ver=1777323059","caption":"AdHern\u00e1ndez"},"url":"https:\/\/adhernandez.com\/ca\/author\/veronica\/"}]}},"_links":{"self":[{"href":"https:\/\/adhernandez.com\/ca\/wp-json\/wp\/v2\/posts\/20847","targetHints":{"allow":["GET"]}}],"collection":[{"href":"https:\/\/adhernandez.com\/ca\/wp-json\/wp\/v2\/posts"}],"about":[{"href":"https:\/\/adhernandez.com\/ca\/wp-json\/wp\/v2\/types\/post"}],"author":[{"embeddable":true,"href":"https:\/\/adhernandez.com\/ca\/wp-json\/wp\/v2\/users\/6"}],"replies":[{"embeddable":true,"href":"https:\/\/adhernandez.com\/ca\/wp-json\/wp\/v2\/comments?post=20847"}],"version-history":[{"count":0,"href":"https:\/\/adhernandez.com\/ca\/wp-json\/wp\/v2\/posts\/20847\/revisions"}],"wp:featuredmedia":[{"embeddable":true,"href":"https:\/\/adhernandez.com\/ca\/wp-json\/wp\/v2\/media\/23578"}],"wp:attachment":[{"href":"https:\/\/adhernandez.com\/ca\/wp-json\/wp\/v2\/media?parent=20847"}],"wp:term":[{"taxonomy":"category","embeddable":true,"href":"https:\/\/adhernandez.com\/ca\/wp-json\/wp\/v2\/categories?post=20847"},{"taxonomy":"post_tag","embeddable":true,"href":"https:\/\/adhernandez.com\/ca\/wp-json\/wp\/v2\/tags?post=20847"}],"curies":[{"name":"wp","href":"https:\/\/api.w.org\/{rel}","templated":true}]}}