{"id":18220,"date":"2020-08-10T14:52:35","date_gmt":"2020-08-10T14:52:35","guid":{"rendered":"http:\/\/adhernandez.imas3pro.com\/?p=18220"},"modified":"2020-09-29T11:28:25","modified_gmt":"2020-09-29T11:28:25","slug":"plusvalues-municipals-despres-de-la-sentencia-de-tribunal-constitucional-de-l11-de-maig-de-2017","status":"publish","type":"post","link":"https:\/\/adhernandez.com\/ca\/2020\/08\/10\/plusvalues-municipals-despres-de-la-sentencia-de-tribunal-constitucional-de-l11-de-maig-de-2017\/","title":{"rendered":"Plusv\u00e0lues Municipals despr\u00e9s de la sent\u00e8ncia de Tribunal Constitucional de l&#8217;11 de maig de 2017"},"content":{"rendered":"\n<p>Despr\u00e9s de les sent\u00e8ncies dictades pel Tribunal Constitucional que van anul\u00b7lar les normes fiscals forals dels territoris hist\u00f2rics del Pa\u00eds Basc en el fet que sotmetien a tributaci\u00f3 situacions d&#8217;inexist\u00e8ncia d&#8217;increments de valor dels terrenys de naturalesa urbana, el Tribunal Constitucional es va pronunciar en sent\u00e8ncia de 11 maig 2017 sobre la norma estatal, anul\u00b7lant l&#8217;article 107 de el text ref\u00f3s de la Llei Reguladora de les Hisendes Locals, aprovat pel Reial Decret Legislatiu 2\/2004, de 5 de mar\u00e7, per\u00f2 nom\u00e9s en la mesura que grava conseq\u00fc\u00e8ncies no reals, en contra del principi de capacitat econ\u00f2mica (art. 31.1 CE).<\/p>\n\n\n\n<p>Necessita el Constitucional que, tot i que es va q\u00fcestionar en el recurs l&#8217;article 107 LHL \u00edntegrament, a l&#8217;\u00e9sser que la liquidaci\u00f3 impugnada en el proc\u00e9s a quo deriva de la transmissi\u00f3 onerosa d&#8217;uns terrenys, l&#8217;objecte d&#8217;el recurs se cenyeix a aquestes operacions, quedant a l&#8217;marge altres sup\u00f2sits com: constituci\u00f3 i transmissi\u00f3 usdefruit; constituci\u00f3 i transmissi\u00f3 de el dret de vol i dret a realitzar construcci\u00f3 sota terra; expropiacions for\u00e7oses.<\/p>\n\n\n\n<p>Exposa el tribunal que tot i que l&#8217;objecte de l&#8217;impost \u00e9s el \u00abincrement de valor\u00bb que poguessin haver experimentat els terrenys durant un interval de temps, el gravamen no es correspon necess\u00e0riament amb l&#8217;exist\u00e8ncia d&#8217;aquest increment, sin\u00f3 que es reporta per la mera titularitat de el terreny durant un espai de temps. Nom\u00e9s cal ser titular d&#8217;un terreny de naturalesa urbana perqu\u00e8 neixi l&#8217;obligaci\u00f3 tribut\u00e0ria. La quantificaci\u00f3 es realitza de forma objectiva, mitjan\u00e7ant l&#8217;aplicaci\u00f3 de par\u00e0metres tamb\u00e9 objectius, obviant no nom\u00e9s l&#8217;increment real sin\u00f3 la mateixa exist\u00e8ncia de l&#8217;increment.<\/p>\n\n\n\n<p>El fet que el naixement de l&#8217;obligaci\u00f3 s&#8217;estableixi en ocasi\u00f3 de la transmissi\u00f3 d&#8217;un terreny, podria ser una condici\u00f3 necess\u00e0ria en la configuraci\u00f3 de l&#8217;tribut, per\u00f2, de cap manera, condici\u00f3 suficient d&#8217;un tribut l&#8217;objecte \u00e9s el \u00abincrement de valor \u00bbd&#8217;un terreny. Quan no s&#8217;ha produ\u00eft aquest increment de valor el terreny transm\u00e8s, no s&#8217;ha originat el fet imposable i, la pretesa capacitat econ\u00f2mica \u00e9s irreal o fict\u00edcia, violant-amb aix\u00f2 el principi de capacitat econ\u00f2mica de l&#8217;article 31 CE.<\/p>\n\n\n\n<p>La STC declara que els arts. 107.1, 107.2 a) i 110.4, tots ells de el text ref\u00f3s de la Llei Reguladora de les Hisendes Locals, (LHL) aprovat pel Reial Decret Legislatiu 2\/2004, de 5 de mar\u00e7, s\u00f3n inconstitucionals i nuls, per\u00f2 \u00fanicament en la mesura que sotmeten a tributaci\u00f3 situacions d&#8217;inexist\u00e8ncia d&#8217;increments de valor.<\/p>\n\n\n\n<p>Aquesta \u00faltima matisaci\u00f3 de la sent\u00e8ncia ha estat, al seu torn objecte d&#8217;interpretaci\u00f3, en posteriors pronunciaments jurisdiccionals que han suscitat nova controv\u00e8rsia al voltant de la q\u00fcesti\u00f3.<\/p>\n\n\n\n<p>Entre elles Sent\u00e8ncia de Tribunal Superior de Just\u00edcia de Madrid, de 19 de juliol de 2017<\/p>\n\n\n\n<p>Ent\u00e9n el TSJM que en l&#8217;aplicaci\u00f3 pr\u00e0ctica, a el tribut, de la doctrina de el TC apareixen situacions de conflicte que sorgeixen com a conseq\u00fc\u00e8ncia d&#8217;aquesta expulsi\u00f3 parcial de l&#8217;ordenament dels articles 107.1, 107.2 a) i 110.4, de la LHL.<\/p>\n\n\n\n<p>Argumenten que si les regles de determinaci\u00f3 de la base imposable resulten err\u00f2nies o inadequades, quan de la realitat de l&#8217;operaci\u00f3 es posa de manifest un decrement patrimonial, suposa l&#8217;anterior que les esmentades regles no quantifiquen adequadament el fet imposable i, aquesta situaci\u00f3 \u00e9s traslladable a qualsevol quantificaci\u00f3 de la base imposable. Es pot observar clarament en sup\u00f2sits extrems com serien, dues situacions en qu\u00e8: i) increment patrimonial real -1 \u20ac; ii) increment patrimonial real + 1 \u20ac. A la pr\u00e0ctica serien dos sup\u00f2sits id\u00e8ntics, per\u00f2 en el primer la quota tribut\u00e0ria seria zero, i en el segon el cent per cent de l&#8217;resultat de el c\u00e0lcul, el que evidentment no sembla ser el pret\u00e8s per la doctrina de l&#8217;Suprem.<\/p>\n\n\n\n<p>El TSJM, en la sent\u00e8ncia que comentem expressa aquesta mateixa idea de la manera seg\u00fcent:<\/p>\n\n\n\n<p>&#8220;\u2026 la liquidaci\u00f3 ha de ser anul\u00b7lada, quant girada en aplicaci\u00f3 de preceptes expulsats de l&#8217;ordenament jur\u00eddic ex origini, el resultat no pot ser reexaminat \u2026\u2026\u2026 doncs implicaria continuar fent el que expressament el Tribunal Constitucional rebutja aix\u00f2 \u00e9s\u00ab deixar a l&#8217;arbitri de l&#8217;aplicador tant la determinaci\u00f3 dels sup\u00f2sits en qu\u00e8 naixeria l&#8217;obligaci\u00f3 tribut\u00e0ria com l&#8217;elecci\u00f3 de la manera de dur a terme la determinaci\u00f3 de l&#8217;eventual increment o decrement &#8216;; determinaci\u00f3 que el Constitucional insisteix queda reservada a legislador; a qu\u00e8 s&#8217;ha d&#8217;entendre dirigida l&#8217;aclariment de l&#8217;abast o significat de la inconstitucionalitat declarada, no a l&#8217;aplicador de el dret, que amb aix\u00f2 hauria de trencar principis de seguretat jur\u00eddica i de reserva de llei en mat\u00e8ria tribut\u00e0ria, que en definitiva han determinat la declaraci\u00f3 de inconstitucionaIidad . \u00bb<\/p>\n\n\n\n<p>La Sent\u00e8ncia de l&#8217;Jutjat n\u00ba 2 de La Corunya, de 30 de juny de 2017 a voltant de l&#8217;acotament de la declaraci\u00f3 de nul\u00b7litat dels preceptes de refer\u00e8ncia en la STS de 11 de maig de 2017, ent\u00e9n que no existeix tal acotament, doncs de les formes verbals triades en la redacci\u00f3 de la sent\u00e8ncia es dedueix que els efectes de l&#8217;anul\u00b7laci\u00f3 operen en qualsevol dels sup\u00f2sits. L&#8217;esmentat fallada \u00e9s del seg\u00fcent tenor literal:<\/p>\n\n\n\n<p>&#8220;Estimar la q\u00fcesti\u00f3 d&#8217;inconstitucionalitat n\u00fam. 4864-2016 i, en conseq\u00fc\u00e8ncia, declarar que els arts. 107.1, 107.2 a) i 110.4, tots ells de el text ref\u00f3s de la Llei Reguladora de les Hisendes Locals, aprovat pel Reial Decret Legislatiu 2\/2004, de 5 de mar\u00e7, s\u00f3n inconstitucionals i nuls, per\u00f2 \u00fanicament en la mesura que sotmeten a tributaci\u00f3 situacions d&#8217;inexist\u00e8ncia d&#8217;increments de valor. &#8220;<\/p>\n\n\n\n<figure class=\"wp-block-image size-large\"><img fetchpriority=\"high\" decoding=\"async\" width=\"1024\" height=\"569\" src=\"https:\/\/adhernandez.com\/wp-content\/uploads\/2020\/08\/tribunal-espa\u00f1a-1-1024x569.jpg\" alt=\"\" class=\"wp-image-17601\" srcset=\"https:\/\/adhernandez.com\/wp-content\/uploads\/2020\/08\/tribunal-espa\u00f1a-1-1024x569.jpg 1024w, https:\/\/adhernandez.com\/wp-content\/uploads\/2020\/08\/tribunal-espa\u00f1a-1-300x167.jpg 300w, https:\/\/adhernandez.com\/wp-content\/uploads\/2020\/08\/tribunal-espa\u00f1a-1-768x427.jpg 768w, https:\/\/adhernandez.com\/wp-content\/uploads\/2020\/08\/tribunal-espa\u00f1a-1-1080x600.jpg 1080w, https:\/\/adhernandez.com\/wp-content\/uploads\/2020\/08\/tribunal-espa\u00f1a-1-496x276.jpg 496w, https:\/\/adhernandez.com\/wp-content\/uploads\/2020\/08\/tribunal-espa\u00f1a-1.jpg 1280w\" sizes=\"(max-width: 1024px) 100vw, 1024px\" \/><\/figure>\n\n\n\n<p>Del que la Sent\u00e8ncia de l&#8217;Jutjat 2 de La Corunya, interpreta:<\/p>\n\n\n\n<p>&#8220;Per\u00f2 tamb\u00e9 \u00e9s cert que d&#8217;haver pret\u00e8s delimitar aquests efectes a un escenari de sent\u00e8ncia interpretativa modulant els efectes per a alguns sup\u00f2sits o per al futur la forma verbal triada no podria ser l&#8217;escollida\u00ab sotmeten \u00bbsin\u00f3 en el primer dels casos sotmetin i en el segon dels casos un necessari condicional incl\u00f2s el primer dels casos per\u00f2 mai la forma verbal triada (\u2026) &#8220;<\/p>\n\n\n\n<p>La Sent\u00e8ncia de l&#8217;Jutjat n\u00ba 1 de Santander de 14 de juny de 2017, alineant-se amb les doctrines abans exposades declara:<\/p>\n\n\n\n<p>&#8220;\u2026. \u00e9s clar que el TC no ha dictat una sent\u00e8ncia interpretativa&#8230;<\/p>\n\n\n\n<p>&#8230; en els preceptes q\u00fcestionats, el seu pronunciament \u00e9s clar, es declaren nuls i s&#8217;expulsen de l&#8217;ordenament jur\u00eddic \u2026 I a m\u00e9s declara aquesta inconstitucionalitat a l&#8217;entendre que no \u00e9s possible la interpretaci\u00f3 conforme que es venia fent, ja que ni els ajuntaments per via de gesti\u00f3, ni el jutge en el proc\u00e9s poden decidir quan hi ha o no hi ha increment, en qu\u00e8 consisteix i com s&#8217;acredita aquesta circumst\u00e0ncia. \u00c9s a dir; mentre no es dicti una nova Llei aquests preceptes estan expulsats i l&#8217;administraci\u00f3 no pot liquidar el tribut, senzillament, perqu\u00e8 no tindr\u00e0 cobertura legal per a aix\u00f2.<\/p>\n\n\n\n<p>De tot l&#8217;anterior entenem que hi ha fundades raons jur\u00eddiques per a plantejar sol\u00b7licitud d&#8217;ingressos indeguts o recurs, sobre les liquidacions de l&#8217;impost sobre el IVTNU (plusv\u00e0lua municipal) no nom\u00e9s en aquells sup\u00f2sits en qu\u00e8 no hi ha hagut un increment patrimonial real, sin\u00f3 en qualsevol un altre en qu\u00e8 hagi estat liquidat l&#8217;impost i es trobi encara en per\u00edode de prescripci\u00f3, i aix\u00f2 per tal com, segons la recent doctrina de diferents tribunals de just\u00edcia, no hi ha regles certes per determinar quina ha de ser la base imposable de l&#8217;tribut a l&#8217;haver estat expulsat de l&#8217;ordenament aquells articles a trav\u00e9s dels quals es configurava el seu c\u00e0lcul.<\/p>\n","protected":false},"excerpt":{"rendered":"<p>Despr\u00e9s de les sent\u00e8ncies dictades pel Tribunal Constitucional que van anul\u00b7lar les normes fiscals forals dels territoris hist\u00f2rics del Pa\u00eds Basc en el fet que sotmetien a tributaci\u00f3 situacions d&#8217;inexist\u00e8ncia d&#8217;increments de valor dels terrenys de naturalesa urbana, el Tribunal Constitucional es va pronunciar en sent\u00e8ncia de 11 maig 2017 sobre la norma estatal, anul\u00b7lant [&hellip;]<\/p>\n","protected":false},"author":6,"featured_media":18150,"comment_status":"closed","ping_status":"closed","sticky":false,"template":"","format":"standard","meta":{"footnotes":""},"categories":[103],"tags":[],"class_list":["post-18220","post","type-post","status-publish","format-standard","has-post-thumbnail","hentry","category-sense-categoria"],"yoast_head":"<!-- This site is optimized with the Yoast SEO plugin v27.4 - https:\/\/yoast.com\/product\/yoast-seo-wordpress\/ -->\n<title>Plusv\u00e0lues Municipals despr\u00e9s de la sent\u00e8ncia de Tribunal Constitucional de l&#039;11 de maig de 2017 - Administraciones Hern\u00e1ndez<\/title>\n<meta name=\"robots\" content=\"index, follow, max-snippet:-1, max-image-preview:large, max-video-preview:-1\" \/>\n<link rel=\"canonical\" href=\"https:\/\/adhernandez.com\/ca\/2020\/08\/10\/plusvalues-municipals-despres-de-la-sentencia-de-tribunal-constitucional-de-l11-de-maig-de-2017\/\" \/>\n<meta property=\"og:locale\" content=\"ca_ES\" \/>\n<meta property=\"og:type\" content=\"article\" \/>\n<meta property=\"og:title\" content=\"Plusv\u00e0lues Municipals despr\u00e9s de la sent\u00e8ncia de Tribunal Constitucional de l&#039;11 de maig de 2017 - Administraciones Hern\u00e1ndez\" \/>\n<meta property=\"og:description\" content=\"Despr\u00e9s de les sent\u00e8ncies dictades pel Tribunal Constitucional que van anul\u00b7lar les normes fiscals forals dels territoris hist\u00f2rics del Pa\u00eds Basc en el fet que sotmetien a tributaci\u00f3 situacions d&#8217;inexist\u00e8ncia d&#8217;increments de valor dels terrenys de naturalesa urbana, el Tribunal Constitucional es va pronunciar en sent\u00e8ncia de 11 maig 2017 sobre la norma estatal, anul\u00b7lant [&hellip;]\" \/>\n<meta property=\"og:url\" content=\"https:\/\/adhernandez.com\/ca\/2020\/08\/10\/plusvalues-municipals-despres-de-la-sentencia-de-tribunal-constitucional-de-l11-de-maig-de-2017\/\" \/>\n<meta property=\"og:site_name\" content=\"Administraciones Hern\u00e1ndez\" \/>\n<meta property=\"article:published_time\" content=\"2020-08-10T14:52:35+00:00\" \/>\n<meta property=\"article:modified_time\" content=\"2020-09-29T11:28:25+00:00\" \/>\n<meta property=\"og:image\" content=\"https:\/\/adhernandez.com\/wp-content\/uploads\/2020\/08\/justicia-y-tribunales.jpg\" \/>\n\t<meta property=\"og:image:width\" content=\"800\" \/>\n\t<meta property=\"og:image:height\" content=\"600\" \/>\n\t<meta property=\"og:image:type\" content=\"image\/jpeg\" \/>\n<meta name=\"author\" content=\"AdHern\u00e1ndez\" \/>\n<meta name=\"twitter:card\" content=\"summary_large_image\" \/>\n<meta name=\"twitter:label1\" content=\"Escrit per\" \/>\n\t<meta name=\"twitter:data1\" content=\"AdHern\u00e1ndez\" \/>\n\t<meta name=\"twitter:label2\" content=\"Temps estimat de lectura\" \/>\n\t<meta name=\"twitter:data2\" content=\"6 minuts\" \/>\n<script type=\"application\/ld+json\" class=\"yoast-schema-graph\">{\"@context\":\"https:\\\/\\\/schema.org\",\"@graph\":[{\"@type\":\"Article\",\"@id\":\"https:\\\/\\\/adhernandez.com\\\/ca\\\/2020\\\/08\\\/10\\\/plusvalues-municipals-despres-de-la-sentencia-de-tribunal-constitucional-de-l11-de-maig-de-2017\\\/#article\",\"isPartOf\":{\"@id\":\"https:\\\/\\\/adhernandez.com\\\/ca\\\/2020\\\/08\\\/10\\\/plusvalues-municipals-despres-de-la-sentencia-de-tribunal-constitucional-de-l11-de-maig-de-2017\\\/\"},\"author\":{\"name\":\"AdHern\u00e1ndez\",\"@id\":\"https:\\\/\\\/adhernandez.com\\\/ca\\\/#\\\/schema\\\/person\\\/330b9c8828ff3a80ee8053b5fff0e848\"},\"headline\":\"Plusv\u00e0lues Municipals despr\u00e9s de la sent\u00e8ncia de Tribunal Constitucional de l&#8217;11 de maig de 2017\",\"datePublished\":\"2020-08-10T14:52:35+00:00\",\"dateModified\":\"2020-09-29T11:28:25+00:00\",\"mainEntityOfPage\":{\"@id\":\"https:\\\/\\\/adhernandez.com\\\/ca\\\/2020\\\/08\\\/10\\\/plusvalues-municipals-despres-de-la-sentencia-de-tribunal-constitucional-de-l11-de-maig-de-2017\\\/\"},\"wordCount\":1256,\"image\":{\"@id\":\"https:\\\/\\\/adhernandez.com\\\/ca\\\/2020\\\/08\\\/10\\\/plusvalues-municipals-despres-de-la-sentencia-de-tribunal-constitucional-de-l11-de-maig-de-2017\\\/#primaryimage\"},\"thumbnailUrl\":\"https:\\\/\\\/adhernandez.com\\\/wp-content\\\/uploads\\\/2020\\\/08\\\/justicia-y-tribunales.jpg\",\"inLanguage\":\"ca\"},{\"@type\":\"WebPage\",\"@id\":\"https:\\\/\\\/adhernandez.com\\\/ca\\\/2020\\\/08\\\/10\\\/plusvalues-municipals-despres-de-la-sentencia-de-tribunal-constitucional-de-l11-de-maig-de-2017\\\/\",\"url\":\"https:\\\/\\\/adhernandez.com\\\/ca\\\/2020\\\/08\\\/10\\\/plusvalues-municipals-despres-de-la-sentencia-de-tribunal-constitucional-de-l11-de-maig-de-2017\\\/\",\"name\":\"Plusv\u00e0lues Municipals despr\u00e9s de la sent\u00e8ncia de Tribunal Constitucional de l'11 de maig de 2017 - Administraciones Hern\u00e1ndez\",\"isPartOf\":{\"@id\":\"https:\\\/\\\/adhernandez.com\\\/ca\\\/#website\"},\"primaryImageOfPage\":{\"@id\":\"https:\\\/\\\/adhernandez.com\\\/ca\\\/2020\\\/08\\\/10\\\/plusvalues-municipals-despres-de-la-sentencia-de-tribunal-constitucional-de-l11-de-maig-de-2017\\\/#primaryimage\"},\"image\":{\"@id\":\"https:\\\/\\\/adhernandez.com\\\/ca\\\/2020\\\/08\\\/10\\\/plusvalues-municipals-despres-de-la-sentencia-de-tribunal-constitucional-de-l11-de-maig-de-2017\\\/#primaryimage\"},\"thumbnailUrl\":\"https:\\\/\\\/adhernandez.com\\\/wp-content\\\/uploads\\\/2020\\\/08\\\/justicia-y-tribunales.jpg\",\"datePublished\":\"2020-08-10T14:52:35+00:00\",\"dateModified\":\"2020-09-29T11:28:25+00:00\",\"author\":{\"@id\":\"https:\\\/\\\/adhernandez.com\\\/ca\\\/#\\\/schema\\\/person\\\/330b9c8828ff3a80ee8053b5fff0e848\"},\"breadcrumb\":{\"@id\":\"https:\\\/\\\/adhernandez.com\\\/ca\\\/2020\\\/08\\\/10\\\/plusvalues-municipals-despres-de-la-sentencia-de-tribunal-constitucional-de-l11-de-maig-de-2017\\\/#breadcrumb\"},\"inLanguage\":\"ca\",\"potentialAction\":[{\"@type\":\"ReadAction\",\"target\":[\"https:\\\/\\\/adhernandez.com\\\/ca\\\/2020\\\/08\\\/10\\\/plusvalues-municipals-despres-de-la-sentencia-de-tribunal-constitucional-de-l11-de-maig-de-2017\\\/\"]}]},{\"@type\":\"ImageObject\",\"inLanguage\":\"ca\",\"@id\":\"https:\\\/\\\/adhernandez.com\\\/ca\\\/2020\\\/08\\\/10\\\/plusvalues-municipals-despres-de-la-sentencia-de-tribunal-constitucional-de-l11-de-maig-de-2017\\\/#primaryimage\",\"url\":\"https:\\\/\\\/adhernandez.com\\\/wp-content\\\/uploads\\\/2020\\\/08\\\/justicia-y-tribunales.jpg\",\"contentUrl\":\"https:\\\/\\\/adhernandez.com\\\/wp-content\\\/uploads\\\/2020\\\/08\\\/justicia-y-tribunales.jpg\",\"width\":800,\"height\":600,\"caption\":\"justicia-y-tribunales\"},{\"@type\":\"BreadcrumbList\",\"@id\":\"https:\\\/\\\/adhernandez.com\\\/ca\\\/2020\\\/08\\\/10\\\/plusvalues-municipals-despres-de-la-sentencia-de-tribunal-constitucional-de-l11-de-maig-de-2017\\\/#breadcrumb\",\"itemListElement\":[{\"@type\":\"ListItem\",\"position\":1,\"name\":\"Portada\",\"item\":\"https:\\\/\\\/adhernandez.com\\\/ca\\\/adhernandez-inicio\\\/\"},{\"@type\":\"ListItem\",\"position\":2,\"name\":\"Plusv\u00e0lues Municipals despr\u00e9s de la sent\u00e8ncia de Tribunal Constitucional de l&#8217;11 de maig de 2017\"}]},{\"@type\":\"WebSite\",\"@id\":\"https:\\\/\\\/adhernandez.com\\\/ca\\\/#website\",\"url\":\"https:\\\/\\\/adhernandez.com\\\/ca\\\/\",\"name\":\"Administraciones Hern\u00e1ndez\",\"description\":\"Equipo de profesionales con amplia experiencia en la gesti\u00f3n del patrimonio inmobiliario\",\"potentialAction\":[{\"@type\":\"SearchAction\",\"target\":{\"@type\":\"EntryPoint\",\"urlTemplate\":\"https:\\\/\\\/adhernandez.com\\\/ca\\\/?s={search_term_string}\"},\"query-input\":{\"@type\":\"PropertyValueSpecification\",\"valueRequired\":true,\"valueName\":\"search_term_string\"}}],\"inLanguage\":\"ca\"},{\"@type\":\"Person\",\"@id\":\"https:\\\/\\\/adhernandez.com\\\/ca\\\/#\\\/schema\\\/person\\\/330b9c8828ff3a80ee8053b5fff0e848\",\"name\":\"AdHern\u00e1ndez\",\"image\":{\"@type\":\"ImageObject\",\"inLanguage\":\"ca\",\"@id\":\"https:\\\/\\\/adhernandez.com\\\/wp-content\\\/litespeed\\\/avatar\\\/6b84e2484050905299b010a711cff345.jpg?ver=1777323059\",\"url\":\"https:\\\/\\\/adhernandez.com\\\/wp-content\\\/litespeed\\\/avatar\\\/6b84e2484050905299b010a711cff345.jpg?ver=1777323059\",\"contentUrl\":\"https:\\\/\\\/adhernandez.com\\\/wp-content\\\/litespeed\\\/avatar\\\/6b84e2484050905299b010a711cff345.jpg?ver=1777323059\",\"caption\":\"AdHern\u00e1ndez\"},\"url\":\"https:\\\/\\\/adhernandez.com\\\/ca\\\/author\\\/veronica\\\/\"}]}<\/script>\n<!-- \/ Yoast SEO plugin. -->","yoast_head_json":{"title":"Plusv\u00e0lues Municipals despr\u00e9s de la sent\u00e8ncia de Tribunal Constitucional de l'11 de maig de 2017 - Administraciones Hern\u00e1ndez","robots":{"index":"index","follow":"follow","max-snippet":"max-snippet:-1","max-image-preview":"max-image-preview:large","max-video-preview":"max-video-preview:-1"},"canonical":"https:\/\/adhernandez.com\/ca\/2020\/08\/10\/plusvalues-municipals-despres-de-la-sentencia-de-tribunal-constitucional-de-l11-de-maig-de-2017\/","og_locale":"ca_ES","og_type":"article","og_title":"Plusv\u00e0lues Municipals despr\u00e9s de la sent\u00e8ncia de Tribunal Constitucional de l'11 de maig de 2017 - Administraciones Hern\u00e1ndez","og_description":"Despr\u00e9s de les sent\u00e8ncies dictades pel Tribunal Constitucional que van anul\u00b7lar les normes fiscals forals dels territoris hist\u00f2rics del Pa\u00eds Basc en el fet que sotmetien a tributaci\u00f3 situacions d&#8217;inexist\u00e8ncia d&#8217;increments de valor dels terrenys de naturalesa urbana, el Tribunal Constitucional es va pronunciar en sent\u00e8ncia de 11 maig 2017 sobre la norma estatal, anul\u00b7lant [&hellip;]","og_url":"https:\/\/adhernandez.com\/ca\/2020\/08\/10\/plusvalues-municipals-despres-de-la-sentencia-de-tribunal-constitucional-de-l11-de-maig-de-2017\/","og_site_name":"Administraciones Hern\u00e1ndez","article_published_time":"2020-08-10T14:52:35+00:00","article_modified_time":"2020-09-29T11:28:25+00:00","og_image":[{"width":800,"height":600,"url":"https:\/\/adhernandez.com\/wp-content\/uploads\/2020\/08\/justicia-y-tribunales.jpg","type":"image\/jpeg"}],"author":"AdHern\u00e1ndez","twitter_card":"summary_large_image","twitter_misc":{"Escrit per":"AdHern\u00e1ndez","Temps estimat de lectura":"6 minuts"},"schema":{"@context":"https:\/\/schema.org","@graph":[{"@type":"Article","@id":"https:\/\/adhernandez.com\/ca\/2020\/08\/10\/plusvalues-municipals-despres-de-la-sentencia-de-tribunal-constitucional-de-l11-de-maig-de-2017\/#article","isPartOf":{"@id":"https:\/\/adhernandez.com\/ca\/2020\/08\/10\/plusvalues-municipals-despres-de-la-sentencia-de-tribunal-constitucional-de-l11-de-maig-de-2017\/"},"author":{"name":"AdHern\u00e1ndez","@id":"https:\/\/adhernandez.com\/ca\/#\/schema\/person\/330b9c8828ff3a80ee8053b5fff0e848"},"headline":"Plusv\u00e0lues Municipals despr\u00e9s de la sent\u00e8ncia de Tribunal Constitucional de l&#8217;11 de maig de 2017","datePublished":"2020-08-10T14:52:35+00:00","dateModified":"2020-09-29T11:28:25+00:00","mainEntityOfPage":{"@id":"https:\/\/adhernandez.com\/ca\/2020\/08\/10\/plusvalues-municipals-despres-de-la-sentencia-de-tribunal-constitucional-de-l11-de-maig-de-2017\/"},"wordCount":1256,"image":{"@id":"https:\/\/adhernandez.com\/ca\/2020\/08\/10\/plusvalues-municipals-despres-de-la-sentencia-de-tribunal-constitucional-de-l11-de-maig-de-2017\/#primaryimage"},"thumbnailUrl":"https:\/\/adhernandez.com\/wp-content\/uploads\/2020\/08\/justicia-y-tribunales.jpg","inLanguage":"ca"},{"@type":"WebPage","@id":"https:\/\/adhernandez.com\/ca\/2020\/08\/10\/plusvalues-municipals-despres-de-la-sentencia-de-tribunal-constitucional-de-l11-de-maig-de-2017\/","url":"https:\/\/adhernandez.com\/ca\/2020\/08\/10\/plusvalues-municipals-despres-de-la-sentencia-de-tribunal-constitucional-de-l11-de-maig-de-2017\/","name":"Plusv\u00e0lues Municipals despr\u00e9s de la sent\u00e8ncia de Tribunal Constitucional de l'11 de maig de 2017 - Administraciones Hern\u00e1ndez","isPartOf":{"@id":"https:\/\/adhernandez.com\/ca\/#website"},"primaryImageOfPage":{"@id":"https:\/\/adhernandez.com\/ca\/2020\/08\/10\/plusvalues-municipals-despres-de-la-sentencia-de-tribunal-constitucional-de-l11-de-maig-de-2017\/#primaryimage"},"image":{"@id":"https:\/\/adhernandez.com\/ca\/2020\/08\/10\/plusvalues-municipals-despres-de-la-sentencia-de-tribunal-constitucional-de-l11-de-maig-de-2017\/#primaryimage"},"thumbnailUrl":"https:\/\/adhernandez.com\/wp-content\/uploads\/2020\/08\/justicia-y-tribunales.jpg","datePublished":"2020-08-10T14:52:35+00:00","dateModified":"2020-09-29T11:28:25+00:00","author":{"@id":"https:\/\/adhernandez.com\/ca\/#\/schema\/person\/330b9c8828ff3a80ee8053b5fff0e848"},"breadcrumb":{"@id":"https:\/\/adhernandez.com\/ca\/2020\/08\/10\/plusvalues-municipals-despres-de-la-sentencia-de-tribunal-constitucional-de-l11-de-maig-de-2017\/#breadcrumb"},"inLanguage":"ca","potentialAction":[{"@type":"ReadAction","target":["https:\/\/adhernandez.com\/ca\/2020\/08\/10\/plusvalues-municipals-despres-de-la-sentencia-de-tribunal-constitucional-de-l11-de-maig-de-2017\/"]}]},{"@type":"ImageObject","inLanguage":"ca","@id":"https:\/\/adhernandez.com\/ca\/2020\/08\/10\/plusvalues-municipals-despres-de-la-sentencia-de-tribunal-constitucional-de-l11-de-maig-de-2017\/#primaryimage","url":"https:\/\/adhernandez.com\/wp-content\/uploads\/2020\/08\/justicia-y-tribunales.jpg","contentUrl":"https:\/\/adhernandez.com\/wp-content\/uploads\/2020\/08\/justicia-y-tribunales.jpg","width":800,"height":600,"caption":"justicia-y-tribunales"},{"@type":"BreadcrumbList","@id":"https:\/\/adhernandez.com\/ca\/2020\/08\/10\/plusvalues-municipals-despres-de-la-sentencia-de-tribunal-constitucional-de-l11-de-maig-de-2017\/#breadcrumb","itemListElement":[{"@type":"ListItem","position":1,"name":"Portada","item":"https:\/\/adhernandez.com\/ca\/adhernandez-inicio\/"},{"@type":"ListItem","position":2,"name":"Plusv\u00e0lues Municipals despr\u00e9s de la sent\u00e8ncia de Tribunal Constitucional de l&#8217;11 de maig de 2017"}]},{"@type":"WebSite","@id":"https:\/\/adhernandez.com\/ca\/#website","url":"https:\/\/adhernandez.com\/ca\/","name":"Administraciones Hern\u00e1ndez","description":"Equipo de profesionales con amplia experiencia en la gesti\u00f3n del patrimonio inmobiliario","potentialAction":[{"@type":"SearchAction","target":{"@type":"EntryPoint","urlTemplate":"https:\/\/adhernandez.com\/ca\/?s={search_term_string}"},"query-input":{"@type":"PropertyValueSpecification","valueRequired":true,"valueName":"search_term_string"}}],"inLanguage":"ca"},{"@type":"Person","@id":"https:\/\/adhernandez.com\/ca\/#\/schema\/person\/330b9c8828ff3a80ee8053b5fff0e848","name":"AdHern\u00e1ndez","image":{"@type":"ImageObject","inLanguage":"ca","@id":"https:\/\/adhernandez.com\/wp-content\/litespeed\/avatar\/6b84e2484050905299b010a711cff345.jpg?ver=1777323059","url":"https:\/\/adhernandez.com\/wp-content\/litespeed\/avatar\/6b84e2484050905299b010a711cff345.jpg?ver=1777323059","contentUrl":"https:\/\/adhernandez.com\/wp-content\/litespeed\/avatar\/6b84e2484050905299b010a711cff345.jpg?ver=1777323059","caption":"AdHern\u00e1ndez"},"url":"https:\/\/adhernandez.com\/ca\/author\/veronica\/"}]}},"_links":{"self":[{"href":"https:\/\/adhernandez.com\/ca\/wp-json\/wp\/v2\/posts\/18220","targetHints":{"allow":["GET"]}}],"collection":[{"href":"https:\/\/adhernandez.com\/ca\/wp-json\/wp\/v2\/posts"}],"about":[{"href":"https:\/\/adhernandez.com\/ca\/wp-json\/wp\/v2\/types\/post"}],"author":[{"embeddable":true,"href":"https:\/\/adhernandez.com\/ca\/wp-json\/wp\/v2\/users\/6"}],"replies":[{"embeddable":true,"href":"https:\/\/adhernandez.com\/ca\/wp-json\/wp\/v2\/comments?post=18220"}],"version-history":[{"count":0,"href":"https:\/\/adhernandez.com\/ca\/wp-json\/wp\/v2\/posts\/18220\/revisions"}],"wp:featuredmedia":[{"embeddable":true,"href":"https:\/\/adhernandez.com\/ca\/wp-json\/wp\/v2\/media\/18150"}],"wp:attachment":[{"href":"https:\/\/adhernandez.com\/ca\/wp-json\/wp\/v2\/media?parent=18220"}],"wp:term":[{"taxonomy":"category","embeddable":true,"href":"https:\/\/adhernandez.com\/ca\/wp-json\/wp\/v2\/categories?post=18220"},{"taxonomy":"post_tag","embeddable":true,"href":"https:\/\/adhernandez.com\/ca\/wp-json\/wp\/v2\/tags?post=18220"}],"curies":[{"name":"wp","href":"https:\/\/api.w.org\/{rel}","templated":true}]}}