{"id":18212,"date":"2020-08-12T14:07:00","date_gmt":"2020-08-12T14:07:00","guid":{"rendered":"http:\/\/adhernandez.imas3pro.com\/?p=18212"},"modified":"2020-11-25T12:48:40","modified_gmt":"2020-11-25T12:48:40","slug":"tienes-un-vecino-molesto-como-actuar","status":"publish","type":"post","link":"https:\/\/adhernandez.com\/ca\/2020\/08\/12\/tienes-un-vecino-molesto-como-actuar\/","title":{"rendered":"Tens un ve\u00ed molest? Com actuar?"},"content":{"rendered":"\n<p>Hi ha una certa creen\u00e7a sobre que els ve\u00efns d&#8217;un edifici es van a dur malament en la majoria dels casos. Encara que aix\u00f2 no hauria de ser una regla general, <strong>els problemes de conviv\u00e8ncia en un edifici s\u00f3n alguna cosa bastant freq\u00fcent.<\/strong> Si ens trobem amb un ve\u00ed molest, qu\u00e8 fer?<\/p>\n\n\n\n<p> Abans de procedir a denunciar un ve\u00ed molest conv\u00e9 saber en quins casos ens donaran la ra\u00f3. <strong>Tenir un ve\u00ed problem\u00e0tic no sempre \u00e9s denunciable.<\/strong> Cal saber quines s\u00f3n les conductes que afecten la conviv\u00e8ncia i que legalment estan contemplades com a motiu de den\u00fancia.<\/p>\n\n\n\n<blockquote class=\"wp-block-quote is-layout-flow wp-block-quote-is-layout-flow\"><p>Hi ha una \u00e0mplia normativa que recull aquest tipus de situacions i que determina les normes i com actuar amb un ve\u00ed molest.<\/p><\/blockquote>\n\n\n\n<figure class=\"wp-block-image size-large\"><img fetchpriority=\"high\" decoding=\"async\" width=\"640\" height=\"400\" src=\"https:\/\/adhernandez.com\/wp-content\/uploads\/2020\/08\/vecinos-molestos-hablar.jpg\" alt=\"actuar ante un vecino molesto\" class=\"wp-image-17657\" srcset=\"https:\/\/adhernandez.com\/wp-content\/uploads\/2020\/08\/vecinos-molestos-hablar.jpg 640w, https:\/\/adhernandez.com\/wp-content\/uploads\/2020\/08\/vecinos-molestos-hablar-300x188.jpg 300w, https:\/\/adhernandez.com\/wp-content\/uploads\/2020\/08\/vecinos-molestos-hablar-496x310.jpg 496w\" sizes=\"(max-width: 640px) 100vw, 640px\" \/><\/figure>\n\n\n\n<h2 class=\"wp-block-heading\">Per qu\u00e8 ens molesta el nostre ve\u00ed?<\/h2>\n\n\n\n<p><strong>Un dels principals problemes de conviv\u00e8ncia \u00e9s el soroll.<\/strong> En aquest cas, les normes s\u00f3n molt clares i es fixen estrictament els l\u00edmits en decibels que, depenent del municipi, poden variar entre 35 i 25 decibels segons es produeixin durant el dia o la nit.<\/p>\n\n\n\n<blockquote class=\"wp-block-quote is-layout-flow wp-block-quote-is-layout-flow\"><p>Els sorolls dels ve\u00efns s\u00f3n una mol\u00e8stia important i \u00e9s bo saber que si superen els l\u00edmits legals s\u00f3n sancionables.<\/p><\/blockquote>\n\n\n\n<p><strong>Existeixen molts altres possibles conflictes entre ve\u00efns. <\/strong>Alguns d&#8217;ells tenen a veure amb l&#8217;\u00fas privat d&#8217;elements i espais comuns per part d&#8217;un propietari o d&#8217;un ve\u00ed de lloguer molest. En aquests casos cal recordar el car\u00e0cter comunitari d&#8217;aquests elements.<\/p>\n\n\n\n<h2 class=\"wp-block-heading\">Com actuar davant d&#8217;un ve\u00ed molest?<\/h2>\n\n\n\n<div class=\"wp-block-media-text alignwide is-stacked-on-mobile\"><figure class=\"wp-block-media-text__media\"><img decoding=\"async\" width=\"800\" height=\"653\" src=\"https:\/\/adhernandez.com\/wp-content\/uploads\/2020\/08\/vecinos-molestos-como-solucionarlo.jpg\" alt=\"actuar ante un vecino molesto\" class=\"wp-image-17670\" srcset=\"https:\/\/adhernandez.com\/wp-content\/uploads\/2020\/08\/vecinos-molestos-como-solucionarlo.jpg 800w, https:\/\/adhernandez.com\/wp-content\/uploads\/2020\/08\/vecinos-molestos-como-solucionarlo-300x245.jpg 300w, https:\/\/adhernandez.com\/wp-content\/uploads\/2020\/08\/vecinos-molestos-como-solucionarlo-768x627.jpg 768w, https:\/\/adhernandez.com\/wp-content\/uploads\/2020\/08\/vecinos-molestos-como-solucionarlo-735x600.jpg 735w, https:\/\/adhernandez.com\/wp-content\/uploads\/2020\/08\/vecinos-molestos-como-solucionarlo-496x405.jpg 496w\" sizes=\"(max-width: 800px) 100vw, 800px\" \/><\/figure><div class=\"wp-block-media-text__content\">\n<p>Per\u00f2 \u00bfcom actuar amb un ve\u00ed molest? Si ha fallat la comunicaci\u00f3 verbal, cosa que succeeix habitualment, es pot trucar a la policia perqu\u00e8 revisi si l&#8217;activitat molesta est\u00e0 fora de la normativa. <strong>En casos de sorolls o activitats contra el medi ambient, es pot interposar demanda penal.<\/strong><\/p>\n\n\n\n<p>Igualment es pot acudir a l&#8217;Ajuntament perqu\u00e8 prengui cartes en l&#8217;assumpte mitjan\u00e7ant la comprovaci\u00f3 per part dels seus t\u00e8cnics.<\/p>\n<\/div><\/div>\n\n\n\n<p>Encara que, abans d&#8217;arribar a aquestes solucions, s&#8217;hauria d&#8217;exigir al president de la comunitat que sol\u00b7liciti formalment un canvi d&#8217;actitud a l&#8217;ve\u00ed problem\u00e0tic.<\/p>\n\n\n\n<p>Si encara amb aquestes mesures no s&#8217;aconsegueix canviar la situaci\u00f3, es pot acudir a l&#8217;jutjat civil o contenci\u00f3s administratiu amb totes les proves possibles de l&#8217;activitat que ocasiona les mol\u00e8sties i dels ve\u00efns implicats. Es poden arribar a situacions extremes en qu\u00e8 la conviv\u00e8ncia resulta molt complicada. <strong>Alguns afectats fins i tot poden plantejar expulsar un ve\u00ed de la comunitat, <\/strong>si b\u00e9 per arribar a aquest extrem cal demostrar amb proves que es realitza una activitat molesta, insalubre, nociva, perillosa o il\u00b7l\u00edcita.<\/p>\n\n\n\n<blockquote class=\"wp-block-quote is-layout-flow wp-block-quote-is-layout-flow\"><p>Una cosa com fer fora els teus ve\u00efns hauria de ser sempre l&#8217;\u00faltima soluci\u00f3.<\/p><\/blockquote>\n\n\n\n<p>Sempre \u00e9s complicat encertar en la forma d&#8217;actuar amb un ve\u00ed molest. <strong>Els problemes de conviv\u00e8ncia s\u00f3n habituals per\u00f2 les normes tamb\u00e9 s\u00f3n estrictes i protegeixen a tots davant dels abusos d&#8217;alguns.<\/strong> \u00c9s cert que els ve\u00efns molestos necessiten solucions, en alguns casos imaginatives i en altres casos decidides i contundents. Seria ideal poder arribar a enteses i acords amb els ve\u00efns problem\u00e0tics perqu\u00e8 cessessin en les seves mol\u00e8sties. En molts casos aix\u00f2 no \u00e9s possible, i per desgr\u00e0cia, no quedar\u00e0 m\u00e9s remei que denunciar el ve\u00ed molest perqu\u00e8 hi hagi un canvi efectiu en la situaci\u00f3.<\/p>\n\n\n\n<hr class=\"wp-block-separator\"\/>\n\n\n\n<p style=\"font-size:26px\" class=\"has-text-align-center\">Tens algun dubte?<\/p>\n\n\n\n<p class=\"has-text-align-center\">Per a qualsevol consulta que tinguis pots posar-te en contacte amb nosaltres.<\/p>\n\n\n\n<div class=\"wp-block-buttons aligncenter is-layout-flex wp-block-buttons-is-layout-flex\">\n<div class=\"wp-block-button is-style-outline is-style-outline--1\"><a class=\"wp-block-button__link\">Contacte<\/a><\/div>\n<\/div>\n","protected":false},"excerpt":{"rendered":"<p>Els ve\u00efns a vegades poden ser molestos, per exemple amb el tema dels sorolls, qu\u00e8 podem fer llavors?<\/p>\n","protected":false},"author":6,"featured_media":18173,"comment_status":"closed","ping_status":"closed","sticky":false,"template":"","format":"standard","meta":{"footnotes":""},"categories":[96,103],"tags":[],"class_list":["post-18212","post","type-post","status-publish","format-standard","has-post-thumbnail","hentry","category-propiedad-horizontal","category-sense-categoria"],"yoast_head":"<!-- This site is optimized with the Yoast SEO plugin v27.4 - https:\/\/yoast.com\/product\/yoast-seo-wordpress\/ -->\n<title>Tens un ve\u00ed molest? Com actuar? - Administraciones Hern\u00e1ndez<\/title>\n<meta name=\"description\" content=\"Els ve\u00efns a vegades poden ser molestos, per exemple amb el tema dels sorolls, qu\u00e8 podem fer llavors?\" \/>\n<meta name=\"robots\" content=\"index, follow, max-snippet:-1, max-image-preview:large, max-video-preview:-1\" \/>\n<link rel=\"canonical\" href=\"https:\/\/adhernandez.com\/ca\/2020\/08\/12\/tienes-un-vecino-molesto-como-actuar\/\" \/>\n<meta property=\"og:locale\" content=\"ca_ES\" \/>\n<meta property=\"og:type\" content=\"article\" \/>\n<meta property=\"og:title\" content=\"Tens un ve\u00ed molest? Com actuar? - Administraciones Hern\u00e1ndez\" \/>\n<meta property=\"og:description\" content=\"Els ve\u00efns a vegades poden ser molestos, per exemple amb el tema dels sorolls, qu\u00e8 podem fer llavors?\" \/>\n<meta property=\"og:url\" content=\"https:\/\/adhernandez.com\/ca\/2020\/08\/12\/tienes-un-vecino-molesto-como-actuar\/\" \/>\n<meta property=\"og:site_name\" content=\"Administraciones Hern\u00e1ndez\" \/>\n<meta property=\"article:published_time\" content=\"2020-08-12T14:07:00+00:00\" \/>\n<meta property=\"article:modified_time\" content=\"2020-11-25T12:48:40+00:00\" \/>\n<meta property=\"og:image\" content=\"https:\/\/adhernandez.com\/wp-content\/uploads\/2020\/08\/vecinos-molestos.jpg\" \/>\n\t<meta property=\"og:image:width\" content=\"800\" \/>\n\t<meta property=\"og:image:height\" content=\"533\" \/>\n\t<meta property=\"og:image:type\" content=\"image\/jpeg\" \/>\n<meta name=\"author\" content=\"AdHern\u00e1ndez\" \/>\n<meta name=\"twitter:card\" content=\"summary_large_image\" \/>\n<meta name=\"twitter:label1\" content=\"Escrit per\" \/>\n\t<meta name=\"twitter:data1\" content=\"AdHern\u00e1ndez\" \/>\n\t<meta name=\"twitter:label2\" content=\"Temps estimat de lectura\" \/>\n\t<meta name=\"twitter:data2\" content=\"3 minuts\" \/>\n<script type=\"application\/ld+json\" class=\"yoast-schema-graph\">{\"@context\":\"https:\\\/\\\/schema.org\",\"@graph\":[{\"@type\":\"Article\",\"@id\":\"https:\\\/\\\/adhernandez.com\\\/ca\\\/2020\\\/08\\\/12\\\/tienes-un-vecino-molesto-como-actuar\\\/#article\",\"isPartOf\":{\"@id\":\"https:\\\/\\\/adhernandez.com\\\/ca\\\/2020\\\/08\\\/12\\\/tienes-un-vecino-molesto-como-actuar\\\/\"},\"author\":{\"name\":\"AdHern\u00e1ndez\",\"@id\":\"https:\\\/\\\/adhernandez.com\\\/ca\\\/#\\\/schema\\\/person\\\/330b9c8828ff3a80ee8053b5fff0e848\"},\"headline\":\"Tens un ve\u00ed molest? Com actuar?\",\"datePublished\":\"2020-08-12T14:07:00+00:00\",\"dateModified\":\"2020-11-25T12:48:40+00:00\",\"mainEntityOfPage\":{\"@id\":\"https:\\\/\\\/adhernandez.com\\\/ca\\\/2020\\\/08\\\/12\\\/tienes-un-vecino-molesto-como-actuar\\\/\"},\"wordCount\":581,\"image\":{\"@id\":\"https:\\\/\\\/adhernandez.com\\\/ca\\\/2020\\\/08\\\/12\\\/tienes-un-vecino-molesto-como-actuar\\\/#primaryimage\"},\"thumbnailUrl\":\"https:\\\/\\\/adhernandez.com\\\/wp-content\\\/uploads\\\/2020\\\/08\\\/vecinos-molestos.jpg\",\"articleSection\":[\"Propiedad Horizontal\"],\"inLanguage\":\"ca\"},{\"@type\":\"WebPage\",\"@id\":\"https:\\\/\\\/adhernandez.com\\\/ca\\\/2020\\\/08\\\/12\\\/tienes-un-vecino-molesto-como-actuar\\\/\",\"url\":\"https:\\\/\\\/adhernandez.com\\\/ca\\\/2020\\\/08\\\/12\\\/tienes-un-vecino-molesto-como-actuar\\\/\",\"name\":\"Tens un ve\u00ed molest? Com actuar? - Administraciones Hern\u00e1ndez\",\"isPartOf\":{\"@id\":\"https:\\\/\\\/adhernandez.com\\\/ca\\\/#website\"},\"primaryImageOfPage\":{\"@id\":\"https:\\\/\\\/adhernandez.com\\\/ca\\\/2020\\\/08\\\/12\\\/tienes-un-vecino-molesto-como-actuar\\\/#primaryimage\"},\"image\":{\"@id\":\"https:\\\/\\\/adhernandez.com\\\/ca\\\/2020\\\/08\\\/12\\\/tienes-un-vecino-molesto-como-actuar\\\/#primaryimage\"},\"thumbnailUrl\":\"https:\\\/\\\/adhernandez.com\\\/wp-content\\\/uploads\\\/2020\\\/08\\\/vecinos-molestos.jpg\",\"datePublished\":\"2020-08-12T14:07:00+00:00\",\"dateModified\":\"2020-11-25T12:48:40+00:00\",\"author\":{\"@id\":\"https:\\\/\\\/adhernandez.com\\\/ca\\\/#\\\/schema\\\/person\\\/330b9c8828ff3a80ee8053b5fff0e848\"},\"description\":\"Els ve\u00efns a vegades poden ser molestos, per exemple amb el tema dels sorolls, qu\u00e8 podem fer llavors?\",\"breadcrumb\":{\"@id\":\"https:\\\/\\\/adhernandez.com\\\/ca\\\/2020\\\/08\\\/12\\\/tienes-un-vecino-molesto-como-actuar\\\/#breadcrumb\"},\"inLanguage\":\"ca\",\"potentialAction\":[{\"@type\":\"ReadAction\",\"target\":[\"https:\\\/\\\/adhernandez.com\\\/ca\\\/2020\\\/08\\\/12\\\/tienes-un-vecino-molesto-como-actuar\\\/\"]}]},{\"@type\":\"ImageObject\",\"inLanguage\":\"ca\",\"@id\":\"https:\\\/\\\/adhernandez.com\\\/ca\\\/2020\\\/08\\\/12\\\/tienes-un-vecino-molesto-como-actuar\\\/#primaryimage\",\"url\":\"https:\\\/\\\/adhernandez.com\\\/wp-content\\\/uploads\\\/2020\\\/08\\\/vecinos-molestos.jpg\",\"contentUrl\":\"https:\\\/\\\/adhernandez.com\\\/wp-content\\\/uploads\\\/2020\\\/08\\\/vecinos-molestos.jpg\",\"width\":800,\"height\":533,\"caption\":\"vecinos-molestos\"},{\"@type\":\"BreadcrumbList\",\"@id\":\"https:\\\/\\\/adhernandez.com\\\/ca\\\/2020\\\/08\\\/12\\\/tienes-un-vecino-molesto-como-actuar\\\/#breadcrumb\",\"itemListElement\":[{\"@type\":\"ListItem\",\"position\":1,\"name\":\"Portada\",\"item\":\"https:\\\/\\\/adhernandez.com\\\/ca\\\/adhernandez-inicio\\\/\"},{\"@type\":\"ListItem\",\"position\":2,\"name\":\"Tens un ve\u00ed molest? Com actuar?\"}]},{\"@type\":\"WebSite\",\"@id\":\"https:\\\/\\\/adhernandez.com\\\/ca\\\/#website\",\"url\":\"https:\\\/\\\/adhernandez.com\\\/ca\\\/\",\"name\":\"Administraciones Hern\u00e1ndez\",\"description\":\"Equipo de profesionales con amplia experiencia en la gesti\u00f3n del patrimonio inmobiliario\",\"potentialAction\":[{\"@type\":\"SearchAction\",\"target\":{\"@type\":\"EntryPoint\",\"urlTemplate\":\"https:\\\/\\\/adhernandez.com\\\/ca\\\/?s={search_term_string}\"},\"query-input\":{\"@type\":\"PropertyValueSpecification\",\"valueRequired\":true,\"valueName\":\"search_term_string\"}}],\"inLanguage\":\"ca\"},{\"@type\":\"Person\",\"@id\":\"https:\\\/\\\/adhernandez.com\\\/ca\\\/#\\\/schema\\\/person\\\/330b9c8828ff3a80ee8053b5fff0e848\",\"name\":\"AdHern\u00e1ndez\",\"image\":{\"@type\":\"ImageObject\",\"inLanguage\":\"ca\",\"@id\":\"https:\\\/\\\/adhernandez.com\\\/wp-content\\\/litespeed\\\/avatar\\\/6b84e2484050905299b010a711cff345.jpg?ver=1777323059\",\"url\":\"https:\\\/\\\/adhernandez.com\\\/wp-content\\\/litespeed\\\/avatar\\\/6b84e2484050905299b010a711cff345.jpg?ver=1777323059\",\"contentUrl\":\"https:\\\/\\\/adhernandez.com\\\/wp-content\\\/litespeed\\\/avatar\\\/6b84e2484050905299b010a711cff345.jpg?ver=1777323059\",\"caption\":\"AdHern\u00e1ndez\"},\"url\":\"https:\\\/\\\/adhernandez.com\\\/ca\\\/author\\\/veronica\\\/\"}]}<\/script>\n<!-- \/ Yoast SEO plugin. -->","yoast_head_json":{"title":"Tens un ve\u00ed molest? Com actuar? - Administraciones Hern\u00e1ndez","description":"Els ve\u00efns a vegades poden ser molestos, per exemple amb el tema dels sorolls, qu\u00e8 podem fer llavors?","robots":{"index":"index","follow":"follow","max-snippet":"max-snippet:-1","max-image-preview":"max-image-preview:large","max-video-preview":"max-video-preview:-1"},"canonical":"https:\/\/adhernandez.com\/ca\/2020\/08\/12\/tienes-un-vecino-molesto-como-actuar\/","og_locale":"ca_ES","og_type":"article","og_title":"Tens un ve\u00ed molest? Com actuar? - Administraciones Hern\u00e1ndez","og_description":"Els ve\u00efns a vegades poden ser molestos, per exemple amb el tema dels sorolls, qu\u00e8 podem fer llavors?","og_url":"https:\/\/adhernandez.com\/ca\/2020\/08\/12\/tienes-un-vecino-molesto-como-actuar\/","og_site_name":"Administraciones Hern\u00e1ndez","article_published_time":"2020-08-12T14:07:00+00:00","article_modified_time":"2020-11-25T12:48:40+00:00","og_image":[{"width":800,"height":533,"url":"https:\/\/adhernandez.com\/wp-content\/uploads\/2020\/08\/vecinos-molestos.jpg","type":"image\/jpeg"}],"author":"AdHern\u00e1ndez","twitter_card":"summary_large_image","twitter_misc":{"Escrit per":"AdHern\u00e1ndez","Temps estimat de lectura":"3 minuts"},"schema":{"@context":"https:\/\/schema.org","@graph":[{"@type":"Article","@id":"https:\/\/adhernandez.com\/ca\/2020\/08\/12\/tienes-un-vecino-molesto-como-actuar\/#article","isPartOf":{"@id":"https:\/\/adhernandez.com\/ca\/2020\/08\/12\/tienes-un-vecino-molesto-como-actuar\/"},"author":{"name":"AdHern\u00e1ndez","@id":"https:\/\/adhernandez.com\/ca\/#\/schema\/person\/330b9c8828ff3a80ee8053b5fff0e848"},"headline":"Tens un ve\u00ed molest? Com actuar?","datePublished":"2020-08-12T14:07:00+00:00","dateModified":"2020-11-25T12:48:40+00:00","mainEntityOfPage":{"@id":"https:\/\/adhernandez.com\/ca\/2020\/08\/12\/tienes-un-vecino-molesto-como-actuar\/"},"wordCount":581,"image":{"@id":"https:\/\/adhernandez.com\/ca\/2020\/08\/12\/tienes-un-vecino-molesto-como-actuar\/#primaryimage"},"thumbnailUrl":"https:\/\/adhernandez.com\/wp-content\/uploads\/2020\/08\/vecinos-molestos.jpg","articleSection":["Propiedad Horizontal"],"inLanguage":"ca"},{"@type":"WebPage","@id":"https:\/\/adhernandez.com\/ca\/2020\/08\/12\/tienes-un-vecino-molesto-como-actuar\/","url":"https:\/\/adhernandez.com\/ca\/2020\/08\/12\/tienes-un-vecino-molesto-como-actuar\/","name":"Tens un ve\u00ed molest? Com actuar? - Administraciones Hern\u00e1ndez","isPartOf":{"@id":"https:\/\/adhernandez.com\/ca\/#website"},"primaryImageOfPage":{"@id":"https:\/\/adhernandez.com\/ca\/2020\/08\/12\/tienes-un-vecino-molesto-como-actuar\/#primaryimage"},"image":{"@id":"https:\/\/adhernandez.com\/ca\/2020\/08\/12\/tienes-un-vecino-molesto-como-actuar\/#primaryimage"},"thumbnailUrl":"https:\/\/adhernandez.com\/wp-content\/uploads\/2020\/08\/vecinos-molestos.jpg","datePublished":"2020-08-12T14:07:00+00:00","dateModified":"2020-11-25T12:48:40+00:00","author":{"@id":"https:\/\/adhernandez.com\/ca\/#\/schema\/person\/330b9c8828ff3a80ee8053b5fff0e848"},"description":"Els ve\u00efns a vegades poden ser molestos, per exemple amb el tema dels sorolls, qu\u00e8 podem fer llavors?","breadcrumb":{"@id":"https:\/\/adhernandez.com\/ca\/2020\/08\/12\/tienes-un-vecino-molesto-como-actuar\/#breadcrumb"},"inLanguage":"ca","potentialAction":[{"@type":"ReadAction","target":["https:\/\/adhernandez.com\/ca\/2020\/08\/12\/tienes-un-vecino-molesto-como-actuar\/"]}]},{"@type":"ImageObject","inLanguage":"ca","@id":"https:\/\/adhernandez.com\/ca\/2020\/08\/12\/tienes-un-vecino-molesto-como-actuar\/#primaryimage","url":"https:\/\/adhernandez.com\/wp-content\/uploads\/2020\/08\/vecinos-molestos.jpg","contentUrl":"https:\/\/adhernandez.com\/wp-content\/uploads\/2020\/08\/vecinos-molestos.jpg","width":800,"height":533,"caption":"vecinos-molestos"},{"@type":"BreadcrumbList","@id":"https:\/\/adhernandez.com\/ca\/2020\/08\/12\/tienes-un-vecino-molesto-como-actuar\/#breadcrumb","itemListElement":[{"@type":"ListItem","position":1,"name":"Portada","item":"https:\/\/adhernandez.com\/ca\/adhernandez-inicio\/"},{"@type":"ListItem","position":2,"name":"Tens un ve\u00ed molest? Com actuar?"}]},{"@type":"WebSite","@id":"https:\/\/adhernandez.com\/ca\/#website","url":"https:\/\/adhernandez.com\/ca\/","name":"Administraciones Hern\u00e1ndez","description":"Equipo de profesionales con amplia experiencia en la gesti\u00f3n del patrimonio inmobiliario","potentialAction":[{"@type":"SearchAction","target":{"@type":"EntryPoint","urlTemplate":"https:\/\/adhernandez.com\/ca\/?s={search_term_string}"},"query-input":{"@type":"PropertyValueSpecification","valueRequired":true,"valueName":"search_term_string"}}],"inLanguage":"ca"},{"@type":"Person","@id":"https:\/\/adhernandez.com\/ca\/#\/schema\/person\/330b9c8828ff3a80ee8053b5fff0e848","name":"AdHern\u00e1ndez","image":{"@type":"ImageObject","inLanguage":"ca","@id":"https:\/\/adhernandez.com\/wp-content\/litespeed\/avatar\/6b84e2484050905299b010a711cff345.jpg?ver=1777323059","url":"https:\/\/adhernandez.com\/wp-content\/litespeed\/avatar\/6b84e2484050905299b010a711cff345.jpg?ver=1777323059","contentUrl":"https:\/\/adhernandez.com\/wp-content\/litespeed\/avatar\/6b84e2484050905299b010a711cff345.jpg?ver=1777323059","caption":"AdHern\u00e1ndez"},"url":"https:\/\/adhernandez.com\/ca\/author\/veronica\/"}]}},"_links":{"self":[{"href":"https:\/\/adhernandez.com\/ca\/wp-json\/wp\/v2\/posts\/18212","targetHints":{"allow":["GET"]}}],"collection":[{"href":"https:\/\/adhernandez.com\/ca\/wp-json\/wp\/v2\/posts"}],"about":[{"href":"https:\/\/adhernandez.com\/ca\/wp-json\/wp\/v2\/types\/post"}],"author":[{"embeddable":true,"href":"https:\/\/adhernandez.com\/ca\/wp-json\/wp\/v2\/users\/6"}],"replies":[{"embeddable":true,"href":"https:\/\/adhernandez.com\/ca\/wp-json\/wp\/v2\/comments?post=18212"}],"version-history":[{"count":0,"href":"https:\/\/adhernandez.com\/ca\/wp-json\/wp\/v2\/posts\/18212\/revisions"}],"wp:featuredmedia":[{"embeddable":true,"href":"https:\/\/adhernandez.com\/ca\/wp-json\/wp\/v2\/media\/18173"}],"wp:attachment":[{"href":"https:\/\/adhernandez.com\/ca\/wp-json\/wp\/v2\/media?parent=18212"}],"wp:term":[{"taxonomy":"category","embeddable":true,"href":"https:\/\/adhernandez.com\/ca\/wp-json\/wp\/v2\/categories?post=18212"},{"taxonomy":"post_tag","embeddable":true,"href":"https:\/\/adhernandez.com\/ca\/wp-json\/wp\/v2\/tags?post=18212"}],"curies":[{"name":"wp","href":"https:\/\/api.w.org\/{rel}","templated":true}]}}